{"id":103743,"date":"2023-04-13T03:06:03","date_gmt":"2023-04-13T06:06:03","guid":{"rendered":"https:\/\/infoecos.com.ar\/?p=103743"},"modified":"2023-04-16T03:53:04","modified_gmt":"2023-04-16T06:53:04","slug":"ofrenda-floral-donde-descansan-los-restos-de-conrado-villegas-y-su-esposa-carmen-granada","status":"publish","type":"post","link":"https:\/\/infoecos.com.ar\/index.php\/ofrenda-floral-donde-descansan-los-restos-de-conrado-villegas-y-su-esposa-carmen-granada\/","title":{"rendered":"Ofrenda floral donde descansan los restos de Conrado Villegas y su esposa, Carmen Granada"},"content":{"rendered":"\n<p>El intendente Fern\u00e1ndez, con el diputado provincial Valent\u00edn Miranda, el presidente del Concejo Deliberante, Alberto Rodr\u00edguez Mera, funcionarios y representantes de instituciones intermedias estuvo en la parroquia Nuestra Se\u00f1ora de los Dolores para colocar una ofrenda floral en donde descansan los restos del fundador de la ciudad, Conrado Villegas, y su esposa, Carmen Granada.<\/p>\n\n\n\n<figure class=\"wp-block-image aligncenter size-full\"><img loading=\"lazy\" decoding=\"async\" width=\"1475\" height=\"830\" src=\"https:\/\/infoecos.com.ar\/wp-content\/uploads\/2023\/04\/PXL_20230412_182040250.jpg\" alt=\"\" class=\"wp-image-103744\" srcset=\"https:\/\/infoecos.com.ar\/wp-content\/uploads\/2023\/04\/PXL_20230412_182040250.jpg 1475w, https:\/\/infoecos.com.ar\/wp-content\/uploads\/2023\/04\/PXL_20230412_182040250-800x450.jpg 800w, https:\/\/infoecos.com.ar\/wp-content\/uploads\/2023\/04\/PXL_20230412_182040250-768x432.jpg 768w, https:\/\/infoecos.com.ar\/wp-content\/uploads\/2023\/04\/PXL_20230412_182040250-1024x576.jpg 1024w\" sizes=\"(max-width: 1475px) 100vw, 1475px\" \/><\/figure>\n\n\n\n<p>El presidente del Concejo Deliberante y el padre Juan Pellegrino y el Jefe comunal fueron los encargados del homenaje. Y en este marco, el sacerdote imparti\u00f3 una bendici\u00f3n.<\/p>\n\n\n\n<figure class=\"wp-block-image aligncenter size-full\"><img loading=\"lazy\" decoding=\"async\" width=\"1241\" height=\"830\" src=\"https:\/\/infoecos.com.ar\/wp-content\/uploads\/2023\/04\/DSC_8872.jpg\" alt=\"\" class=\"wp-image-103745\" srcset=\"https:\/\/infoecos.com.ar\/wp-content\/uploads\/2023\/04\/DSC_8872.jpg 1241w, https:\/\/infoecos.com.ar\/wp-content\/uploads\/2023\/04\/DSC_8872-800x535.jpg 800w, https:\/\/infoecos.com.ar\/wp-content\/uploads\/2023\/04\/DSC_8872-768x514.jpg 768w, https:\/\/infoecos.com.ar\/wp-content\/uploads\/2023\/04\/DSC_8872-1024x685.jpg 1024w, https:\/\/infoecos.com.ar\/wp-content\/uploads\/2023\/04\/DSC_8872-675x450.jpg 675w\" sizes=\"(max-width: 1241px) 100vw, 1241px\" \/><\/figure>\n\n\n\n<p>Seguidamente, la misma comitiva encabezada por el Intendente Fern\u00e1ndez y el acompa\u00f1amiento de representantes de la Comunidad Mapuche Tehuelche \u201cCacique Pinc\u00e9n\u201d colocaron una ofrenda floral en el busto al Cacique Pinc\u00e9n, en el Museo de la Comandancia. All\u00ed, se escucharon palabras pronunciadas por Agustina Brizuela, en representaci\u00f3n de la Comunidad Mapuche Tehuelche.<\/p>\n\n\n\n<figure class=\"wp-block-image aligncenter size-full\"><img loading=\"lazy\" decoding=\"async\" width=\"1241\" height=\"830\" src=\"https:\/\/infoecos.com.ar\/wp-content\/uploads\/2023\/04\/DSC_8875.jpg\" alt=\"\" class=\"wp-image-103746\" srcset=\"https:\/\/infoecos.com.ar\/wp-content\/uploads\/2023\/04\/DSC_8875.jpg 1241w, https:\/\/infoecos.com.ar\/wp-content\/uploads\/2023\/04\/DSC_8875-800x535.jpg 800w, https:\/\/infoecos.com.ar\/wp-content\/uploads\/2023\/04\/DSC_8875-768x514.jpg 768w, https:\/\/infoecos.com.ar\/wp-content\/uploads\/2023\/04\/DSC_8875-1024x685.jpg 1024w, https:\/\/infoecos.com.ar\/wp-content\/uploads\/2023\/04\/DSC_8875-675x450.jpg 675w\" sizes=\"(max-width: 1241px) 100vw, 1241px\" \/><\/figure>\n","protected":false},"excerpt":{"rendered":"<p>El presidente del Concejo Deliberante y el padre Juan Pellegrino y el Jefe comunal fueron los encargados del homenaje<\/p>\n","protected":false},"author":2,"featured_media":103747,"comment_status":"closed","ping_status":"open","sticky":false,"template":"","format":"standard","meta":{"footnotes":""},"categories":[44],"tags":[7679],"class_list":["post-103743","post","type-post","status-publish","format-standard","has-post-thumbnail","hentry","category-inferior5","tag-147-anos-de-trenque-lauquen"],"yoast_head":"<!-- This site is optimized with the Yoast SEO plugin v23.4 - https:\/\/yoast.com\/wordpress\/plugins\/seo\/ -->\n<title>Ofrenda floral donde descansan los restos de Conrado Villegas y su esposa, Carmen Granada - Infoecos<\/title>\n<meta name=\"robots\" content=\"index, follow, max-snippet:-1, max-image-preview:large, max-video-preview:-1\" \/>\n<link rel=\"canonical\" href=\"https:\/\/infoecos.com.ar\/index.php\/ofrenda-floral-donde-descansan-los-restos-de-conrado-villegas-y-su-esposa-carmen-granada\/\" \/>\n<meta property=\"og:locale\" content=\"es_ES\" \/>\n<meta property=\"og:type\" content=\"article\" \/>\n<meta property=\"og:title\" content=\"Ofrenda floral donde descansan los restos de Conrado Villegas y su esposa, Carmen Granada - Infoecos\" \/>\n<meta property=\"og:description\" content=\"El presidente del Concejo Deliberante y el padre Juan Pellegrino y el Jefe comunal fueron los encargados del homenaje\" \/>\n<meta property=\"og:url\" content=\"https:\/\/infoecos.com.ar\/index.php\/ofrenda-floral-donde-descansan-los-restos-de-conrado-villegas-y-su-esposa-carmen-granada\/\" \/>\n<meta property=\"og:site_name\" content=\"Infoecos\" \/>\n<meta property=\"article:publisher\" content=\"https:\/\/www.facebook.com\/profile.php?id=100063200290284\" \/>\n<meta property=\"article:published_time\" content=\"2023-04-13T06:06:03+00:00\" \/>\n<meta property=\"article:modified_time\" content=\"2023-04-16T06:53:04+00:00\" \/>\n<meta property=\"og:image\" content=\"https:\/\/infoecos.com.ar\/wp-content\/uploads\/2023\/04\/PXL_20230412_182051432.MP_.jpg\" \/>\n\t<meta property=\"og:image:width\" content=\"1475\" \/>\n\t<meta property=\"og:image:height\" content=\"830\" \/>\n\t<meta property=\"og:image:type\" content=\"image\/jpeg\" \/>\n<meta name=\"author\" content=\"Jorge Matheus\" \/>\n<meta name=\"twitter:card\" content=\"summary_large_image\" \/>\n<meta name=\"twitter:creator\" content=\"@infoecos\" \/>\n<meta name=\"twitter:site\" content=\"@infoecos\" \/>\n<meta name=\"twitter:label1\" content=\"Escrito por\" \/>\n\t<meta name=\"twitter:data1\" content=\"Jorge Matheus\" \/>\n\t<meta name=\"twitter:label2\" content=\"Tiempo de lectura\" \/>\n\t<meta name=\"twitter:data2\" content=\"2 minutos\" \/>\n<script type=\"application\/ld+json\" class=\"yoast-schema-graph\">{\"@context\":\"https:\/\/schema.org\",\"@graph\":[{\"@type\":\"Article\",\"@id\":\"https:\/\/infoecos.com.ar\/index.php\/ofrenda-floral-donde-descansan-los-restos-de-conrado-villegas-y-su-esposa-carmen-granada\/#article\",\"isPartOf\":{\"@id\":\"https:\/\/infoecos.com.ar\/index.php\/ofrenda-floral-donde-descansan-los-restos-de-conrado-villegas-y-su-esposa-carmen-granada\/\"},\"author\":{\"name\":\"Jorge Matheus\",\"@id\":\"https:\/\/infoecos.com.ar\/#\/schema\/person\/8f5ace5ce73b4b4aac4b7245aee6f191\"},\"headline\":\"Ofrenda floral donde descansan los restos de Conrado Villegas y su esposa, Carmen Granada\",\"datePublished\":\"2023-04-13T06:06:03+00:00\",\"dateModified\":\"2023-04-16T06:53:04+00:00\",\"mainEntityOfPage\":{\"@id\":\"https:\/\/infoecos.com.ar\/index.php\/ofrenda-floral-donde-descansan-los-restos-de-conrado-villegas-y-su-esposa-carmen-granada\/\"},\"wordCount\":158,\"publisher\":{\"@id\":\"https:\/\/infoecos.com.ar\/#organization\"},\"image\":{\"@id\":\"https:\/\/infoecos.com.ar\/index.php\/ofrenda-floral-donde-descansan-los-restos-de-conrado-villegas-y-su-esposa-carmen-granada\/#primaryimage\"},\"thumbnailUrl\":\"https:\/\/infoecos.com.ar\/wp-content\/uploads\/2023\/04\/PXL_20230412_182051432.MP_.jpg\",\"keywords\":[\"147 a\u00f1os de Trenque Lauquen\"],\"articleSection\":[\"Bloque inferior - 5\"],\"inLanguage\":\"es\"},{\"@type\":\"WebPage\",\"@id\":\"https:\/\/infoecos.com.ar\/index.php\/ofrenda-floral-donde-descansan-los-restos-de-conrado-villegas-y-su-esposa-carmen-granada\/\",\"url\":\"https:\/\/infoecos.com.ar\/index.php\/ofrenda-floral-donde-descansan-los-restos-de-conrado-villegas-y-su-esposa-carmen-granada\/\",\"name\":\"Ofrenda floral donde descansan los restos de Conrado Villegas y su esposa, Carmen Granada - Infoecos\",\"isPartOf\":{\"@id\":\"https:\/\/infoecos.com.ar\/#website\"},\"primaryImageOfPage\":{\"@id\":\"https:\/\/infoecos.com.ar\/index.php\/ofrenda-floral-donde-descansan-los-restos-de-conrado-villegas-y-su-esposa-carmen-granada\/#primaryimage\"},\"image\":{\"@id\":\"https:\/\/infoecos.com.ar\/index.php\/ofrenda-floral-donde-descansan-los-restos-de-conrado-villegas-y-su-esposa-carmen-granada\/#primaryimage\"},\"thumbnailUrl\":\"https:\/\/infoecos.com.ar\/wp-content\/uploads\/2023\/04\/PXL_20230412_182051432.MP_.jpg\",\"datePublished\":\"2023-04-13T06:06:03+00:00\",\"dateModified\":\"2023-04-16T06:53:04+00:00\",\"breadcrumb\":{\"@id\":\"https:\/\/infoecos.com.ar\/index.php\/ofrenda-floral-donde-descansan-los-restos-de-conrado-villegas-y-su-esposa-carmen-granada\/#breadcrumb\"},\"inLanguage\":\"es\",\"potentialAction\":[{\"@type\":\"ReadAction\",\"target\":[\"https:\/\/infoecos.com.ar\/index.php\/ofrenda-floral-donde-descansan-los-restos-de-conrado-villegas-y-su-esposa-carmen-granada\/\"]}]},{\"@type\":\"ImageObject\",\"inLanguage\":\"es\",\"@id\":\"https:\/\/infoecos.com.ar\/index.php\/ofrenda-floral-donde-descansan-los-restos-de-conrado-villegas-y-su-esposa-carmen-granada\/#primaryimage\",\"url\":\"https:\/\/infoecos.com.ar\/wp-content\/uploads\/2023\/04\/PXL_20230412_182051432.MP_.jpg\",\"contentUrl\":\"https:\/\/infoecos.com.ar\/wp-content\/uploads\/2023\/04\/PXL_20230412_182051432.MP_.jpg\",\"width\":1475,\"height\":830},{\"@type\":\"BreadcrumbList\",\"@id\":\"https:\/\/infoecos.com.ar\/index.php\/ofrenda-floral-donde-descansan-los-restos-de-conrado-villegas-y-su-esposa-carmen-granada\/#breadcrumb\",\"itemListElement\":[{\"@type\":\"ListItem\",\"position\":1,\"name\":\"Portada\",\"item\":\"https:\/\/infoecos.com.ar\/\"},{\"@type\":\"ListItem\",\"position\":2,\"name\":\"Ofrenda floral donde descansan los restos de Conrado Villegas y su esposa, Carmen Granada\"}]},{\"@type\":\"WebSite\",\"@id\":\"https:\/\/infoecos.com.ar\/#website\",\"url\":\"https:\/\/infoecos.com.ar\/\",\"name\":\"Infoecos\",\"description\":\"Noticias de trenque lauquen y la zona\",\"publisher\":{\"@id\":\"https:\/\/infoecos.com.ar\/#organization\"},\"alternateName\":\"Noticias\",\"potentialAction\":[{\"@type\":\"SearchAction\",\"target\":{\"@type\":\"EntryPoint\",\"urlTemplate\":\"https:\/\/infoecos.com.ar\/?s={search_term_string}\"},\"query-input\":{\"@type\":\"PropertyValueSpecification\",\"valueRequired\":true,\"valueName\":\"search_term_string\"}}],\"inLanguage\":\"es\"},{\"@type\":\"Organization\",\"@id\":\"https:\/\/infoecos.com.ar\/#organization\",\"name\":\"Infoecos\",\"alternateName\":\"Noticias\",\"url\":\"https:\/\/infoecos.com.ar\/\",\"logo\":{\"@type\":\"ImageObject\",\"inLanguage\":\"es\",\"@id\":\"https:\/\/infoecos.com.ar\/#\/schema\/logo\/image\/\",\"url\":\"https:\/\/infoecos.com.ar\/wp-content\/uploads\/2024\/03\/cropped-logo.png\",\"contentUrl\":\"https:\/\/infoecos.com.ar\/wp-content\/uploads\/2024\/03\/cropped-logo.png\",\"width\":374,\"height\":90,\"caption\":\"Infoecos\"},\"image\":{\"@id\":\"https:\/\/infoecos.com.ar\/#\/schema\/logo\/image\/\"},\"sameAs\":[\"https:\/\/www.facebook.com\/profile.php?id=100063200290284\",\"https:\/\/x.com\/infoecos\"]},{\"@type\":\"Person\",\"@id\":\"https:\/\/infoecos.com.ar\/#\/schema\/person\/8f5ace5ce73b4b4aac4b7245aee6f191\",\"name\":\"Jorge Matheus\",\"url\":\"https:\/\/infoecos.com.ar\/index.php\/author\/jomatheus\/\"}]}<\/script>\n<!-- \/ Yoast SEO plugin. -->","yoast_head_json":{"title":"Ofrenda floral donde descansan los restos de Conrado Villegas y su esposa, Carmen Granada - Infoecos","robots":{"index":"index","follow":"follow","max-snippet":"max-snippet:-1","max-image-preview":"max-image-preview:large","max-video-preview":"max-video-preview:-1"},"canonical":"https:\/\/infoecos.com.ar\/index.php\/ofrenda-floral-donde-descansan-los-restos-de-conrado-villegas-y-su-esposa-carmen-granada\/","og_locale":"es_ES","og_type":"article","og_title":"Ofrenda floral donde descansan los restos de Conrado Villegas y su esposa, Carmen Granada - Infoecos","og_description":"El presidente del Concejo Deliberante y el padre Juan Pellegrino y el Jefe comunal fueron los encargados del homenaje","og_url":"https:\/\/infoecos.com.ar\/index.php\/ofrenda-floral-donde-descansan-los-restos-de-conrado-villegas-y-su-esposa-carmen-granada\/","og_site_name":"Infoecos","article_publisher":"https:\/\/www.facebook.com\/profile.php?id=100063200290284","article_published_time":"2023-04-13T06:06:03+00:00","article_modified_time":"2023-04-16T06:53:04+00:00","og_image":[{"width":1475,"height":830,"url":"https:\/\/infoecos.com.ar\/wp-content\/uploads\/2023\/04\/PXL_20230412_182051432.MP_.jpg","type":"image\/jpeg"}],"author":"Jorge Matheus","twitter_card":"summary_large_image","twitter_creator":"@infoecos","twitter_site":"@infoecos","twitter_misc":{"Escrito por":"Jorge Matheus","Tiempo de lectura":"2 minutos"},"schema":{"@context":"https:\/\/schema.org","@graph":[{"@type":"Article","@id":"https:\/\/infoecos.com.ar\/index.php\/ofrenda-floral-donde-descansan-los-restos-de-conrado-villegas-y-su-esposa-carmen-granada\/#article","isPartOf":{"@id":"https:\/\/infoecos.com.ar\/index.php\/ofrenda-floral-donde-descansan-los-restos-de-conrado-villegas-y-su-esposa-carmen-granada\/"},"author":{"name":"Jorge Matheus","@id":"https:\/\/infoecos.com.ar\/#\/schema\/person\/8f5ace5ce73b4b4aac4b7245aee6f191"},"headline":"Ofrenda floral donde descansan los restos de Conrado Villegas y su esposa, Carmen Granada","datePublished":"2023-04-13T06:06:03+00:00","dateModified":"2023-04-16T06:53:04+00:00","mainEntityOfPage":{"@id":"https:\/\/infoecos.com.ar\/index.php\/ofrenda-floral-donde-descansan-los-restos-de-conrado-villegas-y-su-esposa-carmen-granada\/"},"wordCount":158,"publisher":{"@id":"https:\/\/infoecos.com.ar\/#organization"},"image":{"@id":"https:\/\/infoecos.com.ar\/index.php\/ofrenda-floral-donde-descansan-los-restos-de-conrado-villegas-y-su-esposa-carmen-granada\/#primaryimage"},"thumbnailUrl":"https:\/\/infoecos.com.ar\/wp-content\/uploads\/2023\/04\/PXL_20230412_182051432.MP_.jpg","keywords":["147 a\u00f1os de Trenque Lauquen"],"articleSection":["Bloque inferior - 5"],"inLanguage":"es"},{"@type":"WebPage","@id":"https:\/\/infoecos.com.ar\/index.php\/ofrenda-floral-donde-descansan-los-restos-de-conrado-villegas-y-su-esposa-carmen-granada\/","url":"https:\/\/infoecos.com.ar\/index.php\/ofrenda-floral-donde-descansan-los-restos-de-conrado-villegas-y-su-esposa-carmen-granada\/","name":"Ofrenda floral donde descansan los restos de Conrado Villegas y su esposa, Carmen Granada - Infoecos","isPartOf":{"@id":"https:\/\/infoecos.com.ar\/#website"},"primaryImageOfPage":{"@id":"https:\/\/infoecos.com.ar\/index.php\/ofrenda-floral-donde-descansan-los-restos-de-conrado-villegas-y-su-esposa-carmen-granada\/#primaryimage"},"image":{"@id":"https:\/\/infoecos.com.ar\/index.php\/ofrenda-floral-donde-descansan-los-restos-de-conrado-villegas-y-su-esposa-carmen-granada\/#primaryimage"},"thumbnailUrl":"https:\/\/infoecos.com.ar\/wp-content\/uploads\/2023\/04\/PXL_20230412_182051432.MP_.jpg","datePublished":"2023-04-13T06:06:03+00:00","dateModified":"2023-04-16T06:53:04+00:00","breadcrumb":{"@id":"https:\/\/infoecos.com.ar\/index.php\/ofrenda-floral-donde-descansan-los-restos-de-conrado-villegas-y-su-esposa-carmen-granada\/#breadcrumb"},"inLanguage":"es","potentialAction":[{"@type":"ReadAction","target":["https:\/\/infoecos.com.ar\/index.php\/ofrenda-floral-donde-descansan-los-restos-de-conrado-villegas-y-su-esposa-carmen-granada\/"]}]},{"@type":"ImageObject","inLanguage":"es","@id":"https:\/\/infoecos.com.ar\/index.php\/ofrenda-floral-donde-descansan-los-restos-de-conrado-villegas-y-su-esposa-carmen-granada\/#primaryimage","url":"https:\/\/infoecos.com.ar\/wp-content\/uploads\/2023\/04\/PXL_20230412_182051432.MP_.jpg","contentUrl":"https:\/\/infoecos.com.ar\/wp-content\/uploads\/2023\/04\/PXL_20230412_182051432.MP_.jpg","width":1475,"height":830},{"@type":"BreadcrumbList","@id":"https:\/\/infoecos.com.ar\/index.php\/ofrenda-floral-donde-descansan-los-restos-de-conrado-villegas-y-su-esposa-carmen-granada\/#breadcrumb","itemListElement":[{"@type":"ListItem","position":1,"name":"Portada","item":"https:\/\/infoecos.com.ar\/"},{"@type":"ListItem","position":2,"name":"Ofrenda floral donde descansan los restos de Conrado Villegas y su esposa, Carmen Granada"}]},{"@type":"WebSite","@id":"https:\/\/infoecos.com.ar\/#website","url":"https:\/\/infoecos.com.ar\/","name":"Infoecos","description":"Noticias de trenque lauquen y la zona","publisher":{"@id":"https:\/\/infoecos.com.ar\/#organization"},"alternateName":"Noticias","potentialAction":[{"@type":"SearchAction","target":{"@type":"EntryPoint","urlTemplate":"https:\/\/infoecos.com.ar\/?s={search_term_string}"},"query-input":{"@type":"PropertyValueSpecification","valueRequired":true,"valueName":"search_term_string"}}],"inLanguage":"es"},{"@type":"Organization","@id":"https:\/\/infoecos.com.ar\/#organization","name":"Infoecos","alternateName":"Noticias","url":"https:\/\/infoecos.com.ar\/","logo":{"@type":"ImageObject","inLanguage":"es","@id":"https:\/\/infoecos.com.ar\/#\/schema\/logo\/image\/","url":"https:\/\/infoecos.com.ar\/wp-content\/uploads\/2024\/03\/cropped-logo.png","contentUrl":"https:\/\/infoecos.com.ar\/wp-content\/uploads\/2024\/03\/cropped-logo.png","width":374,"height":90,"caption":"Infoecos"},"image":{"@id":"https:\/\/infoecos.com.ar\/#\/schema\/logo\/image\/"},"sameAs":["https:\/\/www.facebook.com\/profile.php?id=100063200290284","https:\/\/x.com\/infoecos"]},{"@type":"Person","@id":"https:\/\/infoecos.com.ar\/#\/schema\/person\/8f5ace5ce73b4b4aac4b7245aee6f191","name":"Jorge Matheus","url":"https:\/\/infoecos.com.ar\/index.php\/author\/jomatheus\/"}]}},"featured_image_urls":{"full":["https:\/\/infoecos.com.ar\/wp-content\/uploads\/2023\/04\/PXL_20230412_182051432.MP_.jpg",1475,830,false],"thumbnail":["https:\/\/infoecos.com.ar\/wp-content\/uploads\/2023\/04\/PXL_20230412_182051432.MP_-300x150.jpg",300,150,true],"medium":["https:\/\/infoecos.com.ar\/wp-content\/uploads\/2023\/04\/PXL_20230412_182051432.MP_-800x450.jpg",800,450,true],"medium_large":["https:\/\/infoecos.com.ar\/wp-content\/uploads\/2023\/04\/PXL_20230412_182051432.MP_-768x432.jpg",640,360,true],"large":["https:\/\/infoecos.com.ar\/wp-content\/uploads\/2023\/04\/PXL_20230412_182051432.MP_.jpg",640,360,false],"1536x1536":["https:\/\/infoecos.com.ar\/wp-content\/uploads\/2023\/04\/PXL_20230412_182051432.MP_.jpg",1475,830,false],"2048x2048":["https:\/\/infoecos.com.ar\/wp-content\/uploads\/2023\/04\/PXL_20230412_182051432.MP_.jpg",1475,830,false],"covernews-slider-full":["https:\/\/infoecos.com.ar\/wp-content\/uploads\/2023\/04\/PXL_20230412_182051432.MP_.jpg",1115,627,false],"covernews-slider-center":["https:\/\/infoecos.com.ar\/wp-content\/uploads\/2023\/04\/PXL_20230412_182051432.MP_-936x830.jpg",564,500,true],"covernews-featured":["https:\/\/infoecos.com.ar\/wp-content\/uploads\/2023\/04\/PXL_20230412_182051432.MP_-1024x576.jpg",1024,576,true],"covernews-medium":["https:\/\/infoecos.com.ar\/wp-content\/uploads\/2023\/04\/PXL_20230412_182051432.MP_-720x380.jpg",540,285,true],"covernews-medium-square":["https:\/\/infoecos.com.ar\/wp-content\/uploads\/2023\/04\/PXL_20230412_182051432.MP_-675x450.jpg",375,250,true]},"author_info":{"info":["Jorge Matheus"]},"category_info":"<a href=\"https:\/\/infoecos.com.ar\/index.php\/category\/inferior5\/\" rel=\"category tag\">Bloque inferior - 5<\/a>","tag_info":"Bloque inferior - 5","comment_count":"0","_links":{"self":[{"href":"https:\/\/infoecos.com.ar\/index.php\/wp-json\/wp\/v2\/posts\/103743"}],"collection":[{"href":"https:\/\/infoecos.com.ar\/index.php\/wp-json\/wp\/v2\/posts"}],"about":[{"href":"https:\/\/infoecos.com.ar\/index.php\/wp-json\/wp\/v2\/types\/post"}],"author":[{"embeddable":true,"href":"https:\/\/infoecos.com.ar\/index.php\/wp-json\/wp\/v2\/users\/2"}],"replies":[{"embeddable":true,"href":"https:\/\/infoecos.com.ar\/index.php\/wp-json\/wp\/v2\/comments?post=103743"}],"version-history":[{"count":1,"href":"https:\/\/infoecos.com.ar\/index.php\/wp-json\/wp\/v2\/posts\/103743\/revisions"}],"predecessor-version":[{"id":103748,"href":"https:\/\/infoecos.com.ar\/index.php\/wp-json\/wp\/v2\/posts\/103743\/revisions\/103748"}],"wp:featuredmedia":[{"embeddable":true,"href":"https:\/\/infoecos.com.ar\/index.php\/wp-json\/wp\/v2\/media\/103747"}],"wp:attachment":[{"href":"https:\/\/infoecos.com.ar\/index.php\/wp-json\/wp\/v2\/media?parent=103743"}],"wp:term":[{"taxonomy":"category","embeddable":true,"href":"https:\/\/infoecos.com.ar\/index.php\/wp-json\/wp\/v2\/categories?post=103743"},{"taxonomy":"post_tag","embeddable":true,"href":"https:\/\/infoecos.com.ar\/index.php\/wp-json\/wp\/v2\/tags?post=103743"}],"curies":[{"name":"wp","href":"https:\/\/api.w.org\/{rel}","templated":true}]}}