{"id":103813,"date":"2023-04-14T00:44:47","date_gmt":"2023-04-14T03:44:47","guid":{"rendered":"https:\/\/infoecos.com.ar\/?p=103813"},"modified":"2023-04-16T03:49:24","modified_gmt":"2023-04-16T06:49:24","slug":"el-senado-de-la-nacion-aprobo-el-proyecto-de-ley-lucio","status":"publish","type":"post","link":"https:\/\/infoecos.com.ar\/index.php\/el-senado-de-la-nacion-aprobo-el-proyecto-de-ley-lucio\/","title":{"rendered":"El Senado de la Naci\u00f3n aprob\u00f3 el proyecto de \u00abLey Lucio\u00bb"},"content":{"rendered":"\n<p>El Senado de la Naci\u00f3n aprob\u00f3 ayer por unanimidad el proyecto de&nbsp;\u00abLey Lucio\u00bb&nbsp;que crea el&nbsp;Plan Federal de Capacitaci\u00f3n&nbsp;de car\u00e1cter continuo, permanente y obligatorio,&nbsp;en derechos de los ni\u00f1os, ni\u00f1as y adolescentes.<\/p>\n\n\n\n<figure class=\"wp-block-image size-full\"><img loading=\"lazy\" decoding=\"async\" width=\"1000\" height=\"649\" src=\"https:\/\/infoecos.com.ar\/wp-content\/uploads\/2023\/04\/image-23.png\" alt=\"\" class=\"wp-image-103814\" srcset=\"https:\/\/infoecos.com.ar\/wp-content\/uploads\/2023\/04\/image-23.png 1000w, https:\/\/infoecos.com.ar\/wp-content\/uploads\/2023\/04\/image-23-800x519.png 800w, https:\/\/infoecos.com.ar\/wp-content\/uploads\/2023\/04\/image-23-768x498.png 768w\" sizes=\"(max-width: 1000px) 100vw, 1000px\" \/><\/figure>\n\n\n\n<p>Se convirti\u00f3 en ley con 65 votos afirmativos, con el abuelo de Lucio Dupuy -el ni\u00f1o de cinco a\u00f1os brutalmente asesinado que inspir\u00f3 la creaci\u00f3n del proyecto- ubicado en uno de los palcos del recinto.<\/p>\n\n\n\n<p>El Senado de la Naci\u00f3n aprob\u00f3 hoy por unanimidad el proyecto de&nbsp;<strong>\u00abley Lucio\u00bb<\/strong>&nbsp;que crea el&nbsp;<strong>Plan Federal de Capacitaci\u00f3n<\/strong>&nbsp;de car\u00e1cter continuo, permanente y obligatorio,&nbsp;<strong>en derechos de los ni\u00f1os, ni\u00f1as y adolescentes.<\/strong><\/p>\n\n\n\n<p>Tras una ola de reclamos para que el Senado trate la iniciativa, que hab\u00eda recibido media sanci\u00f3n de la C\u00e1mara de Diputados el 9 de noviembre del a\u00f1o pasado, finalmente se convirti\u00f3 en ley con 65 votos afirmativos, con el abuelo de Lucio Dupuy -el ni\u00f1o de cinco a\u00f1os brutalmente asesinado que inspir\u00f3 la creaci\u00f3n del proyecto- ubicado en uno de los palcos del recinto.<\/p>\n\n\n\n<p>El primer senador en abrir el debate fue el pampeano oficialista&nbsp;<strong>Daniel Bensus\u00e1n<\/strong>, quien consider\u00f3 que el proyecto \u00abpuede convertirse en una herramienta que se sume a la lucha para la protecci\u00f3n de nuestras infancias y adolescencias y evitar la vulneraci\u00f3n de sus derechos\u00bb.<\/p>\n\n\n\n<figure class=\"wp-block-image size-full\"><img loading=\"lazy\" decoding=\"async\" width=\"1000\" height=\"647\" src=\"https:\/\/infoecos.com.ar\/wp-content\/uploads\/2023\/04\/image-24.png\" alt=\"\" class=\"wp-image-103815\" srcset=\"https:\/\/infoecos.com.ar\/wp-content\/uploads\/2023\/04\/image-24.png 1000w, https:\/\/infoecos.com.ar\/wp-content\/uploads\/2023\/04\/image-24-800x518.png 800w, https:\/\/infoecos.com.ar\/wp-content\/uploads\/2023\/04\/image-24-768x497.png 768w\" sizes=\"(max-width: 1000px) 100vw, 1000px\" \/><\/figure>\n\n\n\n<p>El legislador del Frente de Todos subray\u00f3 que \u00abla violencia y la vulneraci\u00f3n de los derechos de las infancias atraviesa a toda la sociedad y nos interpela a todos los que tenemos responsabilidades pol\u00edticas institucionales\u00bb.<\/p>\n\n\n\n<p>Y al respecto indic\u00f3 que la violencia que \u00abse ejerci\u00f3 sobre Lucio no fue un hecho aislado\u00bb, por lo que ratific\u00f3 \u00abla importancia de legislar sobre estos temas para evitar hechos como el que ocurri\u00f3\u00bb.<\/p>\n\n\n\n<p>Bensus\u00e1n se solidariz\u00f3 con la familia de Lucio Dupuy y le habl\u00f3 directamente al abuelo de la v\u00edctima, que estaba presente en uno de los palcos.<\/p>\n\n\n\n<p>\u00abSu lucha y perseverancia es algo que debemos utilizar para que de una vez por todas dejen de suceder hechos que le pas\u00f3 a Lucio y que Argentina pueda avanzar en la protecci\u00f3n y promoci\u00f3n de los derechos de las infancias\u00bb, finaliz\u00f3.<\/p>\n\n\n\n<p>La senadora de la UCR Mar\u00eda Bel\u00e9n Tapia record\u00f3 que en la C\u00e1mara de Diputados se hab\u00eda dado un paso fundamental en el tratamiento de la iniciativa cuando se sintetiz\u00f3 en un solo texto los proyectos de los diputados Mart\u00edn Maquieyra, Roxana Reyes y Paola Vessvessian.<\/p>\n\n\n\n<figure class=\"wp-block-image size-full\"><img loading=\"lazy\" decoding=\"async\" width=\"860\" height=\"452\" src=\"https:\/\/infoecos.com.ar\/wp-content\/uploads\/2023\/04\/image-25.png\" alt=\"\" class=\"wp-image-103816\" srcset=\"https:\/\/infoecos.com.ar\/wp-content\/uploads\/2023\/04\/image-25.png 860w, https:\/\/infoecos.com.ar\/wp-content\/uploads\/2023\/04\/image-25-800x420.png 800w, https:\/\/infoecos.com.ar\/wp-content\/uploads\/2023\/04\/image-25-768x404.png 768w\" sizes=\"(max-width: 860px) 100vw, 860px\" \/><\/figure>\n\n\n\n<p>Pese a compartir el proyecto, la santacruce\u00f1a aclar\u00f3 que \u00abes insuficiente\u00bb para combatir el flagelo y reclam\u00f3 una ley de protecci\u00f3n integral contra el maltrato infantil.<\/p>\n\n\n\n<p>Por otra parte, se\u00f1al\u00f3 que es \u00abpreocupante el mensaje que quieren instalar algunos medios, periodistas y artistas\u00bb respecto de considerar la pedofilia como una orientaci\u00f3n sexual.<\/p>\n\n\n\n<p>\u00abLa pedofilia no es una orientaci\u00f3n sexual. El abuso sexual es un caso de poder y no se necesita ser psic\u00f3pata o mentalmente enfermo para llevarlo a cabo\u00bb, afirm\u00f3.<\/p>\n\n\n\n<p>la senadora del PRO&nbsp;<strong>Mar\u00eda Victoria Huala<\/strong>&nbsp;se\u00f1al\u00f3 que \u00abesta ley comenz\u00f3 su recorrido hace un a\u00f1o y medio con el asesinato de un nene de cinco a\u00f1os\u00bb y record\u00f3 que fueron \u00abcinco veces\u00bb las que \u00abLucio debi\u00f3 ser atendido por golpes y quemaduras, y nadie hizo nada\u00bb.<\/p>\n\n\n\n<p>En este marco, hizo responsable al gobierno de La Pampa y a la Justicia por&nbsp;<strong>\u00abno ver las alarmas\u00bb<\/strong>, y relat\u00f3 que el m\u00e9dico forense que recibi\u00f3 el cuerpo de Lucio Dupuy afirm\u00f3 que&nbsp;<strong>\u00aben 30 a\u00f1os jam\u00e1s vio algo as\u00ed\u00bb<\/strong>.<\/p>\n\n\n\n<p>La \u00faltima oradora fue la vicejefa del interbloque oficialista, Anabel Fern\u00e1ndez Sagasti, quien enfatiz\u00f3 que el proyecto de ley Lucio \u00abva m\u00e1s all\u00e1 de una cuesti\u00f3n partidaria e ideol\u00f3gica\u00bb, aunque lament\u00f3 que \u00abllega tarde\u00bb porque Lucio y otras v\u00edctimas ya \u00abno est\u00e1n\u00bb.<\/p>\n\n\n\n<p>\u00abDebemos atacar desde lo Legislativo, Ejecutivo y Judicial, pero necesitamos una aplicaci\u00f3n r\u00e1pida y bien\u00bb, resalt\u00f3 la mendocina.&nbsp;<\/p>\n\n\n\n<p>La senadora kirchnerista opin\u00f3 que \u00abhay que alamar a ni\u00f1os, ni\u00f1as y adolescentes sobre los temas de abuso y maltrato en el \u00e1mbito familiar\u00bb.<\/p>\n\n\n\n<p>\u00abEl abuso sexual contra los ni\u00f1os, ni\u00f1as y adolescentes, es un delito y debe ser tomado como tal\u00bb, finaliz\u00f3, citando el documento del colectivo \u00abNo Matar\u00e1s\u00bb.<\/p>\n\n\n\n<p><strong>Fuente: Agencia de Noticias NA<\/strong><\/p>\n","protected":false},"excerpt":{"rendered":"<p>Se convirti\u00f3 en ley con 65 votos afirmativos, con el abuelo de Lucio Dupuy -el ni\u00f1o de cinco a\u00f1os brutalmente asesinado que inspir\u00f3 la creaci\u00f3n del proyecto- ubicado en uno de los palcos del recinto<\/p>\n","protected":false},"author":2,"featured_media":103814,"comment_status":"closed","ping_status":"open","sticky":false,"template":"","format":"standard","meta":{"footnotes":""},"categories":[1326],"tags":[7683],"class_list":["post-103813","post","type-post","status-publish","format-standard","has-post-thumbnail","hentry","category-c2nota6","tag-por-unanimidad"],"yoast_head":"<!-- This site is optimized with the Yoast SEO plugin v23.4 - https:\/\/yoast.com\/wordpress\/plugins\/seo\/ -->\n<title>El Senado de la Naci\u00f3n aprob\u00f3 el proyecto de &quot;Ley Lucio&quot; - Infoecos<\/title>\n<meta name=\"robots\" content=\"index, follow, max-snippet:-1, max-image-preview:large, max-video-preview:-1\" \/>\n<link rel=\"canonical\" href=\"https:\/\/infoecos.com.ar\/index.php\/el-senado-de-la-nacion-aprobo-el-proyecto-de-ley-lucio\/\" \/>\n<meta property=\"og:locale\" content=\"es_ES\" \/>\n<meta property=\"og:type\" content=\"article\" \/>\n<meta property=\"og:title\" content=\"El Senado de la Naci\u00f3n aprob\u00f3 el proyecto de &quot;Ley Lucio&quot; - Infoecos\" \/>\n<meta property=\"og:description\" content=\"Se convirti\u00f3 en ley con 65 votos afirmativos, con el abuelo de Lucio Dupuy -el ni\u00f1o de cinco a\u00f1os brutalmente asesinado que inspir\u00f3 la creaci\u00f3n del proyecto- ubicado en uno de los palcos del recinto\" \/>\n<meta property=\"og:url\" content=\"https:\/\/infoecos.com.ar\/index.php\/el-senado-de-la-nacion-aprobo-el-proyecto-de-ley-lucio\/\" \/>\n<meta property=\"og:site_name\" content=\"Infoecos\" \/>\n<meta property=\"article:publisher\" content=\"https:\/\/www.facebook.com\/profile.php?id=100063200290284\" \/>\n<meta property=\"article:published_time\" content=\"2023-04-14T03:44:47+00:00\" \/>\n<meta property=\"article:modified_time\" content=\"2023-04-16T06:49:24+00:00\" \/>\n<meta property=\"og:image\" content=\"https:\/\/infoecos.com.ar\/wp-content\/uploads\/2023\/04\/image-23.png\" \/>\n\t<meta property=\"og:image:width\" content=\"1000\" \/>\n\t<meta property=\"og:image:height\" content=\"649\" \/>\n\t<meta property=\"og:image:type\" content=\"image\/png\" \/>\n<meta name=\"author\" content=\"Jorge Matheus\" \/>\n<meta name=\"twitter:card\" content=\"summary_large_image\" \/>\n<meta name=\"twitter:creator\" content=\"@infoecos\" \/>\n<meta name=\"twitter:site\" content=\"@infoecos\" \/>\n<meta name=\"twitter:label1\" content=\"Escrito por\" \/>\n\t<meta name=\"twitter:data1\" content=\"Jorge Matheus\" \/>\n\t<meta name=\"twitter:label2\" content=\"Tiempo de lectura\" \/>\n\t<meta name=\"twitter:data2\" content=\"4 minutos\" \/>\n<script type=\"application\/ld+json\" class=\"yoast-schema-graph\">{\"@context\":\"https:\/\/schema.org\",\"@graph\":[{\"@type\":\"Article\",\"@id\":\"https:\/\/infoecos.com.ar\/index.php\/el-senado-de-la-nacion-aprobo-el-proyecto-de-ley-lucio\/#article\",\"isPartOf\":{\"@id\":\"https:\/\/infoecos.com.ar\/index.php\/el-senado-de-la-nacion-aprobo-el-proyecto-de-ley-lucio\/\"},\"author\":{\"name\":\"Jorge Matheus\",\"@id\":\"https:\/\/infoecos.com.ar\/#\/schema\/person\/8f5ace5ce73b4b4aac4b7245aee6f191\"},\"headline\":\"El Senado de la Naci\u00f3n aprob\u00f3 el proyecto de \u00abLey Lucio\u00bb\",\"datePublished\":\"2023-04-14T03:44:47+00:00\",\"dateModified\":\"2023-04-16T06:49:24+00:00\",\"mainEntityOfPage\":{\"@id\":\"https:\/\/infoecos.com.ar\/index.php\/el-senado-de-la-nacion-aprobo-el-proyecto-de-ley-lucio\/\"},\"wordCount\":767,\"publisher\":{\"@id\":\"https:\/\/infoecos.com.ar\/#organization\"},\"image\":{\"@id\":\"https:\/\/infoecos.com.ar\/index.php\/el-senado-de-la-nacion-aprobo-el-proyecto-de-ley-lucio\/#primaryimage\"},\"thumbnailUrl\":\"https:\/\/infoecos.com.ar\/wp-content\/uploads\/2023\/04\/image-23.png\",\"keywords\":[\"POR UNANIMIDAD\"],\"articleSection\":[\"C2 N6\"],\"inLanguage\":\"es\"},{\"@type\":\"WebPage\",\"@id\":\"https:\/\/infoecos.com.ar\/index.php\/el-senado-de-la-nacion-aprobo-el-proyecto-de-ley-lucio\/\",\"url\":\"https:\/\/infoecos.com.ar\/index.php\/el-senado-de-la-nacion-aprobo-el-proyecto-de-ley-lucio\/\",\"name\":\"El Senado de la Naci\u00f3n aprob\u00f3 el proyecto de \\\"Ley Lucio\\\" - Infoecos\",\"isPartOf\":{\"@id\":\"https:\/\/infoecos.com.ar\/#website\"},\"primaryImageOfPage\":{\"@id\":\"https:\/\/infoecos.com.ar\/index.php\/el-senado-de-la-nacion-aprobo-el-proyecto-de-ley-lucio\/#primaryimage\"},\"image\":{\"@id\":\"https:\/\/infoecos.com.ar\/index.php\/el-senado-de-la-nacion-aprobo-el-proyecto-de-ley-lucio\/#primaryimage\"},\"thumbnailUrl\":\"https:\/\/infoecos.com.ar\/wp-content\/uploads\/2023\/04\/image-23.png\",\"datePublished\":\"2023-04-14T03:44:47+00:00\",\"dateModified\":\"2023-04-16T06:49:24+00:00\",\"breadcrumb\":{\"@id\":\"https:\/\/infoecos.com.ar\/index.php\/el-senado-de-la-nacion-aprobo-el-proyecto-de-ley-lucio\/#breadcrumb\"},\"inLanguage\":\"es\",\"potentialAction\":[{\"@type\":\"ReadAction\",\"target\":[\"https:\/\/infoecos.com.ar\/index.php\/el-senado-de-la-nacion-aprobo-el-proyecto-de-ley-lucio\/\"]}]},{\"@type\":\"ImageObject\",\"inLanguage\":\"es\",\"@id\":\"https:\/\/infoecos.com.ar\/index.php\/el-senado-de-la-nacion-aprobo-el-proyecto-de-ley-lucio\/#primaryimage\",\"url\":\"https:\/\/infoecos.com.ar\/wp-content\/uploads\/2023\/04\/image-23.png\",\"contentUrl\":\"https:\/\/infoecos.com.ar\/wp-content\/uploads\/2023\/04\/image-23.png\",\"width\":1000,\"height\":649},{\"@type\":\"BreadcrumbList\",\"@id\":\"https:\/\/infoecos.com.ar\/index.php\/el-senado-de-la-nacion-aprobo-el-proyecto-de-ley-lucio\/#breadcrumb\",\"itemListElement\":[{\"@type\":\"ListItem\",\"position\":1,\"name\":\"Portada\",\"item\":\"https:\/\/infoecos.com.ar\/\"},{\"@type\":\"ListItem\",\"position\":2,\"name\":\"El Senado de la Naci\u00f3n aprob\u00f3 el proyecto de \u00abLey Lucio\u00bb\"}]},{\"@type\":\"WebSite\",\"@id\":\"https:\/\/infoecos.com.ar\/#website\",\"url\":\"https:\/\/infoecos.com.ar\/\",\"name\":\"Infoecos\",\"description\":\"Noticias de trenque lauquen y la zona\",\"publisher\":{\"@id\":\"https:\/\/infoecos.com.ar\/#organization\"},\"alternateName\":\"Noticias\",\"potentialAction\":[{\"@type\":\"SearchAction\",\"target\":{\"@type\":\"EntryPoint\",\"urlTemplate\":\"https:\/\/infoecos.com.ar\/?s={search_term_string}\"},\"query-input\":{\"@type\":\"PropertyValueSpecification\",\"valueRequired\":true,\"valueName\":\"search_term_string\"}}],\"inLanguage\":\"es\"},{\"@type\":\"Organization\",\"@id\":\"https:\/\/infoecos.com.ar\/#organization\",\"name\":\"Infoecos\",\"alternateName\":\"Noticias\",\"url\":\"https:\/\/infoecos.com.ar\/\",\"logo\":{\"@type\":\"ImageObject\",\"inLanguage\":\"es\",\"@id\":\"https:\/\/infoecos.com.ar\/#\/schema\/logo\/image\/\",\"url\":\"https:\/\/infoecos.com.ar\/wp-content\/uploads\/2024\/03\/cropped-logo.png\",\"contentUrl\":\"https:\/\/infoecos.com.ar\/wp-content\/uploads\/2024\/03\/cropped-logo.png\",\"width\":374,\"height\":90,\"caption\":\"Infoecos\"},\"image\":{\"@id\":\"https:\/\/infoecos.com.ar\/#\/schema\/logo\/image\/\"},\"sameAs\":[\"https:\/\/www.facebook.com\/profile.php?id=100063200290284\",\"https:\/\/x.com\/infoecos\"]},{\"@type\":\"Person\",\"@id\":\"https:\/\/infoecos.com.ar\/#\/schema\/person\/8f5ace5ce73b4b4aac4b7245aee6f191\",\"name\":\"Jorge Matheus\",\"url\":\"https:\/\/infoecos.com.ar\/index.php\/author\/jomatheus\/\"}]}<\/script>\n<!-- \/ Yoast SEO plugin. -->","yoast_head_json":{"title":"El Senado de la Naci\u00f3n aprob\u00f3 el proyecto de \"Ley Lucio\" - Infoecos","robots":{"index":"index","follow":"follow","max-snippet":"max-snippet:-1","max-image-preview":"max-image-preview:large","max-video-preview":"max-video-preview:-1"},"canonical":"https:\/\/infoecos.com.ar\/index.php\/el-senado-de-la-nacion-aprobo-el-proyecto-de-ley-lucio\/","og_locale":"es_ES","og_type":"article","og_title":"El Senado de la Naci\u00f3n aprob\u00f3 el proyecto de \"Ley Lucio\" - Infoecos","og_description":"Se convirti\u00f3 en ley con 65 votos afirmativos, con el abuelo de Lucio Dupuy -el ni\u00f1o de cinco a\u00f1os brutalmente asesinado que inspir\u00f3 la creaci\u00f3n del proyecto- ubicado en uno de los palcos del recinto","og_url":"https:\/\/infoecos.com.ar\/index.php\/el-senado-de-la-nacion-aprobo-el-proyecto-de-ley-lucio\/","og_site_name":"Infoecos","article_publisher":"https:\/\/www.facebook.com\/profile.php?id=100063200290284","article_published_time":"2023-04-14T03:44:47+00:00","article_modified_time":"2023-04-16T06:49:24+00:00","og_image":[{"width":1000,"height":649,"url":"https:\/\/infoecos.com.ar\/wp-content\/uploads\/2023\/04\/image-23.png","type":"image\/png"}],"author":"Jorge Matheus","twitter_card":"summary_large_image","twitter_creator":"@infoecos","twitter_site":"@infoecos","twitter_misc":{"Escrito por":"Jorge Matheus","Tiempo de lectura":"4 minutos"},"schema":{"@context":"https:\/\/schema.org","@graph":[{"@type":"Article","@id":"https:\/\/infoecos.com.ar\/index.php\/el-senado-de-la-nacion-aprobo-el-proyecto-de-ley-lucio\/#article","isPartOf":{"@id":"https:\/\/infoecos.com.ar\/index.php\/el-senado-de-la-nacion-aprobo-el-proyecto-de-ley-lucio\/"},"author":{"name":"Jorge Matheus","@id":"https:\/\/infoecos.com.ar\/#\/schema\/person\/8f5ace5ce73b4b4aac4b7245aee6f191"},"headline":"El Senado de la Naci\u00f3n aprob\u00f3 el proyecto de \u00abLey Lucio\u00bb","datePublished":"2023-04-14T03:44:47+00:00","dateModified":"2023-04-16T06:49:24+00:00","mainEntityOfPage":{"@id":"https:\/\/infoecos.com.ar\/index.php\/el-senado-de-la-nacion-aprobo-el-proyecto-de-ley-lucio\/"},"wordCount":767,"publisher":{"@id":"https:\/\/infoecos.com.ar\/#organization"},"image":{"@id":"https:\/\/infoecos.com.ar\/index.php\/el-senado-de-la-nacion-aprobo-el-proyecto-de-ley-lucio\/#primaryimage"},"thumbnailUrl":"https:\/\/infoecos.com.ar\/wp-content\/uploads\/2023\/04\/image-23.png","keywords":["POR UNANIMIDAD"],"articleSection":["C2 N6"],"inLanguage":"es"},{"@type":"WebPage","@id":"https:\/\/infoecos.com.ar\/index.php\/el-senado-de-la-nacion-aprobo-el-proyecto-de-ley-lucio\/","url":"https:\/\/infoecos.com.ar\/index.php\/el-senado-de-la-nacion-aprobo-el-proyecto-de-ley-lucio\/","name":"El Senado de la Naci\u00f3n aprob\u00f3 el proyecto de \"Ley Lucio\" - Infoecos","isPartOf":{"@id":"https:\/\/infoecos.com.ar\/#website"},"primaryImageOfPage":{"@id":"https:\/\/infoecos.com.ar\/index.php\/el-senado-de-la-nacion-aprobo-el-proyecto-de-ley-lucio\/#primaryimage"},"image":{"@id":"https:\/\/infoecos.com.ar\/index.php\/el-senado-de-la-nacion-aprobo-el-proyecto-de-ley-lucio\/#primaryimage"},"thumbnailUrl":"https:\/\/infoecos.com.ar\/wp-content\/uploads\/2023\/04\/image-23.png","datePublished":"2023-04-14T03:44:47+00:00","dateModified":"2023-04-16T06:49:24+00:00","breadcrumb":{"@id":"https:\/\/infoecos.com.ar\/index.php\/el-senado-de-la-nacion-aprobo-el-proyecto-de-ley-lucio\/#breadcrumb"},"inLanguage":"es","potentialAction":[{"@type":"ReadAction","target":["https:\/\/infoecos.com.ar\/index.php\/el-senado-de-la-nacion-aprobo-el-proyecto-de-ley-lucio\/"]}]},{"@type":"ImageObject","inLanguage":"es","@id":"https:\/\/infoecos.com.ar\/index.php\/el-senado-de-la-nacion-aprobo-el-proyecto-de-ley-lucio\/#primaryimage","url":"https:\/\/infoecos.com.ar\/wp-content\/uploads\/2023\/04\/image-23.png","contentUrl":"https:\/\/infoecos.com.ar\/wp-content\/uploads\/2023\/04\/image-23.png","width":1000,"height":649},{"@type":"BreadcrumbList","@id":"https:\/\/infoecos.com.ar\/index.php\/el-senado-de-la-nacion-aprobo-el-proyecto-de-ley-lucio\/#breadcrumb","itemListElement":[{"@type":"ListItem","position":1,"name":"Portada","item":"https:\/\/infoecos.com.ar\/"},{"@type":"ListItem","position":2,"name":"El Senado de la Naci\u00f3n aprob\u00f3 el proyecto de \u00abLey Lucio\u00bb"}]},{"@type":"WebSite","@id":"https:\/\/infoecos.com.ar\/#website","url":"https:\/\/infoecos.com.ar\/","name":"Infoecos","description":"Noticias de trenque lauquen y la zona","publisher":{"@id":"https:\/\/infoecos.com.ar\/#organization"},"alternateName":"Noticias","potentialAction":[{"@type":"SearchAction","target":{"@type":"EntryPoint","urlTemplate":"https:\/\/infoecos.com.ar\/?s={search_term_string}"},"query-input":{"@type":"PropertyValueSpecification","valueRequired":true,"valueName":"search_term_string"}}],"inLanguage":"es"},{"@type":"Organization","@id":"https:\/\/infoecos.com.ar\/#organization","name":"Infoecos","alternateName":"Noticias","url":"https:\/\/infoecos.com.ar\/","logo":{"@type":"ImageObject","inLanguage":"es","@id":"https:\/\/infoecos.com.ar\/#\/schema\/logo\/image\/","url":"https:\/\/infoecos.com.ar\/wp-content\/uploads\/2024\/03\/cropped-logo.png","contentUrl":"https:\/\/infoecos.com.ar\/wp-content\/uploads\/2024\/03\/cropped-logo.png","width":374,"height":90,"caption":"Infoecos"},"image":{"@id":"https:\/\/infoecos.com.ar\/#\/schema\/logo\/image\/"},"sameAs":["https:\/\/www.facebook.com\/profile.php?id=100063200290284","https:\/\/x.com\/infoecos"]},{"@type":"Person","@id":"https:\/\/infoecos.com.ar\/#\/schema\/person\/8f5ace5ce73b4b4aac4b7245aee6f191","name":"Jorge Matheus","url":"https:\/\/infoecos.com.ar\/index.php\/author\/jomatheus\/"}]}},"featured_image_urls":{"full":["https:\/\/infoecos.com.ar\/wp-content\/uploads\/2023\/04\/image-23.png",1000,649,false],"thumbnail":["https:\/\/infoecos.com.ar\/wp-content\/uploads\/2023\/04\/image-23-300x150.png",300,150,true],"medium":["https:\/\/infoecos.com.ar\/wp-content\/uploads\/2023\/04\/image-23-800x519.png",800,519,true],"medium_large":["https:\/\/infoecos.com.ar\/wp-content\/uploads\/2023\/04\/image-23-768x498.png",640,415,true],"large":["https:\/\/infoecos.com.ar\/wp-content\/uploads\/2023\/04\/image-23.png",640,415,false],"1536x1536":["https:\/\/infoecos.com.ar\/wp-content\/uploads\/2023\/04\/image-23.png",1000,649,false],"2048x2048":["https:\/\/infoecos.com.ar\/wp-content\/uploads\/2023\/04\/image-23.png",1000,649,false],"covernews-slider-full":["https:\/\/infoecos.com.ar\/wp-content\/uploads\/2023\/04\/image-23.png",1000,649,false],"covernews-slider-center":["https:\/\/infoecos.com.ar\/wp-content\/uploads\/2023\/04\/image-23-936x649.png",721,500,true],"covernews-featured":["https:\/\/infoecos.com.ar\/wp-content\/uploads\/2023\/04\/image-23.png",1000,649,false],"covernews-medium":["https:\/\/infoecos.com.ar\/wp-content\/uploads\/2023\/04\/image-23-720x380.png",540,285,true],"covernews-medium-square":["https:\/\/infoecos.com.ar\/wp-content\/uploads\/2023\/04\/image-23-675x450.png",375,250,true]},"author_info":{"info":["Jorge Matheus"]},"category_info":"<a href=\"https:\/\/infoecos.com.ar\/index.php\/category\/c2nota6\/\" rel=\"category tag\">C2 N6<\/a>","tag_info":"C2 N6","comment_count":"0","_links":{"self":[{"href":"https:\/\/infoecos.com.ar\/index.php\/wp-json\/wp\/v2\/posts\/103813"}],"collection":[{"href":"https:\/\/infoecos.com.ar\/index.php\/wp-json\/wp\/v2\/posts"}],"about":[{"href":"https:\/\/infoecos.com.ar\/index.php\/wp-json\/wp\/v2\/types\/post"}],"author":[{"embeddable":true,"href":"https:\/\/infoecos.com.ar\/index.php\/wp-json\/wp\/v2\/users\/2"}],"replies":[{"embeddable":true,"href":"https:\/\/infoecos.com.ar\/index.php\/wp-json\/wp\/v2\/comments?post=103813"}],"version-history":[{"count":2,"href":"https:\/\/infoecos.com.ar\/index.php\/wp-json\/wp\/v2\/posts\/103813\/revisions"}],"predecessor-version":[{"id":103852,"href":"https:\/\/infoecos.com.ar\/index.php\/wp-json\/wp\/v2\/posts\/103813\/revisions\/103852"}],"wp:featuredmedia":[{"embeddable":true,"href":"https:\/\/infoecos.com.ar\/index.php\/wp-json\/wp\/v2\/media\/103814"}],"wp:attachment":[{"href":"https:\/\/infoecos.com.ar\/index.php\/wp-json\/wp\/v2\/media?parent=103813"}],"wp:term":[{"taxonomy":"category","embeddable":true,"href":"https:\/\/infoecos.com.ar\/index.php\/wp-json\/wp\/v2\/categories?post=103813"},{"taxonomy":"post_tag","embeddable":true,"href":"https:\/\/infoecos.com.ar\/index.php\/wp-json\/wp\/v2\/tags?post=103813"}],"curies":[{"name":"wp","href":"https:\/\/api.w.org\/{rel}","templated":true}]}}