{"id":103823,"date":"2023-04-14T01:33:50","date_gmt":"2023-04-14T04:33:50","guid":{"rendered":"https:\/\/infoecos.com.ar\/?p=103823"},"modified":"2023-04-14T01:34:31","modified_gmt":"2023-04-14T04:34:31","slug":"pase-automatico-de-unos-5-mil-profesionales-de-la-salud-bonaerense-a-la-carrera-hospitalaria","status":"publish","type":"post","link":"https:\/\/infoecos.com.ar\/index.php\/pase-automatico-de-unos-5-mil-profesionales-de-la-salud-bonaerense-a-la-carrera-hospitalaria\/","title":{"rendered":"Pase autom\u00e1tico de unos 5 mil profesionales de la Salud bonaerense a la Carrera Hospitalaria"},"content":{"rendered":"\n<p>La Legislatura Bonaerense aprob\u00f3 tres proyectos de ley prioritarios para la gesti\u00f3n de la cartera sanitaria de la Provincia. <\/p>\n\n\n\n<figure class=\"wp-block-image aligncenter size-large is-resized\"><img loading=\"lazy\" decoding=\"async\" src=\"https:\/\/infoecos.com.ar\/wp-content\/uploads\/117299930_2670733839841223_8422519945427836950_o-920x613.jpg\" alt=\"\" class=\"wp-image-65735\" width=\"483\" height=\"321\" srcset=\"https:\/\/infoecos.com.ar\/wp-content\/uploads\/117299930_2670733839841223_8422519945427836950_o-920x613.jpg 920w, https:\/\/infoecos.com.ar\/wp-content\/uploads\/117299930_2670733839841223_8422519945427836950_o-460x307.jpg 460w, https:\/\/infoecos.com.ar\/wp-content\/uploads\/117299930_2670733839841223_8422519945427836950_o-768x512.jpg 768w, https:\/\/infoecos.com.ar\/wp-content\/uploads\/117299930_2670733839841223_8422519945427836950_o-1024x682.jpg 1024w, https:\/\/infoecos.com.ar\/wp-content\/uploads\/117299930_2670733839841223_8422519945427836950_o-675x450.jpg 675w, https:\/\/infoecos.com.ar\/wp-content\/uploads\/117299930_2670733839841223_8422519945427836950_o.jpg 1280w\" sizes=\"(max-width: 483px) 100vw, 483px\" \/><\/figure>\n\n\n\n<p>Los temas claves para la agenda son: la ley para eximir de pago de Caja de M\u00e9dicos y matr\u00edcula a residentes; la ley de acceso libre y gratuito al agua obligatorio en locales bailables y bares; y la ley de incorporaci\u00f3n de m\u00e1s de 15 disciplinas a la Ley de Carrera Profesional Hospitalaria 10.471, acompa\u00f1ada del pase autom\u00e1tico de cerca de 5 mil profesionales a dicha normativa.<\/p>\n\n\n\n<p>La modificaci\u00f3n de la Ley de Carrera Profesional Hospitalaria 10.471, tiene por objetivo incorporar, en \u201ccar\u00e1cter de\u00a0excepci\u00f3n\u00a0en forma autom\u00e1tica y permanente\u201d a los\u00a0profesionales con t\u00edtulo de grado que revistan estabilidad en la\u00a0ley 10430\u00a0en\u00a0hospitales bonaerenses\u00a0y\u00a0diferentes dependencias del Ministerio de Salud. La medida alcanza, en principio a unos 5 mil trabajadores y trabajadoras.<\/p>\n\n\n\n<p>Esta legislaci\u00f3n, por un lado regularizar\u00e1 la situaci\u00f3n de aquellos profesionales que comenzaron a ser trabajadores de la Cartera Ministerial cuando no hab\u00edan culminado sus estudios y que, a posteriori, obtuvieron su t\u00edtulo habilitante. Adem\u00e1s, por medio de esta ley se incorporar\u00e1n m\u00e1s de 15 disciplinas al marco de Carrera Profesional Hospitalaria.<\/p>\n\n\n\n<p>Actualmente, en la Provincia de Buenos Aires, se cuenta con profesionales que desarrollan tareas en establecimientos asistenciales bajo dos reg\u00edmenes estatutarios diferentes: las Leyes N\u00b0 10.430 de Personal de la Administraci\u00f3n P\u00fablica y N\u00b0 10.471 de Carrera Profesional Hospitalaria.<\/p>\n\n\n\n<p>Por otro lado, y con vistas al futuro del sistema sanitario, otro de los proyectos de ley que se aprob\u00f3 contempla la eximici\u00f3n de pago del aporte mensual de la matr\u00edcula profesional, Caja de Previsi\u00f3n y Seguro M\u00e9dico de la Provincia de Buenos Aires a los profesionales m\u00e9dicos que se encuentren en el sistema de residencias del sistema de salud de la Provincia de Buenos Aires. A su vez, el proyecto contempla que los aportes exceptuados de pago se computar\u00e1n como \u201caporte jubilatorio\u201d para dichos profesionales.<\/p>\n\n\n\n<p><strong>Fuente: infogei.com<\/strong><\/p>\n","protected":false},"excerpt":{"rendered":"<p>La Ley de Carrera Profesional Hospitalaria 10.471, viene acompa\u00f1ada del pase autom\u00e1tico de cerca de 5 mil profesionales a dicha normativa<\/p>\n","protected":false},"author":2,"featured_media":92636,"comment_status":"closed","ping_status":"open","sticky":false,"template":"","format":"standard","meta":{"footnotes":""},"categories":[29],"tags":[1527],"class_list":["post-103823","post","type-post","status-publish","format-standard","has-post-thumbnail","hentry","category-c2nota1","tag-legislatura-de-buenos-aires"],"yoast_head":"<!-- This site is optimized with the Yoast SEO plugin v23.4 - https:\/\/yoast.com\/wordpress\/plugins\/seo\/ -->\n<title>Pase autom\u00e1tico de unos 5 mil profesionales de la Salud bonaerense a la Carrera Hospitalaria - Infoecos<\/title>\n<meta name=\"robots\" content=\"index, follow, max-snippet:-1, max-image-preview:large, max-video-preview:-1\" \/>\n<link rel=\"canonical\" href=\"https:\/\/infoecos.com.ar\/index.php\/pase-automatico-de-unos-5-mil-profesionales-de-la-salud-bonaerense-a-la-carrera-hospitalaria\/\" \/>\n<meta property=\"og:locale\" content=\"es_ES\" \/>\n<meta property=\"og:type\" content=\"article\" \/>\n<meta property=\"og:title\" content=\"Pase autom\u00e1tico de unos 5 mil profesionales de la Salud bonaerense a la Carrera Hospitalaria - Infoecos\" \/>\n<meta property=\"og:description\" content=\"La Ley de Carrera Profesional Hospitalaria 10.471, viene acompa\u00f1ada del pase autom\u00e1tico de cerca de 5 mil profesionales a dicha normativa\" \/>\n<meta property=\"og:url\" content=\"https:\/\/infoecos.com.ar\/index.php\/pase-automatico-de-unos-5-mil-profesionales-de-la-salud-bonaerense-a-la-carrera-hospitalaria\/\" \/>\n<meta property=\"og:site_name\" content=\"Infoecos\" \/>\n<meta property=\"article:publisher\" content=\"https:\/\/www.facebook.com\/profile.php?id=100063200290284\" \/>\n<meta property=\"article:published_time\" content=\"2023-04-14T04:33:50+00:00\" \/>\n<meta property=\"article:modified_time\" content=\"2023-04-14T04:34:31+00:00\" \/>\n<meta property=\"og:image\" content=\"https:\/\/infoecos.com.ar\/wp-content\/uploads\/2022\/05\/camaradediputadosprovinciadeba.jpg\" \/>\n\t<meta property=\"og:image:width\" content=\"680\" \/>\n\t<meta property=\"og:image:height\" content=\"396\" \/>\n\t<meta property=\"og:image:type\" content=\"image\/jpeg\" \/>\n<meta name=\"author\" content=\"Jorge Matheus\" \/>\n<meta name=\"twitter:card\" content=\"summary_large_image\" \/>\n<meta name=\"twitter:creator\" content=\"@infoecos\" \/>\n<meta name=\"twitter:site\" content=\"@infoecos\" \/>\n<meta name=\"twitter:label1\" content=\"Escrito por\" \/>\n\t<meta name=\"twitter:data1\" content=\"Jorge Matheus\" \/>\n\t<meta name=\"twitter:label2\" content=\"Tiempo de lectura\" \/>\n\t<meta name=\"twitter:data2\" content=\"2 minutos\" \/>\n<script type=\"application\/ld+json\" class=\"yoast-schema-graph\">{\"@context\":\"https:\/\/schema.org\",\"@graph\":[{\"@type\":\"Article\",\"@id\":\"https:\/\/infoecos.com.ar\/index.php\/pase-automatico-de-unos-5-mil-profesionales-de-la-salud-bonaerense-a-la-carrera-hospitalaria\/#article\",\"isPartOf\":{\"@id\":\"https:\/\/infoecos.com.ar\/index.php\/pase-automatico-de-unos-5-mil-profesionales-de-la-salud-bonaerense-a-la-carrera-hospitalaria\/\"},\"author\":{\"name\":\"Jorge Matheus\",\"@id\":\"https:\/\/infoecos.com.ar\/#\/schema\/person\/8f5ace5ce73b4b4aac4b7245aee6f191\"},\"headline\":\"Pase autom\u00e1tico de unos 5 mil profesionales de la Salud bonaerense a la Carrera Hospitalaria\",\"datePublished\":\"2023-04-14T04:33:50+00:00\",\"dateModified\":\"2023-04-14T04:34:31+00:00\",\"mainEntityOfPage\":{\"@id\":\"https:\/\/infoecos.com.ar\/index.php\/pase-automatico-de-unos-5-mil-profesionales-de-la-salud-bonaerense-a-la-carrera-hospitalaria\/\"},\"wordCount\":359,\"publisher\":{\"@id\":\"https:\/\/infoecos.com.ar\/#organization\"},\"image\":{\"@id\":\"https:\/\/infoecos.com.ar\/index.php\/pase-automatico-de-unos-5-mil-profesionales-de-la-salud-bonaerense-a-la-carrera-hospitalaria\/#primaryimage\"},\"thumbnailUrl\":\"https:\/\/infoecos.com.ar\/wp-content\/uploads\/2022\/05\/camaradediputadosprovinciadeba.jpg\",\"keywords\":[\"LEGISLATURA DE BUENOS AIRES\"],\"articleSection\":[\"C2 nota 1\"],\"inLanguage\":\"es\"},{\"@type\":\"WebPage\",\"@id\":\"https:\/\/infoecos.com.ar\/index.php\/pase-automatico-de-unos-5-mil-profesionales-de-la-salud-bonaerense-a-la-carrera-hospitalaria\/\",\"url\":\"https:\/\/infoecos.com.ar\/index.php\/pase-automatico-de-unos-5-mil-profesionales-de-la-salud-bonaerense-a-la-carrera-hospitalaria\/\",\"name\":\"Pase autom\u00e1tico de unos 5 mil profesionales de la Salud bonaerense a la Carrera Hospitalaria - Infoecos\",\"isPartOf\":{\"@id\":\"https:\/\/infoecos.com.ar\/#website\"},\"primaryImageOfPage\":{\"@id\":\"https:\/\/infoecos.com.ar\/index.php\/pase-automatico-de-unos-5-mil-profesionales-de-la-salud-bonaerense-a-la-carrera-hospitalaria\/#primaryimage\"},\"image\":{\"@id\":\"https:\/\/infoecos.com.ar\/index.php\/pase-automatico-de-unos-5-mil-profesionales-de-la-salud-bonaerense-a-la-carrera-hospitalaria\/#primaryimage\"},\"thumbnailUrl\":\"https:\/\/infoecos.com.ar\/wp-content\/uploads\/2022\/05\/camaradediputadosprovinciadeba.jpg\",\"datePublished\":\"2023-04-14T04:33:50+00:00\",\"dateModified\":\"2023-04-14T04:34:31+00:00\",\"breadcrumb\":{\"@id\":\"https:\/\/infoecos.com.ar\/index.php\/pase-automatico-de-unos-5-mil-profesionales-de-la-salud-bonaerense-a-la-carrera-hospitalaria\/#breadcrumb\"},\"inLanguage\":\"es\",\"potentialAction\":[{\"@type\":\"ReadAction\",\"target\":[\"https:\/\/infoecos.com.ar\/index.php\/pase-automatico-de-unos-5-mil-profesionales-de-la-salud-bonaerense-a-la-carrera-hospitalaria\/\"]}]},{\"@type\":\"ImageObject\",\"inLanguage\":\"es\",\"@id\":\"https:\/\/infoecos.com.ar\/index.php\/pase-automatico-de-unos-5-mil-profesionales-de-la-salud-bonaerense-a-la-carrera-hospitalaria\/#primaryimage\",\"url\":\"https:\/\/infoecos.com.ar\/wp-content\/uploads\/2022\/05\/camaradediputadosprovinciadeba.jpg\",\"contentUrl\":\"https:\/\/infoecos.com.ar\/wp-content\/uploads\/2022\/05\/camaradediputadosprovinciadeba.jpg\",\"width\":680,\"height\":396},{\"@type\":\"BreadcrumbList\",\"@id\":\"https:\/\/infoecos.com.ar\/index.php\/pase-automatico-de-unos-5-mil-profesionales-de-la-salud-bonaerense-a-la-carrera-hospitalaria\/#breadcrumb\",\"itemListElement\":[{\"@type\":\"ListItem\",\"position\":1,\"name\":\"Portada\",\"item\":\"https:\/\/infoecos.com.ar\/\"},{\"@type\":\"ListItem\",\"position\":2,\"name\":\"Pase autom\u00e1tico de unos 5 mil profesionales de la Salud bonaerense a la Carrera Hospitalaria\"}]},{\"@type\":\"WebSite\",\"@id\":\"https:\/\/infoecos.com.ar\/#website\",\"url\":\"https:\/\/infoecos.com.ar\/\",\"name\":\"Infoecos\",\"description\":\"Noticias de trenque lauquen y la zona\",\"publisher\":{\"@id\":\"https:\/\/infoecos.com.ar\/#organization\"},\"alternateName\":\"Noticias\",\"potentialAction\":[{\"@type\":\"SearchAction\",\"target\":{\"@type\":\"EntryPoint\",\"urlTemplate\":\"https:\/\/infoecos.com.ar\/?s={search_term_string}\"},\"query-input\":{\"@type\":\"PropertyValueSpecification\",\"valueRequired\":true,\"valueName\":\"search_term_string\"}}],\"inLanguage\":\"es\"},{\"@type\":\"Organization\",\"@id\":\"https:\/\/infoecos.com.ar\/#organization\",\"name\":\"Infoecos\",\"alternateName\":\"Noticias\",\"url\":\"https:\/\/infoecos.com.ar\/\",\"logo\":{\"@type\":\"ImageObject\",\"inLanguage\":\"es\",\"@id\":\"https:\/\/infoecos.com.ar\/#\/schema\/logo\/image\/\",\"url\":\"https:\/\/infoecos.com.ar\/wp-content\/uploads\/2024\/03\/cropped-logo.png\",\"contentUrl\":\"https:\/\/infoecos.com.ar\/wp-content\/uploads\/2024\/03\/cropped-logo.png\",\"width\":374,\"height\":90,\"caption\":\"Infoecos\"},\"image\":{\"@id\":\"https:\/\/infoecos.com.ar\/#\/schema\/logo\/image\/\"},\"sameAs\":[\"https:\/\/www.facebook.com\/profile.php?id=100063200290284\",\"https:\/\/x.com\/infoecos\"]},{\"@type\":\"Person\",\"@id\":\"https:\/\/infoecos.com.ar\/#\/schema\/person\/8f5ace5ce73b4b4aac4b7245aee6f191\",\"name\":\"Jorge Matheus\",\"url\":\"https:\/\/infoecos.com.ar\/index.php\/author\/jomatheus\/\"}]}<\/script>\n<!-- \/ Yoast SEO plugin. -->","yoast_head_json":{"title":"Pase autom\u00e1tico de unos 5 mil profesionales de la Salud bonaerense a la Carrera Hospitalaria - Infoecos","robots":{"index":"index","follow":"follow","max-snippet":"max-snippet:-1","max-image-preview":"max-image-preview:large","max-video-preview":"max-video-preview:-1"},"canonical":"https:\/\/infoecos.com.ar\/index.php\/pase-automatico-de-unos-5-mil-profesionales-de-la-salud-bonaerense-a-la-carrera-hospitalaria\/","og_locale":"es_ES","og_type":"article","og_title":"Pase autom\u00e1tico de unos 5 mil profesionales de la Salud bonaerense a la Carrera Hospitalaria - Infoecos","og_description":"La Ley de Carrera Profesional Hospitalaria 10.471, viene acompa\u00f1ada del pase autom\u00e1tico de cerca de 5 mil profesionales a dicha normativa","og_url":"https:\/\/infoecos.com.ar\/index.php\/pase-automatico-de-unos-5-mil-profesionales-de-la-salud-bonaerense-a-la-carrera-hospitalaria\/","og_site_name":"Infoecos","article_publisher":"https:\/\/www.facebook.com\/profile.php?id=100063200290284","article_published_time":"2023-04-14T04:33:50+00:00","article_modified_time":"2023-04-14T04:34:31+00:00","og_image":[{"width":680,"height":396,"url":"https:\/\/infoecos.com.ar\/wp-content\/uploads\/2022\/05\/camaradediputadosprovinciadeba.jpg","type":"image\/jpeg"}],"author":"Jorge Matheus","twitter_card":"summary_large_image","twitter_creator":"@infoecos","twitter_site":"@infoecos","twitter_misc":{"Escrito por":"Jorge Matheus","Tiempo de lectura":"2 minutos"},"schema":{"@context":"https:\/\/schema.org","@graph":[{"@type":"Article","@id":"https:\/\/infoecos.com.ar\/index.php\/pase-automatico-de-unos-5-mil-profesionales-de-la-salud-bonaerense-a-la-carrera-hospitalaria\/#article","isPartOf":{"@id":"https:\/\/infoecos.com.ar\/index.php\/pase-automatico-de-unos-5-mil-profesionales-de-la-salud-bonaerense-a-la-carrera-hospitalaria\/"},"author":{"name":"Jorge Matheus","@id":"https:\/\/infoecos.com.ar\/#\/schema\/person\/8f5ace5ce73b4b4aac4b7245aee6f191"},"headline":"Pase autom\u00e1tico de unos 5 mil profesionales de la Salud bonaerense a la Carrera Hospitalaria","datePublished":"2023-04-14T04:33:50+00:00","dateModified":"2023-04-14T04:34:31+00:00","mainEntityOfPage":{"@id":"https:\/\/infoecos.com.ar\/index.php\/pase-automatico-de-unos-5-mil-profesionales-de-la-salud-bonaerense-a-la-carrera-hospitalaria\/"},"wordCount":359,"publisher":{"@id":"https:\/\/infoecos.com.ar\/#organization"},"image":{"@id":"https:\/\/infoecos.com.ar\/index.php\/pase-automatico-de-unos-5-mil-profesionales-de-la-salud-bonaerense-a-la-carrera-hospitalaria\/#primaryimage"},"thumbnailUrl":"https:\/\/infoecos.com.ar\/wp-content\/uploads\/2022\/05\/camaradediputadosprovinciadeba.jpg","keywords":["LEGISLATURA DE BUENOS AIRES"],"articleSection":["C2 nota 1"],"inLanguage":"es"},{"@type":"WebPage","@id":"https:\/\/infoecos.com.ar\/index.php\/pase-automatico-de-unos-5-mil-profesionales-de-la-salud-bonaerense-a-la-carrera-hospitalaria\/","url":"https:\/\/infoecos.com.ar\/index.php\/pase-automatico-de-unos-5-mil-profesionales-de-la-salud-bonaerense-a-la-carrera-hospitalaria\/","name":"Pase autom\u00e1tico de unos 5 mil profesionales de la Salud bonaerense a la Carrera Hospitalaria - Infoecos","isPartOf":{"@id":"https:\/\/infoecos.com.ar\/#website"},"primaryImageOfPage":{"@id":"https:\/\/infoecos.com.ar\/index.php\/pase-automatico-de-unos-5-mil-profesionales-de-la-salud-bonaerense-a-la-carrera-hospitalaria\/#primaryimage"},"image":{"@id":"https:\/\/infoecos.com.ar\/index.php\/pase-automatico-de-unos-5-mil-profesionales-de-la-salud-bonaerense-a-la-carrera-hospitalaria\/#primaryimage"},"thumbnailUrl":"https:\/\/infoecos.com.ar\/wp-content\/uploads\/2022\/05\/camaradediputadosprovinciadeba.jpg","datePublished":"2023-04-14T04:33:50+00:00","dateModified":"2023-04-14T04:34:31+00:00","breadcrumb":{"@id":"https:\/\/infoecos.com.ar\/index.php\/pase-automatico-de-unos-5-mil-profesionales-de-la-salud-bonaerense-a-la-carrera-hospitalaria\/#breadcrumb"},"inLanguage":"es","potentialAction":[{"@type":"ReadAction","target":["https:\/\/infoecos.com.ar\/index.php\/pase-automatico-de-unos-5-mil-profesionales-de-la-salud-bonaerense-a-la-carrera-hospitalaria\/"]}]},{"@type":"ImageObject","inLanguage":"es","@id":"https:\/\/infoecos.com.ar\/index.php\/pase-automatico-de-unos-5-mil-profesionales-de-la-salud-bonaerense-a-la-carrera-hospitalaria\/#primaryimage","url":"https:\/\/infoecos.com.ar\/wp-content\/uploads\/2022\/05\/camaradediputadosprovinciadeba.jpg","contentUrl":"https:\/\/infoecos.com.ar\/wp-content\/uploads\/2022\/05\/camaradediputadosprovinciadeba.jpg","width":680,"height":396},{"@type":"BreadcrumbList","@id":"https:\/\/infoecos.com.ar\/index.php\/pase-automatico-de-unos-5-mil-profesionales-de-la-salud-bonaerense-a-la-carrera-hospitalaria\/#breadcrumb","itemListElement":[{"@type":"ListItem","position":1,"name":"Portada","item":"https:\/\/infoecos.com.ar\/"},{"@type":"ListItem","position":2,"name":"Pase autom\u00e1tico de unos 5 mil profesionales de la Salud bonaerense a la Carrera Hospitalaria"}]},{"@type":"WebSite","@id":"https:\/\/infoecos.com.ar\/#website","url":"https:\/\/infoecos.com.ar\/","name":"Infoecos","description":"Noticias de trenque lauquen y la zona","publisher":{"@id":"https:\/\/infoecos.com.ar\/#organization"},"alternateName":"Noticias","potentialAction":[{"@type":"SearchAction","target":{"@type":"EntryPoint","urlTemplate":"https:\/\/infoecos.com.ar\/?s={search_term_string}"},"query-input":{"@type":"PropertyValueSpecification","valueRequired":true,"valueName":"search_term_string"}}],"inLanguage":"es"},{"@type":"Organization","@id":"https:\/\/infoecos.com.ar\/#organization","name":"Infoecos","alternateName":"Noticias","url":"https:\/\/infoecos.com.ar\/","logo":{"@type":"ImageObject","inLanguage":"es","@id":"https:\/\/infoecos.com.ar\/#\/schema\/logo\/image\/","url":"https:\/\/infoecos.com.ar\/wp-content\/uploads\/2024\/03\/cropped-logo.png","contentUrl":"https:\/\/infoecos.com.ar\/wp-content\/uploads\/2024\/03\/cropped-logo.png","width":374,"height":90,"caption":"Infoecos"},"image":{"@id":"https:\/\/infoecos.com.ar\/#\/schema\/logo\/image\/"},"sameAs":["https:\/\/www.facebook.com\/profile.php?id=100063200290284","https:\/\/x.com\/infoecos"]},{"@type":"Person","@id":"https:\/\/infoecos.com.ar\/#\/schema\/person\/8f5ace5ce73b4b4aac4b7245aee6f191","name":"Jorge Matheus","url":"https:\/\/infoecos.com.ar\/index.php\/author\/jomatheus\/"}]}},"featured_image_urls":{"full":["https:\/\/infoecos.com.ar\/wp-content\/uploads\/2022\/05\/camaradediputadosprovinciadeba.jpg",680,396,false],"thumbnail":["https:\/\/infoecos.com.ar\/wp-content\/uploads\/2022\/05\/camaradediputadosprovinciadeba-150x150.jpg",150,150,true],"medium":["https:\/\/infoecos.com.ar\/wp-content\/uploads\/2022\/05\/camaradediputadosprovinciadeba-460x268.jpg",460,268,true],"medium_large":["https:\/\/infoecos.com.ar\/wp-content\/uploads\/2022\/05\/camaradediputadosprovinciadeba.jpg",640,373,false],"large":["https:\/\/infoecos.com.ar\/wp-content\/uploads\/2022\/05\/camaradediputadosprovinciadeba.jpg",640,373,false],"1536x1536":["https:\/\/infoecos.com.ar\/wp-content\/uploads\/2022\/05\/camaradediputadosprovinciadeba.jpg",680,396,false],"2048x2048":["https:\/\/infoecos.com.ar\/wp-content\/uploads\/2022\/05\/camaradediputadosprovinciadeba.jpg",680,396,false],"covernews-slider-full":["https:\/\/infoecos.com.ar\/wp-content\/uploads\/2022\/05\/camaradediputadosprovinciadeba.jpg",680,396,false],"covernews-slider-center":["https:\/\/infoecos.com.ar\/wp-content\/uploads\/2022\/05\/camaradediputadosprovinciadeba.jpg",680,396,false],"covernews-featured":["https:\/\/infoecos.com.ar\/wp-content\/uploads\/2022\/05\/camaradediputadosprovinciadeba.jpg",680,396,false],"covernews-medium":["https:\/\/infoecos.com.ar\/wp-content\/uploads\/2022\/05\/camaradediputadosprovinciadeba-680x380.jpg",540,302,true],"covernews-medium-square":["https:\/\/infoecos.com.ar\/wp-content\/uploads\/2022\/05\/camaradediputadosprovinciadeba-675x396.jpg",400,235,true]},"author_info":{"info":["Jorge Matheus"]},"category_info":"<a href=\"https:\/\/infoecos.com.ar\/index.php\/category\/c2nota1\/\" rel=\"category tag\">C2 nota 1<\/a>","tag_info":"C2 nota 1","comment_count":"0","_links":{"self":[{"href":"https:\/\/infoecos.com.ar\/index.php\/wp-json\/wp\/v2\/posts\/103823"}],"collection":[{"href":"https:\/\/infoecos.com.ar\/index.php\/wp-json\/wp\/v2\/posts"}],"about":[{"href":"https:\/\/infoecos.com.ar\/index.php\/wp-json\/wp\/v2\/types\/post"}],"author":[{"embeddable":true,"href":"https:\/\/infoecos.com.ar\/index.php\/wp-json\/wp\/v2\/users\/2"}],"replies":[{"embeddable":true,"href":"https:\/\/infoecos.com.ar\/index.php\/wp-json\/wp\/v2\/comments?post=103823"}],"version-history":[{"count":2,"href":"https:\/\/infoecos.com.ar\/index.php\/wp-json\/wp\/v2\/posts\/103823\/revisions"}],"predecessor-version":[{"id":103825,"href":"https:\/\/infoecos.com.ar\/index.php\/wp-json\/wp\/v2\/posts\/103823\/revisions\/103825"}],"wp:featuredmedia":[{"embeddable":true,"href":"https:\/\/infoecos.com.ar\/index.php\/wp-json\/wp\/v2\/media\/92636"}],"wp:attachment":[{"href":"https:\/\/infoecos.com.ar\/index.php\/wp-json\/wp\/v2\/media?parent=103823"}],"wp:term":[{"taxonomy":"category","embeddable":true,"href":"https:\/\/infoecos.com.ar\/index.php\/wp-json\/wp\/v2\/categories?post=103823"},{"taxonomy":"post_tag","embeddable":true,"href":"https:\/\/infoecos.com.ar\/index.php\/wp-json\/wp\/v2\/tags?post=103823"}],"curies":[{"name":"wp","href":"https:\/\/api.w.org\/{rel}","templated":true}]}}