{"id":103853,"date":"2023-04-14T19:59:45","date_gmt":"2023-04-14T22:59:45","guid":{"rendered":"https:\/\/infoecos.com.ar\/?p=103853"},"modified":"2023-04-16T03:45:30","modified_gmt":"2023-04-16T06:45:30","slug":"una-cifra-preocupante-para-la-sociedad-en-general-77-la-inflacion-de-marzo-y-1043-la-anual","status":"publish","type":"post","link":"https:\/\/infoecos.com.ar\/index.php\/una-cifra-preocupante-para-la-sociedad-en-general-77-la-inflacion-de-marzo-y-1043-la-anual\/","title":{"rendered":"7,7 % la inflaci\u00f3n de marzo y 104,3 % la anual"},"content":{"rendered":"\n<p>El Instituto Nacional de Estad\u00edstica y Censos inform\u00f3 que la&nbsp;inflaci\u00f3n de <strong>marzo<\/strong>&nbsp;fue de&nbsp;<strong>7,7%<\/strong>. Superando los pron\u00f3sticos, la variaci\u00f3n interanual del \u00cdndice de precios al Consumidor fue de 104,3%, otro r\u00e9cord consecutivo. En tanto, en el acumulado del primer trimestre, los precios registraron un alza de 20,8%. <\/p>\n\n\n\n<figure class=\"wp-block-image aligncenter size-full is-resized\"><img loading=\"lazy\" decoding=\"async\" src=\"https:\/\/infoecos.com.ar\/wp-content\/uploads\/2023\/04\/image-30.png\" alt=\"\" class=\"wp-image-103854\" width=\"685\" height=\"418\" srcset=\"https:\/\/infoecos.com.ar\/wp-content\/uploads\/2023\/04\/image-30.png 872w, https:\/\/infoecos.com.ar\/wp-content\/uploads\/2023\/04\/image-30-800x488.png 800w, https:\/\/infoecos.com.ar\/wp-content\/uploads\/2023\/04\/image-30-768x469.png 768w\" sizes=\"(max-width: 685px) 100vw, 685px\" \/><\/figure>\n\n\n\n<h3 class=\"wp-block-heading\" id=\"h-educacion-aumento-29-1-en-un-solo-mes\">Educaci\u00f3n aument\u00f3 29,1% en un solo mes<\/h3>\n\n\n\n<p>El rubro Educaci\u00f3n fue el que m\u00e1s aument\u00f3 saltando hacia el&nbsp;<strong>29,1%<\/strong>&nbsp;por las subas en todos los niveles educativos al inicio del ciclo lectivo. De este modo, la abrupta inflaci\u00f3n licu\u00f3 severamente los precios del programa Precios Justos para la canasta escolar.<\/p>\n\n\n\n<p>Tambi\u00e9n hubo una escalada importante en los precios de Prendas y vestir y calzado, del 9,4%, en coincidencia con el cambio de temporada. En tanto, Alimentos y bebidas no alcoh\u00f3licas subi\u00f3 9,3%, por los incrementos en Carnes y derivados y Leche, productos l\u00e1cteos y huevos. Este \u00faltimo rubro impacta de lleno en los sectores vulnerables por ser los que m\u00e1s invierten su poder adquisitivo en la canasta b\u00e1sica alimentaria.<\/p>\n\n\n\n<h3 class=\"wp-block-heading\" id=\"h-la-inflacion-en-el-resto-de-los-rubros\">La inflaci\u00f3n en el resto de los rubros<\/h3>\n\n\n\n<p>Tambi\u00e9n se destacaron los aumentos de cigarrillos, dentro de Bebidas alcoh\u00f3licas y<br>tabaco (8,3%); de los servicios de agua, gas y electricidad en algunas regiones, en Vivienda, agua, electricidad y otros combustibles (6,5%). No se quedaron atr\u00e1s los aumentos de combustibles y transporte p\u00fablico, dentro de la divisi\u00f3n Transporte (5,3%).<\/p>\n\n\n\n<p>El aumento de Alimentos y bebidas no alcoh\u00f3licas (9,3%) fue el que m\u00e1s incidi\u00f3 en todas las regiones. Al interior de la divisi\u00f3n, sobresali\u00f3 la suba de Carnes y derivados. A su vez, aunque con menor magnitud, se destacaron las subas en Verduras, tub\u00e9rculos y legumbres, seguidas por Leche, productos l\u00e1cteos y huevos; y finalmente por Frutas.<\/p>\n\n\n\n<p><\/p>\n\n\n\n<h3 class=\"wp-block-heading\" id=\"h-el-porcentaje-mensual-mas-alto-de-alberto-fernandez\"><\/h3>\n\n\n\n<p><\/p>\n","protected":false},"excerpt":{"rendered":"<p>Alimentos y bebidas no alcoh\u00f3licas subi\u00f3 9,3%, por los incrementos en Carnes y derivados y Leche, productos l\u00e1cteos y huevos<\/p>\n","protected":false},"author":2,"featured_media":103854,"comment_status":"closed","ping_status":"open","sticky":false,"template":"","format":"standard","meta":{"footnotes":""},"categories":[51],"tags":[7692],"class_list":["post-103853","post","type-post","status-publish","format-standard","has-post-thumbnail","hentry","category-c2nota4","tag-sociedad-y-economia-argentina"],"yoast_head":"<!-- This site is optimized with the Yoast SEO plugin v23.4 - https:\/\/yoast.com\/wordpress\/plugins\/seo\/ -->\n<title>7,7 % la inflaci\u00f3n de marzo y 104,3 % la anual - Infoecos<\/title>\n<meta name=\"robots\" content=\"index, follow, max-snippet:-1, max-image-preview:large, max-video-preview:-1\" \/>\n<link rel=\"canonical\" href=\"https:\/\/infoecos.com.ar\/index.php\/una-cifra-preocupante-para-la-sociedad-en-general-77-la-inflacion-de-marzo-y-1043-la-anual\/\" \/>\n<meta property=\"og:locale\" content=\"es_ES\" \/>\n<meta property=\"og:type\" content=\"article\" \/>\n<meta property=\"og:title\" content=\"7,7 % la inflaci\u00f3n de marzo y 104,3 % la anual - Infoecos\" \/>\n<meta property=\"og:description\" content=\"Alimentos y bebidas no alcoh\u00f3licas subi\u00f3 9,3%, por los incrementos en Carnes y derivados y Leche, productos l\u00e1cteos y huevos\" \/>\n<meta property=\"og:url\" content=\"https:\/\/infoecos.com.ar\/index.php\/una-cifra-preocupante-para-la-sociedad-en-general-77-la-inflacion-de-marzo-y-1043-la-anual\/\" \/>\n<meta property=\"og:site_name\" content=\"Infoecos\" \/>\n<meta property=\"article:publisher\" content=\"https:\/\/www.facebook.com\/profile.php?id=100063200290284\" \/>\n<meta property=\"article:published_time\" content=\"2023-04-14T22:59:45+00:00\" \/>\n<meta property=\"article:modified_time\" content=\"2023-04-16T06:45:30+00:00\" \/>\n<meta property=\"og:image\" content=\"https:\/\/infoecos.com.ar\/wp-content\/uploads\/2023\/04\/image-30.png\" \/>\n\t<meta property=\"og:image:width\" content=\"872\" \/>\n\t<meta property=\"og:image:height\" content=\"532\" \/>\n\t<meta property=\"og:image:type\" content=\"image\/png\" \/>\n<meta name=\"author\" content=\"Jorge Matheus\" \/>\n<meta name=\"twitter:card\" content=\"summary_large_image\" \/>\n<meta name=\"twitter:creator\" content=\"@infoecos\" \/>\n<meta name=\"twitter:site\" content=\"@infoecos\" \/>\n<meta name=\"twitter:label1\" content=\"Escrito por\" \/>\n\t<meta name=\"twitter:data1\" content=\"Jorge Matheus\" \/>\n\t<meta name=\"twitter:label2\" content=\"Tiempo de lectura\" \/>\n\t<meta name=\"twitter:data2\" content=\"2 minutos\" \/>\n<script type=\"application\/ld+json\" class=\"yoast-schema-graph\">{\"@context\":\"https:\/\/schema.org\",\"@graph\":[{\"@type\":\"Article\",\"@id\":\"https:\/\/infoecos.com.ar\/index.php\/una-cifra-preocupante-para-la-sociedad-en-general-77-la-inflacion-de-marzo-y-1043-la-anual\/#article\",\"isPartOf\":{\"@id\":\"https:\/\/infoecos.com.ar\/index.php\/una-cifra-preocupante-para-la-sociedad-en-general-77-la-inflacion-de-marzo-y-1043-la-anual\/\"},\"author\":{\"name\":\"Jorge Matheus\",\"@id\":\"https:\/\/infoecos.com.ar\/#\/schema\/person\/8f5ace5ce73b4b4aac4b7245aee6f191\"},\"headline\":\"7,7 % la inflaci\u00f3n de marzo y 104,3 % la anual\",\"datePublished\":\"2023-04-14T22:59:45+00:00\",\"dateModified\":\"2023-04-16T06:45:30+00:00\",\"mainEntityOfPage\":{\"@id\":\"https:\/\/infoecos.com.ar\/index.php\/una-cifra-preocupante-para-la-sociedad-en-general-77-la-inflacion-de-marzo-y-1043-la-anual\/\"},\"wordCount\":309,\"publisher\":{\"@id\":\"https:\/\/infoecos.com.ar\/#organization\"},\"image\":{\"@id\":\"https:\/\/infoecos.com.ar\/index.php\/una-cifra-preocupante-para-la-sociedad-en-general-77-la-inflacion-de-marzo-y-1043-la-anual\/#primaryimage\"},\"thumbnailUrl\":\"https:\/\/infoecos.com.ar\/wp-content\/uploads\/2023\/04\/image-30.png\",\"keywords\":[\"sociedad y econom\u00eda Argentina\"],\"articleSection\":[\"C2 N4\"],\"inLanguage\":\"es\"},{\"@type\":\"WebPage\",\"@id\":\"https:\/\/infoecos.com.ar\/index.php\/una-cifra-preocupante-para-la-sociedad-en-general-77-la-inflacion-de-marzo-y-1043-la-anual\/\",\"url\":\"https:\/\/infoecos.com.ar\/index.php\/una-cifra-preocupante-para-la-sociedad-en-general-77-la-inflacion-de-marzo-y-1043-la-anual\/\",\"name\":\"7,7 % la inflaci\u00f3n de marzo y 104,3 % la anual - Infoecos\",\"isPartOf\":{\"@id\":\"https:\/\/infoecos.com.ar\/#website\"},\"primaryImageOfPage\":{\"@id\":\"https:\/\/infoecos.com.ar\/index.php\/una-cifra-preocupante-para-la-sociedad-en-general-77-la-inflacion-de-marzo-y-1043-la-anual\/#primaryimage\"},\"image\":{\"@id\":\"https:\/\/infoecos.com.ar\/index.php\/una-cifra-preocupante-para-la-sociedad-en-general-77-la-inflacion-de-marzo-y-1043-la-anual\/#primaryimage\"},\"thumbnailUrl\":\"https:\/\/infoecos.com.ar\/wp-content\/uploads\/2023\/04\/image-30.png\",\"datePublished\":\"2023-04-14T22:59:45+00:00\",\"dateModified\":\"2023-04-16T06:45:30+00:00\",\"breadcrumb\":{\"@id\":\"https:\/\/infoecos.com.ar\/index.php\/una-cifra-preocupante-para-la-sociedad-en-general-77-la-inflacion-de-marzo-y-1043-la-anual\/#breadcrumb\"},\"inLanguage\":\"es\",\"potentialAction\":[{\"@type\":\"ReadAction\",\"target\":[\"https:\/\/infoecos.com.ar\/index.php\/una-cifra-preocupante-para-la-sociedad-en-general-77-la-inflacion-de-marzo-y-1043-la-anual\/\"]}]},{\"@type\":\"ImageObject\",\"inLanguage\":\"es\",\"@id\":\"https:\/\/infoecos.com.ar\/index.php\/una-cifra-preocupante-para-la-sociedad-en-general-77-la-inflacion-de-marzo-y-1043-la-anual\/#primaryimage\",\"url\":\"https:\/\/infoecos.com.ar\/wp-content\/uploads\/2023\/04\/image-30.png\",\"contentUrl\":\"https:\/\/infoecos.com.ar\/wp-content\/uploads\/2023\/04\/image-30.png\",\"width\":872,\"height\":532},{\"@type\":\"BreadcrumbList\",\"@id\":\"https:\/\/infoecos.com.ar\/index.php\/una-cifra-preocupante-para-la-sociedad-en-general-77-la-inflacion-de-marzo-y-1043-la-anual\/#breadcrumb\",\"itemListElement\":[{\"@type\":\"ListItem\",\"position\":1,\"name\":\"Portada\",\"item\":\"https:\/\/infoecos.com.ar\/\"},{\"@type\":\"ListItem\",\"position\":2,\"name\":\"7,7 % la inflaci\u00f3n de marzo y 104,3 % la anual\"}]},{\"@type\":\"WebSite\",\"@id\":\"https:\/\/infoecos.com.ar\/#website\",\"url\":\"https:\/\/infoecos.com.ar\/\",\"name\":\"Infoecos\",\"description\":\"Noticias de trenque lauquen y la zona\",\"publisher\":{\"@id\":\"https:\/\/infoecos.com.ar\/#organization\"},\"alternateName\":\"Noticias\",\"potentialAction\":[{\"@type\":\"SearchAction\",\"target\":{\"@type\":\"EntryPoint\",\"urlTemplate\":\"https:\/\/infoecos.com.ar\/?s={search_term_string}\"},\"query-input\":{\"@type\":\"PropertyValueSpecification\",\"valueRequired\":true,\"valueName\":\"search_term_string\"}}],\"inLanguage\":\"es\"},{\"@type\":\"Organization\",\"@id\":\"https:\/\/infoecos.com.ar\/#organization\",\"name\":\"Infoecos\",\"alternateName\":\"Noticias\",\"url\":\"https:\/\/infoecos.com.ar\/\",\"logo\":{\"@type\":\"ImageObject\",\"inLanguage\":\"es\",\"@id\":\"https:\/\/infoecos.com.ar\/#\/schema\/logo\/image\/\",\"url\":\"https:\/\/infoecos.com.ar\/wp-content\/uploads\/2024\/03\/cropped-logo.png\",\"contentUrl\":\"https:\/\/infoecos.com.ar\/wp-content\/uploads\/2024\/03\/cropped-logo.png\",\"width\":374,\"height\":90,\"caption\":\"Infoecos\"},\"image\":{\"@id\":\"https:\/\/infoecos.com.ar\/#\/schema\/logo\/image\/\"},\"sameAs\":[\"https:\/\/www.facebook.com\/profile.php?id=100063200290284\",\"https:\/\/x.com\/infoecos\"]},{\"@type\":\"Person\",\"@id\":\"https:\/\/infoecos.com.ar\/#\/schema\/person\/8f5ace5ce73b4b4aac4b7245aee6f191\",\"name\":\"Jorge Matheus\",\"url\":\"https:\/\/infoecos.com.ar\/index.php\/author\/jomatheus\/\"}]}<\/script>\n<!-- \/ Yoast SEO plugin. -->","yoast_head_json":{"title":"7,7 % la inflaci\u00f3n de marzo y 104,3 % la anual - Infoecos","robots":{"index":"index","follow":"follow","max-snippet":"max-snippet:-1","max-image-preview":"max-image-preview:large","max-video-preview":"max-video-preview:-1"},"canonical":"https:\/\/infoecos.com.ar\/index.php\/una-cifra-preocupante-para-la-sociedad-en-general-77-la-inflacion-de-marzo-y-1043-la-anual\/","og_locale":"es_ES","og_type":"article","og_title":"7,7 % la inflaci\u00f3n de marzo y 104,3 % la anual - Infoecos","og_description":"Alimentos y bebidas no alcoh\u00f3licas subi\u00f3 9,3%, por los incrementos en Carnes y derivados y Leche, productos l\u00e1cteos y huevos","og_url":"https:\/\/infoecos.com.ar\/index.php\/una-cifra-preocupante-para-la-sociedad-en-general-77-la-inflacion-de-marzo-y-1043-la-anual\/","og_site_name":"Infoecos","article_publisher":"https:\/\/www.facebook.com\/profile.php?id=100063200290284","article_published_time":"2023-04-14T22:59:45+00:00","article_modified_time":"2023-04-16T06:45:30+00:00","og_image":[{"width":872,"height":532,"url":"https:\/\/infoecos.com.ar\/wp-content\/uploads\/2023\/04\/image-30.png","type":"image\/png"}],"author":"Jorge Matheus","twitter_card":"summary_large_image","twitter_creator":"@infoecos","twitter_site":"@infoecos","twitter_misc":{"Escrito por":"Jorge Matheus","Tiempo de lectura":"2 minutos"},"schema":{"@context":"https:\/\/schema.org","@graph":[{"@type":"Article","@id":"https:\/\/infoecos.com.ar\/index.php\/una-cifra-preocupante-para-la-sociedad-en-general-77-la-inflacion-de-marzo-y-1043-la-anual\/#article","isPartOf":{"@id":"https:\/\/infoecos.com.ar\/index.php\/una-cifra-preocupante-para-la-sociedad-en-general-77-la-inflacion-de-marzo-y-1043-la-anual\/"},"author":{"name":"Jorge Matheus","@id":"https:\/\/infoecos.com.ar\/#\/schema\/person\/8f5ace5ce73b4b4aac4b7245aee6f191"},"headline":"7,7 % la inflaci\u00f3n de marzo y 104,3 % la anual","datePublished":"2023-04-14T22:59:45+00:00","dateModified":"2023-04-16T06:45:30+00:00","mainEntityOfPage":{"@id":"https:\/\/infoecos.com.ar\/index.php\/una-cifra-preocupante-para-la-sociedad-en-general-77-la-inflacion-de-marzo-y-1043-la-anual\/"},"wordCount":309,"publisher":{"@id":"https:\/\/infoecos.com.ar\/#organization"},"image":{"@id":"https:\/\/infoecos.com.ar\/index.php\/una-cifra-preocupante-para-la-sociedad-en-general-77-la-inflacion-de-marzo-y-1043-la-anual\/#primaryimage"},"thumbnailUrl":"https:\/\/infoecos.com.ar\/wp-content\/uploads\/2023\/04\/image-30.png","keywords":["sociedad y econom\u00eda Argentina"],"articleSection":["C2 N4"],"inLanguage":"es"},{"@type":"WebPage","@id":"https:\/\/infoecos.com.ar\/index.php\/una-cifra-preocupante-para-la-sociedad-en-general-77-la-inflacion-de-marzo-y-1043-la-anual\/","url":"https:\/\/infoecos.com.ar\/index.php\/una-cifra-preocupante-para-la-sociedad-en-general-77-la-inflacion-de-marzo-y-1043-la-anual\/","name":"7,7 % la inflaci\u00f3n de marzo y 104,3 % la anual - Infoecos","isPartOf":{"@id":"https:\/\/infoecos.com.ar\/#website"},"primaryImageOfPage":{"@id":"https:\/\/infoecos.com.ar\/index.php\/una-cifra-preocupante-para-la-sociedad-en-general-77-la-inflacion-de-marzo-y-1043-la-anual\/#primaryimage"},"image":{"@id":"https:\/\/infoecos.com.ar\/index.php\/una-cifra-preocupante-para-la-sociedad-en-general-77-la-inflacion-de-marzo-y-1043-la-anual\/#primaryimage"},"thumbnailUrl":"https:\/\/infoecos.com.ar\/wp-content\/uploads\/2023\/04\/image-30.png","datePublished":"2023-04-14T22:59:45+00:00","dateModified":"2023-04-16T06:45:30+00:00","breadcrumb":{"@id":"https:\/\/infoecos.com.ar\/index.php\/una-cifra-preocupante-para-la-sociedad-en-general-77-la-inflacion-de-marzo-y-1043-la-anual\/#breadcrumb"},"inLanguage":"es","potentialAction":[{"@type":"ReadAction","target":["https:\/\/infoecos.com.ar\/index.php\/una-cifra-preocupante-para-la-sociedad-en-general-77-la-inflacion-de-marzo-y-1043-la-anual\/"]}]},{"@type":"ImageObject","inLanguage":"es","@id":"https:\/\/infoecos.com.ar\/index.php\/una-cifra-preocupante-para-la-sociedad-en-general-77-la-inflacion-de-marzo-y-1043-la-anual\/#primaryimage","url":"https:\/\/infoecos.com.ar\/wp-content\/uploads\/2023\/04\/image-30.png","contentUrl":"https:\/\/infoecos.com.ar\/wp-content\/uploads\/2023\/04\/image-30.png","width":872,"height":532},{"@type":"BreadcrumbList","@id":"https:\/\/infoecos.com.ar\/index.php\/una-cifra-preocupante-para-la-sociedad-en-general-77-la-inflacion-de-marzo-y-1043-la-anual\/#breadcrumb","itemListElement":[{"@type":"ListItem","position":1,"name":"Portada","item":"https:\/\/infoecos.com.ar\/"},{"@type":"ListItem","position":2,"name":"7,7 % la inflaci\u00f3n de marzo y 104,3 % la anual"}]},{"@type":"WebSite","@id":"https:\/\/infoecos.com.ar\/#website","url":"https:\/\/infoecos.com.ar\/","name":"Infoecos","description":"Noticias de trenque lauquen y la zona","publisher":{"@id":"https:\/\/infoecos.com.ar\/#organization"},"alternateName":"Noticias","potentialAction":[{"@type":"SearchAction","target":{"@type":"EntryPoint","urlTemplate":"https:\/\/infoecos.com.ar\/?s={search_term_string}"},"query-input":{"@type":"PropertyValueSpecification","valueRequired":true,"valueName":"search_term_string"}}],"inLanguage":"es"},{"@type":"Organization","@id":"https:\/\/infoecos.com.ar\/#organization","name":"Infoecos","alternateName":"Noticias","url":"https:\/\/infoecos.com.ar\/","logo":{"@type":"ImageObject","inLanguage":"es","@id":"https:\/\/infoecos.com.ar\/#\/schema\/logo\/image\/","url":"https:\/\/infoecos.com.ar\/wp-content\/uploads\/2024\/03\/cropped-logo.png","contentUrl":"https:\/\/infoecos.com.ar\/wp-content\/uploads\/2024\/03\/cropped-logo.png","width":374,"height":90,"caption":"Infoecos"},"image":{"@id":"https:\/\/infoecos.com.ar\/#\/schema\/logo\/image\/"},"sameAs":["https:\/\/www.facebook.com\/profile.php?id=100063200290284","https:\/\/x.com\/infoecos"]},{"@type":"Person","@id":"https:\/\/infoecos.com.ar\/#\/schema\/person\/8f5ace5ce73b4b4aac4b7245aee6f191","name":"Jorge Matheus","url":"https:\/\/infoecos.com.ar\/index.php\/author\/jomatheus\/"}]}},"featured_image_urls":{"full":["https:\/\/infoecos.com.ar\/wp-content\/uploads\/2023\/04\/image-30.png",872,532,false],"thumbnail":["https:\/\/infoecos.com.ar\/wp-content\/uploads\/2023\/04\/image-30-300x150.png",300,150,true],"medium":["https:\/\/infoecos.com.ar\/wp-content\/uploads\/2023\/04\/image-30-800x488.png",800,488,true],"medium_large":["https:\/\/infoecos.com.ar\/wp-content\/uploads\/2023\/04\/image-30-768x469.png",640,391,true],"large":["https:\/\/infoecos.com.ar\/wp-content\/uploads\/2023\/04\/image-30.png",640,390,false],"1536x1536":["https:\/\/infoecos.com.ar\/wp-content\/uploads\/2023\/04\/image-30.png",872,532,false],"2048x2048":["https:\/\/infoecos.com.ar\/wp-content\/uploads\/2023\/04\/image-30.png",872,532,false],"covernews-slider-full":["https:\/\/infoecos.com.ar\/wp-content\/uploads\/2023\/04\/image-30.png",872,532,false],"covernews-slider-center":["https:\/\/infoecos.com.ar\/wp-content\/uploads\/2023\/04\/image-30.png",800,488,false],"covernews-featured":["https:\/\/infoecos.com.ar\/wp-content\/uploads\/2023\/04\/image-30.png",872,532,false],"covernews-medium":["https:\/\/infoecos.com.ar\/wp-content\/uploads\/2023\/04\/image-30-720x380.png",540,285,true],"covernews-medium-square":["https:\/\/infoecos.com.ar\/wp-content\/uploads\/2023\/04\/image-30-675x450.png",375,250,true]},"author_info":{"info":["Jorge Matheus"]},"category_info":"<a href=\"https:\/\/infoecos.com.ar\/index.php\/category\/c2nota4\/\" rel=\"category tag\">C2 N4<\/a>","tag_info":"C2 N4","comment_count":"0","_links":{"self":[{"href":"https:\/\/infoecos.com.ar\/index.php\/wp-json\/wp\/v2\/posts\/103853"}],"collection":[{"href":"https:\/\/infoecos.com.ar\/index.php\/wp-json\/wp\/v2\/posts"}],"about":[{"href":"https:\/\/infoecos.com.ar\/index.php\/wp-json\/wp\/v2\/types\/post"}],"author":[{"embeddable":true,"href":"https:\/\/infoecos.com.ar\/index.php\/wp-json\/wp\/v2\/users\/2"}],"replies":[{"embeddable":true,"href":"https:\/\/infoecos.com.ar\/index.php\/wp-json\/wp\/v2\/comments?post=103853"}],"version-history":[{"count":2,"href":"https:\/\/infoecos.com.ar\/index.php\/wp-json\/wp\/v2\/posts\/103853\/revisions"}],"predecessor-version":[{"id":103917,"href":"https:\/\/infoecos.com.ar\/index.php\/wp-json\/wp\/v2\/posts\/103853\/revisions\/103917"}],"wp:featuredmedia":[{"embeddable":true,"href":"https:\/\/infoecos.com.ar\/index.php\/wp-json\/wp\/v2\/media\/103854"}],"wp:attachment":[{"href":"https:\/\/infoecos.com.ar\/index.php\/wp-json\/wp\/v2\/media?parent=103853"}],"wp:term":[{"taxonomy":"category","embeddable":true,"href":"https:\/\/infoecos.com.ar\/index.php\/wp-json\/wp\/v2\/categories?post=103853"},{"taxonomy":"post_tag","embeddable":true,"href":"https:\/\/infoecos.com.ar\/index.php\/wp-json\/wp\/v2\/tags?post=103853"}],"curies":[{"name":"wp","href":"https:\/\/api.w.org\/{rel}","templated":true}]}}