{"id":103868,"date":"2023-04-16T02:07:06","date_gmt":"2023-04-16T05:07:06","guid":{"rendered":"https:\/\/infoecos.com.ar\/?p=103868"},"modified":"2023-04-16T02:07:08","modified_gmt":"2023-04-16T05:07:08","slug":"se-vivio-una-verdadera-fiesta-en-la-apertura-del-torneo-de-newcom","status":"publish","type":"post","link":"https:\/\/infoecos.com.ar\/index.php\/se-vivio-una-verdadera-fiesta-en-la-apertura-del-torneo-de-newcom\/","title":{"rendered":"Se vivi\u00f3 una verdadera fiesta en la apertura del Torneo de Newcom"},"content":{"rendered":"\n<p>Se inici\u00f3 el Torneo Apertura de Newcom, impulsado por la Liga Trenquelauquenche de esa disciplina con el acompa\u00f1amiento del CEF n\u00ba18 y la organizaci\u00f3n de la direcci\u00f3n de Deporte municipal, que tuvo adem\u00e1s su parte formal con un acto encabezado por el Intendente Miguel Fern\u00e1ndez, y enmarcado en el 147\u00ba aniversario de la ciudad.<\/p>\n\n\n\n<figure class=\"wp-block-image alignright size-large is-resized\"><img loading=\"lazy\" decoding=\"async\" src=\"https:\/\/infoecos.com.ar\/wp-content\/uploads\/2023\/04\/g-1600x900.jpg\" alt=\"\" class=\"wp-image-103869\" width=\"394\" height=\"221\" srcset=\"https:\/\/infoecos.com.ar\/wp-content\/uploads\/2023\/04\/g-1600x900.jpg 1600w, https:\/\/infoecos.com.ar\/wp-content\/uploads\/2023\/04\/g-800x450.jpg 800w, https:\/\/infoecos.com.ar\/wp-content\/uploads\/2023\/04\/g-768x432.jpg 768w, https:\/\/infoecos.com.ar\/wp-content\/uploads\/2023\/04\/g-1536x864.jpg 1536w, https:\/\/infoecos.com.ar\/wp-content\/uploads\/2023\/04\/g-1024x576.jpg 1024w, https:\/\/infoecos.com.ar\/wp-content\/uploads\/2023\/04\/g.jpg 1920w\" sizes=\"(max-width: 394px) 100vw, 394px\" \/><\/figure>\n\n\n\n<p>El s\u00e1badio se realiz\u00f3 sobre el mediod\u00eda. Del acto tambi\u00e9n tomaron parte el diputado provincial Valent\u00edn Miranda; el concejal Francisco Recoulat; director de Deporte, Sergio Barbas; la directora del CEF n\u00ba 18, Viviana Corral; el ex atleta ol\u00edmpico Germ\u00e1n Lauro; el jefe Distrital de la Polic\u00eda Bonaerense, Marco Arregui; los profesores Eduardo Toledo, Federico Navas y Evelina Grau; el coordinador de la direcci\u00f3n de Deporte Mart\u00edn Lusetti; representantes de la Liga y el \u00e1rbitro nacional de newcom FEVA Oscar Puras, en el Polideportivo Municipal, sede del certamen, se jug\u00f3 la primera fecha de las tres categor\u00edas: +40; +50 y +60.<\/p>\n\n\n\n<figure class=\"wp-block-image alignright size-large is-resized\"><img loading=\"lazy\" decoding=\"async\" src=\"https:\/\/infoecos.com.ar\/wp-content\/uploads\/2023\/04\/e-1600x900.jpg\" alt=\"\" class=\"wp-image-103870\" width=\"385\" height=\"216\" srcset=\"https:\/\/infoecos.com.ar\/wp-content\/uploads\/2023\/04\/e-1600x900.jpg 1600w, https:\/\/infoecos.com.ar\/wp-content\/uploads\/2023\/04\/e-800x450.jpg 800w, https:\/\/infoecos.com.ar\/wp-content\/uploads\/2023\/04\/e-768x432.jpg 768w, https:\/\/infoecos.com.ar\/wp-content\/uploads\/2023\/04\/e-1536x864.jpg 1536w, https:\/\/infoecos.com.ar\/wp-content\/uploads\/2023\/04\/e-1024x576.jpg 1024w, https:\/\/infoecos.com.ar\/wp-content\/uploads\/2023\/04\/e.jpg 1920w\" sizes=\"(max-width: 385px) 100vw, 385px\" \/><\/figure>\n\n\n\n<p>El profesor Eduardo Toledo, coordinador municipal de newcom e integrante de la Liga se\u00f1al\u00f3 en la apertura que \u00abse practica hace 13 a\u00f1os y que la creaci\u00f3n de la Liga es consecuencia de un grupo de trabajo constituido por fan\u00e1ticos de ese deporte\u00bb. Destac\u00f3 la idea que remont\u00f3 \u00abel ex juez de f\u00fatbol y actual \u00e1rbitro de newcom Oscar Puras\u00bb, para agregar que \u00abson muchos los adultos de distintas franjas et\u00e1reas que empiezan a estar en movimiento, por lo que no descart\u00f3 que el crecimiento se ampl\u00ede en poco tiempo a la categor\u00eda +30\u00bb.<\/p>\n\n\n\n<figure class=\"wp-block-image alignright size-large is-resized\"><img loading=\"lazy\" decoding=\"async\" src=\"https:\/\/infoecos.com.ar\/wp-content\/uploads\/2023\/04\/a-1600x900.jpg\" alt=\"\" class=\"wp-image-103871\" width=\"385\" height=\"216\" srcset=\"https:\/\/infoecos.com.ar\/wp-content\/uploads\/2023\/04\/a-1600x900.jpg 1600w, https:\/\/infoecos.com.ar\/wp-content\/uploads\/2023\/04\/a-800x450.jpg 800w, https:\/\/infoecos.com.ar\/wp-content\/uploads\/2023\/04\/a-768x432.jpg 768w, https:\/\/infoecos.com.ar\/wp-content\/uploads\/2023\/04\/a-1536x864.jpg 1536w, https:\/\/infoecos.com.ar\/wp-content\/uploads\/2023\/04\/a-1024x576.jpg 1024w, https:\/\/infoecos.com.ar\/wp-content\/uploads\/2023\/04\/a.jpg 1920w\" sizes=\"(max-width: 385px) 100vw, 385px\" \/><\/figure>\n\n\n\n<p>Puras, por su parte, coment\u00f3 c\u00f3mo se origin\u00f3 toda la actividad del deporte que deriv\u00f3 \u00aben la Escuela Municipal de \u00c1rbitros y en la Liga Trenquelauquenche de Newcom, a partir de la receptividad a sus inquietudes que tuvieron Eduardo Toledo y Sergio Barbas y que finalmente contaron con el respaldo del Municipio, a partir de la luz verde dada por el intendente Fern\u00e1ndez\u00bb. <\/p>\n\n\n\n<figure class=\"wp-block-image alignright size-large is-resized\"><img loading=\"lazy\" decoding=\"async\" src=\"https:\/\/infoecos.com.ar\/wp-content\/uploads\/2023\/04\/c-1-1600x900.jpg\" alt=\"\" class=\"wp-image-103872\" width=\"385\" height=\"216\" srcset=\"https:\/\/infoecos.com.ar\/wp-content\/uploads\/2023\/04\/c-1-1600x900.jpg 1600w, https:\/\/infoecos.com.ar\/wp-content\/uploads\/2023\/04\/c-1-800x450.jpg 800w, https:\/\/infoecos.com.ar\/wp-content\/uploads\/2023\/04\/c-1-768x432.jpg 768w, https:\/\/infoecos.com.ar\/wp-content\/uploads\/2023\/04\/c-1-1536x864.jpg 1536w, https:\/\/infoecos.com.ar\/wp-content\/uploads\/2023\/04\/c-1-1024x576.jpg 1024w, https:\/\/infoecos.com.ar\/wp-content\/uploads\/2023\/04\/c-1.jpg 1920w\" sizes=\"(max-width: 385px) 100vw, 385px\" \/><\/figure>\n\n\n\n<p>El intendente cerr\u00f3 los discursos se\u00f1alando que \u00abustedes no saben lo contento que uno est\u00e1 cuando ve esto, porque cuando a uno le toca gestionar una ciudad y empieza a ver cosas que no pasaron por sus manos pero que pasan, quiere decir que hay un equipo; cuando uno no es el que tuvo la idea sino simplemente la acompa\u00f1\u00f3, quiere decir que hay algo en la comunidad, algo en la gente que moviliza\u201d.<\/p>\n\n\n\n<figure class=\"wp-block-image alignright size-large is-resized\"><img loading=\"lazy\" decoding=\"async\" src=\"https:\/\/infoecos.com.ar\/wp-content\/uploads\/2023\/04\/d-1-1600x900.jpg\" alt=\"\" class=\"wp-image-103873\" width=\"386\" height=\"217\" srcset=\"https:\/\/infoecos.com.ar\/wp-content\/uploads\/2023\/04\/d-1-1600x900.jpg 1600w, https:\/\/infoecos.com.ar\/wp-content\/uploads\/2023\/04\/d-1-800x450.jpg 800w, https:\/\/infoecos.com.ar\/wp-content\/uploads\/2023\/04\/d-1-768x432.jpg 768w, https:\/\/infoecos.com.ar\/wp-content\/uploads\/2023\/04\/d-1-1536x864.jpg 1536w, https:\/\/infoecos.com.ar\/wp-content\/uploads\/2023\/04\/d-1-1024x576.jpg 1024w, https:\/\/infoecos.com.ar\/wp-content\/uploads\/2023\/04\/d-1.jpg 1920w\" sizes=\"(max-width: 386px) 100vw, 386px\" \/><\/figure>\n\n\n\n<p>Fern\u00e1ndez, valor\u00f3 la existencia de un grupo humano \u201ccontento, en movimiento\u201d que, como aquellos\/as que forman parte del PRAM o de Trenque en Movimiento, \u201cno se resignan, no dicen bueno, ya llegu\u00e9 ac\u00e1\u2026 Esto reci\u00e9n empieza y ustedes son el ejemplo vivo de eso\u201d.<\/p>\n\n\n\n<figure class=\"wp-block-image alignright size-large is-resized\"><img loading=\"lazy\" decoding=\"async\" src=\"https:\/\/infoecos.com.ar\/wp-content\/uploads\/2023\/04\/h-1600x900.jpg\" alt=\"\" class=\"wp-image-103874\" width=\"460\" height=\"259\" srcset=\"https:\/\/infoecos.com.ar\/wp-content\/uploads\/2023\/04\/h-1600x900.jpg 1600w, https:\/\/infoecos.com.ar\/wp-content\/uploads\/2023\/04\/h-800x450.jpg 800w, https:\/\/infoecos.com.ar\/wp-content\/uploads\/2023\/04\/h-768x432.jpg 768w, https:\/\/infoecos.com.ar\/wp-content\/uploads\/2023\/04\/h-1536x864.jpg 1536w, https:\/\/infoecos.com.ar\/wp-content\/uploads\/2023\/04\/h-1024x576.jpg 1024w, https:\/\/infoecos.com.ar\/wp-content\/uploads\/2023\/04\/h.jpg 1920w\" sizes=\"(max-width: 460px) 100vw, 460px\" \/><\/figure>\n\n\n\n<p>Destac\u00f3 que la intenci\u00f3n de armar una liga y un torneo regional que habl\u00f3 con el director de Deporte, Sergio Barbas, en realidad \u201csurge de ustedes, de esta necesidad de adem\u00e1s de competir, divertirse, porque cuando entr\u00e9 ac\u00e1 (al Polideportivo), hab\u00eda baile, y est\u00e1 b\u00e1rbaro, porque la vida es alegr\u00eda, no es solamente deporte, sino cuestiones que moviliza el deporte, la convivencia\u2026\u201d.<\/p>\n\n\n\n<figure class=\"wp-block-image alignright size-large is-resized\"><img loading=\"lazy\" decoding=\"async\" src=\"https:\/\/infoecos.com.ar\/wp-content\/uploads\/2023\/04\/j-1600x900.jpg\" alt=\"\" class=\"wp-image-103875\" width=\"460\" height=\"259\" srcset=\"https:\/\/infoecos.com.ar\/wp-content\/uploads\/2023\/04\/j-1600x900.jpg 1600w, https:\/\/infoecos.com.ar\/wp-content\/uploads\/2023\/04\/j-800x450.jpg 800w, https:\/\/infoecos.com.ar\/wp-content\/uploads\/2023\/04\/j-768x432.jpg 768w, https:\/\/infoecos.com.ar\/wp-content\/uploads\/2023\/04\/j-1536x864.jpg 1536w, https:\/\/infoecos.com.ar\/wp-content\/uploads\/2023\/04\/j-1024x576.jpg 1024w, https:\/\/infoecos.com.ar\/wp-content\/uploads\/2023\/04\/j.jpg 1920w\" sizes=\"(max-width: 460px) 100vw, 460px\" \/><\/figure>\n\n\n\n<p>En la Liga ya hay inscriptos 345 jugadores\/as e intervienen en este primer Torneo Apertura equipos de Bonifacio, Pehuaj\u00f3, Gral. Lamadrid, Tres Lomas, Carlos Tejedor, Am\u00e9rica, Fort\u00edn Olavarr\u00eda, 9 de Julio, Rivera, Salliquel\u00f3, Santa Rosa (La Pampa) y, obviamente, Trenque Lauquen.&nbsp;&nbsp;<\/p>\n\n\n\n<p>En la Categor\u00eda + 40 participan \u00c1guilas (Daireaux); Bonifacio; C\u00edrculo Policial (Pehuaj\u00f3); Entre Amigos Barracas A y Entre Amigos Barracas B (General Lamadrid); Forty\u2019s Pitufos (CEF n\u00ba 18 de Trenque Lauquen); Reencuentro (Santa Rosa &#8211; La Pampa); y Rezagadas (Tres Lomas).<\/p>\n\n\n\n<p>En la Categor\u00eda +50 figuran Aguadas Luppi (Trenque Lauquen); \u00c1guilas (Daireaux); Carlos Tejedor; CEF n\u00ba 13 (Pehuaj\u00f3); CEF N\u00ba 45 (Am\u00e9rica); Fort\u00edn Olavarr\u00eda: Kosiuko (9 de Julio); Los Elegidos (Trenque Lauquen); Rivera y Salliquel\u00f3.<\/p>\n\n\n\n<p>Y en la Categor\u00eda +60 compiten CEF n\u00ba 45 (Am\u00e9rica); Correcaminos (Trenque Lauquen); Esto es vida (Trenque Lauquen); Fort\u00edn Olavarr\u00eda; Los Picos (Tres Lomas); Los Valientes (Trenque Lauquen) y Pehuaj\u00f3.<\/p>\n\n\n\n<p>El torneo se disputa bajo la modalidad todos contra todos por categor\u00eda.<\/p>\n","protected":false},"excerpt":{"rendered":"<p>Se inici\u00f3 el Torneo Apertura de Newcom, impulsado por la Liga Trenquelauquenche de esa disciplina con el acompa\u00f1amiento del CEF n\u00ba18 y la organizaci\u00f3n de la direcci\u00f3n de Deporte municipal, que tuvo adem\u00e1s su parte formal con un acto encabezado por el Intendente Miguel Fern\u00e1ndez, y enmarcado en el 147\u00ba aniversario de la ciudad<\/p>\n","protected":false},"author":2,"featured_media":103869,"comment_status":"closed","ping_status":"open","sticky":false,"template":"","format":"standard","meta":{"footnotes":""},"categories":[1613],"tags":[7696],"class_list":["post-103868","post","type-post","status-publish","format-standard","has-post-thumbnail","hentry","category-noticia-secundaria","tag-deportes-trenque-lauquen-2"],"yoast_head":"<!-- This site is optimized with the Yoast SEO plugin v23.4 - https:\/\/yoast.com\/wordpress\/plugins\/seo\/ -->\n<title>Se vivi\u00f3 una verdadera fiesta en la apertura del Torneo de Newcom - Infoecos<\/title>\n<meta name=\"robots\" content=\"index, follow, max-snippet:-1, max-image-preview:large, max-video-preview:-1\" \/>\n<link rel=\"canonical\" href=\"https:\/\/infoecos.com.ar\/index.php\/se-vivio-una-verdadera-fiesta-en-la-apertura-del-torneo-de-newcom\/\" \/>\n<meta property=\"og:locale\" content=\"es_ES\" \/>\n<meta property=\"og:type\" content=\"article\" \/>\n<meta property=\"og:title\" content=\"Se vivi\u00f3 una verdadera fiesta en la apertura del Torneo de Newcom - Infoecos\" \/>\n<meta property=\"og:description\" content=\"Se inici\u00f3 el Torneo Apertura de Newcom, impulsado por la Liga Trenquelauquenche de esa disciplina con el acompa\u00f1amiento del CEF n\u00ba18 y la organizaci\u00f3n de la direcci\u00f3n de Deporte municipal, que tuvo adem\u00e1s su parte formal con un acto encabezado por el Intendente Miguel Fern\u00e1ndez, y enmarcado en el 147\u00ba aniversario de la ciudad\" \/>\n<meta property=\"og:url\" content=\"https:\/\/infoecos.com.ar\/index.php\/se-vivio-una-verdadera-fiesta-en-la-apertura-del-torneo-de-newcom\/\" \/>\n<meta property=\"og:site_name\" content=\"Infoecos\" \/>\n<meta property=\"article:publisher\" content=\"https:\/\/www.facebook.com\/profile.php?id=100063200290284\" \/>\n<meta property=\"article:published_time\" content=\"2023-04-16T05:07:06+00:00\" \/>\n<meta property=\"article:modified_time\" content=\"2023-04-16T05:07:08+00:00\" \/>\n<meta property=\"og:image\" content=\"https:\/\/infoecos.com.ar\/wp-content\/uploads\/2023\/04\/g.jpg\" \/>\n\t<meta property=\"og:image:width\" content=\"1920\" \/>\n\t<meta property=\"og:image:height\" content=\"1080\" \/>\n\t<meta property=\"og:image:type\" content=\"image\/jpeg\" \/>\n<meta name=\"author\" content=\"Jorge Matheus\" \/>\n<meta name=\"twitter:card\" content=\"summary_large_image\" \/>\n<meta name=\"twitter:creator\" content=\"@infoecos\" \/>\n<meta name=\"twitter:site\" content=\"@infoecos\" \/>\n<meta name=\"twitter:label1\" content=\"Escrito por\" \/>\n\t<meta name=\"twitter:data1\" content=\"Jorge Matheus\" \/>\n\t<meta name=\"twitter:label2\" content=\"Tiempo de lectura\" \/>\n\t<meta name=\"twitter:data2\" content=\"5 minutos\" \/>\n<script type=\"application\/ld+json\" class=\"yoast-schema-graph\">{\"@context\":\"https:\/\/schema.org\",\"@graph\":[{\"@type\":\"Article\",\"@id\":\"https:\/\/infoecos.com.ar\/index.php\/se-vivio-una-verdadera-fiesta-en-la-apertura-del-torneo-de-newcom\/#article\",\"isPartOf\":{\"@id\":\"https:\/\/infoecos.com.ar\/index.php\/se-vivio-una-verdadera-fiesta-en-la-apertura-del-torneo-de-newcom\/\"},\"author\":{\"name\":\"Jorge Matheus\",\"@id\":\"https:\/\/infoecos.com.ar\/#\/schema\/person\/8f5ace5ce73b4b4aac4b7245aee6f191\"},\"headline\":\"Se vivi\u00f3 una verdadera fiesta en la apertura del Torneo de Newcom\",\"datePublished\":\"2023-04-16T05:07:06+00:00\",\"dateModified\":\"2023-04-16T05:07:08+00:00\",\"mainEntityOfPage\":{\"@id\":\"https:\/\/infoecos.com.ar\/index.php\/se-vivio-una-verdadera-fiesta-en-la-apertura-del-torneo-de-newcom\/\"},\"wordCount\":695,\"publisher\":{\"@id\":\"https:\/\/infoecos.com.ar\/#organization\"},\"image\":{\"@id\":\"https:\/\/infoecos.com.ar\/index.php\/se-vivio-una-verdadera-fiesta-en-la-apertura-del-torneo-de-newcom\/#primaryimage\"},\"thumbnailUrl\":\"https:\/\/infoecos.com.ar\/wp-content\/uploads\/2023\/04\/g.jpg\",\"keywords\":[\"DEPORTES TRENQUE LAUQUEN\"],\"articleSection\":[\"Noticia Secundaria\"],\"inLanguage\":\"es\"},{\"@type\":\"WebPage\",\"@id\":\"https:\/\/infoecos.com.ar\/index.php\/se-vivio-una-verdadera-fiesta-en-la-apertura-del-torneo-de-newcom\/\",\"url\":\"https:\/\/infoecos.com.ar\/index.php\/se-vivio-una-verdadera-fiesta-en-la-apertura-del-torneo-de-newcom\/\",\"name\":\"Se vivi\u00f3 una verdadera fiesta en la apertura del Torneo de Newcom - Infoecos\",\"isPartOf\":{\"@id\":\"https:\/\/infoecos.com.ar\/#website\"},\"primaryImageOfPage\":{\"@id\":\"https:\/\/infoecos.com.ar\/index.php\/se-vivio-una-verdadera-fiesta-en-la-apertura-del-torneo-de-newcom\/#primaryimage\"},\"image\":{\"@id\":\"https:\/\/infoecos.com.ar\/index.php\/se-vivio-una-verdadera-fiesta-en-la-apertura-del-torneo-de-newcom\/#primaryimage\"},\"thumbnailUrl\":\"https:\/\/infoecos.com.ar\/wp-content\/uploads\/2023\/04\/g.jpg\",\"datePublished\":\"2023-04-16T05:07:06+00:00\",\"dateModified\":\"2023-04-16T05:07:08+00:00\",\"breadcrumb\":{\"@id\":\"https:\/\/infoecos.com.ar\/index.php\/se-vivio-una-verdadera-fiesta-en-la-apertura-del-torneo-de-newcom\/#breadcrumb\"},\"inLanguage\":\"es\",\"potentialAction\":[{\"@type\":\"ReadAction\",\"target\":[\"https:\/\/infoecos.com.ar\/index.php\/se-vivio-una-verdadera-fiesta-en-la-apertura-del-torneo-de-newcom\/\"]}]},{\"@type\":\"ImageObject\",\"inLanguage\":\"es\",\"@id\":\"https:\/\/infoecos.com.ar\/index.php\/se-vivio-una-verdadera-fiesta-en-la-apertura-del-torneo-de-newcom\/#primaryimage\",\"url\":\"https:\/\/infoecos.com.ar\/wp-content\/uploads\/2023\/04\/g.jpg\",\"contentUrl\":\"https:\/\/infoecos.com.ar\/wp-content\/uploads\/2023\/04\/g.jpg\",\"width\":1920,\"height\":1080},{\"@type\":\"BreadcrumbList\",\"@id\":\"https:\/\/infoecos.com.ar\/index.php\/se-vivio-una-verdadera-fiesta-en-la-apertura-del-torneo-de-newcom\/#breadcrumb\",\"itemListElement\":[{\"@type\":\"ListItem\",\"position\":1,\"name\":\"Portada\",\"item\":\"https:\/\/infoecos.com.ar\/\"},{\"@type\":\"ListItem\",\"position\":2,\"name\":\"Se vivi\u00f3 una verdadera fiesta en la apertura del Torneo de Newcom\"}]},{\"@type\":\"WebSite\",\"@id\":\"https:\/\/infoecos.com.ar\/#website\",\"url\":\"https:\/\/infoecos.com.ar\/\",\"name\":\"Infoecos\",\"description\":\"Noticias de trenque lauquen y la zona\",\"publisher\":{\"@id\":\"https:\/\/infoecos.com.ar\/#organization\"},\"alternateName\":\"Noticias\",\"potentialAction\":[{\"@type\":\"SearchAction\",\"target\":{\"@type\":\"EntryPoint\",\"urlTemplate\":\"https:\/\/infoecos.com.ar\/?s={search_term_string}\"},\"query-input\":{\"@type\":\"PropertyValueSpecification\",\"valueRequired\":true,\"valueName\":\"search_term_string\"}}],\"inLanguage\":\"es\"},{\"@type\":\"Organization\",\"@id\":\"https:\/\/infoecos.com.ar\/#organization\",\"name\":\"Infoecos\",\"alternateName\":\"Noticias\",\"url\":\"https:\/\/infoecos.com.ar\/\",\"logo\":{\"@type\":\"ImageObject\",\"inLanguage\":\"es\",\"@id\":\"https:\/\/infoecos.com.ar\/#\/schema\/logo\/image\/\",\"url\":\"https:\/\/infoecos.com.ar\/wp-content\/uploads\/2024\/03\/cropped-logo.png\",\"contentUrl\":\"https:\/\/infoecos.com.ar\/wp-content\/uploads\/2024\/03\/cropped-logo.png\",\"width\":374,\"height\":90,\"caption\":\"Infoecos\"},\"image\":{\"@id\":\"https:\/\/infoecos.com.ar\/#\/schema\/logo\/image\/\"},\"sameAs\":[\"https:\/\/www.facebook.com\/profile.php?id=100063200290284\",\"https:\/\/x.com\/infoecos\"]},{\"@type\":\"Person\",\"@id\":\"https:\/\/infoecos.com.ar\/#\/schema\/person\/8f5ace5ce73b4b4aac4b7245aee6f191\",\"name\":\"Jorge Matheus\",\"url\":\"https:\/\/infoecos.com.ar\/index.php\/author\/jomatheus\/\"}]}<\/script>\n<!-- \/ Yoast SEO plugin. -->","yoast_head_json":{"title":"Se vivi\u00f3 una verdadera fiesta en la apertura del Torneo de Newcom - Infoecos","robots":{"index":"index","follow":"follow","max-snippet":"max-snippet:-1","max-image-preview":"max-image-preview:large","max-video-preview":"max-video-preview:-1"},"canonical":"https:\/\/infoecos.com.ar\/index.php\/se-vivio-una-verdadera-fiesta-en-la-apertura-del-torneo-de-newcom\/","og_locale":"es_ES","og_type":"article","og_title":"Se vivi\u00f3 una verdadera fiesta en la apertura del Torneo de Newcom - Infoecos","og_description":"Se inici\u00f3 el Torneo Apertura de Newcom, impulsado por la Liga Trenquelauquenche de esa disciplina con el acompa\u00f1amiento del CEF n\u00ba18 y la organizaci\u00f3n de la direcci\u00f3n de Deporte municipal, que tuvo adem\u00e1s su parte formal con un acto encabezado por el Intendente Miguel Fern\u00e1ndez, y enmarcado en el 147\u00ba aniversario de la ciudad","og_url":"https:\/\/infoecos.com.ar\/index.php\/se-vivio-una-verdadera-fiesta-en-la-apertura-del-torneo-de-newcom\/","og_site_name":"Infoecos","article_publisher":"https:\/\/www.facebook.com\/profile.php?id=100063200290284","article_published_time":"2023-04-16T05:07:06+00:00","article_modified_time":"2023-04-16T05:07:08+00:00","og_image":[{"width":1920,"height":1080,"url":"https:\/\/infoecos.com.ar\/wp-content\/uploads\/2023\/04\/g.jpg","type":"image\/jpeg"}],"author":"Jorge Matheus","twitter_card":"summary_large_image","twitter_creator":"@infoecos","twitter_site":"@infoecos","twitter_misc":{"Escrito por":"Jorge Matheus","Tiempo de lectura":"5 minutos"},"schema":{"@context":"https:\/\/schema.org","@graph":[{"@type":"Article","@id":"https:\/\/infoecos.com.ar\/index.php\/se-vivio-una-verdadera-fiesta-en-la-apertura-del-torneo-de-newcom\/#article","isPartOf":{"@id":"https:\/\/infoecos.com.ar\/index.php\/se-vivio-una-verdadera-fiesta-en-la-apertura-del-torneo-de-newcom\/"},"author":{"name":"Jorge Matheus","@id":"https:\/\/infoecos.com.ar\/#\/schema\/person\/8f5ace5ce73b4b4aac4b7245aee6f191"},"headline":"Se vivi\u00f3 una verdadera fiesta en la apertura del Torneo de Newcom","datePublished":"2023-04-16T05:07:06+00:00","dateModified":"2023-04-16T05:07:08+00:00","mainEntityOfPage":{"@id":"https:\/\/infoecos.com.ar\/index.php\/se-vivio-una-verdadera-fiesta-en-la-apertura-del-torneo-de-newcom\/"},"wordCount":695,"publisher":{"@id":"https:\/\/infoecos.com.ar\/#organization"},"image":{"@id":"https:\/\/infoecos.com.ar\/index.php\/se-vivio-una-verdadera-fiesta-en-la-apertura-del-torneo-de-newcom\/#primaryimage"},"thumbnailUrl":"https:\/\/infoecos.com.ar\/wp-content\/uploads\/2023\/04\/g.jpg","keywords":["DEPORTES TRENQUE LAUQUEN"],"articleSection":["Noticia Secundaria"],"inLanguage":"es"},{"@type":"WebPage","@id":"https:\/\/infoecos.com.ar\/index.php\/se-vivio-una-verdadera-fiesta-en-la-apertura-del-torneo-de-newcom\/","url":"https:\/\/infoecos.com.ar\/index.php\/se-vivio-una-verdadera-fiesta-en-la-apertura-del-torneo-de-newcom\/","name":"Se vivi\u00f3 una verdadera fiesta en la apertura del Torneo de Newcom - Infoecos","isPartOf":{"@id":"https:\/\/infoecos.com.ar\/#website"},"primaryImageOfPage":{"@id":"https:\/\/infoecos.com.ar\/index.php\/se-vivio-una-verdadera-fiesta-en-la-apertura-del-torneo-de-newcom\/#primaryimage"},"image":{"@id":"https:\/\/infoecos.com.ar\/index.php\/se-vivio-una-verdadera-fiesta-en-la-apertura-del-torneo-de-newcom\/#primaryimage"},"thumbnailUrl":"https:\/\/infoecos.com.ar\/wp-content\/uploads\/2023\/04\/g.jpg","datePublished":"2023-04-16T05:07:06+00:00","dateModified":"2023-04-16T05:07:08+00:00","breadcrumb":{"@id":"https:\/\/infoecos.com.ar\/index.php\/se-vivio-una-verdadera-fiesta-en-la-apertura-del-torneo-de-newcom\/#breadcrumb"},"inLanguage":"es","potentialAction":[{"@type":"ReadAction","target":["https:\/\/infoecos.com.ar\/index.php\/se-vivio-una-verdadera-fiesta-en-la-apertura-del-torneo-de-newcom\/"]}]},{"@type":"ImageObject","inLanguage":"es","@id":"https:\/\/infoecos.com.ar\/index.php\/se-vivio-una-verdadera-fiesta-en-la-apertura-del-torneo-de-newcom\/#primaryimage","url":"https:\/\/infoecos.com.ar\/wp-content\/uploads\/2023\/04\/g.jpg","contentUrl":"https:\/\/infoecos.com.ar\/wp-content\/uploads\/2023\/04\/g.jpg","width":1920,"height":1080},{"@type":"BreadcrumbList","@id":"https:\/\/infoecos.com.ar\/index.php\/se-vivio-una-verdadera-fiesta-en-la-apertura-del-torneo-de-newcom\/#breadcrumb","itemListElement":[{"@type":"ListItem","position":1,"name":"Portada","item":"https:\/\/infoecos.com.ar\/"},{"@type":"ListItem","position":2,"name":"Se vivi\u00f3 una verdadera fiesta en la apertura del Torneo de Newcom"}]},{"@type":"WebSite","@id":"https:\/\/infoecos.com.ar\/#website","url":"https:\/\/infoecos.com.ar\/","name":"Infoecos","description":"Noticias de trenque lauquen y la zona","publisher":{"@id":"https:\/\/infoecos.com.ar\/#organization"},"alternateName":"Noticias","potentialAction":[{"@type":"SearchAction","target":{"@type":"EntryPoint","urlTemplate":"https:\/\/infoecos.com.ar\/?s={search_term_string}"},"query-input":{"@type":"PropertyValueSpecification","valueRequired":true,"valueName":"search_term_string"}}],"inLanguage":"es"},{"@type":"Organization","@id":"https:\/\/infoecos.com.ar\/#organization","name":"Infoecos","alternateName":"Noticias","url":"https:\/\/infoecos.com.ar\/","logo":{"@type":"ImageObject","inLanguage":"es","@id":"https:\/\/infoecos.com.ar\/#\/schema\/logo\/image\/","url":"https:\/\/infoecos.com.ar\/wp-content\/uploads\/2024\/03\/cropped-logo.png","contentUrl":"https:\/\/infoecos.com.ar\/wp-content\/uploads\/2024\/03\/cropped-logo.png","width":374,"height":90,"caption":"Infoecos"},"image":{"@id":"https:\/\/infoecos.com.ar\/#\/schema\/logo\/image\/"},"sameAs":["https:\/\/www.facebook.com\/profile.php?id=100063200290284","https:\/\/x.com\/infoecos"]},{"@type":"Person","@id":"https:\/\/infoecos.com.ar\/#\/schema\/person\/8f5ace5ce73b4b4aac4b7245aee6f191","name":"Jorge Matheus","url":"https:\/\/infoecos.com.ar\/index.php\/author\/jomatheus\/"}]}},"featured_image_urls":{"full":["https:\/\/infoecos.com.ar\/wp-content\/uploads\/2023\/04\/g.jpg",1920,1080,false],"thumbnail":["https:\/\/infoecos.com.ar\/wp-content\/uploads\/2023\/04\/g-300x150.jpg",300,150,true],"medium":["https:\/\/infoecos.com.ar\/wp-content\/uploads\/2023\/04\/g-800x450.jpg",800,450,true],"medium_large":["https:\/\/infoecos.com.ar\/wp-content\/uploads\/2023\/04\/g-768x432.jpg",640,360,true],"large":["https:\/\/infoecos.com.ar\/wp-content\/uploads\/2023\/04\/g-1600x900.jpg",640,360,true],"1536x1536":["https:\/\/infoecos.com.ar\/wp-content\/uploads\/2023\/04\/g-1536x864.jpg",1536,864,true],"2048x2048":["https:\/\/infoecos.com.ar\/wp-content\/uploads\/2023\/04\/g.jpg",1920,1080,false],"covernews-slider-full":["https:\/\/infoecos.com.ar\/wp-content\/uploads\/2023\/04\/g-1536x1020.jpg",1077,715,true],"covernews-slider-center":["https:\/\/infoecos.com.ar\/wp-content\/uploads\/2023\/04\/g-936x897.jpg",522,500,true],"covernews-featured":["https:\/\/infoecos.com.ar\/wp-content\/uploads\/2023\/04\/g-1024x576.jpg",1024,576,true],"covernews-medium":["https:\/\/infoecos.com.ar\/wp-content\/uploads\/2023\/04\/g-720x380.jpg",540,285,true],"covernews-medium-square":["https:\/\/infoecos.com.ar\/wp-content\/uploads\/2023\/04\/g-675x450.jpg",375,250,true]},"author_info":{"info":["Jorge Matheus"]},"category_info":"<a href=\"https:\/\/infoecos.com.ar\/index.php\/category\/noticia-secundaria\/\" rel=\"category tag\">Noticia Secundaria<\/a>","tag_info":"Noticia Secundaria","comment_count":"0","_links":{"self":[{"href":"https:\/\/infoecos.com.ar\/index.php\/wp-json\/wp\/v2\/posts\/103868"}],"collection":[{"href":"https:\/\/infoecos.com.ar\/index.php\/wp-json\/wp\/v2\/posts"}],"about":[{"href":"https:\/\/infoecos.com.ar\/index.php\/wp-json\/wp\/v2\/types\/post"}],"author":[{"embeddable":true,"href":"https:\/\/infoecos.com.ar\/index.php\/wp-json\/wp\/v2\/users\/2"}],"replies":[{"embeddable":true,"href":"https:\/\/infoecos.com.ar\/index.php\/wp-json\/wp\/v2\/comments?post=103868"}],"version-history":[{"count":1,"href":"https:\/\/infoecos.com.ar\/index.php\/wp-json\/wp\/v2\/posts\/103868\/revisions"}],"predecessor-version":[{"id":103876,"href":"https:\/\/infoecos.com.ar\/index.php\/wp-json\/wp\/v2\/posts\/103868\/revisions\/103876"}],"wp:featuredmedia":[{"embeddable":true,"href":"https:\/\/infoecos.com.ar\/index.php\/wp-json\/wp\/v2\/media\/103869"}],"wp:attachment":[{"href":"https:\/\/infoecos.com.ar\/index.php\/wp-json\/wp\/v2\/media?parent=103868"}],"wp:term":[{"taxonomy":"category","embeddable":true,"href":"https:\/\/infoecos.com.ar\/index.php\/wp-json\/wp\/v2\/categories?post=103868"},{"taxonomy":"post_tag","embeddable":true,"href":"https:\/\/infoecos.com.ar\/index.php\/wp-json\/wp\/v2\/tags?post=103868"}],"curies":[{"name":"wp","href":"https:\/\/api.w.org\/{rel}","templated":true}]}}