{"id":103877,"date":"2023-04-16T02:24:10","date_gmt":"2023-04-16T05:24:10","guid":{"rendered":"https:\/\/infoecos.com.ar\/?p=103877"},"modified":"2023-04-16T02:24:13","modified_gmt":"2023-04-16T05:24:13","slug":"los-espectaculos-que-se-vienen-desarrollando-en-trenque-lauquen-son-ampliamente-elogiados","status":"publish","type":"post","link":"https:\/\/infoecos.com.ar\/index.php\/los-espectaculos-que-se-vienen-desarrollando-en-trenque-lauquen-son-ampliamente-elogiados\/","title":{"rendered":"Los espect\u00e1culos que se vienen desarrollando en Trenque Lauquen son ampliamente elogiados"},"content":{"rendered":"\n<p>Frente al Palacio Municipal, en el segundo de los tres espect\u00e1culos previstos all\u00ed para festejar los 147 a\u00f1os de la ciudad de Trenque Lauquen se presentaron la Academia Jah Crew, + De lo Mismo, Mart\u00edn Oliver y Emmanuel Horvilleur.<\/p>\n\n\n\n<figure class=\"wp-block-image aligncenter size-full is-resized\"><img loading=\"lazy\" decoding=\"async\" src=\"https:\/\/infoecos.com.ar\/wp-content\/uploads\/2023\/04\/DSC_9597.jpg\" alt=\"\" class=\"wp-image-103878\" width=\"475\" height=\"317\" srcset=\"https:\/\/infoecos.com.ar\/wp-content\/uploads\/2023\/04\/DSC_9597.jpg 1241w, https:\/\/infoecos.com.ar\/wp-content\/uploads\/2023\/04\/DSC_9597-800x535.jpg 800w, https:\/\/infoecos.com.ar\/wp-content\/uploads\/2023\/04\/DSC_9597-768x514.jpg 768w, https:\/\/infoecos.com.ar\/wp-content\/uploads\/2023\/04\/DSC_9597-1024x685.jpg 1024w, https:\/\/infoecos.com.ar\/wp-content\/uploads\/2023\/04\/DSC_9597-675x450.jpg 675w\" sizes=\"(max-width: 475px) 100vw, 475px\" \/><\/figure>\n\n\n\n<p>La Academia Jah Crew, haciendo Hip Hop y Breaking -diez j\u00f3venes de los 16 que est\u00e1n clasificados para el Latinoamericano que se realizar\u00e1 en Curitiba, Brasil, en julio pr\u00f3ximo- y + De lo Mismo, Mart\u00edn Oliver y  Emmanuel Horvilleur y su banda con pop latino, pop rock y su amplia libertad musical.<\/p>\n\n\n\n<figure class=\"wp-block-image aligncenter size-full is-resized\"><img loading=\"lazy\" decoding=\"async\" src=\"https:\/\/infoecos.com.ar\/wp-content\/uploads\/2023\/04\/DSC_9672.jpg\" alt=\"\" class=\"wp-image-103879\" width=\"455\" height=\"303\" srcset=\"https:\/\/infoecos.com.ar\/wp-content\/uploads\/2023\/04\/DSC_9672.jpg 1241w, https:\/\/infoecos.com.ar\/wp-content\/uploads\/2023\/04\/DSC_9672-800x535.jpg 800w, https:\/\/infoecos.com.ar\/wp-content\/uploads\/2023\/04\/DSC_9672-1024x685.jpg 1024w, https:\/\/infoecos.com.ar\/wp-content\/uploads\/2023\/04\/DSC_9672-675x450.jpg 675w\" sizes=\"(max-width: 455px) 100vw, 455px\" \/><\/figure>\n\n\n\n<p>Anoche actu\u00f3 y mereci\u00f3 elogiosos comentarios por las redes, Rodrigo Tapari (se ampliar\u00e1)<\/p>\n\n\n\n<figure class=\"wp-block-gallery has-nested-images columns-default is-cropped wp-block-gallery-1 is-layout-flex wp-block-gallery-is-layout-flex\">\n<figure class=\"wp-block-image size-large\"><img loading=\"lazy\" decoding=\"async\" width=\"1241\" height=\"830\" data-id=\"103880\" src=\"https:\/\/infoecos.com.ar\/wp-content\/uploads\/2023\/04\/DSC_9605.jpg\" alt=\"\" class=\"wp-image-103880\" srcset=\"https:\/\/infoecos.com.ar\/wp-content\/uploads\/2023\/04\/DSC_9605.jpg 1241w, https:\/\/infoecos.com.ar\/wp-content\/uploads\/2023\/04\/DSC_9605-800x535.jpg 800w, https:\/\/infoecos.com.ar\/wp-content\/uploads\/2023\/04\/DSC_9605-768x514.jpg 768w, https:\/\/infoecos.com.ar\/wp-content\/uploads\/2023\/04\/DSC_9605-1024x685.jpg 1024w, https:\/\/infoecos.com.ar\/wp-content\/uploads\/2023\/04\/DSC_9605-675x450.jpg 675w\" sizes=\"(max-width: 1241px) 100vw, 1241px\" \/><figcaption class=\"wp-element-caption\">147 a\u00f1os de Trenque Lauquen &#8211; Espect\u00e1culo del viernes 15 de Abril <\/figcaption><\/figure>\n\n\n\n<figure class=\"wp-block-image size-large\"><img loading=\"lazy\" decoding=\"async\" width=\"1241\" height=\"830\" data-id=\"103883\" src=\"https:\/\/infoecos.com.ar\/wp-content\/uploads\/2023\/04\/DSC_9608.jpg\" alt=\"\" class=\"wp-image-103883\" srcset=\"https:\/\/infoecos.com.ar\/wp-content\/uploads\/2023\/04\/DSC_9608.jpg 1241w, https:\/\/infoecos.com.ar\/wp-content\/uploads\/2023\/04\/DSC_9608-800x535.jpg 800w, https:\/\/infoecos.com.ar\/wp-content\/uploads\/2023\/04\/DSC_9608-768x514.jpg 768w, https:\/\/infoecos.com.ar\/wp-content\/uploads\/2023\/04\/DSC_9608-1024x685.jpg 1024w, https:\/\/infoecos.com.ar\/wp-content\/uploads\/2023\/04\/DSC_9608-675x450.jpg 675w\" sizes=\"(max-width: 1241px) 100vw, 1241px\" \/><figcaption class=\"wp-element-caption\">147 a\u00f1os de Trenque Lauquen &#8211; Espect\u00e1culo del viernes 15 de Abril <\/figcaption><\/figure>\n\n\n\n<figure class=\"wp-block-image size-large\"><img loading=\"lazy\" decoding=\"async\" width=\"1241\" height=\"830\" data-id=\"103885\" src=\"https:\/\/infoecos.com.ar\/wp-content\/uploads\/2023\/04\/DSC_9619.jpg\" alt=\"\" class=\"wp-image-103885\" srcset=\"https:\/\/infoecos.com.ar\/wp-content\/uploads\/2023\/04\/DSC_9619.jpg 1241w, https:\/\/infoecos.com.ar\/wp-content\/uploads\/2023\/04\/DSC_9619-800x535.jpg 800w, https:\/\/infoecos.com.ar\/wp-content\/uploads\/2023\/04\/DSC_9619-768x514.jpg 768w, https:\/\/infoecos.com.ar\/wp-content\/uploads\/2023\/04\/DSC_9619-1024x685.jpg 1024w, https:\/\/infoecos.com.ar\/wp-content\/uploads\/2023\/04\/DSC_9619-675x450.jpg 675w\" sizes=\"(max-width: 1241px) 100vw, 1241px\" \/><figcaption class=\"wp-element-caption\">147 a\u00f1os de Trenque Lauquen &#8211; Espect\u00e1culo del viernes 15 de Abril <\/figcaption><\/figure>\n\n\n\n<figure class=\"wp-block-image size-large\"><img loading=\"lazy\" decoding=\"async\" width=\"1241\" height=\"830\" data-id=\"103888\" src=\"https:\/\/infoecos.com.ar\/wp-content\/uploads\/2023\/04\/DSC_9623.jpg\" alt=\"\" class=\"wp-image-103888\" srcset=\"https:\/\/infoecos.com.ar\/wp-content\/uploads\/2023\/04\/DSC_9623.jpg 1241w, https:\/\/infoecos.com.ar\/wp-content\/uploads\/2023\/04\/DSC_9623-800x535.jpg 800w, https:\/\/infoecos.com.ar\/wp-content\/uploads\/2023\/04\/DSC_9623-768x514.jpg 768w, https:\/\/infoecos.com.ar\/wp-content\/uploads\/2023\/04\/DSC_9623-1024x685.jpg 1024w, https:\/\/infoecos.com.ar\/wp-content\/uploads\/2023\/04\/DSC_9623-675x450.jpg 675w\" sizes=\"(max-width: 1241px) 100vw, 1241px\" \/><figcaption class=\"wp-element-caption\">147 a\u00f1os de Trenque Lauquen &#8211; Espect\u00e1culo del viernes 15 de Abril <\/figcaption><\/figure>\n\n\n\n<figure class=\"wp-block-image size-large\"><img loading=\"lazy\" decoding=\"async\" width=\"1241\" height=\"830\" data-id=\"103891\" src=\"https:\/\/infoecos.com.ar\/wp-content\/uploads\/2023\/04\/DSC_9627.jpg\" alt=\"\" class=\"wp-image-103891\" srcset=\"https:\/\/infoecos.com.ar\/wp-content\/uploads\/2023\/04\/DSC_9627.jpg 1241w, https:\/\/infoecos.com.ar\/wp-content\/uploads\/2023\/04\/DSC_9627-800x535.jpg 800w, https:\/\/infoecos.com.ar\/wp-content\/uploads\/2023\/04\/DSC_9627-768x514.jpg 768w, https:\/\/infoecos.com.ar\/wp-content\/uploads\/2023\/04\/DSC_9627-1024x685.jpg 1024w, https:\/\/infoecos.com.ar\/wp-content\/uploads\/2023\/04\/DSC_9627-675x450.jpg 675w\" sizes=\"(max-width: 1241px) 100vw, 1241px\" \/><figcaption class=\"wp-element-caption\">147 a\u00f1os de Trenque Lauquen &#8211; Espect\u00e1culo del viernes 15 de Abril <\/figcaption><\/figure>\n\n\n\n<figure class=\"wp-block-image size-large\"><img loading=\"lazy\" decoding=\"async\" width=\"1241\" height=\"830\" data-id=\"103894\" src=\"https:\/\/infoecos.com.ar\/wp-content\/uploads\/2023\/04\/DSC_9633.jpg\" alt=\"\" class=\"wp-image-103894\" srcset=\"https:\/\/infoecos.com.ar\/wp-content\/uploads\/2023\/04\/DSC_9633.jpg 1241w, https:\/\/infoecos.com.ar\/wp-content\/uploads\/2023\/04\/DSC_9633-800x535.jpg 800w, https:\/\/infoecos.com.ar\/wp-content\/uploads\/2023\/04\/DSC_9633-768x514.jpg 768w, https:\/\/infoecos.com.ar\/wp-content\/uploads\/2023\/04\/DSC_9633-1024x685.jpg 1024w, https:\/\/infoecos.com.ar\/wp-content\/uploads\/2023\/04\/DSC_9633-675x450.jpg 675w\" sizes=\"(max-width: 1241px) 100vw, 1241px\" \/><figcaption class=\"wp-element-caption\">147 a\u00f1os de Trenque Lauquen &#8211; Espect\u00e1culo del viernes 15 de Abril <\/figcaption><\/figure>\n\n\n\n<figure class=\"wp-block-image size-large\"><img loading=\"lazy\" decoding=\"async\" width=\"1241\" height=\"830\" data-id=\"103890\" src=\"https:\/\/infoecos.com.ar\/wp-content\/uploads\/2023\/04\/DSC_9636.jpg\" alt=\"\" class=\"wp-image-103890\" srcset=\"https:\/\/infoecos.com.ar\/wp-content\/uploads\/2023\/04\/DSC_9636.jpg 1241w, https:\/\/infoecos.com.ar\/wp-content\/uploads\/2023\/04\/DSC_9636-800x535.jpg 800w, https:\/\/infoecos.com.ar\/wp-content\/uploads\/2023\/04\/DSC_9636-768x514.jpg 768w, https:\/\/infoecos.com.ar\/wp-content\/uploads\/2023\/04\/DSC_9636-1024x685.jpg 1024w, https:\/\/infoecos.com.ar\/wp-content\/uploads\/2023\/04\/DSC_9636-675x450.jpg 675w\" sizes=\"(max-width: 1241px) 100vw, 1241px\" \/><figcaption class=\"wp-element-caption\">147 a\u00f1os de Trenque Lauquen &#8211; Espect\u00e1culo del viernes 15 de Abril <\/figcaption><\/figure>\n\n\n\n<figure class=\"wp-block-image size-large\"><img loading=\"lazy\" decoding=\"async\" width=\"1241\" height=\"830\" data-id=\"103886\" src=\"https:\/\/infoecos.com.ar\/wp-content\/uploads\/2023\/04\/DSC_9672-1.jpg\" alt=\"\" class=\"wp-image-103886\" srcset=\"https:\/\/infoecos.com.ar\/wp-content\/uploads\/2023\/04\/DSC_9672-1.jpg 1241w, https:\/\/infoecos.com.ar\/wp-content\/uploads\/2023\/04\/DSC_9672-1-800x535.jpg 800w, https:\/\/infoecos.com.ar\/wp-content\/uploads\/2023\/04\/DSC_9672-1-768x514.jpg 768w, https:\/\/infoecos.com.ar\/wp-content\/uploads\/2023\/04\/DSC_9672-1-1024x685.jpg 1024w, https:\/\/infoecos.com.ar\/wp-content\/uploads\/2023\/04\/DSC_9672-1-675x450.jpg 675w\" sizes=\"(max-width: 1241px) 100vw, 1241px\" \/><figcaption class=\"wp-element-caption\">147 a\u00f1os de Trenque Lauquen &#8211; Espect\u00e1culo del viernes 15 de Abril <\/figcaption><\/figure>\n\n\n\n<figure class=\"wp-block-image size-large\"><img loading=\"lazy\" decoding=\"async\" width=\"1241\" height=\"830\" data-id=\"103882\" src=\"https:\/\/infoecos.com.ar\/wp-content\/uploads\/2023\/04\/DSC_9689.jpg\" alt=\"\" class=\"wp-image-103882\" srcset=\"https:\/\/infoecos.com.ar\/wp-content\/uploads\/2023\/04\/DSC_9689.jpg 1241w, https:\/\/infoecos.com.ar\/wp-content\/uploads\/2023\/04\/DSC_9689-800x535.jpg 800w, https:\/\/infoecos.com.ar\/wp-content\/uploads\/2023\/04\/DSC_9689-768x514.jpg 768w, https:\/\/infoecos.com.ar\/wp-content\/uploads\/2023\/04\/DSC_9689-1024x685.jpg 1024w, https:\/\/infoecos.com.ar\/wp-content\/uploads\/2023\/04\/DSC_9689-675x450.jpg 675w\" sizes=\"(max-width: 1241px) 100vw, 1241px\" \/><figcaption class=\"wp-element-caption\">147 a\u00f1os de Trenque Lauquen &#8211; Espect\u00e1culo del viernes 15 de Abril <\/figcaption><\/figure>\n\n\n\n<figure class=\"wp-block-image size-large\"><img loading=\"lazy\" decoding=\"async\" width=\"1241\" height=\"830\" data-id=\"103892\" src=\"https:\/\/infoecos.com.ar\/wp-content\/uploads\/2023\/04\/DSC_9690.jpg\" alt=\"\" class=\"wp-image-103892\" srcset=\"https:\/\/infoecos.com.ar\/wp-content\/uploads\/2023\/04\/DSC_9690.jpg 1241w, https:\/\/infoecos.com.ar\/wp-content\/uploads\/2023\/04\/DSC_9690-800x535.jpg 800w, https:\/\/infoecos.com.ar\/wp-content\/uploads\/2023\/04\/DSC_9690-768x514.jpg 768w, https:\/\/infoecos.com.ar\/wp-content\/uploads\/2023\/04\/DSC_9690-1024x685.jpg 1024w, https:\/\/infoecos.com.ar\/wp-content\/uploads\/2023\/04\/DSC_9690-675x450.jpg 675w\" sizes=\"(max-width: 1241px) 100vw, 1241px\" \/><figcaption class=\"wp-element-caption\">147 a\u00f1os de Trenque Lauquen &#8211; Espect\u00e1culo del viernes 15 de Abril <\/figcaption><\/figure>\n\n\n\n<figure class=\"wp-block-image size-large\"><img loading=\"lazy\" decoding=\"async\" width=\"1241\" height=\"830\" data-id=\"103881\" src=\"https:\/\/infoecos.com.ar\/wp-content\/uploads\/2023\/04\/DSC_9697.jpg\" alt=\"\" class=\"wp-image-103881\" srcset=\"https:\/\/infoecos.com.ar\/wp-content\/uploads\/2023\/04\/DSC_9697.jpg 1241w, https:\/\/infoecos.com.ar\/wp-content\/uploads\/2023\/04\/DSC_9697-800x535.jpg 800w, https:\/\/infoecos.com.ar\/wp-content\/uploads\/2023\/04\/DSC_9697-768x514.jpg 768w, https:\/\/infoecos.com.ar\/wp-content\/uploads\/2023\/04\/DSC_9697-1024x685.jpg 1024w, https:\/\/infoecos.com.ar\/wp-content\/uploads\/2023\/04\/DSC_9697-675x450.jpg 675w\" sizes=\"(max-width: 1241px) 100vw, 1241px\" \/><figcaption class=\"wp-element-caption\">147 a\u00f1os de Trenque Lauquen &#8211; Espect\u00e1culo del viernes 15 de Abril <\/figcaption><\/figure>\n\n\n\n<figure class=\"wp-block-image size-large\"><img loading=\"lazy\" decoding=\"async\" width=\"1241\" height=\"830\" data-id=\"103887\" src=\"https:\/\/infoecos.com.ar\/wp-content\/uploads\/2023\/04\/DSC_9701.jpg\" alt=\"\" class=\"wp-image-103887\" srcset=\"https:\/\/infoecos.com.ar\/wp-content\/uploads\/2023\/04\/DSC_9701.jpg 1241w, https:\/\/infoecos.com.ar\/wp-content\/uploads\/2023\/04\/DSC_9701-800x535.jpg 800w, https:\/\/infoecos.com.ar\/wp-content\/uploads\/2023\/04\/DSC_9701-768x514.jpg 768w, https:\/\/infoecos.com.ar\/wp-content\/uploads\/2023\/04\/DSC_9701-1024x685.jpg 1024w, https:\/\/infoecos.com.ar\/wp-content\/uploads\/2023\/04\/DSC_9701-675x450.jpg 675w\" sizes=\"(max-width: 1241px) 100vw, 1241px\" \/><figcaption class=\"wp-element-caption\">147 a\u00f1os de Trenque Lauquen &#8211; Espect\u00e1culo del viernes 15 de Abril <\/figcaption><\/figure>\n\n\n\n<figure class=\"wp-block-image size-large\"><img loading=\"lazy\" decoding=\"async\" width=\"1241\" height=\"830\" data-id=\"103889\" src=\"https:\/\/infoecos.com.ar\/wp-content\/uploads\/2023\/04\/DSC_9733.jpg\" alt=\"\" class=\"wp-image-103889\" srcset=\"https:\/\/infoecos.com.ar\/wp-content\/uploads\/2023\/04\/DSC_9733.jpg 1241w, https:\/\/infoecos.com.ar\/wp-content\/uploads\/2023\/04\/DSC_9733-800x535.jpg 800w, https:\/\/infoecos.com.ar\/wp-content\/uploads\/2023\/04\/DSC_9733-768x514.jpg 768w, https:\/\/infoecos.com.ar\/wp-content\/uploads\/2023\/04\/DSC_9733-1024x685.jpg 1024w, https:\/\/infoecos.com.ar\/wp-content\/uploads\/2023\/04\/DSC_9733-675x450.jpg 675w\" sizes=\"(max-width: 1241px) 100vw, 1241px\" \/><figcaption class=\"wp-element-caption\">147 a\u00f1os de Trenque Lauquen &#8211; Espect\u00e1culo del viernes 15 de Abril <\/figcaption><\/figure>\n\n\n\n<figure class=\"wp-block-image size-large\"><img loading=\"lazy\" decoding=\"async\" width=\"1241\" height=\"830\" data-id=\"103884\" src=\"https:\/\/infoecos.com.ar\/wp-content\/uploads\/2023\/04\/DSC_9735.jpg\" alt=\"\" class=\"wp-image-103884\" srcset=\"https:\/\/infoecos.com.ar\/wp-content\/uploads\/2023\/04\/DSC_9735.jpg 1241w, https:\/\/infoecos.com.ar\/wp-content\/uploads\/2023\/04\/DSC_9735-800x535.jpg 800w, https:\/\/infoecos.com.ar\/wp-content\/uploads\/2023\/04\/DSC_9735-768x514.jpg 768w, https:\/\/infoecos.com.ar\/wp-content\/uploads\/2023\/04\/DSC_9735-1024x685.jpg 1024w, https:\/\/infoecos.com.ar\/wp-content\/uploads\/2023\/04\/DSC_9735-675x450.jpg 675w\" sizes=\"(max-width: 1241px) 100vw, 1241px\" \/><figcaption class=\"wp-element-caption\">147 a\u00f1os de Trenque Lauquen &#8211; Espect\u00e1culo del viernes 15 de Abril <\/figcaption><\/figure>\n\n\n\n<figure class=\"wp-block-image size-large\"><img loading=\"lazy\" decoding=\"async\" width=\"1241\" height=\"830\" data-id=\"103893\" src=\"https:\/\/infoecos.com.ar\/wp-content\/uploads\/2023\/04\/DSC_9741.jpg\" alt=\"\" class=\"wp-image-103893\" srcset=\"https:\/\/infoecos.com.ar\/wp-content\/uploads\/2023\/04\/DSC_9741.jpg 1241w, https:\/\/infoecos.com.ar\/wp-content\/uploads\/2023\/04\/DSC_9741-800x535.jpg 800w, https:\/\/infoecos.com.ar\/wp-content\/uploads\/2023\/04\/DSC_9741-768x514.jpg 768w, https:\/\/infoecos.com.ar\/wp-content\/uploads\/2023\/04\/DSC_9741-1024x685.jpg 1024w, https:\/\/infoecos.com.ar\/wp-content\/uploads\/2023\/04\/DSC_9741-675x450.jpg 675w\" sizes=\"(max-width: 1241px) 100vw, 1241px\" \/><figcaption class=\"wp-element-caption\">147 a\u00f1os de Trenque Lauquen &#8211; Espect\u00e1culo del viernes 15 de Abril <\/figcaption><\/figure>\n<\/figure>\n","protected":false},"excerpt":{"rendered":"<p>Anoche actu\u00f3 y mereci\u00f3 elogiosos comentarios por las redes, Rodrigo Tapari (se ampliar\u00e1)<\/p>\n","protected":false},"author":2,"featured_media":103887,"comment_status":"closed","ping_status":"open","sticky":false,"template":"","format":"standard","meta":{"footnotes":""},"categories":[1613],"tags":[7697],"class_list":["post-103877","post","type-post","status-publish","format-standard","has-post-thumbnail","hentry","category-noticia-secundaria","tag-el-gran-espectaculo-del-viernes"],"yoast_head":"<!-- This site is optimized with the Yoast SEO plugin v23.4 - https:\/\/yoast.com\/wordpress\/plugins\/seo\/ -->\n<title>Los espect\u00e1culos que se vienen desarrollando en Trenque Lauquen son ampliamente elogiados - Infoecos<\/title>\n<meta name=\"robots\" content=\"index, follow, max-snippet:-1, max-image-preview:large, max-video-preview:-1\" \/>\n<link rel=\"canonical\" href=\"https:\/\/infoecos.com.ar\/index.php\/los-espectaculos-que-se-vienen-desarrollando-en-trenque-lauquen-son-ampliamente-elogiados\/\" \/>\n<meta property=\"og:locale\" content=\"es_ES\" \/>\n<meta property=\"og:type\" content=\"article\" \/>\n<meta property=\"og:title\" content=\"Los espect\u00e1culos que se vienen desarrollando en Trenque Lauquen son ampliamente elogiados - Infoecos\" \/>\n<meta property=\"og:description\" content=\"Anoche actu\u00f3 y mereci\u00f3 elogiosos comentarios por las redes, Rodrigo Tapari (se ampliar\u00e1)\" \/>\n<meta property=\"og:url\" content=\"https:\/\/infoecos.com.ar\/index.php\/los-espectaculos-que-se-vienen-desarrollando-en-trenque-lauquen-son-ampliamente-elogiados\/\" \/>\n<meta property=\"og:site_name\" content=\"Infoecos\" \/>\n<meta property=\"article:publisher\" content=\"https:\/\/www.facebook.com\/profile.php?id=100063200290284\" \/>\n<meta property=\"article:published_time\" content=\"2023-04-16T05:24:10+00:00\" \/>\n<meta property=\"article:modified_time\" content=\"2023-04-16T05:24:13+00:00\" \/>\n<meta property=\"og:image\" content=\"https:\/\/infoecos.com.ar\/wp-content\/uploads\/2023\/04\/DSC_9701.jpg\" \/>\n\t<meta property=\"og:image:width\" content=\"1241\" \/>\n\t<meta property=\"og:image:height\" content=\"830\" \/>\n\t<meta property=\"og:image:type\" content=\"image\/jpeg\" \/>\n<meta name=\"author\" content=\"Jorge Matheus\" \/>\n<meta name=\"twitter:card\" content=\"summary_large_image\" \/>\n<meta name=\"twitter:creator\" content=\"@infoecos\" \/>\n<meta name=\"twitter:site\" content=\"@infoecos\" \/>\n<meta name=\"twitter:label1\" content=\"Escrito por\" \/>\n\t<meta name=\"twitter:data1\" content=\"Jorge Matheus\" \/>\n\t<meta name=\"twitter:label2\" content=\"Tiempo de lectura\" \/>\n\t<meta name=\"twitter:data2\" content=\"5 minutos\" \/>\n<script type=\"application\/ld+json\" class=\"yoast-schema-graph\">{\"@context\":\"https:\/\/schema.org\",\"@graph\":[{\"@type\":\"Article\",\"@id\":\"https:\/\/infoecos.com.ar\/index.php\/los-espectaculos-que-se-vienen-desarrollando-en-trenque-lauquen-son-ampliamente-elogiados\/#article\",\"isPartOf\":{\"@id\":\"https:\/\/infoecos.com.ar\/index.php\/los-espectaculos-que-se-vienen-desarrollando-en-trenque-lauquen-son-ampliamente-elogiados\/\"},\"author\":{\"name\":\"Jorge Matheus\",\"@id\":\"https:\/\/infoecos.com.ar\/#\/schema\/person\/8f5ace5ce73b4b4aac4b7245aee6f191\"},\"headline\":\"Los espect\u00e1culos que se vienen desarrollando en Trenque Lauquen son ampliamente elogiados\",\"datePublished\":\"2023-04-16T05:24:10+00:00\",\"dateModified\":\"2023-04-16T05:24:13+00:00\",\"mainEntityOfPage\":{\"@id\":\"https:\/\/infoecos.com.ar\/index.php\/los-espectaculos-que-se-vienen-desarrollando-en-trenque-lauquen-son-ampliamente-elogiados\/\"},\"wordCount\":300,\"publisher\":{\"@id\":\"https:\/\/infoecos.com.ar\/#organization\"},\"image\":{\"@id\":\"https:\/\/infoecos.com.ar\/index.php\/los-espectaculos-que-se-vienen-desarrollando-en-trenque-lauquen-son-ampliamente-elogiados\/#primaryimage\"},\"thumbnailUrl\":\"https:\/\/infoecos.com.ar\/wp-content\/uploads\/2023\/04\/DSC_9701.jpg\",\"keywords\":[\"EL GRAN ESPECT\u00c1CULO DEL VIERNES\"],\"articleSection\":[\"Noticia Secundaria\"],\"inLanguage\":\"es\"},{\"@type\":\"WebPage\",\"@id\":\"https:\/\/infoecos.com.ar\/index.php\/los-espectaculos-que-se-vienen-desarrollando-en-trenque-lauquen-son-ampliamente-elogiados\/\",\"url\":\"https:\/\/infoecos.com.ar\/index.php\/los-espectaculos-que-se-vienen-desarrollando-en-trenque-lauquen-son-ampliamente-elogiados\/\",\"name\":\"Los espect\u00e1culos que se vienen desarrollando en Trenque Lauquen son ampliamente elogiados - Infoecos\",\"isPartOf\":{\"@id\":\"https:\/\/infoecos.com.ar\/#website\"},\"primaryImageOfPage\":{\"@id\":\"https:\/\/infoecos.com.ar\/index.php\/los-espectaculos-que-se-vienen-desarrollando-en-trenque-lauquen-son-ampliamente-elogiados\/#primaryimage\"},\"image\":{\"@id\":\"https:\/\/infoecos.com.ar\/index.php\/los-espectaculos-que-se-vienen-desarrollando-en-trenque-lauquen-son-ampliamente-elogiados\/#primaryimage\"},\"thumbnailUrl\":\"https:\/\/infoecos.com.ar\/wp-content\/uploads\/2023\/04\/DSC_9701.jpg\",\"datePublished\":\"2023-04-16T05:24:10+00:00\",\"dateModified\":\"2023-04-16T05:24:13+00:00\",\"breadcrumb\":{\"@id\":\"https:\/\/infoecos.com.ar\/index.php\/los-espectaculos-que-se-vienen-desarrollando-en-trenque-lauquen-son-ampliamente-elogiados\/#breadcrumb\"},\"inLanguage\":\"es\",\"potentialAction\":[{\"@type\":\"ReadAction\",\"target\":[\"https:\/\/infoecos.com.ar\/index.php\/los-espectaculos-que-se-vienen-desarrollando-en-trenque-lauquen-son-ampliamente-elogiados\/\"]}]},{\"@type\":\"ImageObject\",\"inLanguage\":\"es\",\"@id\":\"https:\/\/infoecos.com.ar\/index.php\/los-espectaculos-que-se-vienen-desarrollando-en-trenque-lauquen-son-ampliamente-elogiados\/#primaryimage\",\"url\":\"https:\/\/infoecos.com.ar\/wp-content\/uploads\/2023\/04\/DSC_9701.jpg\",\"contentUrl\":\"https:\/\/infoecos.com.ar\/wp-content\/uploads\/2023\/04\/DSC_9701.jpg\",\"width\":1241,\"height\":830},{\"@type\":\"BreadcrumbList\",\"@id\":\"https:\/\/infoecos.com.ar\/index.php\/los-espectaculos-que-se-vienen-desarrollando-en-trenque-lauquen-son-ampliamente-elogiados\/#breadcrumb\",\"itemListElement\":[{\"@type\":\"ListItem\",\"position\":1,\"name\":\"Portada\",\"item\":\"https:\/\/infoecos.com.ar\/\"},{\"@type\":\"ListItem\",\"position\":2,\"name\":\"Los espect\u00e1culos que se vienen desarrollando en Trenque Lauquen son ampliamente elogiados\"}]},{\"@type\":\"WebSite\",\"@id\":\"https:\/\/infoecos.com.ar\/#website\",\"url\":\"https:\/\/infoecos.com.ar\/\",\"name\":\"Infoecos\",\"description\":\"Noticias de trenque lauquen y la zona\",\"publisher\":{\"@id\":\"https:\/\/infoecos.com.ar\/#organization\"},\"alternateName\":\"Noticias\",\"potentialAction\":[{\"@type\":\"SearchAction\",\"target\":{\"@type\":\"EntryPoint\",\"urlTemplate\":\"https:\/\/infoecos.com.ar\/?s={search_term_string}\"},\"query-input\":{\"@type\":\"PropertyValueSpecification\",\"valueRequired\":true,\"valueName\":\"search_term_string\"}}],\"inLanguage\":\"es\"},{\"@type\":\"Organization\",\"@id\":\"https:\/\/infoecos.com.ar\/#organization\",\"name\":\"Infoecos\",\"alternateName\":\"Noticias\",\"url\":\"https:\/\/infoecos.com.ar\/\",\"logo\":{\"@type\":\"ImageObject\",\"inLanguage\":\"es\",\"@id\":\"https:\/\/infoecos.com.ar\/#\/schema\/logo\/image\/\",\"url\":\"https:\/\/infoecos.com.ar\/wp-content\/uploads\/2024\/03\/cropped-logo.png\",\"contentUrl\":\"https:\/\/infoecos.com.ar\/wp-content\/uploads\/2024\/03\/cropped-logo.png\",\"width\":374,\"height\":90,\"caption\":\"Infoecos\"},\"image\":{\"@id\":\"https:\/\/infoecos.com.ar\/#\/schema\/logo\/image\/\"},\"sameAs\":[\"https:\/\/www.facebook.com\/profile.php?id=100063200290284\",\"https:\/\/x.com\/infoecos\"]},{\"@type\":\"Person\",\"@id\":\"https:\/\/infoecos.com.ar\/#\/schema\/person\/8f5ace5ce73b4b4aac4b7245aee6f191\",\"name\":\"Jorge Matheus\",\"url\":\"https:\/\/infoecos.com.ar\/index.php\/author\/jomatheus\/\"}]}<\/script>\n<!-- \/ Yoast SEO plugin. -->","yoast_head_json":{"title":"Los espect\u00e1culos que se vienen desarrollando en Trenque Lauquen son ampliamente elogiados - Infoecos","robots":{"index":"index","follow":"follow","max-snippet":"max-snippet:-1","max-image-preview":"max-image-preview:large","max-video-preview":"max-video-preview:-1"},"canonical":"https:\/\/infoecos.com.ar\/index.php\/los-espectaculos-que-se-vienen-desarrollando-en-trenque-lauquen-son-ampliamente-elogiados\/","og_locale":"es_ES","og_type":"article","og_title":"Los espect\u00e1culos que se vienen desarrollando en Trenque Lauquen son ampliamente elogiados - Infoecos","og_description":"Anoche actu\u00f3 y mereci\u00f3 elogiosos comentarios por las redes, Rodrigo Tapari (se ampliar\u00e1)","og_url":"https:\/\/infoecos.com.ar\/index.php\/los-espectaculos-que-se-vienen-desarrollando-en-trenque-lauquen-son-ampliamente-elogiados\/","og_site_name":"Infoecos","article_publisher":"https:\/\/www.facebook.com\/profile.php?id=100063200290284","article_published_time":"2023-04-16T05:24:10+00:00","article_modified_time":"2023-04-16T05:24:13+00:00","og_image":[{"width":1241,"height":830,"url":"https:\/\/infoecos.com.ar\/wp-content\/uploads\/2023\/04\/DSC_9701.jpg","type":"image\/jpeg"}],"author":"Jorge Matheus","twitter_card":"summary_large_image","twitter_creator":"@infoecos","twitter_site":"@infoecos","twitter_misc":{"Escrito por":"Jorge Matheus","Tiempo de lectura":"5 minutos"},"schema":{"@context":"https:\/\/schema.org","@graph":[{"@type":"Article","@id":"https:\/\/infoecos.com.ar\/index.php\/los-espectaculos-que-se-vienen-desarrollando-en-trenque-lauquen-son-ampliamente-elogiados\/#article","isPartOf":{"@id":"https:\/\/infoecos.com.ar\/index.php\/los-espectaculos-que-se-vienen-desarrollando-en-trenque-lauquen-son-ampliamente-elogiados\/"},"author":{"name":"Jorge Matheus","@id":"https:\/\/infoecos.com.ar\/#\/schema\/person\/8f5ace5ce73b4b4aac4b7245aee6f191"},"headline":"Los espect\u00e1culos que se vienen desarrollando en Trenque Lauquen son ampliamente elogiados","datePublished":"2023-04-16T05:24:10+00:00","dateModified":"2023-04-16T05:24:13+00:00","mainEntityOfPage":{"@id":"https:\/\/infoecos.com.ar\/index.php\/los-espectaculos-que-se-vienen-desarrollando-en-trenque-lauquen-son-ampliamente-elogiados\/"},"wordCount":300,"publisher":{"@id":"https:\/\/infoecos.com.ar\/#organization"},"image":{"@id":"https:\/\/infoecos.com.ar\/index.php\/los-espectaculos-que-se-vienen-desarrollando-en-trenque-lauquen-son-ampliamente-elogiados\/#primaryimage"},"thumbnailUrl":"https:\/\/infoecos.com.ar\/wp-content\/uploads\/2023\/04\/DSC_9701.jpg","keywords":["EL GRAN ESPECT\u00c1CULO DEL VIERNES"],"articleSection":["Noticia Secundaria"],"inLanguage":"es"},{"@type":"WebPage","@id":"https:\/\/infoecos.com.ar\/index.php\/los-espectaculos-que-se-vienen-desarrollando-en-trenque-lauquen-son-ampliamente-elogiados\/","url":"https:\/\/infoecos.com.ar\/index.php\/los-espectaculos-que-se-vienen-desarrollando-en-trenque-lauquen-son-ampliamente-elogiados\/","name":"Los espect\u00e1culos que se vienen desarrollando en Trenque Lauquen son ampliamente elogiados - Infoecos","isPartOf":{"@id":"https:\/\/infoecos.com.ar\/#website"},"primaryImageOfPage":{"@id":"https:\/\/infoecos.com.ar\/index.php\/los-espectaculos-que-se-vienen-desarrollando-en-trenque-lauquen-son-ampliamente-elogiados\/#primaryimage"},"image":{"@id":"https:\/\/infoecos.com.ar\/index.php\/los-espectaculos-que-se-vienen-desarrollando-en-trenque-lauquen-son-ampliamente-elogiados\/#primaryimage"},"thumbnailUrl":"https:\/\/infoecos.com.ar\/wp-content\/uploads\/2023\/04\/DSC_9701.jpg","datePublished":"2023-04-16T05:24:10+00:00","dateModified":"2023-04-16T05:24:13+00:00","breadcrumb":{"@id":"https:\/\/infoecos.com.ar\/index.php\/los-espectaculos-que-se-vienen-desarrollando-en-trenque-lauquen-son-ampliamente-elogiados\/#breadcrumb"},"inLanguage":"es","potentialAction":[{"@type":"ReadAction","target":["https:\/\/infoecos.com.ar\/index.php\/los-espectaculos-que-se-vienen-desarrollando-en-trenque-lauquen-son-ampliamente-elogiados\/"]}]},{"@type":"ImageObject","inLanguage":"es","@id":"https:\/\/infoecos.com.ar\/index.php\/los-espectaculos-que-se-vienen-desarrollando-en-trenque-lauquen-son-ampliamente-elogiados\/#primaryimage","url":"https:\/\/infoecos.com.ar\/wp-content\/uploads\/2023\/04\/DSC_9701.jpg","contentUrl":"https:\/\/infoecos.com.ar\/wp-content\/uploads\/2023\/04\/DSC_9701.jpg","width":1241,"height":830},{"@type":"BreadcrumbList","@id":"https:\/\/infoecos.com.ar\/index.php\/los-espectaculos-que-se-vienen-desarrollando-en-trenque-lauquen-son-ampliamente-elogiados\/#breadcrumb","itemListElement":[{"@type":"ListItem","position":1,"name":"Portada","item":"https:\/\/infoecos.com.ar\/"},{"@type":"ListItem","position":2,"name":"Los espect\u00e1culos que se vienen desarrollando en Trenque Lauquen son ampliamente elogiados"}]},{"@type":"WebSite","@id":"https:\/\/infoecos.com.ar\/#website","url":"https:\/\/infoecos.com.ar\/","name":"Infoecos","description":"Noticias de trenque lauquen y la zona","publisher":{"@id":"https:\/\/infoecos.com.ar\/#organization"},"alternateName":"Noticias","potentialAction":[{"@type":"SearchAction","target":{"@type":"EntryPoint","urlTemplate":"https:\/\/infoecos.com.ar\/?s={search_term_string}"},"query-input":{"@type":"PropertyValueSpecification","valueRequired":true,"valueName":"search_term_string"}}],"inLanguage":"es"},{"@type":"Organization","@id":"https:\/\/infoecos.com.ar\/#organization","name":"Infoecos","alternateName":"Noticias","url":"https:\/\/infoecos.com.ar\/","logo":{"@type":"ImageObject","inLanguage":"es","@id":"https:\/\/infoecos.com.ar\/#\/schema\/logo\/image\/","url":"https:\/\/infoecos.com.ar\/wp-content\/uploads\/2024\/03\/cropped-logo.png","contentUrl":"https:\/\/infoecos.com.ar\/wp-content\/uploads\/2024\/03\/cropped-logo.png","width":374,"height":90,"caption":"Infoecos"},"image":{"@id":"https:\/\/infoecos.com.ar\/#\/schema\/logo\/image\/"},"sameAs":["https:\/\/www.facebook.com\/profile.php?id=100063200290284","https:\/\/x.com\/infoecos"]},{"@type":"Person","@id":"https:\/\/infoecos.com.ar\/#\/schema\/person\/8f5ace5ce73b4b4aac4b7245aee6f191","name":"Jorge Matheus","url":"https:\/\/infoecos.com.ar\/index.php\/author\/jomatheus\/"}]}},"featured_image_urls":{"full":["https:\/\/infoecos.com.ar\/wp-content\/uploads\/2023\/04\/DSC_9701.jpg",1241,830,false],"thumbnail":["https:\/\/infoecos.com.ar\/wp-content\/uploads\/2023\/04\/DSC_9701-300x150.jpg",300,150,true],"medium":["https:\/\/infoecos.com.ar\/wp-content\/uploads\/2023\/04\/DSC_9701-800x535.jpg",800,535,true],"medium_large":["https:\/\/infoecos.com.ar\/wp-content\/uploads\/2023\/04\/DSC_9701-768x514.jpg",640,428,true],"large":["https:\/\/infoecos.com.ar\/wp-content\/uploads\/2023\/04\/DSC_9701.jpg",640,428,false],"1536x1536":["https:\/\/infoecos.com.ar\/wp-content\/uploads\/2023\/04\/DSC_9701.jpg",1241,830,false],"2048x2048":["https:\/\/infoecos.com.ar\/wp-content\/uploads\/2023\/04\/DSC_9701.jpg",1241,830,false],"covernews-slider-full":["https:\/\/infoecos.com.ar\/wp-content\/uploads\/2023\/04\/DSC_9701.jpg",1069,715,false],"covernews-slider-center":["https:\/\/infoecos.com.ar\/wp-content\/uploads\/2023\/04\/DSC_9701-936x830.jpg",564,500,true],"covernews-featured":["https:\/\/infoecos.com.ar\/wp-content\/uploads\/2023\/04\/DSC_9701-1024x685.jpg",1024,685,true],"covernews-medium":["https:\/\/infoecos.com.ar\/wp-content\/uploads\/2023\/04\/DSC_9701-720x380.jpg",540,285,true],"covernews-medium-square":["https:\/\/infoecos.com.ar\/wp-content\/uploads\/2023\/04\/DSC_9701-675x450.jpg",375,250,true]},"author_info":{"info":["Jorge Matheus"]},"category_info":"<a href=\"https:\/\/infoecos.com.ar\/index.php\/category\/noticia-secundaria\/\" rel=\"category tag\">Noticia Secundaria<\/a>","tag_info":"Noticia Secundaria","comment_count":"0","_links":{"self":[{"href":"https:\/\/infoecos.com.ar\/index.php\/wp-json\/wp\/v2\/posts\/103877"}],"collection":[{"href":"https:\/\/infoecos.com.ar\/index.php\/wp-json\/wp\/v2\/posts"}],"about":[{"href":"https:\/\/infoecos.com.ar\/index.php\/wp-json\/wp\/v2\/types\/post"}],"author":[{"embeddable":true,"href":"https:\/\/infoecos.com.ar\/index.php\/wp-json\/wp\/v2\/users\/2"}],"replies":[{"embeddable":true,"href":"https:\/\/infoecos.com.ar\/index.php\/wp-json\/wp\/v2\/comments?post=103877"}],"version-history":[{"count":1,"href":"https:\/\/infoecos.com.ar\/index.php\/wp-json\/wp\/v2\/posts\/103877\/revisions"}],"predecessor-version":[{"id":103895,"href":"https:\/\/infoecos.com.ar\/index.php\/wp-json\/wp\/v2\/posts\/103877\/revisions\/103895"}],"wp:featuredmedia":[{"embeddable":true,"href":"https:\/\/infoecos.com.ar\/index.php\/wp-json\/wp\/v2\/media\/103887"}],"wp:attachment":[{"href":"https:\/\/infoecos.com.ar\/index.php\/wp-json\/wp\/v2\/media?parent=103877"}],"wp:term":[{"taxonomy":"category","embeddable":true,"href":"https:\/\/infoecos.com.ar\/index.php\/wp-json\/wp\/v2\/categories?post=103877"},{"taxonomy":"post_tag","embeddable":true,"href":"https:\/\/infoecos.com.ar\/index.php\/wp-json\/wp\/v2\/tags?post=103877"}],"curies":[{"name":"wp","href":"https:\/\/api.w.org\/{rel}","templated":true}]}}