{"id":103899,"date":"2023-04-16T02:52:54","date_gmt":"2023-04-16T05:52:54","guid":{"rendered":"https:\/\/infoecos.com.ar\/?p=103899"},"modified":"2023-04-16T02:52:55","modified_gmt":"2023-04-16T05:52:55","slug":"ypf-ya-aplica-el-4-de-aumento-en-los-combustibles","status":"publish","type":"post","link":"https:\/\/infoecos.com.ar\/index.php\/ypf-ya-aplica-el-4-de-aumento-en-los-combustibles\/","title":{"rendered":"YPF ya aplica el 4% de aumento en los combustibles"},"content":{"rendered":"\n<p>A partir de hoy rige el acuerdo de Precios Justos que alcanz\u00f3 el Gobierno nacional con las empresas petroleras. Este convenio establece una pauta de aumento del 4 por ciento\u00a0mensual en los valores de la nafta y el gasoil.<\/p>\n\n\n\n<figure class=\"wp-block-image aligncenter size-full is-resized\"><img loading=\"lazy\" decoding=\"async\" src=\"https:\/\/infoecos.com.ar\/wp-content\/uploads\/2023\/04\/image-34.png\" alt=\"\" class=\"wp-image-103900\" width=\"509\" height=\"286\"\/><\/figure>\n\n\n\n<p>Esta es la primera suba, de las cuatro pactadas, previstas para los meses de abril, mayo, junio y julio. De esta manera, el aumento total ser\u00e1 del 17 por ciento, ya que los ajustes no se realizan sobre los precios \u201cbase\u201d, sino que ser\u00e1n acumulativos.<\/p>\n\n\n\n<p>En ese sentido, YPF anunci\u00f3 a trav\u00e9s de un comunicado que, \u201ca partir de las 00:00 horas del domingo 16 de abril aumentar\u00e1 el precio de sus combustibles un 4 por ciento promedio pa\u00eds\u201d. \u201cEste ajuste contribuye a compensar la variaci\u00f3n del tipo de cambio oficial, las diferencias en los costos log\u00edsticos y de operaci\u00f3n, el achicamiento de la brecha entre grados de combustible y el aumento de precios de biocombustibles\u201d, indic\u00f3.<\/p>\n\n\n\n<figure class=\"wp-block-image aligncenter size-full is-resized\"><img loading=\"lazy\" decoding=\"async\" src=\"https:\/\/infoecos.com.ar\/wp-content\/uploads\/2021\/03\/ypfsurtidores.jpg\" alt=\"\" class=\"wp-image-76046\" width=\"528\" height=\"362\" srcset=\"https:\/\/infoecos.com.ar\/wp-content\/uploads\/2021\/03\/ypfsurtidores.jpg 512w, https:\/\/infoecos.com.ar\/wp-content\/uploads\/2021\/03\/ypfsurtidores-460x315.jpg 460w\" sizes=\"(max-width: 528px) 100vw, 528px\" \/><\/figure>\n\n\n\n<p>Aunque los porcentajes de los incrementos ser\u00e1n siempre los mismos, los n\u00fameros que se ver\u00e1n reflejados en boca de expendio ser\u00e1n diferentes, debido a que dependen del rango de precios que exista en cada provincia y jurisdicci\u00f3n. Para esto, es necesario tener en cuenta el valor que ten\u00edan la nafta y el gasoil hasta el viernes 14 de abril, precio sobre el cual se aplic\u00f3 este primer aumento.<\/p>\n\n\n\n<p>El acuerdo se firm\u00f3 el 12 de abril y fue presentado por la secretaria de Energ\u00eda, Flavia Roy\u00f3n; y su hom\u00f3logo de Comercio, Mat\u00edas Tombolini.<\/p>\n","protected":false},"excerpt":{"rendered":"<p>Esta es la primera suba, de las cuatro pactadas, previstas para los meses de abril, mayo, junio y julio<\/p>\n","protected":false},"author":2,"featured_media":103900,"comment_status":"closed","ping_status":"open","sticky":false,"template":"","format":"standard","meta":{"footnotes":""},"categories":[28],"tags":[7699],"class_list":["post-103899","post","type-post","status-publish","format-standard","has-post-thumbnail","hentry","category-c1nota1","tag-en-el-marco-de-un-acuerdo"],"yoast_head":"<!-- This site is optimized with the Yoast SEO plugin v23.4 - https:\/\/yoast.com\/wordpress\/plugins\/seo\/ -->\n<title>YPF ya aplica el 4% de aumento en los combustibles - Infoecos<\/title>\n<meta name=\"robots\" content=\"index, follow, max-snippet:-1, max-image-preview:large, max-video-preview:-1\" \/>\n<link rel=\"canonical\" href=\"https:\/\/infoecos.com.ar\/index.php\/ypf-ya-aplica-el-4-de-aumento-en-los-combustibles\/\" \/>\n<meta property=\"og:locale\" content=\"es_ES\" \/>\n<meta property=\"og:type\" content=\"article\" \/>\n<meta property=\"og:title\" content=\"YPF ya aplica el 4% de aumento en los combustibles - Infoecos\" \/>\n<meta property=\"og:description\" content=\"Esta es la primera suba, de las cuatro pactadas, previstas para los meses de abril, mayo, junio y julio\" \/>\n<meta property=\"og:url\" content=\"https:\/\/infoecos.com.ar\/index.php\/ypf-ya-aplica-el-4-de-aumento-en-los-combustibles\/\" \/>\n<meta property=\"og:site_name\" content=\"Infoecos\" \/>\n<meta property=\"article:publisher\" content=\"https:\/\/www.facebook.com\/profile.php?id=100063200290284\" \/>\n<meta property=\"article:published_time\" content=\"2023-04-16T05:52:54+00:00\" \/>\n<meta property=\"article:modified_time\" content=\"2023-04-16T05:52:55+00:00\" \/>\n<meta property=\"og:image\" content=\"https:\/\/infoecos.com.ar\/wp-content\/uploads\/2023\/04\/image-34.png\" \/>\n\t<meta property=\"og:image:width\" content=\"768\" \/>\n\t<meta property=\"og:image:height\" content=\"432\" \/>\n\t<meta property=\"og:image:type\" content=\"image\/png\" \/>\n<meta name=\"author\" content=\"Jorge Matheus\" \/>\n<meta name=\"twitter:card\" content=\"summary_large_image\" \/>\n<meta name=\"twitter:creator\" content=\"@infoecos\" \/>\n<meta name=\"twitter:site\" content=\"@infoecos\" \/>\n<meta name=\"twitter:label1\" content=\"Escrito por\" \/>\n\t<meta name=\"twitter:data1\" content=\"Jorge Matheus\" \/>\n\t<meta name=\"twitter:label2\" content=\"Tiempo de lectura\" \/>\n\t<meta name=\"twitter:data2\" content=\"2 minutos\" \/>\n<script type=\"application\/ld+json\" class=\"yoast-schema-graph\">{\"@context\":\"https:\/\/schema.org\",\"@graph\":[{\"@type\":\"Article\",\"@id\":\"https:\/\/infoecos.com.ar\/index.php\/ypf-ya-aplica-el-4-de-aumento-en-los-combustibles\/#article\",\"isPartOf\":{\"@id\":\"https:\/\/infoecos.com.ar\/index.php\/ypf-ya-aplica-el-4-de-aumento-en-los-combustibles\/\"},\"author\":{\"name\":\"Jorge Matheus\",\"@id\":\"https:\/\/infoecos.com.ar\/#\/schema\/person\/8f5ace5ce73b4b4aac4b7245aee6f191\"},\"headline\":\"YPF ya aplica el 4% de aumento en los combustibles\",\"datePublished\":\"2023-04-16T05:52:54+00:00\",\"dateModified\":\"2023-04-16T05:52:55+00:00\",\"mainEntityOfPage\":{\"@id\":\"https:\/\/infoecos.com.ar\/index.php\/ypf-ya-aplica-el-4-de-aumento-en-los-combustibles\/\"},\"wordCount\":268,\"publisher\":{\"@id\":\"https:\/\/infoecos.com.ar\/#organization\"},\"image\":{\"@id\":\"https:\/\/infoecos.com.ar\/index.php\/ypf-ya-aplica-el-4-de-aumento-en-los-combustibles\/#primaryimage\"},\"thumbnailUrl\":\"https:\/\/infoecos.com.ar\/wp-content\/uploads\/2023\/04\/image-34.png\",\"keywords\":[\"EN EL MARCO DE UN ACUERDO\"],\"articleSection\":[\"C1 N1\"],\"inLanguage\":\"es\"},{\"@type\":\"WebPage\",\"@id\":\"https:\/\/infoecos.com.ar\/index.php\/ypf-ya-aplica-el-4-de-aumento-en-los-combustibles\/\",\"url\":\"https:\/\/infoecos.com.ar\/index.php\/ypf-ya-aplica-el-4-de-aumento-en-los-combustibles\/\",\"name\":\"YPF ya aplica el 4% de aumento en los combustibles - Infoecos\",\"isPartOf\":{\"@id\":\"https:\/\/infoecos.com.ar\/#website\"},\"primaryImageOfPage\":{\"@id\":\"https:\/\/infoecos.com.ar\/index.php\/ypf-ya-aplica-el-4-de-aumento-en-los-combustibles\/#primaryimage\"},\"image\":{\"@id\":\"https:\/\/infoecos.com.ar\/index.php\/ypf-ya-aplica-el-4-de-aumento-en-los-combustibles\/#primaryimage\"},\"thumbnailUrl\":\"https:\/\/infoecos.com.ar\/wp-content\/uploads\/2023\/04\/image-34.png\",\"datePublished\":\"2023-04-16T05:52:54+00:00\",\"dateModified\":\"2023-04-16T05:52:55+00:00\",\"breadcrumb\":{\"@id\":\"https:\/\/infoecos.com.ar\/index.php\/ypf-ya-aplica-el-4-de-aumento-en-los-combustibles\/#breadcrumb\"},\"inLanguage\":\"es\",\"potentialAction\":[{\"@type\":\"ReadAction\",\"target\":[\"https:\/\/infoecos.com.ar\/index.php\/ypf-ya-aplica-el-4-de-aumento-en-los-combustibles\/\"]}]},{\"@type\":\"ImageObject\",\"inLanguage\":\"es\",\"@id\":\"https:\/\/infoecos.com.ar\/index.php\/ypf-ya-aplica-el-4-de-aumento-en-los-combustibles\/#primaryimage\",\"url\":\"https:\/\/infoecos.com.ar\/wp-content\/uploads\/2023\/04\/image-34.png\",\"contentUrl\":\"https:\/\/infoecos.com.ar\/wp-content\/uploads\/2023\/04\/image-34.png\",\"width\":768,\"height\":432},{\"@type\":\"BreadcrumbList\",\"@id\":\"https:\/\/infoecos.com.ar\/index.php\/ypf-ya-aplica-el-4-de-aumento-en-los-combustibles\/#breadcrumb\",\"itemListElement\":[{\"@type\":\"ListItem\",\"position\":1,\"name\":\"Portada\",\"item\":\"https:\/\/infoecos.com.ar\/\"},{\"@type\":\"ListItem\",\"position\":2,\"name\":\"YPF ya aplica el 4% de aumento en los combustibles\"}]},{\"@type\":\"WebSite\",\"@id\":\"https:\/\/infoecos.com.ar\/#website\",\"url\":\"https:\/\/infoecos.com.ar\/\",\"name\":\"Infoecos\",\"description\":\"Noticias de trenque lauquen y la zona\",\"publisher\":{\"@id\":\"https:\/\/infoecos.com.ar\/#organization\"},\"alternateName\":\"Noticias\",\"potentialAction\":[{\"@type\":\"SearchAction\",\"target\":{\"@type\":\"EntryPoint\",\"urlTemplate\":\"https:\/\/infoecos.com.ar\/?s={search_term_string}\"},\"query-input\":{\"@type\":\"PropertyValueSpecification\",\"valueRequired\":true,\"valueName\":\"search_term_string\"}}],\"inLanguage\":\"es\"},{\"@type\":\"Organization\",\"@id\":\"https:\/\/infoecos.com.ar\/#organization\",\"name\":\"Infoecos\",\"alternateName\":\"Noticias\",\"url\":\"https:\/\/infoecos.com.ar\/\",\"logo\":{\"@type\":\"ImageObject\",\"inLanguage\":\"es\",\"@id\":\"https:\/\/infoecos.com.ar\/#\/schema\/logo\/image\/\",\"url\":\"https:\/\/infoecos.com.ar\/wp-content\/uploads\/2024\/03\/cropped-logo.png\",\"contentUrl\":\"https:\/\/infoecos.com.ar\/wp-content\/uploads\/2024\/03\/cropped-logo.png\",\"width\":374,\"height\":90,\"caption\":\"Infoecos\"},\"image\":{\"@id\":\"https:\/\/infoecos.com.ar\/#\/schema\/logo\/image\/\"},\"sameAs\":[\"https:\/\/www.facebook.com\/profile.php?id=100063200290284\",\"https:\/\/x.com\/infoecos\"]},{\"@type\":\"Person\",\"@id\":\"https:\/\/infoecos.com.ar\/#\/schema\/person\/8f5ace5ce73b4b4aac4b7245aee6f191\",\"name\":\"Jorge Matheus\",\"url\":\"https:\/\/infoecos.com.ar\/index.php\/author\/jomatheus\/\"}]}<\/script>\n<!-- \/ Yoast SEO plugin. -->","yoast_head_json":{"title":"YPF ya aplica el 4% de aumento en los combustibles - Infoecos","robots":{"index":"index","follow":"follow","max-snippet":"max-snippet:-1","max-image-preview":"max-image-preview:large","max-video-preview":"max-video-preview:-1"},"canonical":"https:\/\/infoecos.com.ar\/index.php\/ypf-ya-aplica-el-4-de-aumento-en-los-combustibles\/","og_locale":"es_ES","og_type":"article","og_title":"YPF ya aplica el 4% de aumento en los combustibles - Infoecos","og_description":"Esta es la primera suba, de las cuatro pactadas, previstas para los meses de abril, mayo, junio y julio","og_url":"https:\/\/infoecos.com.ar\/index.php\/ypf-ya-aplica-el-4-de-aumento-en-los-combustibles\/","og_site_name":"Infoecos","article_publisher":"https:\/\/www.facebook.com\/profile.php?id=100063200290284","article_published_time":"2023-04-16T05:52:54+00:00","article_modified_time":"2023-04-16T05:52:55+00:00","og_image":[{"width":768,"height":432,"url":"https:\/\/infoecos.com.ar\/wp-content\/uploads\/2023\/04\/image-34.png","type":"image\/png"}],"author":"Jorge Matheus","twitter_card":"summary_large_image","twitter_creator":"@infoecos","twitter_site":"@infoecos","twitter_misc":{"Escrito por":"Jorge Matheus","Tiempo de lectura":"2 minutos"},"schema":{"@context":"https:\/\/schema.org","@graph":[{"@type":"Article","@id":"https:\/\/infoecos.com.ar\/index.php\/ypf-ya-aplica-el-4-de-aumento-en-los-combustibles\/#article","isPartOf":{"@id":"https:\/\/infoecos.com.ar\/index.php\/ypf-ya-aplica-el-4-de-aumento-en-los-combustibles\/"},"author":{"name":"Jorge Matheus","@id":"https:\/\/infoecos.com.ar\/#\/schema\/person\/8f5ace5ce73b4b4aac4b7245aee6f191"},"headline":"YPF ya aplica el 4% de aumento en los combustibles","datePublished":"2023-04-16T05:52:54+00:00","dateModified":"2023-04-16T05:52:55+00:00","mainEntityOfPage":{"@id":"https:\/\/infoecos.com.ar\/index.php\/ypf-ya-aplica-el-4-de-aumento-en-los-combustibles\/"},"wordCount":268,"publisher":{"@id":"https:\/\/infoecos.com.ar\/#organization"},"image":{"@id":"https:\/\/infoecos.com.ar\/index.php\/ypf-ya-aplica-el-4-de-aumento-en-los-combustibles\/#primaryimage"},"thumbnailUrl":"https:\/\/infoecos.com.ar\/wp-content\/uploads\/2023\/04\/image-34.png","keywords":["EN EL MARCO DE UN ACUERDO"],"articleSection":["C1 N1"],"inLanguage":"es"},{"@type":"WebPage","@id":"https:\/\/infoecos.com.ar\/index.php\/ypf-ya-aplica-el-4-de-aumento-en-los-combustibles\/","url":"https:\/\/infoecos.com.ar\/index.php\/ypf-ya-aplica-el-4-de-aumento-en-los-combustibles\/","name":"YPF ya aplica el 4% de aumento en los combustibles - Infoecos","isPartOf":{"@id":"https:\/\/infoecos.com.ar\/#website"},"primaryImageOfPage":{"@id":"https:\/\/infoecos.com.ar\/index.php\/ypf-ya-aplica-el-4-de-aumento-en-los-combustibles\/#primaryimage"},"image":{"@id":"https:\/\/infoecos.com.ar\/index.php\/ypf-ya-aplica-el-4-de-aumento-en-los-combustibles\/#primaryimage"},"thumbnailUrl":"https:\/\/infoecos.com.ar\/wp-content\/uploads\/2023\/04\/image-34.png","datePublished":"2023-04-16T05:52:54+00:00","dateModified":"2023-04-16T05:52:55+00:00","breadcrumb":{"@id":"https:\/\/infoecos.com.ar\/index.php\/ypf-ya-aplica-el-4-de-aumento-en-los-combustibles\/#breadcrumb"},"inLanguage":"es","potentialAction":[{"@type":"ReadAction","target":["https:\/\/infoecos.com.ar\/index.php\/ypf-ya-aplica-el-4-de-aumento-en-los-combustibles\/"]}]},{"@type":"ImageObject","inLanguage":"es","@id":"https:\/\/infoecos.com.ar\/index.php\/ypf-ya-aplica-el-4-de-aumento-en-los-combustibles\/#primaryimage","url":"https:\/\/infoecos.com.ar\/wp-content\/uploads\/2023\/04\/image-34.png","contentUrl":"https:\/\/infoecos.com.ar\/wp-content\/uploads\/2023\/04\/image-34.png","width":768,"height":432},{"@type":"BreadcrumbList","@id":"https:\/\/infoecos.com.ar\/index.php\/ypf-ya-aplica-el-4-de-aumento-en-los-combustibles\/#breadcrumb","itemListElement":[{"@type":"ListItem","position":1,"name":"Portada","item":"https:\/\/infoecos.com.ar\/"},{"@type":"ListItem","position":2,"name":"YPF ya aplica el 4% de aumento en los combustibles"}]},{"@type":"WebSite","@id":"https:\/\/infoecos.com.ar\/#website","url":"https:\/\/infoecos.com.ar\/","name":"Infoecos","description":"Noticias de trenque lauquen y la zona","publisher":{"@id":"https:\/\/infoecos.com.ar\/#organization"},"alternateName":"Noticias","potentialAction":[{"@type":"SearchAction","target":{"@type":"EntryPoint","urlTemplate":"https:\/\/infoecos.com.ar\/?s={search_term_string}"},"query-input":{"@type":"PropertyValueSpecification","valueRequired":true,"valueName":"search_term_string"}}],"inLanguage":"es"},{"@type":"Organization","@id":"https:\/\/infoecos.com.ar\/#organization","name":"Infoecos","alternateName":"Noticias","url":"https:\/\/infoecos.com.ar\/","logo":{"@type":"ImageObject","inLanguage":"es","@id":"https:\/\/infoecos.com.ar\/#\/schema\/logo\/image\/","url":"https:\/\/infoecos.com.ar\/wp-content\/uploads\/2024\/03\/cropped-logo.png","contentUrl":"https:\/\/infoecos.com.ar\/wp-content\/uploads\/2024\/03\/cropped-logo.png","width":374,"height":90,"caption":"Infoecos"},"image":{"@id":"https:\/\/infoecos.com.ar\/#\/schema\/logo\/image\/"},"sameAs":["https:\/\/www.facebook.com\/profile.php?id=100063200290284","https:\/\/x.com\/infoecos"]},{"@type":"Person","@id":"https:\/\/infoecos.com.ar\/#\/schema\/person\/8f5ace5ce73b4b4aac4b7245aee6f191","name":"Jorge Matheus","url":"https:\/\/infoecos.com.ar\/index.php\/author\/jomatheus\/"}]}},"featured_image_urls":{"full":["https:\/\/infoecos.com.ar\/wp-content\/uploads\/2023\/04\/image-34.png",768,432,false],"thumbnail":["https:\/\/infoecos.com.ar\/wp-content\/uploads\/2023\/04\/image-34-300x150.png",300,150,true],"medium":["https:\/\/infoecos.com.ar\/wp-content\/uploads\/2023\/04\/image-34.png",768,432,false],"medium_large":["https:\/\/infoecos.com.ar\/wp-content\/uploads\/2023\/04\/image-34.png",640,360,false],"large":["https:\/\/infoecos.com.ar\/wp-content\/uploads\/2023\/04\/image-34.png",640,360,false],"1536x1536":["https:\/\/infoecos.com.ar\/wp-content\/uploads\/2023\/04\/image-34.png",768,432,false],"2048x2048":["https:\/\/infoecos.com.ar\/wp-content\/uploads\/2023\/04\/image-34.png",768,432,false],"covernews-slider-full":["https:\/\/infoecos.com.ar\/wp-content\/uploads\/2023\/04\/image-34.png",768,432,false],"covernews-slider-center":["https:\/\/infoecos.com.ar\/wp-content\/uploads\/2023\/04\/image-34.png",768,432,false],"covernews-featured":["https:\/\/infoecos.com.ar\/wp-content\/uploads\/2023\/04\/image-34.png",768,432,false],"covernews-medium":["https:\/\/infoecos.com.ar\/wp-content\/uploads\/2023\/04\/image-34-720x380.png",540,285,true],"covernews-medium-square":["https:\/\/infoecos.com.ar\/wp-content\/uploads\/2023\/04\/image-34-675x432.png",391,250,true]},"author_info":{"info":["Jorge Matheus"]},"category_info":"<a href=\"https:\/\/infoecos.com.ar\/index.php\/category\/c1nota1\/\" rel=\"category tag\">C1 N1<\/a>","tag_info":"C1 N1","comment_count":"0","_links":{"self":[{"href":"https:\/\/infoecos.com.ar\/index.php\/wp-json\/wp\/v2\/posts\/103899"}],"collection":[{"href":"https:\/\/infoecos.com.ar\/index.php\/wp-json\/wp\/v2\/posts"}],"about":[{"href":"https:\/\/infoecos.com.ar\/index.php\/wp-json\/wp\/v2\/types\/post"}],"author":[{"embeddable":true,"href":"https:\/\/infoecos.com.ar\/index.php\/wp-json\/wp\/v2\/users\/2"}],"replies":[{"embeddable":true,"href":"https:\/\/infoecos.com.ar\/index.php\/wp-json\/wp\/v2\/comments?post=103899"}],"version-history":[{"count":1,"href":"https:\/\/infoecos.com.ar\/index.php\/wp-json\/wp\/v2\/posts\/103899\/revisions"}],"predecessor-version":[{"id":103901,"href":"https:\/\/infoecos.com.ar\/index.php\/wp-json\/wp\/v2\/posts\/103899\/revisions\/103901"}],"wp:featuredmedia":[{"embeddable":true,"href":"https:\/\/infoecos.com.ar\/index.php\/wp-json\/wp\/v2\/media\/103900"}],"wp:attachment":[{"href":"https:\/\/infoecos.com.ar\/index.php\/wp-json\/wp\/v2\/media?parent=103899"}],"wp:term":[{"taxonomy":"category","embeddable":true,"href":"https:\/\/infoecos.com.ar\/index.php\/wp-json\/wp\/v2\/categories?post=103899"},{"taxonomy":"post_tag","embeddable":true,"href":"https:\/\/infoecos.com.ar\/index.php\/wp-json\/wp\/v2\/tags?post=103899"}],"curies":[{"name":"wp","href":"https:\/\/api.w.org\/{rel}","templated":true}]}}