{"id":103904,"date":"2023-04-16T03:10:54","date_gmt":"2023-04-16T06:10:54","guid":{"rendered":"https:\/\/infoecos.com.ar\/?p=103904"},"modified":"2023-04-16T03:10:55","modified_gmt":"2023-04-16T06:10:55","slug":"41-257-casos-de-dengue-en-el-pais-informo-el-ministerio-de-salud-de-la-nacion","status":"publish","type":"post","link":"https:\/\/infoecos.com.ar\/index.php\/41-257-casos-de-dengue-en-el-pais-informo-el-ministerio-de-salud-de-la-nacion\/","title":{"rendered":"41.257 casos de dengue en el pa\u00eds, inform\u00f3 el ministerio de Salud de la Naci\u00f3n"},"content":{"rendered":"\n<p>Hasta el 8 de abril, se notificaron en el pa\u00eds 41.257 casos de dengue, de los cuales 37.914 adquirieron la infecci\u00f3n en la Argentina. Lo inform\u00f3 el ministerio de Salud de la Naci\u00f3n.<\/p>\n\n\n\n<figure class=\"wp-block-image aligncenter size-large is-resized\"><img loading=\"lazy\" decoding=\"async\" src=\"https:\/\/infoecos.com.ar\/wp-content\/uploads\/2021\/01\/dengue-920x612.jpg\" alt=\"\" class=\"wp-image-73131\" width=\"503\" height=\"334\" srcset=\"https:\/\/infoecos.com.ar\/wp-content\/uploads\/2021\/01\/dengue-920x612.jpg 920w, https:\/\/infoecos.com.ar\/wp-content\/uploads\/2021\/01\/dengue-460x306.jpg 460w, https:\/\/infoecos.com.ar\/wp-content\/uploads\/2021\/01\/dengue-768x511.jpg 768w, https:\/\/infoecos.com.ar\/wp-content\/uploads\/2021\/01\/dengue-675x450.jpg 675w, https:\/\/infoecos.com.ar\/wp-content\/uploads\/2021\/01\/dengue.jpg 999w\" sizes=\"(max-width: 503px) 100vw, 503px\" \/><\/figure>\n\n\n\n<p>Desde la cartera sanitaria informaron que hasta el momento la circulaci\u00f3n de este virus se ha identificado en 15 jurisdicciones correspondientes a cuatro regiones: Regi\u00f3n Centro (Buenos Aires; Ciudad Aut\u00f3noma de Buenos Aires; C\u00f3rdoba; Entre R\u00edos; Santa Fe); regi\u00f3n NEA (Corrientes; Formosa; Chaco), regi\u00f3n NOA (Catamarca; Jujuy; La Rioja; Salta; Santiago del Estero; Tucum\u00e1n) y la provincia de San Luis en la regi\u00f3n Cuyo.<\/p>\n\n\n\n<p>Adem\u00e1s, el ministerio que conduce Carla Vizzotti registr\u00f3 co-circulaci\u00f3n de dengue y chikungunya en localidades de Buenos Aires; CABA; C\u00f3rdoba; Corrientes; Formosa y Santa Fe.<\/p>\n\n\n\n<p>En tanto, en lo que refiere a fiebre chikungunya, se registraron 1.092 casos de los cuales 647 adquirieron la infecci\u00f3n en el pa\u00eds; 171 se encuentran en investigaci\u00f3n y 274 adquirieron la enfermedad en el exterior.<\/p>\n\n\n\n<p>En este caso, la circulaci\u00f3n de la fiebre chikungunya se ha confirmado en diferentes localidades de 8 jurisdicciones: Buenos Aires; CABA; Chaco; C\u00f3rdoba; Corrientes; Formosa; Santa Fe y Salta.<\/p>\n\n\n\n<p><\/p>\n","protected":false},"excerpt":{"rendered":"<p>Desde la cartera sanitaria informaron que hasta el momento la circulaci\u00f3n de este virus se ha identificado en 15 jurisdicciones correspondientes a cuatro regiones<\/p>\n","protected":false},"author":2,"featured_media":73131,"comment_status":"closed","ping_status":"open","sticky":false,"template":"","format":"standard","meta":{"footnotes":""},"categories":[25],"tags":[156],"class_list":["post-103904","post","type-post","status-publish","format-standard","has-post-thumbnail","hentry","category-c3nota1","tag-salud"],"yoast_head":"<!-- This site is optimized with the Yoast SEO plugin v23.4 - https:\/\/yoast.com\/wordpress\/plugins\/seo\/ -->\n<title>41.257 casos de dengue en el pa\u00eds, inform\u00f3 el ministerio de Salud de la Naci\u00f3n - Infoecos<\/title>\n<meta name=\"robots\" content=\"index, follow, max-snippet:-1, max-image-preview:large, max-video-preview:-1\" \/>\n<link rel=\"canonical\" href=\"https:\/\/infoecos.com.ar\/index.php\/41-257-casos-de-dengue-en-el-pais-informo-el-ministerio-de-salud-de-la-nacion\/\" \/>\n<meta property=\"og:locale\" content=\"es_ES\" \/>\n<meta property=\"og:type\" content=\"article\" \/>\n<meta property=\"og:title\" content=\"41.257 casos de dengue en el pa\u00eds, inform\u00f3 el ministerio de Salud de la Naci\u00f3n - Infoecos\" \/>\n<meta property=\"og:description\" content=\"Desde la cartera sanitaria informaron que hasta el momento la circulaci\u00f3n de este virus se ha identificado en 15 jurisdicciones correspondientes a cuatro regiones\" \/>\n<meta property=\"og:url\" content=\"https:\/\/infoecos.com.ar\/index.php\/41-257-casos-de-dengue-en-el-pais-informo-el-ministerio-de-salud-de-la-nacion\/\" \/>\n<meta property=\"og:site_name\" content=\"Infoecos\" \/>\n<meta property=\"article:publisher\" content=\"https:\/\/www.facebook.com\/profile.php?id=100063200290284\" \/>\n<meta property=\"article:published_time\" content=\"2023-04-16T06:10:54+00:00\" \/>\n<meta property=\"article:modified_time\" content=\"2023-04-16T06:10:55+00:00\" \/>\n<meta property=\"og:image\" content=\"https:\/\/infoecos.com.ar\/wp-content\/uploads\/2021\/01\/dengue.jpg\" \/>\n\t<meta property=\"og:image:width\" content=\"999\" \/>\n\t<meta property=\"og:image:height\" content=\"665\" \/>\n\t<meta property=\"og:image:type\" content=\"image\/jpeg\" \/>\n<meta name=\"author\" content=\"Jorge Matheus\" \/>\n<meta name=\"twitter:card\" content=\"summary_large_image\" \/>\n<meta name=\"twitter:creator\" content=\"@infoecos\" \/>\n<meta name=\"twitter:site\" content=\"@infoecos\" \/>\n<meta name=\"twitter:label1\" content=\"Escrito por\" \/>\n\t<meta name=\"twitter:data1\" content=\"Jorge Matheus\" \/>\n\t<meta name=\"twitter:label2\" content=\"Tiempo de lectura\" \/>\n\t<meta name=\"twitter:data2\" content=\"2 minutos\" \/>\n<script type=\"application\/ld+json\" class=\"yoast-schema-graph\">{\"@context\":\"https:\/\/schema.org\",\"@graph\":[{\"@type\":\"Article\",\"@id\":\"https:\/\/infoecos.com.ar\/index.php\/41-257-casos-de-dengue-en-el-pais-informo-el-ministerio-de-salud-de-la-nacion\/#article\",\"isPartOf\":{\"@id\":\"https:\/\/infoecos.com.ar\/index.php\/41-257-casos-de-dengue-en-el-pais-informo-el-ministerio-de-salud-de-la-nacion\/\"},\"author\":{\"name\":\"Jorge Matheus\",\"@id\":\"https:\/\/infoecos.com.ar\/#\/schema\/person\/8f5ace5ce73b4b4aac4b7245aee6f191\"},\"headline\":\"41.257 casos de dengue en el pa\u00eds, inform\u00f3 el ministerio de Salud de la Naci\u00f3n\",\"datePublished\":\"2023-04-16T06:10:54+00:00\",\"dateModified\":\"2023-04-16T06:10:55+00:00\",\"mainEntityOfPage\":{\"@id\":\"https:\/\/infoecos.com.ar\/index.php\/41-257-casos-de-dengue-en-el-pais-informo-el-ministerio-de-salud-de-la-nacion\/\"},\"wordCount\":214,\"publisher\":{\"@id\":\"https:\/\/infoecos.com.ar\/#organization\"},\"image\":{\"@id\":\"https:\/\/infoecos.com.ar\/index.php\/41-257-casos-de-dengue-en-el-pais-informo-el-ministerio-de-salud-de-la-nacion\/#primaryimage\"},\"thumbnailUrl\":\"https:\/\/infoecos.com.ar\/wp-content\/uploads\/2021\/01\/dengue.jpg\",\"keywords\":[\"SALUD\"],\"articleSection\":[\"C3 N1\"],\"inLanguage\":\"es\"},{\"@type\":\"WebPage\",\"@id\":\"https:\/\/infoecos.com.ar\/index.php\/41-257-casos-de-dengue-en-el-pais-informo-el-ministerio-de-salud-de-la-nacion\/\",\"url\":\"https:\/\/infoecos.com.ar\/index.php\/41-257-casos-de-dengue-en-el-pais-informo-el-ministerio-de-salud-de-la-nacion\/\",\"name\":\"41.257 casos de dengue en el pa\u00eds, inform\u00f3 el ministerio de Salud de la Naci\u00f3n - Infoecos\",\"isPartOf\":{\"@id\":\"https:\/\/infoecos.com.ar\/#website\"},\"primaryImageOfPage\":{\"@id\":\"https:\/\/infoecos.com.ar\/index.php\/41-257-casos-de-dengue-en-el-pais-informo-el-ministerio-de-salud-de-la-nacion\/#primaryimage\"},\"image\":{\"@id\":\"https:\/\/infoecos.com.ar\/index.php\/41-257-casos-de-dengue-en-el-pais-informo-el-ministerio-de-salud-de-la-nacion\/#primaryimage\"},\"thumbnailUrl\":\"https:\/\/infoecos.com.ar\/wp-content\/uploads\/2021\/01\/dengue.jpg\",\"datePublished\":\"2023-04-16T06:10:54+00:00\",\"dateModified\":\"2023-04-16T06:10:55+00:00\",\"breadcrumb\":{\"@id\":\"https:\/\/infoecos.com.ar\/index.php\/41-257-casos-de-dengue-en-el-pais-informo-el-ministerio-de-salud-de-la-nacion\/#breadcrumb\"},\"inLanguage\":\"es\",\"potentialAction\":[{\"@type\":\"ReadAction\",\"target\":[\"https:\/\/infoecos.com.ar\/index.php\/41-257-casos-de-dengue-en-el-pais-informo-el-ministerio-de-salud-de-la-nacion\/\"]}]},{\"@type\":\"ImageObject\",\"inLanguage\":\"es\",\"@id\":\"https:\/\/infoecos.com.ar\/index.php\/41-257-casos-de-dengue-en-el-pais-informo-el-ministerio-de-salud-de-la-nacion\/#primaryimage\",\"url\":\"https:\/\/infoecos.com.ar\/wp-content\/uploads\/2021\/01\/dengue.jpg\",\"contentUrl\":\"https:\/\/infoecos.com.ar\/wp-content\/uploads\/2021\/01\/dengue.jpg\",\"width\":999,\"height\":665},{\"@type\":\"BreadcrumbList\",\"@id\":\"https:\/\/infoecos.com.ar\/index.php\/41-257-casos-de-dengue-en-el-pais-informo-el-ministerio-de-salud-de-la-nacion\/#breadcrumb\",\"itemListElement\":[{\"@type\":\"ListItem\",\"position\":1,\"name\":\"Portada\",\"item\":\"https:\/\/infoecos.com.ar\/\"},{\"@type\":\"ListItem\",\"position\":2,\"name\":\"41.257 casos de dengue en el pa\u00eds, inform\u00f3 el ministerio de Salud de la Naci\u00f3n\"}]},{\"@type\":\"WebSite\",\"@id\":\"https:\/\/infoecos.com.ar\/#website\",\"url\":\"https:\/\/infoecos.com.ar\/\",\"name\":\"Infoecos\",\"description\":\"Noticias de trenque lauquen y la zona\",\"publisher\":{\"@id\":\"https:\/\/infoecos.com.ar\/#organization\"},\"alternateName\":\"Noticias\",\"potentialAction\":[{\"@type\":\"SearchAction\",\"target\":{\"@type\":\"EntryPoint\",\"urlTemplate\":\"https:\/\/infoecos.com.ar\/?s={search_term_string}\"},\"query-input\":{\"@type\":\"PropertyValueSpecification\",\"valueRequired\":true,\"valueName\":\"search_term_string\"}}],\"inLanguage\":\"es\"},{\"@type\":\"Organization\",\"@id\":\"https:\/\/infoecos.com.ar\/#organization\",\"name\":\"Infoecos\",\"alternateName\":\"Noticias\",\"url\":\"https:\/\/infoecos.com.ar\/\",\"logo\":{\"@type\":\"ImageObject\",\"inLanguage\":\"es\",\"@id\":\"https:\/\/infoecos.com.ar\/#\/schema\/logo\/image\/\",\"url\":\"https:\/\/infoecos.com.ar\/wp-content\/uploads\/2024\/03\/cropped-logo.png\",\"contentUrl\":\"https:\/\/infoecos.com.ar\/wp-content\/uploads\/2024\/03\/cropped-logo.png\",\"width\":374,\"height\":90,\"caption\":\"Infoecos\"},\"image\":{\"@id\":\"https:\/\/infoecos.com.ar\/#\/schema\/logo\/image\/\"},\"sameAs\":[\"https:\/\/www.facebook.com\/profile.php?id=100063200290284\",\"https:\/\/x.com\/infoecos\"]},{\"@type\":\"Person\",\"@id\":\"https:\/\/infoecos.com.ar\/#\/schema\/person\/8f5ace5ce73b4b4aac4b7245aee6f191\",\"name\":\"Jorge Matheus\",\"url\":\"https:\/\/infoecos.com.ar\/index.php\/author\/jomatheus\/\"}]}<\/script>\n<!-- \/ Yoast SEO plugin. -->","yoast_head_json":{"title":"41.257 casos de dengue en el pa\u00eds, inform\u00f3 el ministerio de Salud de la Naci\u00f3n - Infoecos","robots":{"index":"index","follow":"follow","max-snippet":"max-snippet:-1","max-image-preview":"max-image-preview:large","max-video-preview":"max-video-preview:-1"},"canonical":"https:\/\/infoecos.com.ar\/index.php\/41-257-casos-de-dengue-en-el-pais-informo-el-ministerio-de-salud-de-la-nacion\/","og_locale":"es_ES","og_type":"article","og_title":"41.257 casos de dengue en el pa\u00eds, inform\u00f3 el ministerio de Salud de la Naci\u00f3n - Infoecos","og_description":"Desde la cartera sanitaria informaron que hasta el momento la circulaci\u00f3n de este virus se ha identificado en 15 jurisdicciones correspondientes a cuatro regiones","og_url":"https:\/\/infoecos.com.ar\/index.php\/41-257-casos-de-dengue-en-el-pais-informo-el-ministerio-de-salud-de-la-nacion\/","og_site_name":"Infoecos","article_publisher":"https:\/\/www.facebook.com\/profile.php?id=100063200290284","article_published_time":"2023-04-16T06:10:54+00:00","article_modified_time":"2023-04-16T06:10:55+00:00","og_image":[{"width":999,"height":665,"url":"https:\/\/infoecos.com.ar\/wp-content\/uploads\/2021\/01\/dengue.jpg","type":"image\/jpeg"}],"author":"Jorge Matheus","twitter_card":"summary_large_image","twitter_creator":"@infoecos","twitter_site":"@infoecos","twitter_misc":{"Escrito por":"Jorge Matheus","Tiempo de lectura":"2 minutos"},"schema":{"@context":"https:\/\/schema.org","@graph":[{"@type":"Article","@id":"https:\/\/infoecos.com.ar\/index.php\/41-257-casos-de-dengue-en-el-pais-informo-el-ministerio-de-salud-de-la-nacion\/#article","isPartOf":{"@id":"https:\/\/infoecos.com.ar\/index.php\/41-257-casos-de-dengue-en-el-pais-informo-el-ministerio-de-salud-de-la-nacion\/"},"author":{"name":"Jorge Matheus","@id":"https:\/\/infoecos.com.ar\/#\/schema\/person\/8f5ace5ce73b4b4aac4b7245aee6f191"},"headline":"41.257 casos de dengue en el pa\u00eds, inform\u00f3 el ministerio de Salud de la Naci\u00f3n","datePublished":"2023-04-16T06:10:54+00:00","dateModified":"2023-04-16T06:10:55+00:00","mainEntityOfPage":{"@id":"https:\/\/infoecos.com.ar\/index.php\/41-257-casos-de-dengue-en-el-pais-informo-el-ministerio-de-salud-de-la-nacion\/"},"wordCount":214,"publisher":{"@id":"https:\/\/infoecos.com.ar\/#organization"},"image":{"@id":"https:\/\/infoecos.com.ar\/index.php\/41-257-casos-de-dengue-en-el-pais-informo-el-ministerio-de-salud-de-la-nacion\/#primaryimage"},"thumbnailUrl":"https:\/\/infoecos.com.ar\/wp-content\/uploads\/2021\/01\/dengue.jpg","keywords":["SALUD"],"articleSection":["C3 N1"],"inLanguage":"es"},{"@type":"WebPage","@id":"https:\/\/infoecos.com.ar\/index.php\/41-257-casos-de-dengue-en-el-pais-informo-el-ministerio-de-salud-de-la-nacion\/","url":"https:\/\/infoecos.com.ar\/index.php\/41-257-casos-de-dengue-en-el-pais-informo-el-ministerio-de-salud-de-la-nacion\/","name":"41.257 casos de dengue en el pa\u00eds, inform\u00f3 el ministerio de Salud de la Naci\u00f3n - Infoecos","isPartOf":{"@id":"https:\/\/infoecos.com.ar\/#website"},"primaryImageOfPage":{"@id":"https:\/\/infoecos.com.ar\/index.php\/41-257-casos-de-dengue-en-el-pais-informo-el-ministerio-de-salud-de-la-nacion\/#primaryimage"},"image":{"@id":"https:\/\/infoecos.com.ar\/index.php\/41-257-casos-de-dengue-en-el-pais-informo-el-ministerio-de-salud-de-la-nacion\/#primaryimage"},"thumbnailUrl":"https:\/\/infoecos.com.ar\/wp-content\/uploads\/2021\/01\/dengue.jpg","datePublished":"2023-04-16T06:10:54+00:00","dateModified":"2023-04-16T06:10:55+00:00","breadcrumb":{"@id":"https:\/\/infoecos.com.ar\/index.php\/41-257-casos-de-dengue-en-el-pais-informo-el-ministerio-de-salud-de-la-nacion\/#breadcrumb"},"inLanguage":"es","potentialAction":[{"@type":"ReadAction","target":["https:\/\/infoecos.com.ar\/index.php\/41-257-casos-de-dengue-en-el-pais-informo-el-ministerio-de-salud-de-la-nacion\/"]}]},{"@type":"ImageObject","inLanguage":"es","@id":"https:\/\/infoecos.com.ar\/index.php\/41-257-casos-de-dengue-en-el-pais-informo-el-ministerio-de-salud-de-la-nacion\/#primaryimage","url":"https:\/\/infoecos.com.ar\/wp-content\/uploads\/2021\/01\/dengue.jpg","contentUrl":"https:\/\/infoecos.com.ar\/wp-content\/uploads\/2021\/01\/dengue.jpg","width":999,"height":665},{"@type":"BreadcrumbList","@id":"https:\/\/infoecos.com.ar\/index.php\/41-257-casos-de-dengue-en-el-pais-informo-el-ministerio-de-salud-de-la-nacion\/#breadcrumb","itemListElement":[{"@type":"ListItem","position":1,"name":"Portada","item":"https:\/\/infoecos.com.ar\/"},{"@type":"ListItem","position":2,"name":"41.257 casos de dengue en el pa\u00eds, inform\u00f3 el ministerio de Salud de la Naci\u00f3n"}]},{"@type":"WebSite","@id":"https:\/\/infoecos.com.ar\/#website","url":"https:\/\/infoecos.com.ar\/","name":"Infoecos","description":"Noticias de trenque lauquen y la zona","publisher":{"@id":"https:\/\/infoecos.com.ar\/#organization"},"alternateName":"Noticias","potentialAction":[{"@type":"SearchAction","target":{"@type":"EntryPoint","urlTemplate":"https:\/\/infoecos.com.ar\/?s={search_term_string}"},"query-input":{"@type":"PropertyValueSpecification","valueRequired":true,"valueName":"search_term_string"}}],"inLanguage":"es"},{"@type":"Organization","@id":"https:\/\/infoecos.com.ar\/#organization","name":"Infoecos","alternateName":"Noticias","url":"https:\/\/infoecos.com.ar\/","logo":{"@type":"ImageObject","inLanguage":"es","@id":"https:\/\/infoecos.com.ar\/#\/schema\/logo\/image\/","url":"https:\/\/infoecos.com.ar\/wp-content\/uploads\/2024\/03\/cropped-logo.png","contentUrl":"https:\/\/infoecos.com.ar\/wp-content\/uploads\/2024\/03\/cropped-logo.png","width":374,"height":90,"caption":"Infoecos"},"image":{"@id":"https:\/\/infoecos.com.ar\/#\/schema\/logo\/image\/"},"sameAs":["https:\/\/www.facebook.com\/profile.php?id=100063200290284","https:\/\/x.com\/infoecos"]},{"@type":"Person","@id":"https:\/\/infoecos.com.ar\/#\/schema\/person\/8f5ace5ce73b4b4aac4b7245aee6f191","name":"Jorge Matheus","url":"https:\/\/infoecos.com.ar\/index.php\/author\/jomatheus\/"}]}},"featured_image_urls":{"full":["https:\/\/infoecos.com.ar\/wp-content\/uploads\/2021\/01\/dengue.jpg",999,665,false],"thumbnail":["https:\/\/infoecos.com.ar\/wp-content\/uploads\/2021\/01\/dengue-150x150.jpg",150,150,true],"medium":["https:\/\/infoecos.com.ar\/wp-content\/uploads\/2021\/01\/dengue-460x306.jpg",460,306,true],"medium_large":["https:\/\/infoecos.com.ar\/wp-content\/uploads\/2021\/01\/dengue-768x511.jpg",640,426,true],"large":["https:\/\/infoecos.com.ar\/wp-content\/uploads\/2021\/01\/dengue-920x612.jpg",640,426,true],"1536x1536":["https:\/\/infoecos.com.ar\/wp-content\/uploads\/2021\/01\/dengue.jpg",999,665,false],"2048x2048":["https:\/\/infoecos.com.ar\/wp-content\/uploads\/2021\/01\/dengue.jpg",999,665,false],"covernews-slider-full":["https:\/\/infoecos.com.ar\/wp-content\/uploads\/2021\/01\/dengue.jpg",999,665,false],"covernews-slider-center":["https:\/\/infoecos.com.ar\/wp-content\/uploads\/2021\/01\/dengue-936x665.jpg",704,500,true],"covernews-featured":["https:\/\/infoecos.com.ar\/wp-content\/uploads\/2021\/01\/dengue.jpg",999,665,false],"covernews-medium":["https:\/\/infoecos.com.ar\/wp-content\/uploads\/2021\/01\/dengue-720x380.jpg",540,285,true],"covernews-medium-square":["https:\/\/infoecos.com.ar\/wp-content\/uploads\/2021\/01\/dengue-675x450.jpg",375,250,true]},"author_info":{"info":["Jorge Matheus"]},"category_info":"<a href=\"https:\/\/infoecos.com.ar\/index.php\/category\/c3nota1\/\" rel=\"category tag\">C3 N1<\/a>","tag_info":"C3 N1","comment_count":"0","_links":{"self":[{"href":"https:\/\/infoecos.com.ar\/index.php\/wp-json\/wp\/v2\/posts\/103904"}],"collection":[{"href":"https:\/\/infoecos.com.ar\/index.php\/wp-json\/wp\/v2\/posts"}],"about":[{"href":"https:\/\/infoecos.com.ar\/index.php\/wp-json\/wp\/v2\/types\/post"}],"author":[{"embeddable":true,"href":"https:\/\/infoecos.com.ar\/index.php\/wp-json\/wp\/v2\/users\/2"}],"replies":[{"embeddable":true,"href":"https:\/\/infoecos.com.ar\/index.php\/wp-json\/wp\/v2\/comments?post=103904"}],"version-history":[{"count":1,"href":"https:\/\/infoecos.com.ar\/index.php\/wp-json\/wp\/v2\/posts\/103904\/revisions"}],"predecessor-version":[{"id":103905,"href":"https:\/\/infoecos.com.ar\/index.php\/wp-json\/wp\/v2\/posts\/103904\/revisions\/103905"}],"wp:featuredmedia":[{"embeddable":true,"href":"https:\/\/infoecos.com.ar\/index.php\/wp-json\/wp\/v2\/media\/73131"}],"wp:attachment":[{"href":"https:\/\/infoecos.com.ar\/index.php\/wp-json\/wp\/v2\/media?parent=103904"}],"wp:term":[{"taxonomy":"category","embeddable":true,"href":"https:\/\/infoecos.com.ar\/index.php\/wp-json\/wp\/v2\/categories?post=103904"},{"taxonomy":"post_tag","embeddable":true,"href":"https:\/\/infoecos.com.ar\/index.php\/wp-json\/wp\/v2\/tags?post=103904"}],"curies":[{"name":"wp","href":"https:\/\/api.w.org\/{rel}","templated":true}]}}