{"id":103924,"date":"2023-04-18T14:56:02","date_gmt":"2023-04-18T17:56:02","guid":{"rendered":"https:\/\/infoecos.com.ar\/?p=103924"},"modified":"2023-04-20T04:18:38","modified_gmt":"2023-04-20T07:18:38","slug":"un-auto-se-cruzo-en-la-interseccion-de-llambias-y-ruta-5-siendo-embestido-por-un-camion","status":"publish","type":"post","link":"https:\/\/infoecos.com.ar\/index.php\/un-auto-se-cruzo-en-la-interseccion-de-llambias-y-ruta-5-siendo-embestido-por-un-camion\/","title":{"rendered":"Dos muertos en el accidente ocurrido este martes en el kil\u00f3metro 445 de la Ruta Nacional 5"},"content":{"rendered":"\n<p>Un cami\u00f3n embisit\u00f3 un autom\u00f3vil que ascend\u00eda a la Ruta 5, desde la avenida Llamb\u00edas, otro de los caminos de acceso y egreso de la ciudad de Trenque Lauquen.<\/p>\n\n\n\n<figure class=\"wp-block-image aligncenter size-full is-resized\"><img loading=\"lazy\" decoding=\"async\" src=\"https:\/\/infoecos.com.ar\/wp-content\/uploads\/2023\/04\/90b20205-b4e3-4cb9-beab-4f1bdd194521.jpg\" alt=\"\" class=\"wp-image-103928\" width=\"375\" height=\"668\" srcset=\"https:\/\/infoecos.com.ar\/wp-content\/uploads\/2023\/04\/90b20205-b4e3-4cb9-beab-4f1bdd194521.jpg 899w, https:\/\/infoecos.com.ar\/wp-content\/uploads\/2023\/04\/90b20205-b4e3-4cb9-beab-4f1bdd194521-450x800.jpg 450w, https:\/\/infoecos.com.ar\/wp-content\/uploads\/2023\/04\/90b20205-b4e3-4cb9-beab-4f1bdd194521-768x1366.jpg 768w, https:\/\/infoecos.com.ar\/wp-content\/uploads\/2023\/04\/90b20205-b4e3-4cb9-beab-4f1bdd194521-864x1536.jpg 864w\" sizes=\"(max-width: 375px) 100vw, 375px\" \/><figcaption class=\"wp-element-caption\">Accidente Km 444,5<\/figcaption><\/figure>\n\n\n\n<p>La colisi\u00f3n se produjo a la altura del kilometro 444,5. El cami\u00f3n era conducido por Alberto Daniel Almeida de 47 a\u00f1os. El auto, un Renault Megane, era conducido por Juan Jos\u00e9 Eugenio de 35 a\u00f1os, acompa\u00f1ado por Juan Eduardo Torrez de 46.<\/p>\n\n\n\n<figure class=\"wp-block-image aligncenter size-full is-resized\"><img loading=\"lazy\" decoding=\"async\" src=\"https:\/\/infoecos.com.ar\/wp-content\/uploads\/2023\/04\/1d51d941-dcc1-44b6-a245-d033c8ef5ae7.jpg\" alt=\"\" class=\"wp-image-103931\" width=\"358\" height=\"269\" srcset=\"https:\/\/infoecos.com.ar\/wp-content\/uploads\/2023\/04\/1d51d941-dcc1-44b6-a245-d033c8ef5ae7.jpg 1600w, https:\/\/infoecos.com.ar\/wp-content\/uploads\/2023\/04\/1d51d941-dcc1-44b6-a245-d033c8ef5ae7-800x600.jpg 800w, https:\/\/infoecos.com.ar\/wp-content\/uploads\/2023\/04\/1d51d941-dcc1-44b6-a245-d033c8ef5ae7-768x576.jpg 768w, https:\/\/infoecos.com.ar\/wp-content\/uploads\/2023\/04\/1d51d941-dcc1-44b6-a245-d033c8ef5ae7-1536x1152.jpg 1536w, https:\/\/infoecos.com.ar\/wp-content\/uploads\/2023\/04\/1d51d941-dcc1-44b6-a245-d033c8ef5ae7-1024x768.jpg 1024w\" sizes=\"(max-width: 358px) 100vw, 358px\" \/><figcaption class=\"wp-element-caption\">Accidente Km 444,5<\/figcaption><\/figure>\n\n\n\n<p>Como producto del accidente fallecieron los dos ocupantes del auto, mientras que el chofer del transporte pesado result\u00f3 ileso.<\/p>\n\n\n\n<figure class=\"wp-block-image aligncenter size-full is-resized\"><img loading=\"lazy\" decoding=\"async\" src=\"https:\/\/infoecos.com.ar\/wp-content\/uploads\/2023\/04\/accidente-fatal-4-300x272-1.jpg\" alt=\"\" class=\"wp-image-103930\" width=\"436\" height=\"395\"\/><figcaption class=\"wp-element-caption\">Accidente Km 444,5<\/figcaption><\/figure>\n\n\n\n<p>En todos los casos, son vecinos de Trenque Lauquen.<\/p>\n\n\n\n<p>Se instruye causa penal caratulada HOMICIDIO CULPOSO, en las que toma intervencion la Fiscalia N\u00b0 04 Departamental.-<\/p>\n","protected":false},"excerpt":{"rendered":"<p>El cami\u00f3n era conducido por Alberto Daniel Almeida de 47 a\u00f1os. El auto, un Renault Megane, era conducido por Juan Jos\u00e9 Eugenio de 35 a\u00f1os, acompa\u00f1ado por Juan Eduardo Torrez de 46.<\/p>\n","protected":false},"author":2,"featured_media":103928,"comment_status":"closed","ping_status":"open","sticky":false,"template":"","format":"standard","meta":{"footnotes":""},"categories":[40],"tags":[7706],"class_list":["post-103924","post","type-post","status-publish","format-standard","has-post-thumbnail","hentry","category-inferior1","tag-a-pocos-metros-del-acceso-a-t-lauquen"],"yoast_head":"<!-- This site is optimized with the Yoast SEO plugin v23.4 - https:\/\/yoast.com\/wordpress\/plugins\/seo\/ -->\n<title>Dos muertos en el accidente ocurrido este martes en el kil\u00f3metro 445 de la Ruta Nacional 5 - Infoecos<\/title>\n<meta name=\"robots\" content=\"index, follow, max-snippet:-1, max-image-preview:large, max-video-preview:-1\" \/>\n<link rel=\"canonical\" href=\"https:\/\/infoecos.com.ar\/index.php\/un-auto-se-cruzo-en-la-interseccion-de-llambias-y-ruta-5-siendo-embestido-por-un-camion\/\" \/>\n<meta property=\"og:locale\" content=\"es_ES\" \/>\n<meta property=\"og:type\" content=\"article\" \/>\n<meta property=\"og:title\" content=\"Dos muertos en el accidente ocurrido este martes en el kil\u00f3metro 445 de la Ruta Nacional 5 - Infoecos\" \/>\n<meta property=\"og:description\" content=\"El cami\u00f3n era conducido por Alberto Daniel Almeida de 47 a\u00f1os. El auto, un Renault Megane, era conducido por Juan Jos\u00e9 Eugenio de 35 a\u00f1os, acompa\u00f1ado por Juan Eduardo Torrez de 46.\" \/>\n<meta property=\"og:url\" content=\"https:\/\/infoecos.com.ar\/index.php\/un-auto-se-cruzo-en-la-interseccion-de-llambias-y-ruta-5-siendo-embestido-por-un-camion\/\" \/>\n<meta property=\"og:site_name\" content=\"Infoecos\" \/>\n<meta property=\"article:publisher\" content=\"https:\/\/www.facebook.com\/profile.php?id=100063200290284\" \/>\n<meta property=\"article:published_time\" content=\"2023-04-18T17:56:02+00:00\" \/>\n<meta property=\"article:modified_time\" content=\"2023-04-20T07:18:38+00:00\" \/>\n<meta property=\"og:image\" content=\"https:\/\/infoecos.com.ar\/wp-content\/uploads\/2023\/04\/90b20205-b4e3-4cb9-beab-4f1bdd194521.jpg\" \/>\n\t<meta property=\"og:image:width\" content=\"899\" \/>\n\t<meta property=\"og:image:height\" content=\"1599\" \/>\n\t<meta property=\"og:image:type\" content=\"image\/jpeg\" \/>\n<meta name=\"author\" content=\"Jorge Matheus\" \/>\n<meta name=\"twitter:card\" content=\"summary_large_image\" \/>\n<meta name=\"twitter:creator\" content=\"@infoecos\" \/>\n<meta name=\"twitter:site\" content=\"@infoecos\" \/>\n<meta name=\"twitter:label1\" content=\"Escrito por\" \/>\n\t<meta name=\"twitter:data1\" content=\"Jorge Matheus\" \/>\n\t<meta name=\"twitter:label2\" content=\"Tiempo de lectura\" \/>\n\t<meta name=\"twitter:data2\" content=\"2 minutos\" \/>\n<script type=\"application\/ld+json\" class=\"yoast-schema-graph\">{\"@context\":\"https:\/\/schema.org\",\"@graph\":[{\"@type\":\"Article\",\"@id\":\"https:\/\/infoecos.com.ar\/index.php\/un-auto-se-cruzo-en-la-interseccion-de-llambias-y-ruta-5-siendo-embestido-por-un-camion\/#article\",\"isPartOf\":{\"@id\":\"https:\/\/infoecos.com.ar\/index.php\/un-auto-se-cruzo-en-la-interseccion-de-llambias-y-ruta-5-siendo-embestido-por-un-camion\/\"},\"author\":{\"name\":\"Jorge Matheus\",\"@id\":\"https:\/\/infoecos.com.ar\/#\/schema\/person\/8f5ace5ce73b4b4aac4b7245aee6f191\"},\"headline\":\"Dos muertos en el accidente ocurrido este martes en el kil\u00f3metro 445 de la Ruta Nacional 5\",\"datePublished\":\"2023-04-18T17:56:02+00:00\",\"dateModified\":\"2023-04-20T07:18:38+00:00\",\"mainEntityOfPage\":{\"@id\":\"https:\/\/infoecos.com.ar\/index.php\/un-auto-se-cruzo-en-la-interseccion-de-llambias-y-ruta-5-siendo-embestido-por-un-camion\/\"},\"wordCount\":141,\"publisher\":{\"@id\":\"https:\/\/infoecos.com.ar\/#organization\"},\"image\":{\"@id\":\"https:\/\/infoecos.com.ar\/index.php\/un-auto-se-cruzo-en-la-interseccion-de-llambias-y-ruta-5-siendo-embestido-por-un-camion\/#primaryimage\"},\"thumbnailUrl\":\"https:\/\/infoecos.com.ar\/wp-content\/uploads\/2023\/04\/90b20205-b4e3-4cb9-beab-4f1bdd194521.jpg\",\"keywords\":[\"A POCOS METROS DEL ACCESO A T.LAUQUEN\"],\"articleSection\":[\"Bloque inferior - 1\"],\"inLanguage\":\"es\"},{\"@type\":\"WebPage\",\"@id\":\"https:\/\/infoecos.com.ar\/index.php\/un-auto-se-cruzo-en-la-interseccion-de-llambias-y-ruta-5-siendo-embestido-por-un-camion\/\",\"url\":\"https:\/\/infoecos.com.ar\/index.php\/un-auto-se-cruzo-en-la-interseccion-de-llambias-y-ruta-5-siendo-embestido-por-un-camion\/\",\"name\":\"Dos muertos en el accidente ocurrido este martes en el kil\u00f3metro 445 de la Ruta Nacional 5 - Infoecos\",\"isPartOf\":{\"@id\":\"https:\/\/infoecos.com.ar\/#website\"},\"primaryImageOfPage\":{\"@id\":\"https:\/\/infoecos.com.ar\/index.php\/un-auto-se-cruzo-en-la-interseccion-de-llambias-y-ruta-5-siendo-embestido-por-un-camion\/#primaryimage\"},\"image\":{\"@id\":\"https:\/\/infoecos.com.ar\/index.php\/un-auto-se-cruzo-en-la-interseccion-de-llambias-y-ruta-5-siendo-embestido-por-un-camion\/#primaryimage\"},\"thumbnailUrl\":\"https:\/\/infoecos.com.ar\/wp-content\/uploads\/2023\/04\/90b20205-b4e3-4cb9-beab-4f1bdd194521.jpg\",\"datePublished\":\"2023-04-18T17:56:02+00:00\",\"dateModified\":\"2023-04-20T07:18:38+00:00\",\"breadcrumb\":{\"@id\":\"https:\/\/infoecos.com.ar\/index.php\/un-auto-se-cruzo-en-la-interseccion-de-llambias-y-ruta-5-siendo-embestido-por-un-camion\/#breadcrumb\"},\"inLanguage\":\"es\",\"potentialAction\":[{\"@type\":\"ReadAction\",\"target\":[\"https:\/\/infoecos.com.ar\/index.php\/un-auto-se-cruzo-en-la-interseccion-de-llambias-y-ruta-5-siendo-embestido-por-un-camion\/\"]}]},{\"@type\":\"ImageObject\",\"inLanguage\":\"es\",\"@id\":\"https:\/\/infoecos.com.ar\/index.php\/un-auto-se-cruzo-en-la-interseccion-de-llambias-y-ruta-5-siendo-embestido-por-un-camion\/#primaryimage\",\"url\":\"https:\/\/infoecos.com.ar\/wp-content\/uploads\/2023\/04\/90b20205-b4e3-4cb9-beab-4f1bdd194521.jpg\",\"contentUrl\":\"https:\/\/infoecos.com.ar\/wp-content\/uploads\/2023\/04\/90b20205-b4e3-4cb9-beab-4f1bdd194521.jpg\",\"width\":899,\"height\":1599},{\"@type\":\"BreadcrumbList\",\"@id\":\"https:\/\/infoecos.com.ar\/index.php\/un-auto-se-cruzo-en-la-interseccion-de-llambias-y-ruta-5-siendo-embestido-por-un-camion\/#breadcrumb\",\"itemListElement\":[{\"@type\":\"ListItem\",\"position\":1,\"name\":\"Portada\",\"item\":\"https:\/\/infoecos.com.ar\/\"},{\"@type\":\"ListItem\",\"position\":2,\"name\":\"Dos muertos en el accidente ocurrido este martes en el kil\u00f3metro 445 de la Ruta Nacional 5\"}]},{\"@type\":\"WebSite\",\"@id\":\"https:\/\/infoecos.com.ar\/#website\",\"url\":\"https:\/\/infoecos.com.ar\/\",\"name\":\"Infoecos\",\"description\":\"Noticias de trenque lauquen y la zona\",\"publisher\":{\"@id\":\"https:\/\/infoecos.com.ar\/#organization\"},\"alternateName\":\"Noticias\",\"potentialAction\":[{\"@type\":\"SearchAction\",\"target\":{\"@type\":\"EntryPoint\",\"urlTemplate\":\"https:\/\/infoecos.com.ar\/?s={search_term_string}\"},\"query-input\":{\"@type\":\"PropertyValueSpecification\",\"valueRequired\":true,\"valueName\":\"search_term_string\"}}],\"inLanguage\":\"es\"},{\"@type\":\"Organization\",\"@id\":\"https:\/\/infoecos.com.ar\/#organization\",\"name\":\"Infoecos\",\"alternateName\":\"Noticias\",\"url\":\"https:\/\/infoecos.com.ar\/\",\"logo\":{\"@type\":\"ImageObject\",\"inLanguage\":\"es\",\"@id\":\"https:\/\/infoecos.com.ar\/#\/schema\/logo\/image\/\",\"url\":\"https:\/\/infoecos.com.ar\/wp-content\/uploads\/2024\/03\/cropped-logo.png\",\"contentUrl\":\"https:\/\/infoecos.com.ar\/wp-content\/uploads\/2024\/03\/cropped-logo.png\",\"width\":374,\"height\":90,\"caption\":\"Infoecos\"},\"image\":{\"@id\":\"https:\/\/infoecos.com.ar\/#\/schema\/logo\/image\/\"},\"sameAs\":[\"https:\/\/www.facebook.com\/profile.php?id=100063200290284\",\"https:\/\/x.com\/infoecos\"]},{\"@type\":\"Person\",\"@id\":\"https:\/\/infoecos.com.ar\/#\/schema\/person\/8f5ace5ce73b4b4aac4b7245aee6f191\",\"name\":\"Jorge Matheus\",\"url\":\"https:\/\/infoecos.com.ar\/index.php\/author\/jomatheus\/\"}]}<\/script>\n<!-- \/ Yoast SEO plugin. -->","yoast_head_json":{"title":"Dos muertos en el accidente ocurrido este martes en el kil\u00f3metro 445 de la Ruta Nacional 5 - Infoecos","robots":{"index":"index","follow":"follow","max-snippet":"max-snippet:-1","max-image-preview":"max-image-preview:large","max-video-preview":"max-video-preview:-1"},"canonical":"https:\/\/infoecos.com.ar\/index.php\/un-auto-se-cruzo-en-la-interseccion-de-llambias-y-ruta-5-siendo-embestido-por-un-camion\/","og_locale":"es_ES","og_type":"article","og_title":"Dos muertos en el accidente ocurrido este martes en el kil\u00f3metro 445 de la Ruta Nacional 5 - Infoecos","og_description":"El cami\u00f3n era conducido por Alberto Daniel Almeida de 47 a\u00f1os. El auto, un Renault Megane, era conducido por Juan Jos\u00e9 Eugenio de 35 a\u00f1os, acompa\u00f1ado por Juan Eduardo Torrez de 46.","og_url":"https:\/\/infoecos.com.ar\/index.php\/un-auto-se-cruzo-en-la-interseccion-de-llambias-y-ruta-5-siendo-embestido-por-un-camion\/","og_site_name":"Infoecos","article_publisher":"https:\/\/www.facebook.com\/profile.php?id=100063200290284","article_published_time":"2023-04-18T17:56:02+00:00","article_modified_time":"2023-04-20T07:18:38+00:00","og_image":[{"width":899,"height":1599,"url":"https:\/\/infoecos.com.ar\/wp-content\/uploads\/2023\/04\/90b20205-b4e3-4cb9-beab-4f1bdd194521.jpg","type":"image\/jpeg"}],"author":"Jorge Matheus","twitter_card":"summary_large_image","twitter_creator":"@infoecos","twitter_site":"@infoecos","twitter_misc":{"Escrito por":"Jorge Matheus","Tiempo de lectura":"2 minutos"},"schema":{"@context":"https:\/\/schema.org","@graph":[{"@type":"Article","@id":"https:\/\/infoecos.com.ar\/index.php\/un-auto-se-cruzo-en-la-interseccion-de-llambias-y-ruta-5-siendo-embestido-por-un-camion\/#article","isPartOf":{"@id":"https:\/\/infoecos.com.ar\/index.php\/un-auto-se-cruzo-en-la-interseccion-de-llambias-y-ruta-5-siendo-embestido-por-un-camion\/"},"author":{"name":"Jorge Matheus","@id":"https:\/\/infoecos.com.ar\/#\/schema\/person\/8f5ace5ce73b4b4aac4b7245aee6f191"},"headline":"Dos muertos en el accidente ocurrido este martes en el kil\u00f3metro 445 de la Ruta Nacional 5","datePublished":"2023-04-18T17:56:02+00:00","dateModified":"2023-04-20T07:18:38+00:00","mainEntityOfPage":{"@id":"https:\/\/infoecos.com.ar\/index.php\/un-auto-se-cruzo-en-la-interseccion-de-llambias-y-ruta-5-siendo-embestido-por-un-camion\/"},"wordCount":141,"publisher":{"@id":"https:\/\/infoecos.com.ar\/#organization"},"image":{"@id":"https:\/\/infoecos.com.ar\/index.php\/un-auto-se-cruzo-en-la-interseccion-de-llambias-y-ruta-5-siendo-embestido-por-un-camion\/#primaryimage"},"thumbnailUrl":"https:\/\/infoecos.com.ar\/wp-content\/uploads\/2023\/04\/90b20205-b4e3-4cb9-beab-4f1bdd194521.jpg","keywords":["A POCOS METROS DEL ACCESO A T.LAUQUEN"],"articleSection":["Bloque inferior - 1"],"inLanguage":"es"},{"@type":"WebPage","@id":"https:\/\/infoecos.com.ar\/index.php\/un-auto-se-cruzo-en-la-interseccion-de-llambias-y-ruta-5-siendo-embestido-por-un-camion\/","url":"https:\/\/infoecos.com.ar\/index.php\/un-auto-se-cruzo-en-la-interseccion-de-llambias-y-ruta-5-siendo-embestido-por-un-camion\/","name":"Dos muertos en el accidente ocurrido este martes en el kil\u00f3metro 445 de la Ruta Nacional 5 - Infoecos","isPartOf":{"@id":"https:\/\/infoecos.com.ar\/#website"},"primaryImageOfPage":{"@id":"https:\/\/infoecos.com.ar\/index.php\/un-auto-se-cruzo-en-la-interseccion-de-llambias-y-ruta-5-siendo-embestido-por-un-camion\/#primaryimage"},"image":{"@id":"https:\/\/infoecos.com.ar\/index.php\/un-auto-se-cruzo-en-la-interseccion-de-llambias-y-ruta-5-siendo-embestido-por-un-camion\/#primaryimage"},"thumbnailUrl":"https:\/\/infoecos.com.ar\/wp-content\/uploads\/2023\/04\/90b20205-b4e3-4cb9-beab-4f1bdd194521.jpg","datePublished":"2023-04-18T17:56:02+00:00","dateModified":"2023-04-20T07:18:38+00:00","breadcrumb":{"@id":"https:\/\/infoecos.com.ar\/index.php\/un-auto-se-cruzo-en-la-interseccion-de-llambias-y-ruta-5-siendo-embestido-por-un-camion\/#breadcrumb"},"inLanguage":"es","potentialAction":[{"@type":"ReadAction","target":["https:\/\/infoecos.com.ar\/index.php\/un-auto-se-cruzo-en-la-interseccion-de-llambias-y-ruta-5-siendo-embestido-por-un-camion\/"]}]},{"@type":"ImageObject","inLanguage":"es","@id":"https:\/\/infoecos.com.ar\/index.php\/un-auto-se-cruzo-en-la-interseccion-de-llambias-y-ruta-5-siendo-embestido-por-un-camion\/#primaryimage","url":"https:\/\/infoecos.com.ar\/wp-content\/uploads\/2023\/04\/90b20205-b4e3-4cb9-beab-4f1bdd194521.jpg","contentUrl":"https:\/\/infoecos.com.ar\/wp-content\/uploads\/2023\/04\/90b20205-b4e3-4cb9-beab-4f1bdd194521.jpg","width":899,"height":1599},{"@type":"BreadcrumbList","@id":"https:\/\/infoecos.com.ar\/index.php\/un-auto-se-cruzo-en-la-interseccion-de-llambias-y-ruta-5-siendo-embestido-por-un-camion\/#breadcrumb","itemListElement":[{"@type":"ListItem","position":1,"name":"Portada","item":"https:\/\/infoecos.com.ar\/"},{"@type":"ListItem","position":2,"name":"Dos muertos en el accidente ocurrido este martes en el kil\u00f3metro 445 de la Ruta Nacional 5"}]},{"@type":"WebSite","@id":"https:\/\/infoecos.com.ar\/#website","url":"https:\/\/infoecos.com.ar\/","name":"Infoecos","description":"Noticias de trenque lauquen y la zona","publisher":{"@id":"https:\/\/infoecos.com.ar\/#organization"},"alternateName":"Noticias","potentialAction":[{"@type":"SearchAction","target":{"@type":"EntryPoint","urlTemplate":"https:\/\/infoecos.com.ar\/?s={search_term_string}"},"query-input":{"@type":"PropertyValueSpecification","valueRequired":true,"valueName":"search_term_string"}}],"inLanguage":"es"},{"@type":"Organization","@id":"https:\/\/infoecos.com.ar\/#organization","name":"Infoecos","alternateName":"Noticias","url":"https:\/\/infoecos.com.ar\/","logo":{"@type":"ImageObject","inLanguage":"es","@id":"https:\/\/infoecos.com.ar\/#\/schema\/logo\/image\/","url":"https:\/\/infoecos.com.ar\/wp-content\/uploads\/2024\/03\/cropped-logo.png","contentUrl":"https:\/\/infoecos.com.ar\/wp-content\/uploads\/2024\/03\/cropped-logo.png","width":374,"height":90,"caption":"Infoecos"},"image":{"@id":"https:\/\/infoecos.com.ar\/#\/schema\/logo\/image\/"},"sameAs":["https:\/\/www.facebook.com\/profile.php?id=100063200290284","https:\/\/x.com\/infoecos"]},{"@type":"Person","@id":"https:\/\/infoecos.com.ar\/#\/schema\/person\/8f5ace5ce73b4b4aac4b7245aee6f191","name":"Jorge Matheus","url":"https:\/\/infoecos.com.ar\/index.php\/author\/jomatheus\/"}]}},"featured_image_urls":{"full":["https:\/\/infoecos.com.ar\/wp-content\/uploads\/2023\/04\/90b20205-b4e3-4cb9-beab-4f1bdd194521.jpg",899,1599,false],"thumbnail":["https:\/\/infoecos.com.ar\/wp-content\/uploads\/2023\/04\/90b20205-b4e3-4cb9-beab-4f1bdd194521-300x150.jpg",300,150,true],"medium":["https:\/\/infoecos.com.ar\/wp-content\/uploads\/2023\/04\/90b20205-b4e3-4cb9-beab-4f1bdd194521-450x800.jpg",450,800,true],"medium_large":["https:\/\/infoecos.com.ar\/wp-content\/uploads\/2023\/04\/90b20205-b4e3-4cb9-beab-4f1bdd194521-768x1366.jpg",640,1138,true],"large":["https:\/\/infoecos.com.ar\/wp-content\/uploads\/2023\/04\/90b20205-b4e3-4cb9-beab-4f1bdd194521.jpg",640,1138,false],"1536x1536":["https:\/\/infoecos.com.ar\/wp-content\/uploads\/2023\/04\/90b20205-b4e3-4cb9-beab-4f1bdd194521-864x1536.jpg",864,1536,true],"2048x2048":["https:\/\/infoecos.com.ar\/wp-content\/uploads\/2023\/04\/90b20205-b4e3-4cb9-beab-4f1bdd194521.jpg",899,1599,false],"covernews-slider-full":["https:\/\/infoecos.com.ar\/wp-content\/uploads\/2023\/04\/90b20205-b4e3-4cb9-beab-4f1bdd194521-899x1020.jpg",630,715,true],"covernews-slider-center":["https:\/\/infoecos.com.ar\/wp-content\/uploads\/2023\/04\/90b20205-b4e3-4cb9-beab-4f1bdd194521-899x897.jpg",501,500,true],"covernews-featured":["https:\/\/infoecos.com.ar\/wp-content\/uploads\/2023\/04\/90b20205-b4e3-4cb9-beab-4f1bdd194521.jpg",899,1599,false],"covernews-medium":["https:\/\/infoecos.com.ar\/wp-content\/uploads\/2023\/04\/90b20205-b4e3-4cb9-beab-4f1bdd194521-720x380.jpg",540,285,true],"covernews-medium-square":["https:\/\/infoecos.com.ar\/wp-content\/uploads\/2023\/04\/90b20205-b4e3-4cb9-beab-4f1bdd194521-675x450.jpg",375,250,true]},"author_info":{"info":["Jorge Matheus"]},"category_info":"<a href=\"https:\/\/infoecos.com.ar\/index.php\/category\/inferior1\/\" rel=\"category tag\">Bloque inferior - 1<\/a>","tag_info":"Bloque inferior - 1","comment_count":"0","_links":{"self":[{"href":"https:\/\/infoecos.com.ar\/index.php\/wp-json\/wp\/v2\/posts\/103924"}],"collection":[{"href":"https:\/\/infoecos.com.ar\/index.php\/wp-json\/wp\/v2\/posts"}],"about":[{"href":"https:\/\/infoecos.com.ar\/index.php\/wp-json\/wp\/v2\/types\/post"}],"author":[{"embeddable":true,"href":"https:\/\/infoecos.com.ar\/index.php\/wp-json\/wp\/v2\/users\/2"}],"replies":[{"embeddable":true,"href":"https:\/\/infoecos.com.ar\/index.php\/wp-json\/wp\/v2\/comments?post=103924"}],"version-history":[{"count":3,"href":"https:\/\/infoecos.com.ar\/index.php\/wp-json\/wp\/v2\/posts\/103924\/revisions"}],"predecessor-version":[{"id":103958,"href":"https:\/\/infoecos.com.ar\/index.php\/wp-json\/wp\/v2\/posts\/103924\/revisions\/103958"}],"wp:featuredmedia":[{"embeddable":true,"href":"https:\/\/infoecos.com.ar\/index.php\/wp-json\/wp\/v2\/media\/103928"}],"wp:attachment":[{"href":"https:\/\/infoecos.com.ar\/index.php\/wp-json\/wp\/v2\/media?parent=103924"}],"wp:term":[{"taxonomy":"category","embeddable":true,"href":"https:\/\/infoecos.com.ar\/index.php\/wp-json\/wp\/v2\/categories?post=103924"},{"taxonomy":"post_tag","embeddable":true,"href":"https:\/\/infoecos.com.ar\/index.php\/wp-json\/wp\/v2\/tags?post=103924"}],"curies":[{"name":"wp","href":"https:\/\/api.w.org\/{rel}","templated":true}]}}