{"id":103981,"date":"2023-04-19T04:26:59","date_gmt":"2023-04-19T07:26:59","guid":{"rendered":"https:\/\/infoecos.com.ar\/?p=103981"},"modified":"2023-04-20T04:19:00","modified_gmt":"2023-04-20T07:19:00","slug":"ordenaron-la-libertad-de-francisco-saenz-valiente-por-falta-de-merito","status":"publish","type":"post","link":"https:\/\/infoecos.com.ar\/index.php\/ordenaron-la-libertad-de-francisco-saenz-valiente-por-falta-de-merito\/","title":{"rendered":"Ordenaron la libertad de Francisco S\u00e1enz Valiente por falta de m\u00e9rito"},"content":{"rendered":"\n<p>La fiscal\u00eda que investiga la muerte de la modelo brasile\u00f1a Emmily Rodrigues Santos Gomes orden\u00f3 la falta de m\u00e9rito para el \u00fanico detenido que ten\u00eda la causa. Por esta disposici\u00f3n de la justicia,&nbsp;<strong>el empresario Francisco S\u00e1enz Valiente ser\u00e1 liberado durante esta madrugada<\/strong>.<\/p>\n\n\n\n<figure class=\"wp-block-image aligncenter size-full\"><img loading=\"lazy\" decoding=\"async\" width=\"1440\" height=\"810\" src=\"https:\/\/infoecos.com.ar\/wp-content\/uploads\/2023\/04\/image-42.png\" alt=\"\" class=\"wp-image-103982\" srcset=\"https:\/\/infoecos.com.ar\/wp-content\/uploads\/2023\/04\/image-42.png 1440w, https:\/\/infoecos.com.ar\/wp-content\/uploads\/2023\/04\/image-42-800x450.png 800w, https:\/\/infoecos.com.ar\/wp-content\/uploads\/2023\/04\/image-42-768x432.png 768w, https:\/\/infoecos.com.ar\/wp-content\/uploads\/2023\/04\/image-42-1024x576.png 1024w\" sizes=\"(max-width: 1440px) 100vw, 1440px\" \/><\/figure>\n\n\n\n<p>El abogado&nbsp;<strong>Rafael C\u00faneo Libarona confirm\u00f3 a TN<\/strong>&nbsp;que la disposici\u00f3n resuelta por la fiscal\u00eda lleg\u00f3 luego de analizar las pruebas que fueron aportadas a la causa. Y adelant\u00f3 que el empresario continuar\u00e1 vinculado con la investigaci\u00f3n pero ya en libertad. Tambi\u00e9n explic\u00f3 que&nbsp;<strong>la liberaci\u00f3n de su defendido se har\u00e1 efectiva en las pr\u00f3ximas horas.<\/strong><\/p>\n\n\n\n<p>El empresario es el due\u00f1o del departamento en el que se encontraba la modelo y era el \u00fanico detenido que ten\u00eda la causa. \u201cEstoy de acuerdo con la decisi\u00f3n que tom\u00f3 el Ministerio P\u00fablico porque&nbsp;<strong>para dictar la libertad y falta de m\u00e9rito tuvo en cuenta las pruebas y testimonios que se aportaron<\/strong>. En una de esas declaraciones se pudo probar que (a la modelo) le agarr\u00f3 un brote psic\u00f3tico\u201d, explic\u00f3 C\u00faneo Libarona.<\/p>\n","protected":false},"excerpt":{"rendered":"<p>El abogado\u00a0Rafael C\u00faneo Libarona confirm\u00f3 a TN\u00a0que la disposici\u00f3n resuelta por la fiscal\u00eda lleg\u00f3 luego de analizar las pruebas que fueron aportadas a la causa<\/p>\n","protected":false},"author":2,"featured_media":103982,"comment_status":"closed","ping_status":"open","sticky":false,"template":"","format":"standard","meta":{"footnotes":""},"categories":[41],"tags":[7714],"class_list":["post-103981","post","type-post","status-publish","format-standard","has-post-thumbnail","hentry","category-inferior2","tag-la-muerte-de-la-modelo-brasilena"],"yoast_head":"<!-- This site is optimized with the Yoast SEO plugin v23.4 - https:\/\/yoast.com\/wordpress\/plugins\/seo\/ -->\n<title>Ordenaron la libertad de Francisco S\u00e1enz Valiente por falta de m\u00e9rito - Infoecos<\/title>\n<meta name=\"robots\" content=\"index, follow, max-snippet:-1, max-image-preview:large, max-video-preview:-1\" \/>\n<link rel=\"canonical\" href=\"https:\/\/infoecos.com.ar\/index.php\/ordenaron-la-libertad-de-francisco-saenz-valiente-por-falta-de-merito\/\" \/>\n<meta property=\"og:locale\" content=\"es_ES\" \/>\n<meta property=\"og:type\" content=\"article\" \/>\n<meta property=\"og:title\" content=\"Ordenaron la libertad de Francisco S\u00e1enz Valiente por falta de m\u00e9rito - Infoecos\" \/>\n<meta property=\"og:description\" content=\"El abogado\u00a0Rafael C\u00faneo Libarona confirm\u00f3 a TN\u00a0que la disposici\u00f3n resuelta por la fiscal\u00eda lleg\u00f3 luego de analizar las pruebas que fueron aportadas a la causa\" \/>\n<meta property=\"og:url\" content=\"https:\/\/infoecos.com.ar\/index.php\/ordenaron-la-libertad-de-francisco-saenz-valiente-por-falta-de-merito\/\" \/>\n<meta property=\"og:site_name\" content=\"Infoecos\" \/>\n<meta property=\"article:publisher\" content=\"https:\/\/www.facebook.com\/profile.php?id=100063200290284\" \/>\n<meta property=\"article:published_time\" content=\"2023-04-19T07:26:59+00:00\" \/>\n<meta property=\"article:modified_time\" content=\"2023-04-20T07:19:00+00:00\" \/>\n<meta property=\"og:image\" content=\"https:\/\/infoecos.com.ar\/wp-content\/uploads\/2023\/04\/image-42.png\" \/>\n\t<meta property=\"og:image:width\" content=\"1440\" \/>\n\t<meta property=\"og:image:height\" content=\"810\" \/>\n\t<meta property=\"og:image:type\" content=\"image\/png\" \/>\n<meta name=\"author\" content=\"Jorge Matheus\" \/>\n<meta name=\"twitter:card\" content=\"summary_large_image\" \/>\n<meta name=\"twitter:creator\" content=\"@infoecos\" \/>\n<meta name=\"twitter:site\" content=\"@infoecos\" \/>\n<meta name=\"twitter:label1\" content=\"Escrito por\" \/>\n\t<meta name=\"twitter:data1\" content=\"Jorge Matheus\" \/>\n\t<meta name=\"twitter:label2\" content=\"Tiempo de lectura\" \/>\n\t<meta name=\"twitter:data2\" content=\"1 minuto\" \/>\n<script type=\"application\/ld+json\" class=\"yoast-schema-graph\">{\"@context\":\"https:\/\/schema.org\",\"@graph\":[{\"@type\":\"Article\",\"@id\":\"https:\/\/infoecos.com.ar\/index.php\/ordenaron-la-libertad-de-francisco-saenz-valiente-por-falta-de-merito\/#article\",\"isPartOf\":{\"@id\":\"https:\/\/infoecos.com.ar\/index.php\/ordenaron-la-libertad-de-francisco-saenz-valiente-por-falta-de-merito\/\"},\"author\":{\"name\":\"Jorge Matheus\",\"@id\":\"https:\/\/infoecos.com.ar\/#\/schema\/person\/8f5ace5ce73b4b4aac4b7245aee6f191\"},\"headline\":\"Ordenaron la libertad de Francisco S\u00e1enz Valiente por falta de m\u00e9rito\",\"datePublished\":\"2023-04-19T07:26:59+00:00\",\"dateModified\":\"2023-04-20T07:19:00+00:00\",\"mainEntityOfPage\":{\"@id\":\"https:\/\/infoecos.com.ar\/index.php\/ordenaron-la-libertad-de-francisco-saenz-valiente-por-falta-de-merito\/\"},\"wordCount\":210,\"publisher\":{\"@id\":\"https:\/\/infoecos.com.ar\/#organization\"},\"image\":{\"@id\":\"https:\/\/infoecos.com.ar\/index.php\/ordenaron-la-libertad-de-francisco-saenz-valiente-por-falta-de-merito\/#primaryimage\"},\"thumbnailUrl\":\"https:\/\/infoecos.com.ar\/wp-content\/uploads\/2023\/04\/image-42.png\",\"keywords\":[\"LA MUERTE DE LA MODELO BRASILE\u00d1A\"],\"articleSection\":[\"Bloque inferior - 2\"],\"inLanguage\":\"es\"},{\"@type\":\"WebPage\",\"@id\":\"https:\/\/infoecos.com.ar\/index.php\/ordenaron-la-libertad-de-francisco-saenz-valiente-por-falta-de-merito\/\",\"url\":\"https:\/\/infoecos.com.ar\/index.php\/ordenaron-la-libertad-de-francisco-saenz-valiente-por-falta-de-merito\/\",\"name\":\"Ordenaron la libertad de Francisco S\u00e1enz Valiente por falta de m\u00e9rito - Infoecos\",\"isPartOf\":{\"@id\":\"https:\/\/infoecos.com.ar\/#website\"},\"primaryImageOfPage\":{\"@id\":\"https:\/\/infoecos.com.ar\/index.php\/ordenaron-la-libertad-de-francisco-saenz-valiente-por-falta-de-merito\/#primaryimage\"},\"image\":{\"@id\":\"https:\/\/infoecos.com.ar\/index.php\/ordenaron-la-libertad-de-francisco-saenz-valiente-por-falta-de-merito\/#primaryimage\"},\"thumbnailUrl\":\"https:\/\/infoecos.com.ar\/wp-content\/uploads\/2023\/04\/image-42.png\",\"datePublished\":\"2023-04-19T07:26:59+00:00\",\"dateModified\":\"2023-04-20T07:19:00+00:00\",\"breadcrumb\":{\"@id\":\"https:\/\/infoecos.com.ar\/index.php\/ordenaron-la-libertad-de-francisco-saenz-valiente-por-falta-de-merito\/#breadcrumb\"},\"inLanguage\":\"es\",\"potentialAction\":[{\"@type\":\"ReadAction\",\"target\":[\"https:\/\/infoecos.com.ar\/index.php\/ordenaron-la-libertad-de-francisco-saenz-valiente-por-falta-de-merito\/\"]}]},{\"@type\":\"ImageObject\",\"inLanguage\":\"es\",\"@id\":\"https:\/\/infoecos.com.ar\/index.php\/ordenaron-la-libertad-de-francisco-saenz-valiente-por-falta-de-merito\/#primaryimage\",\"url\":\"https:\/\/infoecos.com.ar\/wp-content\/uploads\/2023\/04\/image-42.png\",\"contentUrl\":\"https:\/\/infoecos.com.ar\/wp-content\/uploads\/2023\/04\/image-42.png\",\"width\":1440,\"height\":810},{\"@type\":\"BreadcrumbList\",\"@id\":\"https:\/\/infoecos.com.ar\/index.php\/ordenaron-la-libertad-de-francisco-saenz-valiente-por-falta-de-merito\/#breadcrumb\",\"itemListElement\":[{\"@type\":\"ListItem\",\"position\":1,\"name\":\"Portada\",\"item\":\"https:\/\/infoecos.com.ar\/\"},{\"@type\":\"ListItem\",\"position\":2,\"name\":\"Ordenaron la libertad de Francisco S\u00e1enz Valiente por falta de m\u00e9rito\"}]},{\"@type\":\"WebSite\",\"@id\":\"https:\/\/infoecos.com.ar\/#website\",\"url\":\"https:\/\/infoecos.com.ar\/\",\"name\":\"Infoecos\",\"description\":\"Noticias de trenque lauquen y la zona\",\"publisher\":{\"@id\":\"https:\/\/infoecos.com.ar\/#organization\"},\"alternateName\":\"Noticias\",\"potentialAction\":[{\"@type\":\"SearchAction\",\"target\":{\"@type\":\"EntryPoint\",\"urlTemplate\":\"https:\/\/infoecos.com.ar\/?s={search_term_string}\"},\"query-input\":{\"@type\":\"PropertyValueSpecification\",\"valueRequired\":true,\"valueName\":\"search_term_string\"}}],\"inLanguage\":\"es\"},{\"@type\":\"Organization\",\"@id\":\"https:\/\/infoecos.com.ar\/#organization\",\"name\":\"Infoecos\",\"alternateName\":\"Noticias\",\"url\":\"https:\/\/infoecos.com.ar\/\",\"logo\":{\"@type\":\"ImageObject\",\"inLanguage\":\"es\",\"@id\":\"https:\/\/infoecos.com.ar\/#\/schema\/logo\/image\/\",\"url\":\"https:\/\/infoecos.com.ar\/wp-content\/uploads\/2024\/03\/cropped-logo.png\",\"contentUrl\":\"https:\/\/infoecos.com.ar\/wp-content\/uploads\/2024\/03\/cropped-logo.png\",\"width\":374,\"height\":90,\"caption\":\"Infoecos\"},\"image\":{\"@id\":\"https:\/\/infoecos.com.ar\/#\/schema\/logo\/image\/\"},\"sameAs\":[\"https:\/\/www.facebook.com\/profile.php?id=100063200290284\",\"https:\/\/x.com\/infoecos\"]},{\"@type\":\"Person\",\"@id\":\"https:\/\/infoecos.com.ar\/#\/schema\/person\/8f5ace5ce73b4b4aac4b7245aee6f191\",\"name\":\"Jorge Matheus\",\"url\":\"https:\/\/infoecos.com.ar\/index.php\/author\/jomatheus\/\"}]}<\/script>\n<!-- \/ Yoast SEO plugin. -->","yoast_head_json":{"title":"Ordenaron la libertad de Francisco S\u00e1enz Valiente por falta de m\u00e9rito - Infoecos","robots":{"index":"index","follow":"follow","max-snippet":"max-snippet:-1","max-image-preview":"max-image-preview:large","max-video-preview":"max-video-preview:-1"},"canonical":"https:\/\/infoecos.com.ar\/index.php\/ordenaron-la-libertad-de-francisco-saenz-valiente-por-falta-de-merito\/","og_locale":"es_ES","og_type":"article","og_title":"Ordenaron la libertad de Francisco S\u00e1enz Valiente por falta de m\u00e9rito - Infoecos","og_description":"El abogado\u00a0Rafael C\u00faneo Libarona confirm\u00f3 a TN\u00a0que la disposici\u00f3n resuelta por la fiscal\u00eda lleg\u00f3 luego de analizar las pruebas que fueron aportadas a la causa","og_url":"https:\/\/infoecos.com.ar\/index.php\/ordenaron-la-libertad-de-francisco-saenz-valiente-por-falta-de-merito\/","og_site_name":"Infoecos","article_publisher":"https:\/\/www.facebook.com\/profile.php?id=100063200290284","article_published_time":"2023-04-19T07:26:59+00:00","article_modified_time":"2023-04-20T07:19:00+00:00","og_image":[{"width":1440,"height":810,"url":"https:\/\/infoecos.com.ar\/wp-content\/uploads\/2023\/04\/image-42.png","type":"image\/png"}],"author":"Jorge Matheus","twitter_card":"summary_large_image","twitter_creator":"@infoecos","twitter_site":"@infoecos","twitter_misc":{"Escrito por":"Jorge Matheus","Tiempo de lectura":"1 minuto"},"schema":{"@context":"https:\/\/schema.org","@graph":[{"@type":"Article","@id":"https:\/\/infoecos.com.ar\/index.php\/ordenaron-la-libertad-de-francisco-saenz-valiente-por-falta-de-merito\/#article","isPartOf":{"@id":"https:\/\/infoecos.com.ar\/index.php\/ordenaron-la-libertad-de-francisco-saenz-valiente-por-falta-de-merito\/"},"author":{"name":"Jorge Matheus","@id":"https:\/\/infoecos.com.ar\/#\/schema\/person\/8f5ace5ce73b4b4aac4b7245aee6f191"},"headline":"Ordenaron la libertad de Francisco S\u00e1enz Valiente por falta de m\u00e9rito","datePublished":"2023-04-19T07:26:59+00:00","dateModified":"2023-04-20T07:19:00+00:00","mainEntityOfPage":{"@id":"https:\/\/infoecos.com.ar\/index.php\/ordenaron-la-libertad-de-francisco-saenz-valiente-por-falta-de-merito\/"},"wordCount":210,"publisher":{"@id":"https:\/\/infoecos.com.ar\/#organization"},"image":{"@id":"https:\/\/infoecos.com.ar\/index.php\/ordenaron-la-libertad-de-francisco-saenz-valiente-por-falta-de-merito\/#primaryimage"},"thumbnailUrl":"https:\/\/infoecos.com.ar\/wp-content\/uploads\/2023\/04\/image-42.png","keywords":["LA MUERTE DE LA MODELO BRASILE\u00d1A"],"articleSection":["Bloque inferior - 2"],"inLanguage":"es"},{"@type":"WebPage","@id":"https:\/\/infoecos.com.ar\/index.php\/ordenaron-la-libertad-de-francisco-saenz-valiente-por-falta-de-merito\/","url":"https:\/\/infoecos.com.ar\/index.php\/ordenaron-la-libertad-de-francisco-saenz-valiente-por-falta-de-merito\/","name":"Ordenaron la libertad de Francisco S\u00e1enz Valiente por falta de m\u00e9rito - Infoecos","isPartOf":{"@id":"https:\/\/infoecos.com.ar\/#website"},"primaryImageOfPage":{"@id":"https:\/\/infoecos.com.ar\/index.php\/ordenaron-la-libertad-de-francisco-saenz-valiente-por-falta-de-merito\/#primaryimage"},"image":{"@id":"https:\/\/infoecos.com.ar\/index.php\/ordenaron-la-libertad-de-francisco-saenz-valiente-por-falta-de-merito\/#primaryimage"},"thumbnailUrl":"https:\/\/infoecos.com.ar\/wp-content\/uploads\/2023\/04\/image-42.png","datePublished":"2023-04-19T07:26:59+00:00","dateModified":"2023-04-20T07:19:00+00:00","breadcrumb":{"@id":"https:\/\/infoecos.com.ar\/index.php\/ordenaron-la-libertad-de-francisco-saenz-valiente-por-falta-de-merito\/#breadcrumb"},"inLanguage":"es","potentialAction":[{"@type":"ReadAction","target":["https:\/\/infoecos.com.ar\/index.php\/ordenaron-la-libertad-de-francisco-saenz-valiente-por-falta-de-merito\/"]}]},{"@type":"ImageObject","inLanguage":"es","@id":"https:\/\/infoecos.com.ar\/index.php\/ordenaron-la-libertad-de-francisco-saenz-valiente-por-falta-de-merito\/#primaryimage","url":"https:\/\/infoecos.com.ar\/wp-content\/uploads\/2023\/04\/image-42.png","contentUrl":"https:\/\/infoecos.com.ar\/wp-content\/uploads\/2023\/04\/image-42.png","width":1440,"height":810},{"@type":"BreadcrumbList","@id":"https:\/\/infoecos.com.ar\/index.php\/ordenaron-la-libertad-de-francisco-saenz-valiente-por-falta-de-merito\/#breadcrumb","itemListElement":[{"@type":"ListItem","position":1,"name":"Portada","item":"https:\/\/infoecos.com.ar\/"},{"@type":"ListItem","position":2,"name":"Ordenaron la libertad de Francisco S\u00e1enz Valiente por falta de m\u00e9rito"}]},{"@type":"WebSite","@id":"https:\/\/infoecos.com.ar\/#website","url":"https:\/\/infoecos.com.ar\/","name":"Infoecos","description":"Noticias de trenque lauquen y la zona","publisher":{"@id":"https:\/\/infoecos.com.ar\/#organization"},"alternateName":"Noticias","potentialAction":[{"@type":"SearchAction","target":{"@type":"EntryPoint","urlTemplate":"https:\/\/infoecos.com.ar\/?s={search_term_string}"},"query-input":{"@type":"PropertyValueSpecification","valueRequired":true,"valueName":"search_term_string"}}],"inLanguage":"es"},{"@type":"Organization","@id":"https:\/\/infoecos.com.ar\/#organization","name":"Infoecos","alternateName":"Noticias","url":"https:\/\/infoecos.com.ar\/","logo":{"@type":"ImageObject","inLanguage":"es","@id":"https:\/\/infoecos.com.ar\/#\/schema\/logo\/image\/","url":"https:\/\/infoecos.com.ar\/wp-content\/uploads\/2024\/03\/cropped-logo.png","contentUrl":"https:\/\/infoecos.com.ar\/wp-content\/uploads\/2024\/03\/cropped-logo.png","width":374,"height":90,"caption":"Infoecos"},"image":{"@id":"https:\/\/infoecos.com.ar\/#\/schema\/logo\/image\/"},"sameAs":["https:\/\/www.facebook.com\/profile.php?id=100063200290284","https:\/\/x.com\/infoecos"]},{"@type":"Person","@id":"https:\/\/infoecos.com.ar\/#\/schema\/person\/8f5ace5ce73b4b4aac4b7245aee6f191","name":"Jorge Matheus","url":"https:\/\/infoecos.com.ar\/index.php\/author\/jomatheus\/"}]}},"featured_image_urls":{"full":["https:\/\/infoecos.com.ar\/wp-content\/uploads\/2023\/04\/image-42.png",1440,810,false],"thumbnail":["https:\/\/infoecos.com.ar\/wp-content\/uploads\/2023\/04\/image-42-300x150.png",300,150,true],"medium":["https:\/\/infoecos.com.ar\/wp-content\/uploads\/2023\/04\/image-42-800x450.png",800,450,true],"medium_large":["https:\/\/infoecos.com.ar\/wp-content\/uploads\/2023\/04\/image-42-768x432.png",640,360,true],"large":["https:\/\/infoecos.com.ar\/wp-content\/uploads\/2023\/04\/image-42.png",640,360,false],"1536x1536":["https:\/\/infoecos.com.ar\/wp-content\/uploads\/2023\/04\/image-42.png",1440,810,false],"2048x2048":["https:\/\/infoecos.com.ar\/wp-content\/uploads\/2023\/04\/image-42.png",1440,810,false],"covernews-slider-full":["https:\/\/infoecos.com.ar\/wp-content\/uploads\/2023\/04\/image-42.png",1115,627,false],"covernews-slider-center":["https:\/\/infoecos.com.ar\/wp-content\/uploads\/2023\/04\/image-42-936x810.png",578,500,true],"covernews-featured":["https:\/\/infoecos.com.ar\/wp-content\/uploads\/2023\/04\/image-42-1024x576.png",1024,576,true],"covernews-medium":["https:\/\/infoecos.com.ar\/wp-content\/uploads\/2023\/04\/image-42-720x380.png",540,285,true],"covernews-medium-square":["https:\/\/infoecos.com.ar\/wp-content\/uploads\/2023\/04\/image-42-675x450.png",375,250,true]},"author_info":{"info":["Jorge Matheus"]},"category_info":"<a href=\"https:\/\/infoecos.com.ar\/index.php\/category\/inferior2\/\" rel=\"category tag\">Bloque inferior - 2<\/a>","tag_info":"Bloque inferior - 2","comment_count":"0","_links":{"self":[{"href":"https:\/\/infoecos.com.ar\/index.php\/wp-json\/wp\/v2\/posts\/103981"}],"collection":[{"href":"https:\/\/infoecos.com.ar\/index.php\/wp-json\/wp\/v2\/posts"}],"about":[{"href":"https:\/\/infoecos.com.ar\/index.php\/wp-json\/wp\/v2\/types\/post"}],"author":[{"embeddable":true,"href":"https:\/\/infoecos.com.ar\/index.php\/wp-json\/wp\/v2\/users\/2"}],"replies":[{"embeddable":true,"href":"https:\/\/infoecos.com.ar\/index.php\/wp-json\/wp\/v2\/comments?post=103981"}],"version-history":[{"count":2,"href":"https:\/\/infoecos.com.ar\/index.php\/wp-json\/wp\/v2\/posts\/103981\/revisions"}],"predecessor-version":[{"id":104050,"href":"https:\/\/infoecos.com.ar\/index.php\/wp-json\/wp\/v2\/posts\/103981\/revisions\/104050"}],"wp:featuredmedia":[{"embeddable":true,"href":"https:\/\/infoecos.com.ar\/index.php\/wp-json\/wp\/v2\/media\/103982"}],"wp:attachment":[{"href":"https:\/\/infoecos.com.ar\/index.php\/wp-json\/wp\/v2\/media?parent=103981"}],"wp:term":[{"taxonomy":"category","embeddable":true,"href":"https:\/\/infoecos.com.ar\/index.php\/wp-json\/wp\/v2\/categories?post=103981"},{"taxonomy":"post_tag","embeddable":true,"href":"https:\/\/infoecos.com.ar\/index.php\/wp-json\/wp\/v2\/tags?post=103981"}],"curies":[{"name":"wp","href":"https:\/\/api.w.org\/{rel}","templated":true}]}}