{"id":104005,"date":"2023-04-20T01:47:55","date_gmt":"2023-04-20T04:47:55","guid":{"rendered":"https:\/\/infoecos.com.ar\/?p=104005"},"modified":"2023-04-20T01:47:56","modified_gmt":"2023-04-20T04:47:56","slug":"el-observatorio-de-la-cadena-lactea-argentina-y-la-sensible-baja-en-la-produccion","status":"publish","type":"post","link":"https:\/\/infoecos.com.ar\/index.php\/el-observatorio-de-la-cadena-lactea-argentina-y-la-sensible-baja-en-la-produccion\/","title":{"rendered":"El\u00a0Observatorio de la Cadena L\u00e1ctea Argentina y la sensible baja en la producci\u00f3n"},"content":{"rendered":"\n<p>De acuerdo con un informe del\u00a0Observatorio de la Cadena L\u00e1ctea Argentina (OCLA)\u00a0sobre la base de datos de la Direcci\u00f3n Nacional de Lecher\u00eda, el mes pasado\u00a0la producci\u00f3n de leche se ubic\u00f3 en 822 millones de litros, lo que significa una baja del 7,8% en el promedio diario, en relaci\u00f3n a febrero; y del\u00a03,2% en comparaci\u00f3n con marzo del a\u00f1o pasado.<\/p>\n\n\n\n<figure class=\"wp-block-image size-large\"><img loading=\"lazy\" decoding=\"async\" width=\"1600\" height=\"896\" src=\"https:\/\/infoecos.com.ar\/wp-content\/uploads\/2023\/04\/image-48-1600x896.png\" alt=\"\" class=\"wp-image-104006\" srcset=\"https:\/\/infoecos.com.ar\/wp-content\/uploads\/2023\/04\/image-48-1600x896.png 1600w, https:\/\/infoecos.com.ar\/wp-content\/uploads\/2023\/04\/image-48-800x448.png 800w, https:\/\/infoecos.com.ar\/wp-content\/uploads\/2023\/04\/image-48-768x430.png 768w, https:\/\/infoecos.com.ar\/wp-content\/uploads\/2023\/04\/image-48-1536x860.png 1536w, https:\/\/infoecos.com.ar\/wp-content\/uploads\/2023\/04\/image-48-1024x574.png 1024w, https:\/\/infoecos.com.ar\/wp-content\/uploads\/2023\/04\/image-48.png 2048w\" sizes=\"(max-width: 1600px) 100vw, 1600px\" \/><\/figure>\n\n\n\n<p>Esta ca\u00edda no es un dato menor: es la mayor baja en la variaci\u00f3n interanual\u00a0desde el 5% que se redujo el orde\u00f1e en abril de 2019.<\/p>\n\n\n\n<p>\u201cEvidentemente los efectos de la importante sequ\u00eda que afecta la mayor\u00eda de las cuencas lecheras y la incidencia de altos costos de producci\u00f3n (concentrados, entre otros insumos vinculados a la alimentaci\u00f3n del rodeo)\u00a0generaron efectos negativos sobre la producci\u00f3n de leche\u201d, evalu\u00f3 la OCLA.<\/p>\n\n\n\n<p>Sobre la base de datos aportados por las empresas, OCLA proyectaba a principios de a\u00f1o\u00a0una ca\u00edda de la producci\u00f3n del 0,7%\u00a0a lo largo de 2023, mientras que\u00a0ahora ya presagia una baja del 4,7<strong>%<\/strong>\u00a0y que a\u00fan pude seguir desmejorando.<\/p>\n","protected":false},"excerpt":{"rendered":"<p>OCLA proyectaba a principios de a\u00f1o\u00a0una ca\u00edda de la producci\u00f3n del 0,7%\u00a0a lo largo de 2023, mientras que\u00a0ahora ya presagia una baja del 4,7%<\/p>\n","protected":false},"author":2,"featured_media":99681,"comment_status":"closed","ping_status":"open","sticky":false,"template":"","format":"standard","meta":{"footnotes":""},"categories":[48],"tags":[97],"class_list":["post-104005","post","type-post","status-publish","format-standard","has-post-thumbnail","hentry","category-c2nota3","tag-economia"],"yoast_head":"<!-- This site is optimized with the Yoast SEO plugin v23.4 - https:\/\/yoast.com\/wordpress\/plugins\/seo\/ -->\n<title>El\u00a0Observatorio de la Cadena L\u00e1ctea Argentina y la sensible baja en la producci\u00f3n - Infoecos<\/title>\n<meta name=\"robots\" content=\"index, follow, max-snippet:-1, max-image-preview:large, max-video-preview:-1\" \/>\n<link rel=\"canonical\" href=\"https:\/\/infoecos.com.ar\/index.php\/el-observatorio-de-la-cadena-lactea-argentina-y-la-sensible-baja-en-la-produccion\/\" \/>\n<meta property=\"og:locale\" content=\"es_ES\" \/>\n<meta property=\"og:type\" content=\"article\" \/>\n<meta property=\"og:title\" content=\"El\u00a0Observatorio de la Cadena L\u00e1ctea Argentina y la sensible baja en la producci\u00f3n - Infoecos\" \/>\n<meta property=\"og:description\" content=\"OCLA proyectaba a principios de a\u00f1o\u00a0una ca\u00edda de la producci\u00f3n del 0,7%\u00a0a lo largo de 2023, mientras que\u00a0ahora ya presagia una baja del 4,7%\" \/>\n<meta property=\"og:url\" content=\"https:\/\/infoecos.com.ar\/index.php\/el-observatorio-de-la-cadena-lactea-argentina-y-la-sensible-baja-en-la-produccion\/\" \/>\n<meta property=\"og:site_name\" content=\"Infoecos\" \/>\n<meta property=\"article:publisher\" content=\"https:\/\/www.facebook.com\/profile.php?id=100063200290284\" \/>\n<meta property=\"article:published_time\" content=\"2023-04-20T04:47:55+00:00\" \/>\n<meta property=\"article:modified_time\" content=\"2023-04-20T04:47:56+00:00\" \/>\n<meta property=\"og:image\" content=\"https:\/\/infoecos.com.ar\/wp-content\/uploads\/2023\/01\/tambos1.jpg\" \/>\n\t<meta property=\"og:image:width\" content=\"360\" \/>\n\t<meta property=\"og:image:height\" content=\"180\" \/>\n\t<meta property=\"og:image:type\" content=\"image\/jpeg\" \/>\n<meta name=\"author\" content=\"Jorge Matheus\" \/>\n<meta name=\"twitter:card\" content=\"summary_large_image\" \/>\n<meta name=\"twitter:creator\" content=\"@infoecos\" \/>\n<meta name=\"twitter:site\" content=\"@infoecos\" \/>\n<meta name=\"twitter:label1\" content=\"Escrito por\" \/>\n\t<meta name=\"twitter:data1\" content=\"Jorge Matheus\" \/>\n\t<meta name=\"twitter:label2\" content=\"Tiempo de lectura\" \/>\n\t<meta name=\"twitter:data2\" content=\"2 minutos\" \/>\n<script type=\"application\/ld+json\" class=\"yoast-schema-graph\">{\"@context\":\"https:\/\/schema.org\",\"@graph\":[{\"@type\":\"Article\",\"@id\":\"https:\/\/infoecos.com.ar\/index.php\/el-observatorio-de-la-cadena-lactea-argentina-y-la-sensible-baja-en-la-produccion\/#article\",\"isPartOf\":{\"@id\":\"https:\/\/infoecos.com.ar\/index.php\/el-observatorio-de-la-cadena-lactea-argentina-y-la-sensible-baja-en-la-produccion\/\"},\"author\":{\"name\":\"Jorge Matheus\",\"@id\":\"https:\/\/infoecos.com.ar\/#\/schema\/person\/8f5ace5ce73b4b4aac4b7245aee6f191\"},\"headline\":\"El\u00a0Observatorio de la Cadena L\u00e1ctea Argentina y la sensible baja en la producci\u00f3n\",\"datePublished\":\"2023-04-20T04:47:55+00:00\",\"dateModified\":\"2023-04-20T04:47:56+00:00\",\"mainEntityOfPage\":{\"@id\":\"https:\/\/infoecos.com.ar\/index.php\/el-observatorio-de-la-cadena-lactea-argentina-y-la-sensible-baja-en-la-produccion\/\"},\"wordCount\":203,\"publisher\":{\"@id\":\"https:\/\/infoecos.com.ar\/#organization\"},\"image\":{\"@id\":\"https:\/\/infoecos.com.ar\/index.php\/el-observatorio-de-la-cadena-lactea-argentina-y-la-sensible-baja-en-la-produccion\/#primaryimage\"},\"thumbnailUrl\":\"https:\/\/infoecos.com.ar\/wp-content\/uploads\/2023\/01\/tambos1.jpg\",\"keywords\":[\"ECONOM\u00cdA\"],\"articleSection\":[\"C2 N3\"],\"inLanguage\":\"es\"},{\"@type\":\"WebPage\",\"@id\":\"https:\/\/infoecos.com.ar\/index.php\/el-observatorio-de-la-cadena-lactea-argentina-y-la-sensible-baja-en-la-produccion\/\",\"url\":\"https:\/\/infoecos.com.ar\/index.php\/el-observatorio-de-la-cadena-lactea-argentina-y-la-sensible-baja-en-la-produccion\/\",\"name\":\"El\u00a0Observatorio de la Cadena L\u00e1ctea Argentina y la sensible baja en la producci\u00f3n - Infoecos\",\"isPartOf\":{\"@id\":\"https:\/\/infoecos.com.ar\/#website\"},\"primaryImageOfPage\":{\"@id\":\"https:\/\/infoecos.com.ar\/index.php\/el-observatorio-de-la-cadena-lactea-argentina-y-la-sensible-baja-en-la-produccion\/#primaryimage\"},\"image\":{\"@id\":\"https:\/\/infoecos.com.ar\/index.php\/el-observatorio-de-la-cadena-lactea-argentina-y-la-sensible-baja-en-la-produccion\/#primaryimage\"},\"thumbnailUrl\":\"https:\/\/infoecos.com.ar\/wp-content\/uploads\/2023\/01\/tambos1.jpg\",\"datePublished\":\"2023-04-20T04:47:55+00:00\",\"dateModified\":\"2023-04-20T04:47:56+00:00\",\"breadcrumb\":{\"@id\":\"https:\/\/infoecos.com.ar\/index.php\/el-observatorio-de-la-cadena-lactea-argentina-y-la-sensible-baja-en-la-produccion\/#breadcrumb\"},\"inLanguage\":\"es\",\"potentialAction\":[{\"@type\":\"ReadAction\",\"target\":[\"https:\/\/infoecos.com.ar\/index.php\/el-observatorio-de-la-cadena-lactea-argentina-y-la-sensible-baja-en-la-produccion\/\"]}]},{\"@type\":\"ImageObject\",\"inLanguage\":\"es\",\"@id\":\"https:\/\/infoecos.com.ar\/index.php\/el-observatorio-de-la-cadena-lactea-argentina-y-la-sensible-baja-en-la-produccion\/#primaryimage\",\"url\":\"https:\/\/infoecos.com.ar\/wp-content\/uploads\/2023\/01\/tambos1.jpg\",\"contentUrl\":\"https:\/\/infoecos.com.ar\/wp-content\/uploads\/2023\/01\/tambos1.jpg\",\"width\":360,\"height\":180},{\"@type\":\"BreadcrumbList\",\"@id\":\"https:\/\/infoecos.com.ar\/index.php\/el-observatorio-de-la-cadena-lactea-argentina-y-la-sensible-baja-en-la-produccion\/#breadcrumb\",\"itemListElement\":[{\"@type\":\"ListItem\",\"position\":1,\"name\":\"Portada\",\"item\":\"https:\/\/infoecos.com.ar\/\"},{\"@type\":\"ListItem\",\"position\":2,\"name\":\"El\u00a0Observatorio de la Cadena L\u00e1ctea Argentina y la sensible baja en la producci\u00f3n\"}]},{\"@type\":\"WebSite\",\"@id\":\"https:\/\/infoecos.com.ar\/#website\",\"url\":\"https:\/\/infoecos.com.ar\/\",\"name\":\"Infoecos\",\"description\":\"Noticias de trenque lauquen y la zona\",\"publisher\":{\"@id\":\"https:\/\/infoecos.com.ar\/#organization\"},\"alternateName\":\"Noticias\",\"potentialAction\":[{\"@type\":\"SearchAction\",\"target\":{\"@type\":\"EntryPoint\",\"urlTemplate\":\"https:\/\/infoecos.com.ar\/?s={search_term_string}\"},\"query-input\":{\"@type\":\"PropertyValueSpecification\",\"valueRequired\":true,\"valueName\":\"search_term_string\"}}],\"inLanguage\":\"es\"},{\"@type\":\"Organization\",\"@id\":\"https:\/\/infoecos.com.ar\/#organization\",\"name\":\"Infoecos\",\"alternateName\":\"Noticias\",\"url\":\"https:\/\/infoecos.com.ar\/\",\"logo\":{\"@type\":\"ImageObject\",\"inLanguage\":\"es\",\"@id\":\"https:\/\/infoecos.com.ar\/#\/schema\/logo\/image\/\",\"url\":\"https:\/\/infoecos.com.ar\/wp-content\/uploads\/2024\/03\/cropped-logo.png\",\"contentUrl\":\"https:\/\/infoecos.com.ar\/wp-content\/uploads\/2024\/03\/cropped-logo.png\",\"width\":374,\"height\":90,\"caption\":\"Infoecos\"},\"image\":{\"@id\":\"https:\/\/infoecos.com.ar\/#\/schema\/logo\/image\/\"},\"sameAs\":[\"https:\/\/www.facebook.com\/profile.php?id=100063200290284\",\"https:\/\/x.com\/infoecos\"]},{\"@type\":\"Person\",\"@id\":\"https:\/\/infoecos.com.ar\/#\/schema\/person\/8f5ace5ce73b4b4aac4b7245aee6f191\",\"name\":\"Jorge Matheus\",\"url\":\"https:\/\/infoecos.com.ar\/index.php\/author\/jomatheus\/\"}]}<\/script>\n<!-- \/ Yoast SEO plugin. -->","yoast_head_json":{"title":"El\u00a0Observatorio de la Cadena L\u00e1ctea Argentina y la sensible baja en la producci\u00f3n - Infoecos","robots":{"index":"index","follow":"follow","max-snippet":"max-snippet:-1","max-image-preview":"max-image-preview:large","max-video-preview":"max-video-preview:-1"},"canonical":"https:\/\/infoecos.com.ar\/index.php\/el-observatorio-de-la-cadena-lactea-argentina-y-la-sensible-baja-en-la-produccion\/","og_locale":"es_ES","og_type":"article","og_title":"El\u00a0Observatorio de la Cadena L\u00e1ctea Argentina y la sensible baja en la producci\u00f3n - Infoecos","og_description":"OCLA proyectaba a principios de a\u00f1o\u00a0una ca\u00edda de la producci\u00f3n del 0,7%\u00a0a lo largo de 2023, mientras que\u00a0ahora ya presagia una baja del 4,7%","og_url":"https:\/\/infoecos.com.ar\/index.php\/el-observatorio-de-la-cadena-lactea-argentina-y-la-sensible-baja-en-la-produccion\/","og_site_name":"Infoecos","article_publisher":"https:\/\/www.facebook.com\/profile.php?id=100063200290284","article_published_time":"2023-04-20T04:47:55+00:00","article_modified_time":"2023-04-20T04:47:56+00:00","og_image":[{"width":360,"height":180,"url":"https:\/\/infoecos.com.ar\/wp-content\/uploads\/2023\/01\/tambos1.jpg","type":"image\/jpeg"}],"author":"Jorge Matheus","twitter_card":"summary_large_image","twitter_creator":"@infoecos","twitter_site":"@infoecos","twitter_misc":{"Escrito por":"Jorge Matheus","Tiempo de lectura":"2 minutos"},"schema":{"@context":"https:\/\/schema.org","@graph":[{"@type":"Article","@id":"https:\/\/infoecos.com.ar\/index.php\/el-observatorio-de-la-cadena-lactea-argentina-y-la-sensible-baja-en-la-produccion\/#article","isPartOf":{"@id":"https:\/\/infoecos.com.ar\/index.php\/el-observatorio-de-la-cadena-lactea-argentina-y-la-sensible-baja-en-la-produccion\/"},"author":{"name":"Jorge Matheus","@id":"https:\/\/infoecos.com.ar\/#\/schema\/person\/8f5ace5ce73b4b4aac4b7245aee6f191"},"headline":"El\u00a0Observatorio de la Cadena L\u00e1ctea Argentina y la sensible baja en la producci\u00f3n","datePublished":"2023-04-20T04:47:55+00:00","dateModified":"2023-04-20T04:47:56+00:00","mainEntityOfPage":{"@id":"https:\/\/infoecos.com.ar\/index.php\/el-observatorio-de-la-cadena-lactea-argentina-y-la-sensible-baja-en-la-produccion\/"},"wordCount":203,"publisher":{"@id":"https:\/\/infoecos.com.ar\/#organization"},"image":{"@id":"https:\/\/infoecos.com.ar\/index.php\/el-observatorio-de-la-cadena-lactea-argentina-y-la-sensible-baja-en-la-produccion\/#primaryimage"},"thumbnailUrl":"https:\/\/infoecos.com.ar\/wp-content\/uploads\/2023\/01\/tambos1.jpg","keywords":["ECONOM\u00cdA"],"articleSection":["C2 N3"],"inLanguage":"es"},{"@type":"WebPage","@id":"https:\/\/infoecos.com.ar\/index.php\/el-observatorio-de-la-cadena-lactea-argentina-y-la-sensible-baja-en-la-produccion\/","url":"https:\/\/infoecos.com.ar\/index.php\/el-observatorio-de-la-cadena-lactea-argentina-y-la-sensible-baja-en-la-produccion\/","name":"El\u00a0Observatorio de la Cadena L\u00e1ctea Argentina y la sensible baja en la producci\u00f3n - Infoecos","isPartOf":{"@id":"https:\/\/infoecos.com.ar\/#website"},"primaryImageOfPage":{"@id":"https:\/\/infoecos.com.ar\/index.php\/el-observatorio-de-la-cadena-lactea-argentina-y-la-sensible-baja-en-la-produccion\/#primaryimage"},"image":{"@id":"https:\/\/infoecos.com.ar\/index.php\/el-observatorio-de-la-cadena-lactea-argentina-y-la-sensible-baja-en-la-produccion\/#primaryimage"},"thumbnailUrl":"https:\/\/infoecos.com.ar\/wp-content\/uploads\/2023\/01\/tambos1.jpg","datePublished":"2023-04-20T04:47:55+00:00","dateModified":"2023-04-20T04:47:56+00:00","breadcrumb":{"@id":"https:\/\/infoecos.com.ar\/index.php\/el-observatorio-de-la-cadena-lactea-argentina-y-la-sensible-baja-en-la-produccion\/#breadcrumb"},"inLanguage":"es","potentialAction":[{"@type":"ReadAction","target":["https:\/\/infoecos.com.ar\/index.php\/el-observatorio-de-la-cadena-lactea-argentina-y-la-sensible-baja-en-la-produccion\/"]}]},{"@type":"ImageObject","inLanguage":"es","@id":"https:\/\/infoecos.com.ar\/index.php\/el-observatorio-de-la-cadena-lactea-argentina-y-la-sensible-baja-en-la-produccion\/#primaryimage","url":"https:\/\/infoecos.com.ar\/wp-content\/uploads\/2023\/01\/tambos1.jpg","contentUrl":"https:\/\/infoecos.com.ar\/wp-content\/uploads\/2023\/01\/tambos1.jpg","width":360,"height":180},{"@type":"BreadcrumbList","@id":"https:\/\/infoecos.com.ar\/index.php\/el-observatorio-de-la-cadena-lactea-argentina-y-la-sensible-baja-en-la-produccion\/#breadcrumb","itemListElement":[{"@type":"ListItem","position":1,"name":"Portada","item":"https:\/\/infoecos.com.ar\/"},{"@type":"ListItem","position":2,"name":"El\u00a0Observatorio de la Cadena L\u00e1ctea Argentina y la sensible baja en la producci\u00f3n"}]},{"@type":"WebSite","@id":"https:\/\/infoecos.com.ar\/#website","url":"https:\/\/infoecos.com.ar\/","name":"Infoecos","description":"Noticias de trenque lauquen y la zona","publisher":{"@id":"https:\/\/infoecos.com.ar\/#organization"},"alternateName":"Noticias","potentialAction":[{"@type":"SearchAction","target":{"@type":"EntryPoint","urlTemplate":"https:\/\/infoecos.com.ar\/?s={search_term_string}"},"query-input":{"@type":"PropertyValueSpecification","valueRequired":true,"valueName":"search_term_string"}}],"inLanguage":"es"},{"@type":"Organization","@id":"https:\/\/infoecos.com.ar\/#organization","name":"Infoecos","alternateName":"Noticias","url":"https:\/\/infoecos.com.ar\/","logo":{"@type":"ImageObject","inLanguage":"es","@id":"https:\/\/infoecos.com.ar\/#\/schema\/logo\/image\/","url":"https:\/\/infoecos.com.ar\/wp-content\/uploads\/2024\/03\/cropped-logo.png","contentUrl":"https:\/\/infoecos.com.ar\/wp-content\/uploads\/2024\/03\/cropped-logo.png","width":374,"height":90,"caption":"Infoecos"},"image":{"@id":"https:\/\/infoecos.com.ar\/#\/schema\/logo\/image\/"},"sameAs":["https:\/\/www.facebook.com\/profile.php?id=100063200290284","https:\/\/x.com\/infoecos"]},{"@type":"Person","@id":"https:\/\/infoecos.com.ar\/#\/schema\/person\/8f5ace5ce73b4b4aac4b7245aee6f191","name":"Jorge Matheus","url":"https:\/\/infoecos.com.ar\/index.php\/author\/jomatheus\/"}]}},"featured_image_urls":{"full":["https:\/\/infoecos.com.ar\/wp-content\/uploads\/2023\/01\/tambos1.jpg",360,180,false],"thumbnail":["https:\/\/infoecos.com.ar\/wp-content\/uploads\/2023\/01\/tambos1-300x150.jpg",300,150,true],"medium":["https:\/\/infoecos.com.ar\/wp-content\/uploads\/2023\/01\/tambos1.jpg",360,180,false],"medium_large":["https:\/\/infoecos.com.ar\/wp-content\/uploads\/2023\/01\/tambos1.jpg",360,180,false],"large":["https:\/\/infoecos.com.ar\/wp-content\/uploads\/2023\/01\/tambos1.jpg",360,180,false],"1536x1536":["https:\/\/infoecos.com.ar\/wp-content\/uploads\/2023\/01\/tambos1.jpg",360,180,false],"2048x2048":["https:\/\/infoecos.com.ar\/wp-content\/uploads\/2023\/01\/tambos1.jpg",360,180,false],"covernews-slider-full":["https:\/\/infoecos.com.ar\/wp-content\/uploads\/2023\/01\/tambos1.jpg",360,180,false],"covernews-slider-center":["https:\/\/infoecos.com.ar\/wp-content\/uploads\/2023\/01\/tambos1.jpg",360,180,false],"covernews-featured":["https:\/\/infoecos.com.ar\/wp-content\/uploads\/2023\/01\/tambos1.jpg",360,180,false],"covernews-medium":["https:\/\/infoecos.com.ar\/wp-content\/uploads\/2023\/01\/tambos1.jpg",360,180,false],"covernews-medium-square":["https:\/\/infoecos.com.ar\/wp-content\/uploads\/2023\/01\/tambos1.jpg",360,180,false]},"author_info":{"info":["Jorge Matheus"]},"category_info":"<a href=\"https:\/\/infoecos.com.ar\/index.php\/category\/c2nota3\/\" rel=\"category tag\">C2 N3<\/a>","tag_info":"C2 N3","comment_count":"0","_links":{"self":[{"href":"https:\/\/infoecos.com.ar\/index.php\/wp-json\/wp\/v2\/posts\/104005"}],"collection":[{"href":"https:\/\/infoecos.com.ar\/index.php\/wp-json\/wp\/v2\/posts"}],"about":[{"href":"https:\/\/infoecos.com.ar\/index.php\/wp-json\/wp\/v2\/types\/post"}],"author":[{"embeddable":true,"href":"https:\/\/infoecos.com.ar\/index.php\/wp-json\/wp\/v2\/users\/2"}],"replies":[{"embeddable":true,"href":"https:\/\/infoecos.com.ar\/index.php\/wp-json\/wp\/v2\/comments?post=104005"}],"version-history":[{"count":1,"href":"https:\/\/infoecos.com.ar\/index.php\/wp-json\/wp\/v2\/posts\/104005\/revisions"}],"predecessor-version":[{"id":104007,"href":"https:\/\/infoecos.com.ar\/index.php\/wp-json\/wp\/v2\/posts\/104005\/revisions\/104007"}],"wp:featuredmedia":[{"embeddable":true,"href":"https:\/\/infoecos.com.ar\/index.php\/wp-json\/wp\/v2\/media\/99681"}],"wp:attachment":[{"href":"https:\/\/infoecos.com.ar\/index.php\/wp-json\/wp\/v2\/media?parent=104005"}],"wp:term":[{"taxonomy":"category","embeddable":true,"href":"https:\/\/infoecos.com.ar\/index.php\/wp-json\/wp\/v2\/categories?post=104005"},{"taxonomy":"post_tag","embeddable":true,"href":"https:\/\/infoecos.com.ar\/index.php\/wp-json\/wp\/v2\/tags?post=104005"}],"curies":[{"name":"wp","href":"https:\/\/api.w.org\/{rel}","templated":true}]}}