{"id":104008,"date":"2023-04-20T01:57:13","date_gmt":"2023-04-20T04:57:13","guid":{"rendered":"https:\/\/infoecos.com.ar\/?p=104008"},"modified":"2023-04-20T01:57:14","modified_gmt":"2023-04-20T04:57:14","slug":"informacion-relacionada-con-padrones-nacional-y-provincial-como-tambien-otros-datos","status":"publish","type":"post","link":"https:\/\/infoecos.com.ar\/index.php\/informacion-relacionada-con-padrones-nacional-y-provincial-como-tambien-otros-datos\/","title":{"rendered":"Informaci\u00f3n relacionada con padrones nacional y provincial, como tambi\u00e9n otros datos"},"content":{"rendered":"\n<p>El Ministerio de Gobierno bonaerense habilit\u00f3 el sitio<strong>\u00a0<\/strong><a href=\"http:\/\/www.gba.gob.ar\/elecciones2023\" target=\"_blank\" rel=\"noreferrer noopener\">www.gba.gob.ar\/elecciones2023<\/a><strong>. <\/strong>Ingresando en \u00e9l puede encontrarse informaci\u00f3n relacionada con padrones nacional y provincial, requisitos para poder sufragar, votantes extranjeros que habitan en la Provincia, instructivo para autoridades de mesa y m\u00e1s. <\/p>\n\n\n\n<figure class=\"wp-block-image aligncenter size-full\"><img decoding=\"async\" src=\"https:\/\/infoecos.com.ar\/wp-content\/uploads\/URNA-3-e1502769652391.jpg\" alt=\"\" class=\"wp-image-18884\"\/><figcaption class=\"wp-element-caption\">Urnas<\/figcaption><\/figure>\n\n\n\n<p>Aparte de lo estrictamente vinculado con los comicios, desde la portada de la p\u00e1gina web se puede entrar en las diferentes redes sociales y en el canal de YouTube del \u00e1rea que conduce Cristina \u00c1lvarez Rodr\u00edguez.<\/p>\n","protected":false},"excerpt":{"rendered":"<p>Sitio\u00a0www.gba.gob.ar\/elecciones2023. Desde la portada de la p\u00e1gina web se puede entrar en las diferentes redes sociales y en el canal de YouTube<\/p>\n","protected":false},"author":2,"featured_media":18884,"comment_status":"closed","ping_status":"open","sticky":false,"template":"","format":"standard","meta":{"footnotes":""},"categories":[49],"tags":[7721],"class_list":["post-104008","post","type-post","status-publish","format-standard","has-post-thumbnail","hentry","category-c3nota3","tag-ministerio-de-gobierno-de-buenos-aires"],"yoast_head":"<!-- This site is optimized with the Yoast SEO plugin v23.4 - https:\/\/yoast.com\/wordpress\/plugins\/seo\/ -->\n<title>Informaci\u00f3n relacionada con padrones nacional y provincial, como tambi\u00e9n otros datos - Infoecos<\/title>\n<meta name=\"robots\" content=\"index, follow, max-snippet:-1, max-image-preview:large, max-video-preview:-1\" \/>\n<link rel=\"canonical\" href=\"https:\/\/infoecos.com.ar\/index.php\/informacion-relacionada-con-padrones-nacional-y-provincial-como-tambien-otros-datos\/\" \/>\n<meta property=\"og:locale\" content=\"es_ES\" \/>\n<meta property=\"og:type\" content=\"article\" \/>\n<meta property=\"og:title\" content=\"Informaci\u00f3n relacionada con padrones nacional y provincial, como tambi\u00e9n otros datos - Infoecos\" \/>\n<meta property=\"og:description\" content=\"Sitio\u00a0www.gba.gob.ar\/elecciones2023. Desde la portada de la p\u00e1gina web se puede entrar en las diferentes redes sociales y en el canal de YouTube\" \/>\n<meta property=\"og:url\" content=\"https:\/\/infoecos.com.ar\/index.php\/informacion-relacionada-con-padrones-nacional-y-provincial-como-tambien-otros-datos\/\" \/>\n<meta property=\"og:site_name\" content=\"Infoecos\" \/>\n<meta property=\"article:publisher\" content=\"https:\/\/www.facebook.com\/profile.php?id=100063200290284\" \/>\n<meta property=\"article:published_time\" content=\"2023-04-20T04:57:13+00:00\" \/>\n<meta property=\"article:modified_time\" content=\"2023-04-20T04:57:14+00:00\" \/>\n<meta property=\"og:image\" content=\"https:\/\/infoecos.com.ar\/wp-content\/uploads\/URNA-3-e1502769652391.jpg\" \/>\n\t<meta property=\"og:image:width\" content=\"400\" \/>\n\t<meta property=\"og:image:height\" content=\"346\" \/>\n\t<meta property=\"og:image:type\" content=\"image\/jpeg\" \/>\n<meta name=\"author\" content=\"Jorge Matheus\" \/>\n<meta name=\"twitter:card\" content=\"summary_large_image\" \/>\n<meta name=\"twitter:creator\" content=\"@infoecos\" \/>\n<meta name=\"twitter:site\" content=\"@infoecos\" \/>\n<meta name=\"twitter:label1\" content=\"Escrito por\" \/>\n\t<meta name=\"twitter:data1\" content=\"Jorge Matheus\" \/>\n\t<meta name=\"twitter:label2\" content=\"Tiempo de lectura\" \/>\n\t<meta name=\"twitter:data2\" content=\"1 minuto\" \/>\n<script type=\"application\/ld+json\" class=\"yoast-schema-graph\">{\"@context\":\"https:\/\/schema.org\",\"@graph\":[{\"@type\":\"Article\",\"@id\":\"https:\/\/infoecos.com.ar\/index.php\/informacion-relacionada-con-padrones-nacional-y-provincial-como-tambien-otros-datos\/#article\",\"isPartOf\":{\"@id\":\"https:\/\/infoecos.com.ar\/index.php\/informacion-relacionada-con-padrones-nacional-y-provincial-como-tambien-otros-datos\/\"},\"author\":{\"name\":\"Jorge Matheus\",\"@id\":\"https:\/\/infoecos.com.ar\/#\/schema\/person\/8f5ace5ce73b4b4aac4b7245aee6f191\"},\"headline\":\"Informaci\u00f3n relacionada con padrones nacional y provincial, como tambi\u00e9n otros datos\",\"datePublished\":\"2023-04-20T04:57:13+00:00\",\"dateModified\":\"2023-04-20T04:57:14+00:00\",\"mainEntityOfPage\":{\"@id\":\"https:\/\/infoecos.com.ar\/index.php\/informacion-relacionada-con-padrones-nacional-y-provincial-como-tambien-otros-datos\/\"},\"wordCount\":97,\"publisher\":{\"@id\":\"https:\/\/infoecos.com.ar\/#organization\"},\"image\":{\"@id\":\"https:\/\/infoecos.com.ar\/index.php\/informacion-relacionada-con-padrones-nacional-y-provincial-como-tambien-otros-datos\/#primaryimage\"},\"thumbnailUrl\":\"\",\"keywords\":[\"Ministerio de Gobierno de Buenos Aires\"],\"articleSection\":[\"C3 N3\"],\"inLanguage\":\"es\"},{\"@type\":\"WebPage\",\"@id\":\"https:\/\/infoecos.com.ar\/index.php\/informacion-relacionada-con-padrones-nacional-y-provincial-como-tambien-otros-datos\/\",\"url\":\"https:\/\/infoecos.com.ar\/index.php\/informacion-relacionada-con-padrones-nacional-y-provincial-como-tambien-otros-datos\/\",\"name\":\"Informaci\u00f3n relacionada con padrones nacional y provincial, como tambi\u00e9n otros datos - Infoecos\",\"isPartOf\":{\"@id\":\"https:\/\/infoecos.com.ar\/#website\"},\"primaryImageOfPage\":{\"@id\":\"https:\/\/infoecos.com.ar\/index.php\/informacion-relacionada-con-padrones-nacional-y-provincial-como-tambien-otros-datos\/#primaryimage\"},\"image\":{\"@id\":\"https:\/\/infoecos.com.ar\/index.php\/informacion-relacionada-con-padrones-nacional-y-provincial-como-tambien-otros-datos\/#primaryimage\"},\"thumbnailUrl\":\"\",\"datePublished\":\"2023-04-20T04:57:13+00:00\",\"dateModified\":\"2023-04-20T04:57:14+00:00\",\"breadcrumb\":{\"@id\":\"https:\/\/infoecos.com.ar\/index.php\/informacion-relacionada-con-padrones-nacional-y-provincial-como-tambien-otros-datos\/#breadcrumb\"},\"inLanguage\":\"es\",\"potentialAction\":[{\"@type\":\"ReadAction\",\"target\":[\"https:\/\/infoecos.com.ar\/index.php\/informacion-relacionada-con-padrones-nacional-y-provincial-como-tambien-otros-datos\/\"]}]},{\"@type\":\"ImageObject\",\"inLanguage\":\"es\",\"@id\":\"https:\/\/infoecos.com.ar\/index.php\/informacion-relacionada-con-padrones-nacional-y-provincial-como-tambien-otros-datos\/#primaryimage\",\"url\":\"\",\"contentUrl\":\"\"},{\"@type\":\"BreadcrumbList\",\"@id\":\"https:\/\/infoecos.com.ar\/index.php\/informacion-relacionada-con-padrones-nacional-y-provincial-como-tambien-otros-datos\/#breadcrumb\",\"itemListElement\":[{\"@type\":\"ListItem\",\"position\":1,\"name\":\"Portada\",\"item\":\"https:\/\/infoecos.com.ar\/\"},{\"@type\":\"ListItem\",\"position\":2,\"name\":\"Informaci\u00f3n relacionada con padrones nacional y provincial, como tambi\u00e9n otros datos\"}]},{\"@type\":\"WebSite\",\"@id\":\"https:\/\/infoecos.com.ar\/#website\",\"url\":\"https:\/\/infoecos.com.ar\/\",\"name\":\"Infoecos\",\"description\":\"Noticias de trenque lauquen y la zona\",\"publisher\":{\"@id\":\"https:\/\/infoecos.com.ar\/#organization\"},\"alternateName\":\"Noticias\",\"potentialAction\":[{\"@type\":\"SearchAction\",\"target\":{\"@type\":\"EntryPoint\",\"urlTemplate\":\"https:\/\/infoecos.com.ar\/?s={search_term_string}\"},\"query-input\":{\"@type\":\"PropertyValueSpecification\",\"valueRequired\":true,\"valueName\":\"search_term_string\"}}],\"inLanguage\":\"es\"},{\"@type\":\"Organization\",\"@id\":\"https:\/\/infoecos.com.ar\/#organization\",\"name\":\"Infoecos\",\"alternateName\":\"Noticias\",\"url\":\"https:\/\/infoecos.com.ar\/\",\"logo\":{\"@type\":\"ImageObject\",\"inLanguage\":\"es\",\"@id\":\"https:\/\/infoecos.com.ar\/#\/schema\/logo\/image\/\",\"url\":\"https:\/\/infoecos.com.ar\/wp-content\/uploads\/2024\/03\/cropped-logo.png\",\"contentUrl\":\"https:\/\/infoecos.com.ar\/wp-content\/uploads\/2024\/03\/cropped-logo.png\",\"width\":374,\"height\":90,\"caption\":\"Infoecos\"},\"image\":{\"@id\":\"https:\/\/infoecos.com.ar\/#\/schema\/logo\/image\/\"},\"sameAs\":[\"https:\/\/www.facebook.com\/profile.php?id=100063200290284\",\"https:\/\/x.com\/infoecos\"]},{\"@type\":\"Person\",\"@id\":\"https:\/\/infoecos.com.ar\/#\/schema\/person\/8f5ace5ce73b4b4aac4b7245aee6f191\",\"name\":\"Jorge Matheus\",\"url\":\"https:\/\/infoecos.com.ar\/index.php\/author\/jomatheus\/\"}]}<\/script>\n<!-- \/ Yoast SEO plugin. -->","yoast_head_json":{"title":"Informaci\u00f3n relacionada con padrones nacional y provincial, como tambi\u00e9n otros datos - Infoecos","robots":{"index":"index","follow":"follow","max-snippet":"max-snippet:-1","max-image-preview":"max-image-preview:large","max-video-preview":"max-video-preview:-1"},"canonical":"https:\/\/infoecos.com.ar\/index.php\/informacion-relacionada-con-padrones-nacional-y-provincial-como-tambien-otros-datos\/","og_locale":"es_ES","og_type":"article","og_title":"Informaci\u00f3n relacionada con padrones nacional y provincial, como tambi\u00e9n otros datos - Infoecos","og_description":"Sitio\u00a0www.gba.gob.ar\/elecciones2023. Desde la portada de la p\u00e1gina web se puede entrar en las diferentes redes sociales y en el canal de YouTube","og_url":"https:\/\/infoecos.com.ar\/index.php\/informacion-relacionada-con-padrones-nacional-y-provincial-como-tambien-otros-datos\/","og_site_name":"Infoecos","article_publisher":"https:\/\/www.facebook.com\/profile.php?id=100063200290284","article_published_time":"2023-04-20T04:57:13+00:00","article_modified_time":"2023-04-20T04:57:14+00:00","og_image":[{"width":400,"height":346,"url":"https:\/\/infoecos.com.ar\/wp-content\/uploads\/URNA-3-e1502769652391.jpg","type":"image\/jpeg"}],"author":"Jorge Matheus","twitter_card":"summary_large_image","twitter_creator":"@infoecos","twitter_site":"@infoecos","twitter_misc":{"Escrito por":"Jorge Matheus","Tiempo de lectura":"1 minuto"},"schema":{"@context":"https:\/\/schema.org","@graph":[{"@type":"Article","@id":"https:\/\/infoecos.com.ar\/index.php\/informacion-relacionada-con-padrones-nacional-y-provincial-como-tambien-otros-datos\/#article","isPartOf":{"@id":"https:\/\/infoecos.com.ar\/index.php\/informacion-relacionada-con-padrones-nacional-y-provincial-como-tambien-otros-datos\/"},"author":{"name":"Jorge Matheus","@id":"https:\/\/infoecos.com.ar\/#\/schema\/person\/8f5ace5ce73b4b4aac4b7245aee6f191"},"headline":"Informaci\u00f3n relacionada con padrones nacional y provincial, como tambi\u00e9n otros datos","datePublished":"2023-04-20T04:57:13+00:00","dateModified":"2023-04-20T04:57:14+00:00","mainEntityOfPage":{"@id":"https:\/\/infoecos.com.ar\/index.php\/informacion-relacionada-con-padrones-nacional-y-provincial-como-tambien-otros-datos\/"},"wordCount":97,"publisher":{"@id":"https:\/\/infoecos.com.ar\/#organization"},"image":{"@id":"https:\/\/infoecos.com.ar\/index.php\/informacion-relacionada-con-padrones-nacional-y-provincial-como-tambien-otros-datos\/#primaryimage"},"thumbnailUrl":"","keywords":["Ministerio de Gobierno de Buenos Aires"],"articleSection":["C3 N3"],"inLanguage":"es"},{"@type":"WebPage","@id":"https:\/\/infoecos.com.ar\/index.php\/informacion-relacionada-con-padrones-nacional-y-provincial-como-tambien-otros-datos\/","url":"https:\/\/infoecos.com.ar\/index.php\/informacion-relacionada-con-padrones-nacional-y-provincial-como-tambien-otros-datos\/","name":"Informaci\u00f3n relacionada con padrones nacional y provincial, como tambi\u00e9n otros datos - Infoecos","isPartOf":{"@id":"https:\/\/infoecos.com.ar\/#website"},"primaryImageOfPage":{"@id":"https:\/\/infoecos.com.ar\/index.php\/informacion-relacionada-con-padrones-nacional-y-provincial-como-tambien-otros-datos\/#primaryimage"},"image":{"@id":"https:\/\/infoecos.com.ar\/index.php\/informacion-relacionada-con-padrones-nacional-y-provincial-como-tambien-otros-datos\/#primaryimage"},"thumbnailUrl":"","datePublished":"2023-04-20T04:57:13+00:00","dateModified":"2023-04-20T04:57:14+00:00","breadcrumb":{"@id":"https:\/\/infoecos.com.ar\/index.php\/informacion-relacionada-con-padrones-nacional-y-provincial-como-tambien-otros-datos\/#breadcrumb"},"inLanguage":"es","potentialAction":[{"@type":"ReadAction","target":["https:\/\/infoecos.com.ar\/index.php\/informacion-relacionada-con-padrones-nacional-y-provincial-como-tambien-otros-datos\/"]}]},{"@type":"ImageObject","inLanguage":"es","@id":"https:\/\/infoecos.com.ar\/index.php\/informacion-relacionada-con-padrones-nacional-y-provincial-como-tambien-otros-datos\/#primaryimage","url":"","contentUrl":""},{"@type":"BreadcrumbList","@id":"https:\/\/infoecos.com.ar\/index.php\/informacion-relacionada-con-padrones-nacional-y-provincial-como-tambien-otros-datos\/#breadcrumb","itemListElement":[{"@type":"ListItem","position":1,"name":"Portada","item":"https:\/\/infoecos.com.ar\/"},{"@type":"ListItem","position":2,"name":"Informaci\u00f3n relacionada con padrones nacional y provincial, como tambi\u00e9n otros datos"}]},{"@type":"WebSite","@id":"https:\/\/infoecos.com.ar\/#website","url":"https:\/\/infoecos.com.ar\/","name":"Infoecos","description":"Noticias de trenque lauquen y la zona","publisher":{"@id":"https:\/\/infoecos.com.ar\/#organization"},"alternateName":"Noticias","potentialAction":[{"@type":"SearchAction","target":{"@type":"EntryPoint","urlTemplate":"https:\/\/infoecos.com.ar\/?s={search_term_string}"},"query-input":{"@type":"PropertyValueSpecification","valueRequired":true,"valueName":"search_term_string"}}],"inLanguage":"es"},{"@type":"Organization","@id":"https:\/\/infoecos.com.ar\/#organization","name":"Infoecos","alternateName":"Noticias","url":"https:\/\/infoecos.com.ar\/","logo":{"@type":"ImageObject","inLanguage":"es","@id":"https:\/\/infoecos.com.ar\/#\/schema\/logo\/image\/","url":"https:\/\/infoecos.com.ar\/wp-content\/uploads\/2024\/03\/cropped-logo.png","contentUrl":"https:\/\/infoecos.com.ar\/wp-content\/uploads\/2024\/03\/cropped-logo.png","width":374,"height":90,"caption":"Infoecos"},"image":{"@id":"https:\/\/infoecos.com.ar\/#\/schema\/logo\/image\/"},"sameAs":["https:\/\/www.facebook.com\/profile.php?id=100063200290284","https:\/\/x.com\/infoecos"]},{"@type":"Person","@id":"https:\/\/infoecos.com.ar\/#\/schema\/person\/8f5ace5ce73b4b4aac4b7245aee6f191","name":"Jorge Matheus","url":"https:\/\/infoecos.com.ar\/index.php\/author\/jomatheus\/"}]}},"featured_image_urls":{"full":"","thumbnail":"","medium":"","medium_large":"","large":"","1536x1536":"","2048x2048":"","covernews-slider-full":"","covernews-slider-center":"","covernews-featured":"","covernews-medium":"","covernews-medium-square":""},"author_info":{"info":["Jorge Matheus"]},"category_info":"<a href=\"https:\/\/infoecos.com.ar\/index.php\/category\/c3nota3\/\" rel=\"category tag\">C3 N3<\/a>","tag_info":"C3 N3","comment_count":"0","_links":{"self":[{"href":"https:\/\/infoecos.com.ar\/index.php\/wp-json\/wp\/v2\/posts\/104008"}],"collection":[{"href":"https:\/\/infoecos.com.ar\/index.php\/wp-json\/wp\/v2\/posts"}],"about":[{"href":"https:\/\/infoecos.com.ar\/index.php\/wp-json\/wp\/v2\/types\/post"}],"author":[{"embeddable":true,"href":"https:\/\/infoecos.com.ar\/index.php\/wp-json\/wp\/v2\/users\/2"}],"replies":[{"embeddable":true,"href":"https:\/\/infoecos.com.ar\/index.php\/wp-json\/wp\/v2\/comments?post=104008"}],"version-history":[{"count":1,"href":"https:\/\/infoecos.com.ar\/index.php\/wp-json\/wp\/v2\/posts\/104008\/revisions"}],"predecessor-version":[{"id":104009,"href":"https:\/\/infoecos.com.ar\/index.php\/wp-json\/wp\/v2\/posts\/104008\/revisions\/104009"}],"wp:featuredmedia":[{"embeddable":true,"href":"https:\/\/infoecos.com.ar\/index.php\/wp-json\/"}],"wp:attachment":[{"href":"https:\/\/infoecos.com.ar\/index.php\/wp-json\/wp\/v2\/media?parent=104008"}],"wp:term":[{"taxonomy":"category","embeddable":true,"href":"https:\/\/infoecos.com.ar\/index.php\/wp-json\/wp\/v2\/categories?post=104008"},{"taxonomy":"post_tag","embeddable":true,"href":"https:\/\/infoecos.com.ar\/index.php\/wp-json\/wp\/v2\/tags?post=104008"}],"curies":[{"name":"wp","href":"https:\/\/api.w.org\/{rel}","templated":true}]}}