{"id":104061,"date":"2023-04-20T16:56:11","date_gmt":"2023-04-20T19:56:11","guid":{"rendered":"https:\/\/infoecos.com.ar\/?p=104061"},"modified":"2023-04-22T05:32:39","modified_gmt":"2023-04-22T08:32:39","slug":"un-menor-de-edad-extorsiono-a-una-mujer-a-la-que-se-le-habia-extraviado-el-celular","status":"publish","type":"post","link":"https:\/\/infoecos.com.ar\/index.php\/un-menor-de-edad-extorsiono-a-una-mujer-a-la-que-se-le-habia-extraviado-el-celular\/","title":{"rendered":"Un menor de edad extorsion\u00f3 a una mujer a la que se le hab\u00eda extraviado el celular"},"content":{"rendered":"\n<p>Perdi\u00f3 el celular y un menor le inform\u00f3 que lo ten\u00eda en su poder, pidi\u00e9ndole recompensa para dev\u00f3lverselo.<\/p>\n\n\n\n<figure class=\"wp-block-image aligncenter size-full is-resized\"><img loading=\"lazy\" decoding=\"async\" src=\"https:\/\/infoecos.com.ar\/wp-content\/uploads\/2023\/04\/celular1.jpg\" alt=\"\" class=\"wp-image-104062\" width=\"434\" height=\"672\" srcset=\"https:\/\/infoecos.com.ar\/wp-content\/uploads\/2023\/04\/celular1.jpg 827w, https:\/\/infoecos.com.ar\/wp-content\/uploads\/2023\/04\/celular1-517x800.jpg 517w, https:\/\/infoecos.com.ar\/wp-content\/uploads\/2023\/04\/celular1-768x1189.jpg 768w\" sizes=\"(max-width: 434px) 100vw, 434px\" \/><figcaption class=\"wp-element-caption\">celular extraviado<\/figcaption><\/figure>\n\n\n\n<p>El t\u00edtulo se desprende de la informaci\u00f3n que proporcion\u00f3 la Polic\u00eda de Trenque Lauquen, en horas de la ma\u00f1ana de este jueves.<\/p>\n\n\n\n<p>Josefina Cabral, una vecina de esta ciudad del oeste de la provincia de Buenos Aires, denunci\u00f3 que <strong><em>\u00abluego de extraviar el tel\u00e9fono celular marca SAMSUNG de su propiedad con fecha 18 del Cte. fue contactada por persona que pose\u00eda en su poder telefono extraviado marca SAMSUNG, modelo GALAXY A23, color celeste, sujeto este quien se identifica como menor de edad. Le inform\u00f3 a la damnificada que pose\u00eda el tel\u00e9fono extraviado en su poder, encontr\u00e1ndose residiendo en domicilio ubicado en calle Guti\u00e9rrez N\u00b0 695, solicitando a la vez recompensa por la entrega del telefono. Se dio inicio r\u00e1pidamente a la investigaci\u00f3n a la vez que se instruye causa penal caratulada: \u201cEXTORSION\u201d. Interviene la Fiscalia de Menores departamental, en el marco de la cual se solicita orden de registro y allanamiento para el domicilio del menor. Llevada a cabo tal diligencia judicial, se logra secuestrar tel\u00e9fono celular marca Samsung, el cual fue entregado a damnificada, bajo disposici\u00f3n de Fiscal\u00eda de Menores Departamental, con fecha 20 del corriente\u00bb. <\/em><\/strong><\/p>\n","protected":false},"excerpt":{"rendered":"<p>El t\u00edtulo se desprende de la informaci\u00f3n que proporcion\u00f3 la Polic\u00eda de Trenque Lauquen, en horas de la ma\u00f1ana de este jueves<\/p>\n","protected":false},"author":2,"featured_media":104062,"comment_status":"closed","ping_status":"open","sticky":false,"template":"","format":"standard","meta":{"footnotes":""},"categories":[1323],"tags":[7507],"class_list":["post-104061","post","type-post","status-publish","format-standard","has-post-thumbnail","hentry","category-c2nota5","tag-t-lauquen-policial"],"yoast_head":"<!-- This site is optimized with the Yoast SEO plugin v23.4 - https:\/\/yoast.com\/wordpress\/plugins\/seo\/ -->\n<title>Un menor de edad extorsion\u00f3 a una mujer a la que se le hab\u00eda extraviado el celular - Infoecos<\/title>\n<meta name=\"robots\" content=\"index, follow, max-snippet:-1, max-image-preview:large, max-video-preview:-1\" \/>\n<link rel=\"canonical\" href=\"https:\/\/infoecos.com.ar\/index.php\/un-menor-de-edad-extorsiono-a-una-mujer-a-la-que-se-le-habia-extraviado-el-celular\/\" \/>\n<meta property=\"og:locale\" content=\"es_ES\" \/>\n<meta property=\"og:type\" content=\"article\" \/>\n<meta property=\"og:title\" content=\"Un menor de edad extorsion\u00f3 a una mujer a la que se le hab\u00eda extraviado el celular - Infoecos\" \/>\n<meta property=\"og:description\" content=\"El t\u00edtulo se desprende de la informaci\u00f3n que proporcion\u00f3 la Polic\u00eda de Trenque Lauquen, en horas de la ma\u00f1ana de este jueves\" \/>\n<meta property=\"og:url\" content=\"https:\/\/infoecos.com.ar\/index.php\/un-menor-de-edad-extorsiono-a-una-mujer-a-la-que-se-le-habia-extraviado-el-celular\/\" \/>\n<meta property=\"og:site_name\" content=\"Infoecos\" \/>\n<meta property=\"article:publisher\" content=\"https:\/\/www.facebook.com\/profile.php?id=100063200290284\" \/>\n<meta property=\"article:published_time\" content=\"2023-04-20T19:56:11+00:00\" \/>\n<meta property=\"article:modified_time\" content=\"2023-04-22T08:32:39+00:00\" \/>\n<meta property=\"og:image\" content=\"https:\/\/infoecos.com.ar\/wp-content\/uploads\/2023\/04\/celular1.jpg\" \/>\n\t<meta property=\"og:image:width\" content=\"827\" \/>\n\t<meta property=\"og:image:height\" content=\"1280\" \/>\n\t<meta property=\"og:image:type\" content=\"image\/jpeg\" \/>\n<meta name=\"author\" content=\"Jorge Matheus\" \/>\n<meta name=\"twitter:card\" content=\"summary_large_image\" \/>\n<meta name=\"twitter:creator\" content=\"@infoecos\" \/>\n<meta name=\"twitter:site\" content=\"@infoecos\" \/>\n<meta name=\"twitter:label1\" content=\"Escrito por\" \/>\n\t<meta name=\"twitter:data1\" content=\"Jorge Matheus\" \/>\n\t<meta name=\"twitter:label2\" content=\"Tiempo de lectura\" \/>\n\t<meta name=\"twitter:data2\" content=\"2 minutos\" \/>\n<script type=\"application\/ld+json\" class=\"yoast-schema-graph\">{\"@context\":\"https:\/\/schema.org\",\"@graph\":[{\"@type\":\"Article\",\"@id\":\"https:\/\/infoecos.com.ar\/index.php\/un-menor-de-edad-extorsiono-a-una-mujer-a-la-que-se-le-habia-extraviado-el-celular\/#article\",\"isPartOf\":{\"@id\":\"https:\/\/infoecos.com.ar\/index.php\/un-menor-de-edad-extorsiono-a-una-mujer-a-la-que-se-le-habia-extraviado-el-celular\/\"},\"author\":{\"name\":\"Jorge Matheus\",\"@id\":\"https:\/\/infoecos.com.ar\/#\/schema\/person\/8f5ace5ce73b4b4aac4b7245aee6f191\"},\"headline\":\"Un menor de edad extorsion\u00f3 a una mujer a la que se le hab\u00eda extraviado el celular\",\"datePublished\":\"2023-04-20T19:56:11+00:00\",\"dateModified\":\"2023-04-22T08:32:39+00:00\",\"mainEntityOfPage\":{\"@id\":\"https:\/\/infoecos.com.ar\/index.php\/un-menor-de-edad-extorsiono-a-una-mujer-a-la-que-se-le-habia-extraviado-el-celular\/\"},\"wordCount\":240,\"publisher\":{\"@id\":\"https:\/\/infoecos.com.ar\/#organization\"},\"image\":{\"@id\":\"https:\/\/infoecos.com.ar\/index.php\/un-menor-de-edad-extorsiono-a-una-mujer-a-la-que-se-le-habia-extraviado-el-celular\/#primaryimage\"},\"thumbnailUrl\":\"https:\/\/infoecos.com.ar\/wp-content\/uploads\/2023\/04\/celular1.jpg\",\"keywords\":[\"t.lauquen - policial\"],\"articleSection\":[\"C2 N5\"],\"inLanguage\":\"es\"},{\"@type\":\"WebPage\",\"@id\":\"https:\/\/infoecos.com.ar\/index.php\/un-menor-de-edad-extorsiono-a-una-mujer-a-la-que-se-le-habia-extraviado-el-celular\/\",\"url\":\"https:\/\/infoecos.com.ar\/index.php\/un-menor-de-edad-extorsiono-a-una-mujer-a-la-que-se-le-habia-extraviado-el-celular\/\",\"name\":\"Un menor de edad extorsion\u00f3 a una mujer a la que se le hab\u00eda extraviado el celular - Infoecos\",\"isPartOf\":{\"@id\":\"https:\/\/infoecos.com.ar\/#website\"},\"primaryImageOfPage\":{\"@id\":\"https:\/\/infoecos.com.ar\/index.php\/un-menor-de-edad-extorsiono-a-una-mujer-a-la-que-se-le-habia-extraviado-el-celular\/#primaryimage\"},\"image\":{\"@id\":\"https:\/\/infoecos.com.ar\/index.php\/un-menor-de-edad-extorsiono-a-una-mujer-a-la-que-se-le-habia-extraviado-el-celular\/#primaryimage\"},\"thumbnailUrl\":\"https:\/\/infoecos.com.ar\/wp-content\/uploads\/2023\/04\/celular1.jpg\",\"datePublished\":\"2023-04-20T19:56:11+00:00\",\"dateModified\":\"2023-04-22T08:32:39+00:00\",\"breadcrumb\":{\"@id\":\"https:\/\/infoecos.com.ar\/index.php\/un-menor-de-edad-extorsiono-a-una-mujer-a-la-que-se-le-habia-extraviado-el-celular\/#breadcrumb\"},\"inLanguage\":\"es\",\"potentialAction\":[{\"@type\":\"ReadAction\",\"target\":[\"https:\/\/infoecos.com.ar\/index.php\/un-menor-de-edad-extorsiono-a-una-mujer-a-la-que-se-le-habia-extraviado-el-celular\/\"]}]},{\"@type\":\"ImageObject\",\"inLanguage\":\"es\",\"@id\":\"https:\/\/infoecos.com.ar\/index.php\/un-menor-de-edad-extorsiono-a-una-mujer-a-la-que-se-le-habia-extraviado-el-celular\/#primaryimage\",\"url\":\"https:\/\/infoecos.com.ar\/wp-content\/uploads\/2023\/04\/celular1.jpg\",\"contentUrl\":\"https:\/\/infoecos.com.ar\/wp-content\/uploads\/2023\/04\/celular1.jpg\",\"width\":827,\"height\":1280},{\"@type\":\"BreadcrumbList\",\"@id\":\"https:\/\/infoecos.com.ar\/index.php\/un-menor-de-edad-extorsiono-a-una-mujer-a-la-que-se-le-habia-extraviado-el-celular\/#breadcrumb\",\"itemListElement\":[{\"@type\":\"ListItem\",\"position\":1,\"name\":\"Portada\",\"item\":\"https:\/\/infoecos.com.ar\/\"},{\"@type\":\"ListItem\",\"position\":2,\"name\":\"Un menor de edad extorsion\u00f3 a una mujer a la que se le hab\u00eda extraviado el celular\"}]},{\"@type\":\"WebSite\",\"@id\":\"https:\/\/infoecos.com.ar\/#website\",\"url\":\"https:\/\/infoecos.com.ar\/\",\"name\":\"Infoecos\",\"description\":\"Noticias de trenque lauquen y la zona\",\"publisher\":{\"@id\":\"https:\/\/infoecos.com.ar\/#organization\"},\"alternateName\":\"Noticias\",\"potentialAction\":[{\"@type\":\"SearchAction\",\"target\":{\"@type\":\"EntryPoint\",\"urlTemplate\":\"https:\/\/infoecos.com.ar\/?s={search_term_string}\"},\"query-input\":{\"@type\":\"PropertyValueSpecification\",\"valueRequired\":true,\"valueName\":\"search_term_string\"}}],\"inLanguage\":\"es\"},{\"@type\":\"Organization\",\"@id\":\"https:\/\/infoecos.com.ar\/#organization\",\"name\":\"Infoecos\",\"alternateName\":\"Noticias\",\"url\":\"https:\/\/infoecos.com.ar\/\",\"logo\":{\"@type\":\"ImageObject\",\"inLanguage\":\"es\",\"@id\":\"https:\/\/infoecos.com.ar\/#\/schema\/logo\/image\/\",\"url\":\"https:\/\/infoecos.com.ar\/wp-content\/uploads\/2024\/03\/cropped-logo.png\",\"contentUrl\":\"https:\/\/infoecos.com.ar\/wp-content\/uploads\/2024\/03\/cropped-logo.png\",\"width\":374,\"height\":90,\"caption\":\"Infoecos\"},\"image\":{\"@id\":\"https:\/\/infoecos.com.ar\/#\/schema\/logo\/image\/\"},\"sameAs\":[\"https:\/\/www.facebook.com\/profile.php?id=100063200290284\",\"https:\/\/x.com\/infoecos\"]},{\"@type\":\"Person\",\"@id\":\"https:\/\/infoecos.com.ar\/#\/schema\/person\/8f5ace5ce73b4b4aac4b7245aee6f191\",\"name\":\"Jorge Matheus\",\"url\":\"https:\/\/infoecos.com.ar\/index.php\/author\/jomatheus\/\"}]}<\/script>\n<!-- \/ Yoast SEO plugin. -->","yoast_head_json":{"title":"Un menor de edad extorsion\u00f3 a una mujer a la que se le hab\u00eda extraviado el celular - Infoecos","robots":{"index":"index","follow":"follow","max-snippet":"max-snippet:-1","max-image-preview":"max-image-preview:large","max-video-preview":"max-video-preview:-1"},"canonical":"https:\/\/infoecos.com.ar\/index.php\/un-menor-de-edad-extorsiono-a-una-mujer-a-la-que-se-le-habia-extraviado-el-celular\/","og_locale":"es_ES","og_type":"article","og_title":"Un menor de edad extorsion\u00f3 a una mujer a la que se le hab\u00eda extraviado el celular - Infoecos","og_description":"El t\u00edtulo se desprende de la informaci\u00f3n que proporcion\u00f3 la Polic\u00eda de Trenque Lauquen, en horas de la ma\u00f1ana de este jueves","og_url":"https:\/\/infoecos.com.ar\/index.php\/un-menor-de-edad-extorsiono-a-una-mujer-a-la-que-se-le-habia-extraviado-el-celular\/","og_site_name":"Infoecos","article_publisher":"https:\/\/www.facebook.com\/profile.php?id=100063200290284","article_published_time":"2023-04-20T19:56:11+00:00","article_modified_time":"2023-04-22T08:32:39+00:00","og_image":[{"width":827,"height":1280,"url":"https:\/\/infoecos.com.ar\/wp-content\/uploads\/2023\/04\/celular1.jpg","type":"image\/jpeg"}],"author":"Jorge Matheus","twitter_card":"summary_large_image","twitter_creator":"@infoecos","twitter_site":"@infoecos","twitter_misc":{"Escrito por":"Jorge Matheus","Tiempo de lectura":"2 minutos"},"schema":{"@context":"https:\/\/schema.org","@graph":[{"@type":"Article","@id":"https:\/\/infoecos.com.ar\/index.php\/un-menor-de-edad-extorsiono-a-una-mujer-a-la-que-se-le-habia-extraviado-el-celular\/#article","isPartOf":{"@id":"https:\/\/infoecos.com.ar\/index.php\/un-menor-de-edad-extorsiono-a-una-mujer-a-la-que-se-le-habia-extraviado-el-celular\/"},"author":{"name":"Jorge Matheus","@id":"https:\/\/infoecos.com.ar\/#\/schema\/person\/8f5ace5ce73b4b4aac4b7245aee6f191"},"headline":"Un menor de edad extorsion\u00f3 a una mujer a la que se le hab\u00eda extraviado el celular","datePublished":"2023-04-20T19:56:11+00:00","dateModified":"2023-04-22T08:32:39+00:00","mainEntityOfPage":{"@id":"https:\/\/infoecos.com.ar\/index.php\/un-menor-de-edad-extorsiono-a-una-mujer-a-la-que-se-le-habia-extraviado-el-celular\/"},"wordCount":240,"publisher":{"@id":"https:\/\/infoecos.com.ar\/#organization"},"image":{"@id":"https:\/\/infoecos.com.ar\/index.php\/un-menor-de-edad-extorsiono-a-una-mujer-a-la-que-se-le-habia-extraviado-el-celular\/#primaryimage"},"thumbnailUrl":"https:\/\/infoecos.com.ar\/wp-content\/uploads\/2023\/04\/celular1.jpg","keywords":["t.lauquen - policial"],"articleSection":["C2 N5"],"inLanguage":"es"},{"@type":"WebPage","@id":"https:\/\/infoecos.com.ar\/index.php\/un-menor-de-edad-extorsiono-a-una-mujer-a-la-que-se-le-habia-extraviado-el-celular\/","url":"https:\/\/infoecos.com.ar\/index.php\/un-menor-de-edad-extorsiono-a-una-mujer-a-la-que-se-le-habia-extraviado-el-celular\/","name":"Un menor de edad extorsion\u00f3 a una mujer a la que se le hab\u00eda extraviado el celular - Infoecos","isPartOf":{"@id":"https:\/\/infoecos.com.ar\/#website"},"primaryImageOfPage":{"@id":"https:\/\/infoecos.com.ar\/index.php\/un-menor-de-edad-extorsiono-a-una-mujer-a-la-que-se-le-habia-extraviado-el-celular\/#primaryimage"},"image":{"@id":"https:\/\/infoecos.com.ar\/index.php\/un-menor-de-edad-extorsiono-a-una-mujer-a-la-que-se-le-habia-extraviado-el-celular\/#primaryimage"},"thumbnailUrl":"https:\/\/infoecos.com.ar\/wp-content\/uploads\/2023\/04\/celular1.jpg","datePublished":"2023-04-20T19:56:11+00:00","dateModified":"2023-04-22T08:32:39+00:00","breadcrumb":{"@id":"https:\/\/infoecos.com.ar\/index.php\/un-menor-de-edad-extorsiono-a-una-mujer-a-la-que-se-le-habia-extraviado-el-celular\/#breadcrumb"},"inLanguage":"es","potentialAction":[{"@type":"ReadAction","target":["https:\/\/infoecos.com.ar\/index.php\/un-menor-de-edad-extorsiono-a-una-mujer-a-la-que-se-le-habia-extraviado-el-celular\/"]}]},{"@type":"ImageObject","inLanguage":"es","@id":"https:\/\/infoecos.com.ar\/index.php\/un-menor-de-edad-extorsiono-a-una-mujer-a-la-que-se-le-habia-extraviado-el-celular\/#primaryimage","url":"https:\/\/infoecos.com.ar\/wp-content\/uploads\/2023\/04\/celular1.jpg","contentUrl":"https:\/\/infoecos.com.ar\/wp-content\/uploads\/2023\/04\/celular1.jpg","width":827,"height":1280},{"@type":"BreadcrumbList","@id":"https:\/\/infoecos.com.ar\/index.php\/un-menor-de-edad-extorsiono-a-una-mujer-a-la-que-se-le-habia-extraviado-el-celular\/#breadcrumb","itemListElement":[{"@type":"ListItem","position":1,"name":"Portada","item":"https:\/\/infoecos.com.ar\/"},{"@type":"ListItem","position":2,"name":"Un menor de edad extorsion\u00f3 a una mujer a la que se le hab\u00eda extraviado el celular"}]},{"@type":"WebSite","@id":"https:\/\/infoecos.com.ar\/#website","url":"https:\/\/infoecos.com.ar\/","name":"Infoecos","description":"Noticias de trenque lauquen y la zona","publisher":{"@id":"https:\/\/infoecos.com.ar\/#organization"},"alternateName":"Noticias","potentialAction":[{"@type":"SearchAction","target":{"@type":"EntryPoint","urlTemplate":"https:\/\/infoecos.com.ar\/?s={search_term_string}"},"query-input":{"@type":"PropertyValueSpecification","valueRequired":true,"valueName":"search_term_string"}}],"inLanguage":"es"},{"@type":"Organization","@id":"https:\/\/infoecos.com.ar\/#organization","name":"Infoecos","alternateName":"Noticias","url":"https:\/\/infoecos.com.ar\/","logo":{"@type":"ImageObject","inLanguage":"es","@id":"https:\/\/infoecos.com.ar\/#\/schema\/logo\/image\/","url":"https:\/\/infoecos.com.ar\/wp-content\/uploads\/2024\/03\/cropped-logo.png","contentUrl":"https:\/\/infoecos.com.ar\/wp-content\/uploads\/2024\/03\/cropped-logo.png","width":374,"height":90,"caption":"Infoecos"},"image":{"@id":"https:\/\/infoecos.com.ar\/#\/schema\/logo\/image\/"},"sameAs":["https:\/\/www.facebook.com\/profile.php?id=100063200290284","https:\/\/x.com\/infoecos"]},{"@type":"Person","@id":"https:\/\/infoecos.com.ar\/#\/schema\/person\/8f5ace5ce73b4b4aac4b7245aee6f191","name":"Jorge Matheus","url":"https:\/\/infoecos.com.ar\/index.php\/author\/jomatheus\/"}]}},"featured_image_urls":{"full":["https:\/\/infoecos.com.ar\/wp-content\/uploads\/2023\/04\/celular1.jpg",827,1280,false],"thumbnail":["https:\/\/infoecos.com.ar\/wp-content\/uploads\/2023\/04\/celular1-300x150.jpg",300,150,true],"medium":["https:\/\/infoecos.com.ar\/wp-content\/uploads\/2023\/04\/celular1-517x800.jpg",517,800,true],"medium_large":["https:\/\/infoecos.com.ar\/wp-content\/uploads\/2023\/04\/celular1-768x1189.jpg",640,991,true],"large":["https:\/\/infoecos.com.ar\/wp-content\/uploads\/2023\/04\/celular1.jpg",640,991,false],"1536x1536":["https:\/\/infoecos.com.ar\/wp-content\/uploads\/2023\/04\/celular1.jpg",827,1280,false],"2048x2048":["https:\/\/infoecos.com.ar\/wp-content\/uploads\/2023\/04\/celular1.jpg",827,1280,false],"covernews-slider-full":["https:\/\/infoecos.com.ar\/wp-content\/uploads\/2023\/04\/celular1-827x1020.jpg",580,715,true],"covernews-slider-center":["https:\/\/infoecos.com.ar\/wp-content\/uploads\/2023\/04\/celular1-827x897.jpg",461,500,true],"covernews-featured":["https:\/\/infoecos.com.ar\/wp-content\/uploads\/2023\/04\/celular1.jpg",827,1280,false],"covernews-medium":["https:\/\/infoecos.com.ar\/wp-content\/uploads\/2023\/04\/celular1-720x380.jpg",540,285,true],"covernews-medium-square":["https:\/\/infoecos.com.ar\/wp-content\/uploads\/2023\/04\/celular1-675x450.jpg",375,250,true]},"author_info":{"info":["Jorge Matheus"]},"category_info":"<a href=\"https:\/\/infoecos.com.ar\/index.php\/category\/c2nota5\/\" rel=\"category tag\">C2 N5<\/a>","tag_info":"C2 N5","comment_count":"0","_links":{"self":[{"href":"https:\/\/infoecos.com.ar\/index.php\/wp-json\/wp\/v2\/posts\/104061"}],"collection":[{"href":"https:\/\/infoecos.com.ar\/index.php\/wp-json\/wp\/v2\/posts"}],"about":[{"href":"https:\/\/infoecos.com.ar\/index.php\/wp-json\/wp\/v2\/types\/post"}],"author":[{"embeddable":true,"href":"https:\/\/infoecos.com.ar\/index.php\/wp-json\/wp\/v2\/users\/2"}],"replies":[{"embeddable":true,"href":"https:\/\/infoecos.com.ar\/index.php\/wp-json\/wp\/v2\/comments?post=104061"}],"version-history":[{"count":1,"href":"https:\/\/infoecos.com.ar\/index.php\/wp-json\/wp\/v2\/posts\/104061\/revisions"}],"predecessor-version":[{"id":104063,"href":"https:\/\/infoecos.com.ar\/index.php\/wp-json\/wp\/v2\/posts\/104061\/revisions\/104063"}],"wp:featuredmedia":[{"embeddable":true,"href":"https:\/\/infoecos.com.ar\/index.php\/wp-json\/wp\/v2\/media\/104062"}],"wp:attachment":[{"href":"https:\/\/infoecos.com.ar\/index.php\/wp-json\/wp\/v2\/media?parent=104061"}],"wp:term":[{"taxonomy":"category","embeddable":true,"href":"https:\/\/infoecos.com.ar\/index.php\/wp-json\/wp\/v2\/categories?post=104061"},{"taxonomy":"post_tag","embeddable":true,"href":"https:\/\/infoecos.com.ar\/index.php\/wp-json\/wp\/v2\/tags?post=104061"}],"curies":[{"name":"wp","href":"https:\/\/api.w.org\/{rel}","templated":true}]}}