{"id":104071,"date":"2023-04-21T02:50:08","date_gmt":"2023-04-21T05:50:08","guid":{"rendered":"https:\/\/infoecos.com.ar\/?p=104071"},"modified":"2023-04-22T02:53:48","modified_gmt":"2023-04-22T05:53:48","slug":"salvan-de-tirar-a-la-basura-25-planos-originales-del-arquitecto-francisco-salamone","status":"publish","type":"post","link":"https:\/\/infoecos.com.ar\/index.php\/salvan-de-tirar-a-la-basura-25-planos-originales-del-arquitecto-francisco-salamone\/","title":{"rendered":"Salvan de tirar a la basura 25 planos originales del arquitecto Francisco Salamone"},"content":{"rendered":"\n<p>Mientras estaban separando para arrojar a la basura archivos municipales, se encontraron en Azul 25 planos originales del arquitecto \u00edtalo &#8211; argentino Francisco Salamone, autor de 70 de los edificios m\u00e1s emblem\u00e1ticos que existen en el interior de la provincia de Buenos Aires.<\/p>\n\n\n\n<figure class=\"wp-block-image aligncenter size-full\"><img loading=\"lazy\" decoding=\"async\" width=\"530\" height=\"395\" src=\"https:\/\/infoecos.com.ar\/wp-content\/uploads\/2023\/04\/salamoneazul.jpg\" alt=\"\" class=\"wp-image-104072\"\/><\/figure>\n\n\n\n<p>Durante esa depuraci\u00f3n del archivo municipal uno de los representantes del Concejo Deliberante, el edil Juan Louge (del partido vecinalista Podemos Azul) dio con una caja que conten\u00eda en su interior 25 planos originales del arquitecto Francisco Salamone.<\/p>\n\n\n\n<p>Se trata de documentaci\u00f3n hist\u00f3rica sobre tres sitios que construy\u00f3 para el Municipio de Azul en la d\u00e9cada del \u201930 por pedido del entonces gobernador Manuel Fresco: la Plaza San Mart\u00edn con sus baldosas zigzagueantes y sus farolas art dec\u00f3, el Matadero municipal con sus 18 metros de largo y la torre en forma de cuchilla, y el Cementerio Municipal con su \u00e1ngel exterminador gigante.<\/p>\n\n\n\n<p>Descubrieron que cada plano ten\u00eda su n\u00famero. Del 1 al 7 est\u00e1n dedicados a cuestiones arquitect\u00f3nicas de la plaza (vista a\u00e9rea, electricidad y riego, base monumento, columnas y bancos, columnas de alumbrado, p\u00e9rgola y jarrones); del 8 al 14 son los del cementerio (frente y cortes, entrada, nichos, fachada, galer\u00eda, plano de obras sanitarias, carpinter\u00eda y herrer\u00eda); y luego hasta el 25 son del Matadero, que incluyen modelo del horno e incinerador de basura. Joyas patrimoniales, ideales para fan\u00e1ticos y estudiosos de la arquitectura.<\/p>\n\n\n\n<p>Seg\u00fan informaron, por ahora la custodia queda bajo responsabilidad del Intendente Municipal y seg\u00fan el acta firmada durante el hallazgo ser\u00e1 tarea de la Comisi\u00f3n que realiz\u00f3 el hallazgo, en conjunto con el jefe comunal, resolver donde se preservar\u00e1n de manera definitiva.<\/p>\n\n\n\n<p>Cabe destacar que Francisco Salamone, arquitecto nacido en Sicilia, construy\u00f3 en tiempo r\u00e9cord m\u00e1s de 70 obras monumentales entre 1936 y 1940 en pleno territorio bonaerense. Los distritos de Azul, Laprida, Pringles, Pellegrini, Tres Lomas, Carhu\u00e9, Guamin\u00ed, Gonz\u00e1les Chavez o Saldungaray, son testigos de sus singulares obras. (<strong>InfoGEI<\/strong>) <\/p>\n","protected":false},"excerpt":{"rendered":"<p>El edil Juan Louge (del partido vecinalista Podemos Azul) dio con una caja que conten\u00eda en su interior 25 planos originales del arquitecto Francisco Salamone.<\/p>\n","protected":false},"author":2,"featured_media":104072,"comment_status":"closed","ping_status":"open","sticky":false,"template":"","format":"standard","meta":{"footnotes":""},"categories":[51],"tags":[7735],"class_list":["post-104071","post","type-post","status-publish","format-standard","has-post-thumbnail","hentry","category-c2nota4","tag-en-azul"],"yoast_head":"<!-- This site is optimized with the Yoast SEO plugin v23.4 - https:\/\/yoast.com\/wordpress\/plugins\/seo\/ -->\n<title>Salvan de tirar a la basura 25 planos originales del arquitecto Francisco Salamone - Infoecos<\/title>\n<meta name=\"robots\" content=\"index, follow, max-snippet:-1, max-image-preview:large, max-video-preview:-1\" \/>\n<link rel=\"canonical\" href=\"https:\/\/infoecos.com.ar\/index.php\/salvan-de-tirar-a-la-basura-25-planos-originales-del-arquitecto-francisco-salamone\/\" \/>\n<meta property=\"og:locale\" content=\"es_ES\" \/>\n<meta property=\"og:type\" content=\"article\" \/>\n<meta property=\"og:title\" content=\"Salvan de tirar a la basura 25 planos originales del arquitecto Francisco Salamone - Infoecos\" \/>\n<meta property=\"og:description\" content=\"El edil Juan Louge (del partido vecinalista Podemos Azul) dio con una caja que conten\u00eda en su interior 25 planos originales del arquitecto Francisco Salamone.\" \/>\n<meta property=\"og:url\" content=\"https:\/\/infoecos.com.ar\/index.php\/salvan-de-tirar-a-la-basura-25-planos-originales-del-arquitecto-francisco-salamone\/\" \/>\n<meta property=\"og:site_name\" content=\"Infoecos\" \/>\n<meta property=\"article:publisher\" content=\"https:\/\/www.facebook.com\/profile.php?id=100063200290284\" \/>\n<meta property=\"article:published_time\" content=\"2023-04-21T05:50:08+00:00\" \/>\n<meta property=\"article:modified_time\" content=\"2023-04-22T05:53:48+00:00\" \/>\n<meta property=\"og:image\" content=\"https:\/\/infoecos.com.ar\/wp-content\/uploads\/2023\/04\/salamoneazul.jpg\" \/>\n\t<meta property=\"og:image:width\" content=\"530\" \/>\n\t<meta property=\"og:image:height\" content=\"395\" \/>\n\t<meta property=\"og:image:type\" content=\"image\/jpeg\" \/>\n<meta name=\"author\" content=\"Jorge Matheus\" \/>\n<meta name=\"twitter:card\" content=\"summary_large_image\" \/>\n<meta name=\"twitter:creator\" content=\"@infoecos\" \/>\n<meta name=\"twitter:site\" content=\"@infoecos\" \/>\n<meta name=\"twitter:label1\" content=\"Escrito por\" \/>\n\t<meta name=\"twitter:data1\" content=\"Jorge Matheus\" \/>\n<script type=\"application\/ld+json\" class=\"yoast-schema-graph\">{\"@context\":\"https:\/\/schema.org\",\"@graph\":[{\"@type\":\"Article\",\"@id\":\"https:\/\/infoecos.com.ar\/index.php\/salvan-de-tirar-a-la-basura-25-planos-originales-del-arquitecto-francisco-salamone\/#article\",\"isPartOf\":{\"@id\":\"https:\/\/infoecos.com.ar\/index.php\/salvan-de-tirar-a-la-basura-25-planos-originales-del-arquitecto-francisco-salamone\/\"},\"author\":{\"name\":\"Jorge Matheus\",\"@id\":\"https:\/\/infoecos.com.ar\/#\/schema\/person\/8f5ace5ce73b4b4aac4b7245aee6f191\"},\"headline\":\"Salvan de tirar a la basura 25 planos originales del arquitecto Francisco Salamone\",\"datePublished\":\"2023-04-21T05:50:08+00:00\",\"dateModified\":\"2023-04-22T05:53:48+00:00\",\"mainEntityOfPage\":{\"@id\":\"https:\/\/infoecos.com.ar\/index.php\/salvan-de-tirar-a-la-basura-25-planos-originales-del-arquitecto-francisco-salamone\/\"},\"wordCount\":344,\"publisher\":{\"@id\":\"https:\/\/infoecos.com.ar\/#organization\"},\"image\":{\"@id\":\"https:\/\/infoecos.com.ar\/index.php\/salvan-de-tirar-a-la-basura-25-planos-originales-del-arquitecto-francisco-salamone\/#primaryimage\"},\"thumbnailUrl\":\"https:\/\/infoecos.com.ar\/wp-content\/uploads\/2023\/04\/salamoneazul.jpg\",\"keywords\":[\"en Azul\"],\"articleSection\":[\"C2 N4\"],\"inLanguage\":\"es\"},{\"@type\":\"WebPage\",\"@id\":\"https:\/\/infoecos.com.ar\/index.php\/salvan-de-tirar-a-la-basura-25-planos-originales-del-arquitecto-francisco-salamone\/\",\"url\":\"https:\/\/infoecos.com.ar\/index.php\/salvan-de-tirar-a-la-basura-25-planos-originales-del-arquitecto-francisco-salamone\/\",\"name\":\"Salvan de tirar a la basura 25 planos originales del arquitecto Francisco Salamone - Infoecos\",\"isPartOf\":{\"@id\":\"https:\/\/infoecos.com.ar\/#website\"},\"primaryImageOfPage\":{\"@id\":\"https:\/\/infoecos.com.ar\/index.php\/salvan-de-tirar-a-la-basura-25-planos-originales-del-arquitecto-francisco-salamone\/#primaryimage\"},\"image\":{\"@id\":\"https:\/\/infoecos.com.ar\/index.php\/salvan-de-tirar-a-la-basura-25-planos-originales-del-arquitecto-francisco-salamone\/#primaryimage\"},\"thumbnailUrl\":\"https:\/\/infoecos.com.ar\/wp-content\/uploads\/2023\/04\/salamoneazul.jpg\",\"datePublished\":\"2023-04-21T05:50:08+00:00\",\"dateModified\":\"2023-04-22T05:53:48+00:00\",\"breadcrumb\":{\"@id\":\"https:\/\/infoecos.com.ar\/index.php\/salvan-de-tirar-a-la-basura-25-planos-originales-del-arquitecto-francisco-salamone\/#breadcrumb\"},\"inLanguage\":\"es\",\"potentialAction\":[{\"@type\":\"ReadAction\",\"target\":[\"https:\/\/infoecos.com.ar\/index.php\/salvan-de-tirar-a-la-basura-25-planos-originales-del-arquitecto-francisco-salamone\/\"]}]},{\"@type\":\"ImageObject\",\"inLanguage\":\"es\",\"@id\":\"https:\/\/infoecos.com.ar\/index.php\/salvan-de-tirar-a-la-basura-25-planos-originales-del-arquitecto-francisco-salamone\/#primaryimage\",\"url\":\"https:\/\/infoecos.com.ar\/wp-content\/uploads\/2023\/04\/salamoneazul.jpg\",\"contentUrl\":\"https:\/\/infoecos.com.ar\/wp-content\/uploads\/2023\/04\/salamoneazul.jpg\",\"width\":530,\"height\":395},{\"@type\":\"BreadcrumbList\",\"@id\":\"https:\/\/infoecos.com.ar\/index.php\/salvan-de-tirar-a-la-basura-25-planos-originales-del-arquitecto-francisco-salamone\/#breadcrumb\",\"itemListElement\":[{\"@type\":\"ListItem\",\"position\":1,\"name\":\"Portada\",\"item\":\"https:\/\/infoecos.com.ar\/\"},{\"@type\":\"ListItem\",\"position\":2,\"name\":\"Salvan de tirar a la basura 25 planos originales del arquitecto Francisco Salamone\"}]},{\"@type\":\"WebSite\",\"@id\":\"https:\/\/infoecos.com.ar\/#website\",\"url\":\"https:\/\/infoecos.com.ar\/\",\"name\":\"Infoecos\",\"description\":\"Noticias de trenque lauquen y la zona\",\"publisher\":{\"@id\":\"https:\/\/infoecos.com.ar\/#organization\"},\"alternateName\":\"Noticias\",\"potentialAction\":[{\"@type\":\"SearchAction\",\"target\":{\"@type\":\"EntryPoint\",\"urlTemplate\":\"https:\/\/infoecos.com.ar\/?s={search_term_string}\"},\"query-input\":{\"@type\":\"PropertyValueSpecification\",\"valueRequired\":true,\"valueName\":\"search_term_string\"}}],\"inLanguage\":\"es\"},{\"@type\":\"Organization\",\"@id\":\"https:\/\/infoecos.com.ar\/#organization\",\"name\":\"Infoecos\",\"alternateName\":\"Noticias\",\"url\":\"https:\/\/infoecos.com.ar\/\",\"logo\":{\"@type\":\"ImageObject\",\"inLanguage\":\"es\",\"@id\":\"https:\/\/infoecos.com.ar\/#\/schema\/logo\/image\/\",\"url\":\"https:\/\/infoecos.com.ar\/wp-content\/uploads\/2024\/03\/cropped-logo.png\",\"contentUrl\":\"https:\/\/infoecos.com.ar\/wp-content\/uploads\/2024\/03\/cropped-logo.png\",\"width\":374,\"height\":90,\"caption\":\"Infoecos\"},\"image\":{\"@id\":\"https:\/\/infoecos.com.ar\/#\/schema\/logo\/image\/\"},\"sameAs\":[\"https:\/\/www.facebook.com\/profile.php?id=100063200290284\",\"https:\/\/x.com\/infoecos\"]},{\"@type\":\"Person\",\"@id\":\"https:\/\/infoecos.com.ar\/#\/schema\/person\/8f5ace5ce73b4b4aac4b7245aee6f191\",\"name\":\"Jorge Matheus\",\"url\":\"https:\/\/infoecos.com.ar\/index.php\/author\/jomatheus\/\"}]}<\/script>\n<!-- \/ Yoast SEO plugin. -->","yoast_head_json":{"title":"Salvan de tirar a la basura 25 planos originales del arquitecto Francisco Salamone - Infoecos","robots":{"index":"index","follow":"follow","max-snippet":"max-snippet:-1","max-image-preview":"max-image-preview:large","max-video-preview":"max-video-preview:-1"},"canonical":"https:\/\/infoecos.com.ar\/index.php\/salvan-de-tirar-a-la-basura-25-planos-originales-del-arquitecto-francisco-salamone\/","og_locale":"es_ES","og_type":"article","og_title":"Salvan de tirar a la basura 25 planos originales del arquitecto Francisco Salamone - Infoecos","og_description":"El edil Juan Louge (del partido vecinalista Podemos Azul) dio con una caja que conten\u00eda en su interior 25 planos originales del arquitecto Francisco Salamone.","og_url":"https:\/\/infoecos.com.ar\/index.php\/salvan-de-tirar-a-la-basura-25-planos-originales-del-arquitecto-francisco-salamone\/","og_site_name":"Infoecos","article_publisher":"https:\/\/www.facebook.com\/profile.php?id=100063200290284","article_published_time":"2023-04-21T05:50:08+00:00","article_modified_time":"2023-04-22T05:53:48+00:00","og_image":[{"width":530,"height":395,"url":"https:\/\/infoecos.com.ar\/wp-content\/uploads\/2023\/04\/salamoneazul.jpg","type":"image\/jpeg"}],"author":"Jorge Matheus","twitter_card":"summary_large_image","twitter_creator":"@infoecos","twitter_site":"@infoecos","twitter_misc":{"Escrito por":"Jorge Matheus"},"schema":{"@context":"https:\/\/schema.org","@graph":[{"@type":"Article","@id":"https:\/\/infoecos.com.ar\/index.php\/salvan-de-tirar-a-la-basura-25-planos-originales-del-arquitecto-francisco-salamone\/#article","isPartOf":{"@id":"https:\/\/infoecos.com.ar\/index.php\/salvan-de-tirar-a-la-basura-25-planos-originales-del-arquitecto-francisco-salamone\/"},"author":{"name":"Jorge Matheus","@id":"https:\/\/infoecos.com.ar\/#\/schema\/person\/8f5ace5ce73b4b4aac4b7245aee6f191"},"headline":"Salvan de tirar a la basura 25 planos originales del arquitecto Francisco Salamone","datePublished":"2023-04-21T05:50:08+00:00","dateModified":"2023-04-22T05:53:48+00:00","mainEntityOfPage":{"@id":"https:\/\/infoecos.com.ar\/index.php\/salvan-de-tirar-a-la-basura-25-planos-originales-del-arquitecto-francisco-salamone\/"},"wordCount":344,"publisher":{"@id":"https:\/\/infoecos.com.ar\/#organization"},"image":{"@id":"https:\/\/infoecos.com.ar\/index.php\/salvan-de-tirar-a-la-basura-25-planos-originales-del-arquitecto-francisco-salamone\/#primaryimage"},"thumbnailUrl":"https:\/\/infoecos.com.ar\/wp-content\/uploads\/2023\/04\/salamoneazul.jpg","keywords":["en Azul"],"articleSection":["C2 N4"],"inLanguage":"es"},{"@type":"WebPage","@id":"https:\/\/infoecos.com.ar\/index.php\/salvan-de-tirar-a-la-basura-25-planos-originales-del-arquitecto-francisco-salamone\/","url":"https:\/\/infoecos.com.ar\/index.php\/salvan-de-tirar-a-la-basura-25-planos-originales-del-arquitecto-francisco-salamone\/","name":"Salvan de tirar a la basura 25 planos originales del arquitecto Francisco Salamone - Infoecos","isPartOf":{"@id":"https:\/\/infoecos.com.ar\/#website"},"primaryImageOfPage":{"@id":"https:\/\/infoecos.com.ar\/index.php\/salvan-de-tirar-a-la-basura-25-planos-originales-del-arquitecto-francisco-salamone\/#primaryimage"},"image":{"@id":"https:\/\/infoecos.com.ar\/index.php\/salvan-de-tirar-a-la-basura-25-planos-originales-del-arquitecto-francisco-salamone\/#primaryimage"},"thumbnailUrl":"https:\/\/infoecos.com.ar\/wp-content\/uploads\/2023\/04\/salamoneazul.jpg","datePublished":"2023-04-21T05:50:08+00:00","dateModified":"2023-04-22T05:53:48+00:00","breadcrumb":{"@id":"https:\/\/infoecos.com.ar\/index.php\/salvan-de-tirar-a-la-basura-25-planos-originales-del-arquitecto-francisco-salamone\/#breadcrumb"},"inLanguage":"es","potentialAction":[{"@type":"ReadAction","target":["https:\/\/infoecos.com.ar\/index.php\/salvan-de-tirar-a-la-basura-25-planos-originales-del-arquitecto-francisco-salamone\/"]}]},{"@type":"ImageObject","inLanguage":"es","@id":"https:\/\/infoecos.com.ar\/index.php\/salvan-de-tirar-a-la-basura-25-planos-originales-del-arquitecto-francisco-salamone\/#primaryimage","url":"https:\/\/infoecos.com.ar\/wp-content\/uploads\/2023\/04\/salamoneazul.jpg","contentUrl":"https:\/\/infoecos.com.ar\/wp-content\/uploads\/2023\/04\/salamoneazul.jpg","width":530,"height":395},{"@type":"BreadcrumbList","@id":"https:\/\/infoecos.com.ar\/index.php\/salvan-de-tirar-a-la-basura-25-planos-originales-del-arquitecto-francisco-salamone\/#breadcrumb","itemListElement":[{"@type":"ListItem","position":1,"name":"Portada","item":"https:\/\/infoecos.com.ar\/"},{"@type":"ListItem","position":2,"name":"Salvan de tirar a la basura 25 planos originales del arquitecto Francisco Salamone"}]},{"@type":"WebSite","@id":"https:\/\/infoecos.com.ar\/#website","url":"https:\/\/infoecos.com.ar\/","name":"Infoecos","description":"Noticias de trenque lauquen y la zona","publisher":{"@id":"https:\/\/infoecos.com.ar\/#organization"},"alternateName":"Noticias","potentialAction":[{"@type":"SearchAction","target":{"@type":"EntryPoint","urlTemplate":"https:\/\/infoecos.com.ar\/?s={search_term_string}"},"query-input":{"@type":"PropertyValueSpecification","valueRequired":true,"valueName":"search_term_string"}}],"inLanguage":"es"},{"@type":"Organization","@id":"https:\/\/infoecos.com.ar\/#organization","name":"Infoecos","alternateName":"Noticias","url":"https:\/\/infoecos.com.ar\/","logo":{"@type":"ImageObject","inLanguage":"es","@id":"https:\/\/infoecos.com.ar\/#\/schema\/logo\/image\/","url":"https:\/\/infoecos.com.ar\/wp-content\/uploads\/2024\/03\/cropped-logo.png","contentUrl":"https:\/\/infoecos.com.ar\/wp-content\/uploads\/2024\/03\/cropped-logo.png","width":374,"height":90,"caption":"Infoecos"},"image":{"@id":"https:\/\/infoecos.com.ar\/#\/schema\/logo\/image\/"},"sameAs":["https:\/\/www.facebook.com\/profile.php?id=100063200290284","https:\/\/x.com\/infoecos"]},{"@type":"Person","@id":"https:\/\/infoecos.com.ar\/#\/schema\/person\/8f5ace5ce73b4b4aac4b7245aee6f191","name":"Jorge Matheus","url":"https:\/\/infoecos.com.ar\/index.php\/author\/jomatheus\/"}]}},"featured_image_urls":{"full":["https:\/\/infoecos.com.ar\/wp-content\/uploads\/2023\/04\/salamoneazul.jpg",530,395,false],"thumbnail":["https:\/\/infoecos.com.ar\/wp-content\/uploads\/2023\/04\/salamoneazul-300x150.jpg",300,150,true],"medium":["https:\/\/infoecos.com.ar\/wp-content\/uploads\/2023\/04\/salamoneazul.jpg",530,395,false],"medium_large":["https:\/\/infoecos.com.ar\/wp-content\/uploads\/2023\/04\/salamoneazul.jpg",530,395,false],"large":["https:\/\/infoecos.com.ar\/wp-content\/uploads\/2023\/04\/salamoneazul.jpg",530,395,false],"1536x1536":["https:\/\/infoecos.com.ar\/wp-content\/uploads\/2023\/04\/salamoneazul.jpg",530,395,false],"2048x2048":["https:\/\/infoecos.com.ar\/wp-content\/uploads\/2023\/04\/salamoneazul.jpg",530,395,false],"covernews-slider-full":["https:\/\/infoecos.com.ar\/wp-content\/uploads\/2023\/04\/salamoneazul.jpg",530,395,false],"covernews-slider-center":["https:\/\/infoecos.com.ar\/wp-content\/uploads\/2023\/04\/salamoneazul.jpg",530,395,false],"covernews-featured":["https:\/\/infoecos.com.ar\/wp-content\/uploads\/2023\/04\/salamoneazul.jpg",530,395,false],"covernews-medium":["https:\/\/infoecos.com.ar\/wp-content\/uploads\/2023\/04\/salamoneazul-530x380.jpg",474,340,true],"covernews-medium-square":["https:\/\/infoecos.com.ar\/wp-content\/uploads\/2023\/04\/salamoneazul.jpg",335,250,false]},"author_info":{"info":["Jorge Matheus"]},"category_info":"<a href=\"https:\/\/infoecos.com.ar\/index.php\/category\/c2nota4\/\" rel=\"category tag\">C2 N4<\/a>","tag_info":"C2 N4","comment_count":"0","_links":{"self":[{"href":"https:\/\/infoecos.com.ar\/index.php\/wp-json\/wp\/v2\/posts\/104071"}],"collection":[{"href":"https:\/\/infoecos.com.ar\/index.php\/wp-json\/wp\/v2\/posts"}],"about":[{"href":"https:\/\/infoecos.com.ar\/index.php\/wp-json\/wp\/v2\/types\/post"}],"author":[{"embeddable":true,"href":"https:\/\/infoecos.com.ar\/index.php\/wp-json\/wp\/v2\/users\/2"}],"replies":[{"embeddable":true,"href":"https:\/\/infoecos.com.ar\/index.php\/wp-json\/wp\/v2\/comments?post=104071"}],"version-history":[{"count":1,"href":"https:\/\/infoecos.com.ar\/index.php\/wp-json\/wp\/v2\/posts\/104071\/revisions"}],"predecessor-version":[{"id":104073,"href":"https:\/\/infoecos.com.ar\/index.php\/wp-json\/wp\/v2\/posts\/104071\/revisions\/104073"}],"wp:featuredmedia":[{"embeddable":true,"href":"https:\/\/infoecos.com.ar\/index.php\/wp-json\/wp\/v2\/media\/104072"}],"wp:attachment":[{"href":"https:\/\/infoecos.com.ar\/index.php\/wp-json\/wp\/v2\/media?parent=104071"}],"wp:term":[{"taxonomy":"category","embeddable":true,"href":"https:\/\/infoecos.com.ar\/index.php\/wp-json\/wp\/v2\/categories?post=104071"},{"taxonomy":"post_tag","embeddable":true,"href":"https:\/\/infoecos.com.ar\/index.php\/wp-json\/wp\/v2\/tags?post=104071"}],"curies":[{"name":"wp","href":"https:\/\/api.w.org\/{rel}","templated":true}]}}