{"id":104074,"date":"2023-04-21T03:02:23","date_gmt":"2023-04-21T06:02:23","guid":{"rendered":"https:\/\/infoecos.com.ar\/?p=104074"},"modified":"2023-04-22T14:42:55","modified_gmt":"2023-04-22T17:42:55","slug":"carlos-tejedor-bolivar-monte-hermoso-y-torquinst-recibieron-donaciones-de-la-aduana","status":"publish","type":"post","link":"https:\/\/infoecos.com.ar\/index.php\/carlos-tejedor-bolivar-monte-hermoso-y-torquinst-recibieron-donaciones-de-la-aduana\/","title":{"rendered":"Carlos Tejedor, Bol\u00edvar, Monte Hermoso y Torquinst recibieron donaciones de la Aduana"},"content":{"rendered":"\n<p>La Administraci\u00f3n Federal de Ingresos P\u00fablicos (AFIP), a trav\u00e9s de la Direcci\u00f3n General de Aduanas, don\u00f3 veh\u00edculos, neum\u00e1ticos, contenedores vac\u00edos, electrodom\u00e9sticos, productos de electr\u00f3nica, indumentaria, hilados, juguetes, materiales de construcci\u00f3n, herramientas, mobiliario y art\u00edculos de bazar, entre otros productos valuados en m\u00e1s de $220 millones, a 34 municipios de la provincia de Buenos Aires.<\/p>\n\n\n\n<figure class=\"wp-block-image aligncenter size-full is-resized\"><img loading=\"lazy\" decoding=\"async\" src=\"https:\/\/infoecos.com.ar\/wp-content\/uploads\/2023\/04\/image-52.png\" alt=\"\" class=\"wp-image-104075\" width=\"455\" height=\"264\" srcset=\"https:\/\/infoecos.com.ar\/wp-content\/uploads\/2023\/04\/image-52.png 880w, https:\/\/infoecos.com.ar\/wp-content\/uploads\/2023\/04\/image-52-800x465.png 800w, https:\/\/infoecos.com.ar\/wp-content\/uploads\/2023\/04\/image-52-768x447.png 768w\" sizes=\"(max-width: 455px) 100vw, 455px\" \/><\/figure>\n\n\n\n<p>Los municipios beneficiados con la donaci\u00f3n fueron Almirante Brown, Berisso, <strong>Bol\u00edvar<\/strong>, Campana,<strong> Carlos Tejedor,<\/strong> Carmen De Areco, Chascom\u00fas, Escobar, Exaltaci\u00f3n De La Cruz, Ezeiza, Florencio Varela, General Rodr\u00edguez, General San Mart\u00edn, General Las Heras, La Matanza, Las Flores, Lomas De Zamora, Luj\u00e1n, Malvinas Argentinas, Marcos Paz, Mercedes, Merlo, <strong>Monte Hermoso<\/strong>, Moreno, Navarro, Presidente Per\u00f3n, Pila, Pilar, Quilmes, Salto, San Fernando, Tapalque, <strong>Tornquist<\/strong> y Z\u00e1rate.<\/p>\n\n\n\n<p>La donaci\u00f3n de mercader\u00edas consisti\u00f3 en productos que hab\u00edan sido decomisados por la Aduana, al comprobar que eran objeto de infracciones o delitos en materia de comercio internacional.&nbsp;<\/p>\n","protected":false},"excerpt":{"rendered":"<p>Veh\u00edculos, neum\u00e1ticos, contenedores vac\u00edos, electrodom\u00e9sticos, productos de electr\u00f3nica, indumentaria, hilados, juguetes, materiales de construcci\u00f3n, herramientas, mobiliario y art\u00edculos de bazar<\/p>\n","protected":false},"author":2,"featured_media":104075,"comment_status":"closed","ping_status":"open","sticky":false,"template":"","format":"standard","meta":{"footnotes":""},"categories":[1326],"tags":[7736],"class_list":["post-104074","post","type-post","status-publish","format-standard","has-post-thumbnail","hentry","category-c2nota6","tag-a-traves-de-la-afip"],"yoast_head":"<!-- This site is optimized with the Yoast SEO plugin v23.4 - https:\/\/yoast.com\/wordpress\/plugins\/seo\/ -->\n<title>Carlos Tejedor, Bol\u00edvar, Monte Hermoso y Torquinst recibieron donaciones de la Aduana - Infoecos<\/title>\n<meta name=\"robots\" content=\"index, follow, max-snippet:-1, max-image-preview:large, max-video-preview:-1\" \/>\n<link rel=\"canonical\" href=\"https:\/\/infoecos.com.ar\/index.php\/carlos-tejedor-bolivar-monte-hermoso-y-torquinst-recibieron-donaciones-de-la-aduana\/\" \/>\n<meta property=\"og:locale\" content=\"es_ES\" \/>\n<meta property=\"og:type\" content=\"article\" \/>\n<meta property=\"og:title\" content=\"Carlos Tejedor, Bol\u00edvar, Monte Hermoso y Torquinst recibieron donaciones de la Aduana - Infoecos\" \/>\n<meta property=\"og:description\" content=\"Veh\u00edculos, neum\u00e1ticos, contenedores vac\u00edos, electrodom\u00e9sticos, productos de electr\u00f3nica, indumentaria, hilados, juguetes, materiales de construcci\u00f3n, herramientas, mobiliario y art\u00edculos de bazar\" \/>\n<meta property=\"og:url\" content=\"https:\/\/infoecos.com.ar\/index.php\/carlos-tejedor-bolivar-monte-hermoso-y-torquinst-recibieron-donaciones-de-la-aduana\/\" \/>\n<meta property=\"og:site_name\" content=\"Infoecos\" \/>\n<meta property=\"article:publisher\" content=\"https:\/\/www.facebook.com\/profile.php?id=100063200290284\" \/>\n<meta property=\"article:published_time\" content=\"2023-04-21T06:02:23+00:00\" \/>\n<meta property=\"article:modified_time\" content=\"2023-04-22T17:42:55+00:00\" \/>\n<meta property=\"og:image\" content=\"https:\/\/infoecos.com.ar\/wp-content\/uploads\/2023\/04\/image-52.png\" \/>\n\t<meta property=\"og:image:width\" content=\"880\" \/>\n\t<meta property=\"og:image:height\" content=\"512\" \/>\n\t<meta property=\"og:image:type\" content=\"image\/png\" \/>\n<meta name=\"author\" content=\"Jorge Matheus\" \/>\n<meta name=\"twitter:card\" content=\"summary_large_image\" \/>\n<meta name=\"twitter:creator\" content=\"@infoecos\" \/>\n<meta name=\"twitter:site\" content=\"@infoecos\" \/>\n<meta name=\"twitter:label1\" content=\"Escrito por\" \/>\n\t<meta name=\"twitter:data1\" content=\"Jorge Matheus\" \/>\n<script type=\"application\/ld+json\" class=\"yoast-schema-graph\">{\"@context\":\"https:\/\/schema.org\",\"@graph\":[{\"@type\":\"Article\",\"@id\":\"https:\/\/infoecos.com.ar\/index.php\/carlos-tejedor-bolivar-monte-hermoso-y-torquinst-recibieron-donaciones-de-la-aduana\/#article\",\"isPartOf\":{\"@id\":\"https:\/\/infoecos.com.ar\/index.php\/carlos-tejedor-bolivar-monte-hermoso-y-torquinst-recibieron-donaciones-de-la-aduana\/\"},\"author\":{\"name\":\"Jorge Matheus\",\"@id\":\"https:\/\/infoecos.com.ar\/#\/schema\/person\/8f5ace5ce73b4b4aac4b7245aee6f191\"},\"headline\":\"Carlos Tejedor, Bol\u00edvar, Monte Hermoso y Torquinst recibieron donaciones de la Aduana\",\"datePublished\":\"2023-04-21T06:02:23+00:00\",\"dateModified\":\"2023-04-22T17:42:55+00:00\",\"mainEntityOfPage\":{\"@id\":\"https:\/\/infoecos.com.ar\/index.php\/carlos-tejedor-bolivar-monte-hermoso-y-torquinst-recibieron-donaciones-de-la-aduana\/\"},\"wordCount\":182,\"publisher\":{\"@id\":\"https:\/\/infoecos.com.ar\/#organization\"},\"image\":{\"@id\":\"https:\/\/infoecos.com.ar\/index.php\/carlos-tejedor-bolivar-monte-hermoso-y-torquinst-recibieron-donaciones-de-la-aduana\/#primaryimage\"},\"thumbnailUrl\":\"https:\/\/infoecos.com.ar\/wp-content\/uploads\/2023\/04\/image-52.png\",\"keywords\":[\"A TRAV\u00c9S DE LA AFIP\"],\"articleSection\":[\"C2 N6\"],\"inLanguage\":\"es\"},{\"@type\":\"WebPage\",\"@id\":\"https:\/\/infoecos.com.ar\/index.php\/carlos-tejedor-bolivar-monte-hermoso-y-torquinst-recibieron-donaciones-de-la-aduana\/\",\"url\":\"https:\/\/infoecos.com.ar\/index.php\/carlos-tejedor-bolivar-monte-hermoso-y-torquinst-recibieron-donaciones-de-la-aduana\/\",\"name\":\"Carlos Tejedor, Bol\u00edvar, Monte Hermoso y Torquinst recibieron donaciones de la Aduana - Infoecos\",\"isPartOf\":{\"@id\":\"https:\/\/infoecos.com.ar\/#website\"},\"primaryImageOfPage\":{\"@id\":\"https:\/\/infoecos.com.ar\/index.php\/carlos-tejedor-bolivar-monte-hermoso-y-torquinst-recibieron-donaciones-de-la-aduana\/#primaryimage\"},\"image\":{\"@id\":\"https:\/\/infoecos.com.ar\/index.php\/carlos-tejedor-bolivar-monte-hermoso-y-torquinst-recibieron-donaciones-de-la-aduana\/#primaryimage\"},\"thumbnailUrl\":\"https:\/\/infoecos.com.ar\/wp-content\/uploads\/2023\/04\/image-52.png\",\"datePublished\":\"2023-04-21T06:02:23+00:00\",\"dateModified\":\"2023-04-22T17:42:55+00:00\",\"breadcrumb\":{\"@id\":\"https:\/\/infoecos.com.ar\/index.php\/carlos-tejedor-bolivar-monte-hermoso-y-torquinst-recibieron-donaciones-de-la-aduana\/#breadcrumb\"},\"inLanguage\":\"es\",\"potentialAction\":[{\"@type\":\"ReadAction\",\"target\":[\"https:\/\/infoecos.com.ar\/index.php\/carlos-tejedor-bolivar-monte-hermoso-y-torquinst-recibieron-donaciones-de-la-aduana\/\"]}]},{\"@type\":\"ImageObject\",\"inLanguage\":\"es\",\"@id\":\"https:\/\/infoecos.com.ar\/index.php\/carlos-tejedor-bolivar-monte-hermoso-y-torquinst-recibieron-donaciones-de-la-aduana\/#primaryimage\",\"url\":\"https:\/\/infoecos.com.ar\/wp-content\/uploads\/2023\/04\/image-52.png\",\"contentUrl\":\"https:\/\/infoecos.com.ar\/wp-content\/uploads\/2023\/04\/image-52.png\",\"width\":880,\"height\":512},{\"@type\":\"BreadcrumbList\",\"@id\":\"https:\/\/infoecos.com.ar\/index.php\/carlos-tejedor-bolivar-monte-hermoso-y-torquinst-recibieron-donaciones-de-la-aduana\/#breadcrumb\",\"itemListElement\":[{\"@type\":\"ListItem\",\"position\":1,\"name\":\"Portada\",\"item\":\"https:\/\/infoecos.com.ar\/\"},{\"@type\":\"ListItem\",\"position\":2,\"name\":\"Carlos Tejedor, Bol\u00edvar, Monte Hermoso y Torquinst recibieron donaciones de la Aduana\"}]},{\"@type\":\"WebSite\",\"@id\":\"https:\/\/infoecos.com.ar\/#website\",\"url\":\"https:\/\/infoecos.com.ar\/\",\"name\":\"Infoecos\",\"description\":\"Noticias de trenque lauquen y la zona\",\"publisher\":{\"@id\":\"https:\/\/infoecos.com.ar\/#organization\"},\"alternateName\":\"Noticias\",\"potentialAction\":[{\"@type\":\"SearchAction\",\"target\":{\"@type\":\"EntryPoint\",\"urlTemplate\":\"https:\/\/infoecos.com.ar\/?s={search_term_string}\"},\"query-input\":{\"@type\":\"PropertyValueSpecification\",\"valueRequired\":true,\"valueName\":\"search_term_string\"}}],\"inLanguage\":\"es\"},{\"@type\":\"Organization\",\"@id\":\"https:\/\/infoecos.com.ar\/#organization\",\"name\":\"Infoecos\",\"alternateName\":\"Noticias\",\"url\":\"https:\/\/infoecos.com.ar\/\",\"logo\":{\"@type\":\"ImageObject\",\"inLanguage\":\"es\",\"@id\":\"https:\/\/infoecos.com.ar\/#\/schema\/logo\/image\/\",\"url\":\"https:\/\/infoecos.com.ar\/wp-content\/uploads\/2024\/03\/cropped-logo.png\",\"contentUrl\":\"https:\/\/infoecos.com.ar\/wp-content\/uploads\/2024\/03\/cropped-logo.png\",\"width\":374,\"height\":90,\"caption\":\"Infoecos\"},\"image\":{\"@id\":\"https:\/\/infoecos.com.ar\/#\/schema\/logo\/image\/\"},\"sameAs\":[\"https:\/\/www.facebook.com\/profile.php?id=100063200290284\",\"https:\/\/x.com\/infoecos\"]},{\"@type\":\"Person\",\"@id\":\"https:\/\/infoecos.com.ar\/#\/schema\/person\/8f5ace5ce73b4b4aac4b7245aee6f191\",\"name\":\"Jorge Matheus\",\"url\":\"https:\/\/infoecos.com.ar\/index.php\/author\/jomatheus\/\"}]}<\/script>\n<!-- \/ Yoast SEO plugin. -->","yoast_head_json":{"title":"Carlos Tejedor, Bol\u00edvar, Monte Hermoso y Torquinst recibieron donaciones de la Aduana - Infoecos","robots":{"index":"index","follow":"follow","max-snippet":"max-snippet:-1","max-image-preview":"max-image-preview:large","max-video-preview":"max-video-preview:-1"},"canonical":"https:\/\/infoecos.com.ar\/index.php\/carlos-tejedor-bolivar-monte-hermoso-y-torquinst-recibieron-donaciones-de-la-aduana\/","og_locale":"es_ES","og_type":"article","og_title":"Carlos Tejedor, Bol\u00edvar, Monte Hermoso y Torquinst recibieron donaciones de la Aduana - Infoecos","og_description":"Veh\u00edculos, neum\u00e1ticos, contenedores vac\u00edos, electrodom\u00e9sticos, productos de electr\u00f3nica, indumentaria, hilados, juguetes, materiales de construcci\u00f3n, herramientas, mobiliario y art\u00edculos de bazar","og_url":"https:\/\/infoecos.com.ar\/index.php\/carlos-tejedor-bolivar-monte-hermoso-y-torquinst-recibieron-donaciones-de-la-aduana\/","og_site_name":"Infoecos","article_publisher":"https:\/\/www.facebook.com\/profile.php?id=100063200290284","article_published_time":"2023-04-21T06:02:23+00:00","article_modified_time":"2023-04-22T17:42:55+00:00","og_image":[{"width":880,"height":512,"url":"https:\/\/infoecos.com.ar\/wp-content\/uploads\/2023\/04\/image-52.png","type":"image\/png"}],"author":"Jorge Matheus","twitter_card":"summary_large_image","twitter_creator":"@infoecos","twitter_site":"@infoecos","twitter_misc":{"Escrito por":"Jorge Matheus"},"schema":{"@context":"https:\/\/schema.org","@graph":[{"@type":"Article","@id":"https:\/\/infoecos.com.ar\/index.php\/carlos-tejedor-bolivar-monte-hermoso-y-torquinst-recibieron-donaciones-de-la-aduana\/#article","isPartOf":{"@id":"https:\/\/infoecos.com.ar\/index.php\/carlos-tejedor-bolivar-monte-hermoso-y-torquinst-recibieron-donaciones-de-la-aduana\/"},"author":{"name":"Jorge Matheus","@id":"https:\/\/infoecos.com.ar\/#\/schema\/person\/8f5ace5ce73b4b4aac4b7245aee6f191"},"headline":"Carlos Tejedor, Bol\u00edvar, Monte Hermoso y Torquinst recibieron donaciones de la Aduana","datePublished":"2023-04-21T06:02:23+00:00","dateModified":"2023-04-22T17:42:55+00:00","mainEntityOfPage":{"@id":"https:\/\/infoecos.com.ar\/index.php\/carlos-tejedor-bolivar-monte-hermoso-y-torquinst-recibieron-donaciones-de-la-aduana\/"},"wordCount":182,"publisher":{"@id":"https:\/\/infoecos.com.ar\/#organization"},"image":{"@id":"https:\/\/infoecos.com.ar\/index.php\/carlos-tejedor-bolivar-monte-hermoso-y-torquinst-recibieron-donaciones-de-la-aduana\/#primaryimage"},"thumbnailUrl":"https:\/\/infoecos.com.ar\/wp-content\/uploads\/2023\/04\/image-52.png","keywords":["A TRAV\u00c9S DE LA AFIP"],"articleSection":["C2 N6"],"inLanguage":"es"},{"@type":"WebPage","@id":"https:\/\/infoecos.com.ar\/index.php\/carlos-tejedor-bolivar-monte-hermoso-y-torquinst-recibieron-donaciones-de-la-aduana\/","url":"https:\/\/infoecos.com.ar\/index.php\/carlos-tejedor-bolivar-monte-hermoso-y-torquinst-recibieron-donaciones-de-la-aduana\/","name":"Carlos Tejedor, Bol\u00edvar, Monte Hermoso y Torquinst recibieron donaciones de la Aduana - Infoecos","isPartOf":{"@id":"https:\/\/infoecos.com.ar\/#website"},"primaryImageOfPage":{"@id":"https:\/\/infoecos.com.ar\/index.php\/carlos-tejedor-bolivar-monte-hermoso-y-torquinst-recibieron-donaciones-de-la-aduana\/#primaryimage"},"image":{"@id":"https:\/\/infoecos.com.ar\/index.php\/carlos-tejedor-bolivar-monte-hermoso-y-torquinst-recibieron-donaciones-de-la-aduana\/#primaryimage"},"thumbnailUrl":"https:\/\/infoecos.com.ar\/wp-content\/uploads\/2023\/04\/image-52.png","datePublished":"2023-04-21T06:02:23+00:00","dateModified":"2023-04-22T17:42:55+00:00","breadcrumb":{"@id":"https:\/\/infoecos.com.ar\/index.php\/carlos-tejedor-bolivar-monte-hermoso-y-torquinst-recibieron-donaciones-de-la-aduana\/#breadcrumb"},"inLanguage":"es","potentialAction":[{"@type":"ReadAction","target":["https:\/\/infoecos.com.ar\/index.php\/carlos-tejedor-bolivar-monte-hermoso-y-torquinst-recibieron-donaciones-de-la-aduana\/"]}]},{"@type":"ImageObject","inLanguage":"es","@id":"https:\/\/infoecos.com.ar\/index.php\/carlos-tejedor-bolivar-monte-hermoso-y-torquinst-recibieron-donaciones-de-la-aduana\/#primaryimage","url":"https:\/\/infoecos.com.ar\/wp-content\/uploads\/2023\/04\/image-52.png","contentUrl":"https:\/\/infoecos.com.ar\/wp-content\/uploads\/2023\/04\/image-52.png","width":880,"height":512},{"@type":"BreadcrumbList","@id":"https:\/\/infoecos.com.ar\/index.php\/carlos-tejedor-bolivar-monte-hermoso-y-torquinst-recibieron-donaciones-de-la-aduana\/#breadcrumb","itemListElement":[{"@type":"ListItem","position":1,"name":"Portada","item":"https:\/\/infoecos.com.ar\/"},{"@type":"ListItem","position":2,"name":"Carlos Tejedor, Bol\u00edvar, Monte Hermoso y Torquinst recibieron donaciones de la Aduana"}]},{"@type":"WebSite","@id":"https:\/\/infoecos.com.ar\/#website","url":"https:\/\/infoecos.com.ar\/","name":"Infoecos","description":"Noticias de trenque lauquen y la zona","publisher":{"@id":"https:\/\/infoecos.com.ar\/#organization"},"alternateName":"Noticias","potentialAction":[{"@type":"SearchAction","target":{"@type":"EntryPoint","urlTemplate":"https:\/\/infoecos.com.ar\/?s={search_term_string}"},"query-input":{"@type":"PropertyValueSpecification","valueRequired":true,"valueName":"search_term_string"}}],"inLanguage":"es"},{"@type":"Organization","@id":"https:\/\/infoecos.com.ar\/#organization","name":"Infoecos","alternateName":"Noticias","url":"https:\/\/infoecos.com.ar\/","logo":{"@type":"ImageObject","inLanguage":"es","@id":"https:\/\/infoecos.com.ar\/#\/schema\/logo\/image\/","url":"https:\/\/infoecos.com.ar\/wp-content\/uploads\/2024\/03\/cropped-logo.png","contentUrl":"https:\/\/infoecos.com.ar\/wp-content\/uploads\/2024\/03\/cropped-logo.png","width":374,"height":90,"caption":"Infoecos"},"image":{"@id":"https:\/\/infoecos.com.ar\/#\/schema\/logo\/image\/"},"sameAs":["https:\/\/www.facebook.com\/profile.php?id=100063200290284","https:\/\/x.com\/infoecos"]},{"@type":"Person","@id":"https:\/\/infoecos.com.ar\/#\/schema\/person\/8f5ace5ce73b4b4aac4b7245aee6f191","name":"Jorge Matheus","url":"https:\/\/infoecos.com.ar\/index.php\/author\/jomatheus\/"}]}},"featured_image_urls":{"full":["https:\/\/infoecos.com.ar\/wp-content\/uploads\/2023\/04\/image-52.png",880,512,false],"thumbnail":["https:\/\/infoecos.com.ar\/wp-content\/uploads\/2023\/04\/image-52-300x150.png",300,150,true],"medium":["https:\/\/infoecos.com.ar\/wp-content\/uploads\/2023\/04\/image-52-800x465.png",800,465,true],"medium_large":["https:\/\/infoecos.com.ar\/wp-content\/uploads\/2023\/04\/image-52-768x447.png",640,373,true],"large":["https:\/\/infoecos.com.ar\/wp-content\/uploads\/2023\/04\/image-52.png",640,372,false],"1536x1536":["https:\/\/infoecos.com.ar\/wp-content\/uploads\/2023\/04\/image-52.png",880,512,false],"2048x2048":["https:\/\/infoecos.com.ar\/wp-content\/uploads\/2023\/04\/image-52.png",880,512,false],"covernews-slider-full":["https:\/\/infoecos.com.ar\/wp-content\/uploads\/2023\/04\/image-52.png",880,512,false],"covernews-slider-center":["https:\/\/infoecos.com.ar\/wp-content\/uploads\/2023\/04\/image-52.png",800,465,false],"covernews-featured":["https:\/\/infoecos.com.ar\/wp-content\/uploads\/2023\/04\/image-52.png",880,512,false],"covernews-medium":["https:\/\/infoecos.com.ar\/wp-content\/uploads\/2023\/04\/image-52-720x380.png",540,285,true],"covernews-medium-square":["https:\/\/infoecos.com.ar\/wp-content\/uploads\/2023\/04\/image-52-675x450.png",375,250,true]},"author_info":{"info":["Jorge Matheus"]},"category_info":"<a href=\"https:\/\/infoecos.com.ar\/index.php\/category\/c2nota6\/\" rel=\"category tag\">C2 N6<\/a>","tag_info":"C2 N6","comment_count":"0","_links":{"self":[{"href":"https:\/\/infoecos.com.ar\/index.php\/wp-json\/wp\/v2\/posts\/104074"}],"collection":[{"href":"https:\/\/infoecos.com.ar\/index.php\/wp-json\/wp\/v2\/posts"}],"about":[{"href":"https:\/\/infoecos.com.ar\/index.php\/wp-json\/wp\/v2\/types\/post"}],"author":[{"embeddable":true,"href":"https:\/\/infoecos.com.ar\/index.php\/wp-json\/wp\/v2\/users\/2"}],"replies":[{"embeddable":true,"href":"https:\/\/infoecos.com.ar\/index.php\/wp-json\/wp\/v2\/comments?post=104074"}],"version-history":[{"count":2,"href":"https:\/\/infoecos.com.ar\/index.php\/wp-json\/wp\/v2\/posts\/104074\/revisions"}],"predecessor-version":[{"id":104156,"href":"https:\/\/infoecos.com.ar\/index.php\/wp-json\/wp\/v2\/posts\/104074\/revisions\/104156"}],"wp:featuredmedia":[{"embeddable":true,"href":"https:\/\/infoecos.com.ar\/index.php\/wp-json\/wp\/v2\/media\/104075"}],"wp:attachment":[{"href":"https:\/\/infoecos.com.ar\/index.php\/wp-json\/wp\/v2\/media?parent=104074"}],"wp:term":[{"taxonomy":"category","embeddable":true,"href":"https:\/\/infoecos.com.ar\/index.php\/wp-json\/wp\/v2\/categories?post=104074"},{"taxonomy":"post_tag","embeddable":true,"href":"https:\/\/infoecos.com.ar\/index.php\/wp-json\/wp\/v2\/tags?post=104074"}],"curies":[{"name":"wp","href":"https:\/\/api.w.org\/{rel}","templated":true}]}}