{"id":104077,"date":"2023-04-21T03:14:07","date_gmt":"2023-04-21T06:14:07","guid":{"rendered":"https:\/\/infoecos.com.ar\/?p=104077"},"modified":"2023-04-21T03:14:07","modified_gmt":"2023-04-21T06:14:07","slug":"el-conocimiento-como-bien-cultural-en-una-charla-que-se-cumplira-en-el-centro-civico","status":"publish","type":"post","link":"https:\/\/infoecos.com.ar\/index.php\/el-conocimiento-como-bien-cultural-en-una-charla-que-se-cumplira-en-el-centro-civico\/","title":{"rendered":"\u00abEl conocimiento como bien cultural\u00bb, en una charla que se cumplir\u00e1 en el Centro C\u00edvico"},"content":{"rendered":"\n<p>Hoy en el auditorio del Centro C\u00edvico Int. Juan Carlos Font \u2013 Edificio La Primera de Trenque Lauquen se realizar\u00e1 el sexto encuentro de la propuesta Charlas con cient\u00edficos y cient\u00edficas: <em>\u201cEl conocimiento como bien cultural\u201d<\/em>, que organizan en conjunto la secretar\u00eda de Extensi\u00f3n, Bienestar y Transferencia de la Facultad de Ciencias Sociales de la Universidad Nacional del Centro de la Provincia de Buenos Aires (FACSO\/UNICEN) y la direcci\u00f3n de Cultura y Educaci\u00f3n del Municipio.<\/p>\n\n\n\n<figure class=\"wp-block-image aligncenter size-full\"><img decoding=\"async\" src=\"https:\/\/infoecos.com.ar\/wp-content\/uploads\/cc.jpg\" alt=\"\" class=\"wp-image-23973\"\/><figcaption class=\"wp-element-caption\">Trenque Lauquen &#8211; Centro C\u00edvico<\/figcaption><\/figure>\n\n\n\n<p>La actividad comenzar\u00e1 a las 19 y en esta oportunidad se propone la charla denominada \u201c\u00bfCu\u00e1ndo y c\u00f3mo llegaron los primeros seres humanos a Am\u00e9rica?: S\u00edntesis de una historia profunda, que estar\u00e1 a cargo del Dr. Gustavo Politis, quien es Licenciado en Antropolog\u00eda y Doctor en Ciencias Naturales y ha recibido numerosas distinciones: entre ellas, en 2013 el premio Investigador de la Naci\u00f3n y el premio Houssay a la trayectoria por el \u00e1rea de Ciencias Humanas, por sus estudios sobre los pueblos originarios cazadores recolectores de la regi\u00f3n pampeana, noreste argentino y otras zonas de Am\u00e9rica del Sur; y en el 2016 fue reconocido como Personalidad Destacada de las Ciencias por la C\u00e1mara de Diputados de la Provincia de Buenos Aires.<\/p>\n\n\n\n<p>Desde 1987 es investigador del CONICET y actualmente se desempe\u00f1a como profesor de la Facultad de Ciencias Sociales de la Universidad Nacional del Centro de la Provincia de Buenos Aires (UNCPBA) y de la Universidad Nacional de La Plata (UNLP). Es director del Doctorado en arqueolog\u00eda en FACSO (UNCPBA).<\/p>\n\n\n\n<p>Estos encuentros con cient\u00edficos se ven\u00edan realizando desde octubre de 2021, en aquel momento en el caf\u00e9 literario ubicado en la calle Cuello, de Trenque Lauquen. Desde el inicio trabajaron en la propuesta la direcci\u00f3n de Cultura y Educaci\u00f3n; la responsable del Archivo Arqueol\u00f3gico y Paleontol\u00f3gico del Museo Hist\u00f3rico Regional del Municipio, Luciana Juillerat; y la Facultad de Ciencias Sociales de la Universidad Nacional del Centro.<\/p>\n\n\n\n<p>La propuesta tiene como objetivos: ampliar la cultura cient\u00edfica de las y los ciudadanos de Trenque Lauquen, garantizando el derecho de acceso al conocimiento, entendido como un bien cultural.<\/p>\n\n\n\n<p>Asimismo, busca democratizar la informaci\u00f3n producida en las investigaciones invitando a la ciudadan\u00eda a un espacio de di\u00e1logo e intercambio con especialistas, y de esta forma acercar la informaci\u00f3n actualizada, producida en espacios acad\u00e9micos como FACSO\/UNICEN, a la comunidad.<\/p>\n","protected":false},"excerpt":{"rendered":"<p>Estar\u00e1 a cargo del Dr. Gustavo Politis, quien es Licenciado en Antropolog\u00eda y Doctor en Ciencias Naturales y ha recibido numerosas distinciones<\/p>\n","protected":false},"author":2,"featured_media":23973,"comment_status":"closed","ping_status":"open","sticky":false,"template":"","format":"standard","meta":{"footnotes":""},"categories":[45],"tags":[7737],"class_list":["post-104077","post","type-post","status-publish","format-standard","has-post-thumbnail","hentry","category-c1nota2","tag-desde-las-19-horas-de-hoy"],"yoast_head":"<!-- This site is optimized with the Yoast SEO plugin v23.4 - https:\/\/yoast.com\/wordpress\/plugins\/seo\/ -->\n<title>&quot;El conocimiento como bien cultural&quot;, en una charla que se cumplir\u00e1 en el Centro C\u00edvico - Infoecos<\/title>\n<meta name=\"robots\" content=\"index, follow, max-snippet:-1, max-image-preview:large, max-video-preview:-1\" \/>\n<link rel=\"canonical\" href=\"https:\/\/infoecos.com.ar\/index.php\/el-conocimiento-como-bien-cultural-en-una-charla-que-se-cumplira-en-el-centro-civico\/\" \/>\n<meta property=\"og:locale\" content=\"es_ES\" \/>\n<meta property=\"og:type\" content=\"article\" \/>\n<meta property=\"og:title\" content=\"&quot;El conocimiento como bien cultural&quot;, en una charla que se cumplir\u00e1 en el Centro C\u00edvico - Infoecos\" \/>\n<meta property=\"og:description\" content=\"Estar\u00e1 a cargo del Dr. Gustavo Politis, quien es Licenciado en Antropolog\u00eda y Doctor en Ciencias Naturales y ha recibido numerosas distinciones\" \/>\n<meta property=\"og:url\" content=\"https:\/\/infoecos.com.ar\/index.php\/el-conocimiento-como-bien-cultural-en-una-charla-que-se-cumplira-en-el-centro-civico\/\" \/>\n<meta property=\"og:site_name\" content=\"Infoecos\" \/>\n<meta property=\"article:publisher\" content=\"https:\/\/www.facebook.com\/profile.php?id=100063200290284\" \/>\n<meta property=\"article:published_time\" content=\"2023-04-21T06:14:07+00:00\" \/>\n<meta property=\"og:image\" content=\"https:\/\/infoecos.com.ar\/wp-content\/uploads\/cc.jpg\" \/>\n\t<meta property=\"og:image:width\" content=\"414\" \/>\n\t<meta property=\"og:image:height\" content=\"292\" \/>\n\t<meta property=\"og:image:type\" content=\"image\/jpeg\" \/>\n<meta name=\"author\" content=\"Jorge Matheus\" \/>\n<meta name=\"twitter:card\" content=\"summary_large_image\" \/>\n<meta name=\"twitter:creator\" content=\"@infoecos\" \/>\n<meta name=\"twitter:site\" content=\"@infoecos\" \/>\n<meta name=\"twitter:label1\" content=\"Escrito por\" \/>\n\t<meta name=\"twitter:data1\" content=\"Jorge Matheus\" \/>\n\t<meta name=\"twitter:label2\" content=\"Tiempo de lectura\" \/>\n\t<meta name=\"twitter:data2\" content=\"2 minutos\" \/>\n<script type=\"application\/ld+json\" class=\"yoast-schema-graph\">{\"@context\":\"https:\/\/schema.org\",\"@graph\":[{\"@type\":\"Article\",\"@id\":\"https:\/\/infoecos.com.ar\/index.php\/el-conocimiento-como-bien-cultural-en-una-charla-que-se-cumplira-en-el-centro-civico\/#article\",\"isPartOf\":{\"@id\":\"https:\/\/infoecos.com.ar\/index.php\/el-conocimiento-como-bien-cultural-en-una-charla-que-se-cumplira-en-el-centro-civico\/\"},\"author\":{\"name\":\"Jorge Matheus\",\"@id\":\"https:\/\/infoecos.com.ar\/#\/schema\/person\/8f5ace5ce73b4b4aac4b7245aee6f191\"},\"headline\":\"\u00abEl conocimiento como bien cultural\u00bb, en una charla que se cumplir\u00e1 en el Centro C\u00edvico\",\"datePublished\":\"2023-04-21T06:14:07+00:00\",\"dateModified\":\"2023-04-21T06:14:07+00:00\",\"mainEntityOfPage\":{\"@id\":\"https:\/\/infoecos.com.ar\/index.php\/el-conocimiento-como-bien-cultural-en-una-charla-que-se-cumplira-en-el-centro-civico\/\"},\"wordCount\":428,\"publisher\":{\"@id\":\"https:\/\/infoecos.com.ar\/#organization\"},\"image\":{\"@id\":\"https:\/\/infoecos.com.ar\/index.php\/el-conocimiento-como-bien-cultural-en-una-charla-que-se-cumplira-en-el-centro-civico\/#primaryimage\"},\"thumbnailUrl\":\"\",\"keywords\":[\"DESDE LAS 19 HORAS DE HOY\"],\"articleSection\":[\"C1 N2\"],\"inLanguage\":\"es\"},{\"@type\":\"WebPage\",\"@id\":\"https:\/\/infoecos.com.ar\/index.php\/el-conocimiento-como-bien-cultural-en-una-charla-que-se-cumplira-en-el-centro-civico\/\",\"url\":\"https:\/\/infoecos.com.ar\/index.php\/el-conocimiento-como-bien-cultural-en-una-charla-que-se-cumplira-en-el-centro-civico\/\",\"name\":\"\\\"El conocimiento como bien cultural\\\", en una charla que se cumplir\u00e1 en el Centro C\u00edvico - Infoecos\",\"isPartOf\":{\"@id\":\"https:\/\/infoecos.com.ar\/#website\"},\"primaryImageOfPage\":{\"@id\":\"https:\/\/infoecos.com.ar\/index.php\/el-conocimiento-como-bien-cultural-en-una-charla-que-se-cumplira-en-el-centro-civico\/#primaryimage\"},\"image\":{\"@id\":\"https:\/\/infoecos.com.ar\/index.php\/el-conocimiento-como-bien-cultural-en-una-charla-que-se-cumplira-en-el-centro-civico\/#primaryimage\"},\"thumbnailUrl\":\"\",\"datePublished\":\"2023-04-21T06:14:07+00:00\",\"dateModified\":\"2023-04-21T06:14:07+00:00\",\"breadcrumb\":{\"@id\":\"https:\/\/infoecos.com.ar\/index.php\/el-conocimiento-como-bien-cultural-en-una-charla-que-se-cumplira-en-el-centro-civico\/#breadcrumb\"},\"inLanguage\":\"es\",\"potentialAction\":[{\"@type\":\"ReadAction\",\"target\":[\"https:\/\/infoecos.com.ar\/index.php\/el-conocimiento-como-bien-cultural-en-una-charla-que-se-cumplira-en-el-centro-civico\/\"]}]},{\"@type\":\"ImageObject\",\"inLanguage\":\"es\",\"@id\":\"https:\/\/infoecos.com.ar\/index.php\/el-conocimiento-como-bien-cultural-en-una-charla-que-se-cumplira-en-el-centro-civico\/#primaryimage\",\"url\":\"\",\"contentUrl\":\"\"},{\"@type\":\"BreadcrumbList\",\"@id\":\"https:\/\/infoecos.com.ar\/index.php\/el-conocimiento-como-bien-cultural-en-una-charla-que-se-cumplira-en-el-centro-civico\/#breadcrumb\",\"itemListElement\":[{\"@type\":\"ListItem\",\"position\":1,\"name\":\"Portada\",\"item\":\"https:\/\/infoecos.com.ar\/\"},{\"@type\":\"ListItem\",\"position\":2,\"name\":\"\u00abEl conocimiento como bien cultural\u00bb, en una charla que se cumplir\u00e1 en el Centro C\u00edvico\"}]},{\"@type\":\"WebSite\",\"@id\":\"https:\/\/infoecos.com.ar\/#website\",\"url\":\"https:\/\/infoecos.com.ar\/\",\"name\":\"Infoecos\",\"description\":\"Noticias de trenque lauquen y la zona\",\"publisher\":{\"@id\":\"https:\/\/infoecos.com.ar\/#organization\"},\"alternateName\":\"Noticias\",\"potentialAction\":[{\"@type\":\"SearchAction\",\"target\":{\"@type\":\"EntryPoint\",\"urlTemplate\":\"https:\/\/infoecos.com.ar\/?s={search_term_string}\"},\"query-input\":{\"@type\":\"PropertyValueSpecification\",\"valueRequired\":true,\"valueName\":\"search_term_string\"}}],\"inLanguage\":\"es\"},{\"@type\":\"Organization\",\"@id\":\"https:\/\/infoecos.com.ar\/#organization\",\"name\":\"Infoecos\",\"alternateName\":\"Noticias\",\"url\":\"https:\/\/infoecos.com.ar\/\",\"logo\":{\"@type\":\"ImageObject\",\"inLanguage\":\"es\",\"@id\":\"https:\/\/infoecos.com.ar\/#\/schema\/logo\/image\/\",\"url\":\"https:\/\/infoecos.com.ar\/wp-content\/uploads\/2024\/03\/cropped-logo.png\",\"contentUrl\":\"https:\/\/infoecos.com.ar\/wp-content\/uploads\/2024\/03\/cropped-logo.png\",\"width\":374,\"height\":90,\"caption\":\"Infoecos\"},\"image\":{\"@id\":\"https:\/\/infoecos.com.ar\/#\/schema\/logo\/image\/\"},\"sameAs\":[\"https:\/\/www.facebook.com\/profile.php?id=100063200290284\",\"https:\/\/x.com\/infoecos\"]},{\"@type\":\"Person\",\"@id\":\"https:\/\/infoecos.com.ar\/#\/schema\/person\/8f5ace5ce73b4b4aac4b7245aee6f191\",\"name\":\"Jorge Matheus\",\"url\":\"https:\/\/infoecos.com.ar\/index.php\/author\/jomatheus\/\"}]}<\/script>\n<!-- \/ Yoast SEO plugin. -->","yoast_head_json":{"title":"\"El conocimiento como bien cultural\", en una charla que se cumplir\u00e1 en el Centro C\u00edvico - Infoecos","robots":{"index":"index","follow":"follow","max-snippet":"max-snippet:-1","max-image-preview":"max-image-preview:large","max-video-preview":"max-video-preview:-1"},"canonical":"https:\/\/infoecos.com.ar\/index.php\/el-conocimiento-como-bien-cultural-en-una-charla-que-se-cumplira-en-el-centro-civico\/","og_locale":"es_ES","og_type":"article","og_title":"\"El conocimiento como bien cultural\", en una charla que se cumplir\u00e1 en el Centro C\u00edvico - Infoecos","og_description":"Estar\u00e1 a cargo del Dr. Gustavo Politis, quien es Licenciado en Antropolog\u00eda y Doctor en Ciencias Naturales y ha recibido numerosas distinciones","og_url":"https:\/\/infoecos.com.ar\/index.php\/el-conocimiento-como-bien-cultural-en-una-charla-que-se-cumplira-en-el-centro-civico\/","og_site_name":"Infoecos","article_publisher":"https:\/\/www.facebook.com\/profile.php?id=100063200290284","article_published_time":"2023-04-21T06:14:07+00:00","og_image":[{"width":414,"height":292,"url":"https:\/\/infoecos.com.ar\/wp-content\/uploads\/cc.jpg","type":"image\/jpeg"}],"author":"Jorge Matheus","twitter_card":"summary_large_image","twitter_creator":"@infoecos","twitter_site":"@infoecos","twitter_misc":{"Escrito por":"Jorge Matheus","Tiempo de lectura":"2 minutos"},"schema":{"@context":"https:\/\/schema.org","@graph":[{"@type":"Article","@id":"https:\/\/infoecos.com.ar\/index.php\/el-conocimiento-como-bien-cultural-en-una-charla-que-se-cumplira-en-el-centro-civico\/#article","isPartOf":{"@id":"https:\/\/infoecos.com.ar\/index.php\/el-conocimiento-como-bien-cultural-en-una-charla-que-se-cumplira-en-el-centro-civico\/"},"author":{"name":"Jorge Matheus","@id":"https:\/\/infoecos.com.ar\/#\/schema\/person\/8f5ace5ce73b4b4aac4b7245aee6f191"},"headline":"\u00abEl conocimiento como bien cultural\u00bb, en una charla que se cumplir\u00e1 en el Centro C\u00edvico","datePublished":"2023-04-21T06:14:07+00:00","dateModified":"2023-04-21T06:14:07+00:00","mainEntityOfPage":{"@id":"https:\/\/infoecos.com.ar\/index.php\/el-conocimiento-como-bien-cultural-en-una-charla-que-se-cumplira-en-el-centro-civico\/"},"wordCount":428,"publisher":{"@id":"https:\/\/infoecos.com.ar\/#organization"},"image":{"@id":"https:\/\/infoecos.com.ar\/index.php\/el-conocimiento-como-bien-cultural-en-una-charla-que-se-cumplira-en-el-centro-civico\/#primaryimage"},"thumbnailUrl":"","keywords":["DESDE LAS 19 HORAS DE HOY"],"articleSection":["C1 N2"],"inLanguage":"es"},{"@type":"WebPage","@id":"https:\/\/infoecos.com.ar\/index.php\/el-conocimiento-como-bien-cultural-en-una-charla-que-se-cumplira-en-el-centro-civico\/","url":"https:\/\/infoecos.com.ar\/index.php\/el-conocimiento-como-bien-cultural-en-una-charla-que-se-cumplira-en-el-centro-civico\/","name":"\"El conocimiento como bien cultural\", en una charla que se cumplir\u00e1 en el Centro C\u00edvico - Infoecos","isPartOf":{"@id":"https:\/\/infoecos.com.ar\/#website"},"primaryImageOfPage":{"@id":"https:\/\/infoecos.com.ar\/index.php\/el-conocimiento-como-bien-cultural-en-una-charla-que-se-cumplira-en-el-centro-civico\/#primaryimage"},"image":{"@id":"https:\/\/infoecos.com.ar\/index.php\/el-conocimiento-como-bien-cultural-en-una-charla-que-se-cumplira-en-el-centro-civico\/#primaryimage"},"thumbnailUrl":"","datePublished":"2023-04-21T06:14:07+00:00","dateModified":"2023-04-21T06:14:07+00:00","breadcrumb":{"@id":"https:\/\/infoecos.com.ar\/index.php\/el-conocimiento-como-bien-cultural-en-una-charla-que-se-cumplira-en-el-centro-civico\/#breadcrumb"},"inLanguage":"es","potentialAction":[{"@type":"ReadAction","target":["https:\/\/infoecos.com.ar\/index.php\/el-conocimiento-como-bien-cultural-en-una-charla-que-se-cumplira-en-el-centro-civico\/"]}]},{"@type":"ImageObject","inLanguage":"es","@id":"https:\/\/infoecos.com.ar\/index.php\/el-conocimiento-como-bien-cultural-en-una-charla-que-se-cumplira-en-el-centro-civico\/#primaryimage","url":"","contentUrl":""},{"@type":"BreadcrumbList","@id":"https:\/\/infoecos.com.ar\/index.php\/el-conocimiento-como-bien-cultural-en-una-charla-que-se-cumplira-en-el-centro-civico\/#breadcrumb","itemListElement":[{"@type":"ListItem","position":1,"name":"Portada","item":"https:\/\/infoecos.com.ar\/"},{"@type":"ListItem","position":2,"name":"\u00abEl conocimiento como bien cultural\u00bb, en una charla que se cumplir\u00e1 en el Centro C\u00edvico"}]},{"@type":"WebSite","@id":"https:\/\/infoecos.com.ar\/#website","url":"https:\/\/infoecos.com.ar\/","name":"Infoecos","description":"Noticias de trenque lauquen y la zona","publisher":{"@id":"https:\/\/infoecos.com.ar\/#organization"},"alternateName":"Noticias","potentialAction":[{"@type":"SearchAction","target":{"@type":"EntryPoint","urlTemplate":"https:\/\/infoecos.com.ar\/?s={search_term_string}"},"query-input":{"@type":"PropertyValueSpecification","valueRequired":true,"valueName":"search_term_string"}}],"inLanguage":"es"},{"@type":"Organization","@id":"https:\/\/infoecos.com.ar\/#organization","name":"Infoecos","alternateName":"Noticias","url":"https:\/\/infoecos.com.ar\/","logo":{"@type":"ImageObject","inLanguage":"es","@id":"https:\/\/infoecos.com.ar\/#\/schema\/logo\/image\/","url":"https:\/\/infoecos.com.ar\/wp-content\/uploads\/2024\/03\/cropped-logo.png","contentUrl":"https:\/\/infoecos.com.ar\/wp-content\/uploads\/2024\/03\/cropped-logo.png","width":374,"height":90,"caption":"Infoecos"},"image":{"@id":"https:\/\/infoecos.com.ar\/#\/schema\/logo\/image\/"},"sameAs":["https:\/\/www.facebook.com\/profile.php?id=100063200290284","https:\/\/x.com\/infoecos"]},{"@type":"Person","@id":"https:\/\/infoecos.com.ar\/#\/schema\/person\/8f5ace5ce73b4b4aac4b7245aee6f191","name":"Jorge Matheus","url":"https:\/\/infoecos.com.ar\/index.php\/author\/jomatheus\/"}]}},"featured_image_urls":{"full":"","thumbnail":"","medium":"","medium_large":"","large":"","1536x1536":"","2048x2048":"","covernews-slider-full":"","covernews-slider-center":"","covernews-featured":"","covernews-medium":"","covernews-medium-square":""},"author_info":{"info":["Jorge Matheus"]},"category_info":"<a href=\"https:\/\/infoecos.com.ar\/index.php\/category\/c1nota2\/\" rel=\"category tag\">C1 N2<\/a>","tag_info":"C1 N2","comment_count":"0","_links":{"self":[{"href":"https:\/\/infoecos.com.ar\/index.php\/wp-json\/wp\/v2\/posts\/104077"}],"collection":[{"href":"https:\/\/infoecos.com.ar\/index.php\/wp-json\/wp\/v2\/posts"}],"about":[{"href":"https:\/\/infoecos.com.ar\/index.php\/wp-json\/wp\/v2\/types\/post"}],"author":[{"embeddable":true,"href":"https:\/\/infoecos.com.ar\/index.php\/wp-json\/wp\/v2\/users\/2"}],"replies":[{"embeddable":true,"href":"https:\/\/infoecos.com.ar\/index.php\/wp-json\/wp\/v2\/comments?post=104077"}],"version-history":[{"count":1,"href":"https:\/\/infoecos.com.ar\/index.php\/wp-json\/wp\/v2\/posts\/104077\/revisions"}],"predecessor-version":[{"id":104078,"href":"https:\/\/infoecos.com.ar\/index.php\/wp-json\/wp\/v2\/posts\/104077\/revisions\/104078"}],"wp:featuredmedia":[{"embeddable":true,"href":"https:\/\/infoecos.com.ar\/index.php\/wp-json\/"}],"wp:attachment":[{"href":"https:\/\/infoecos.com.ar\/index.php\/wp-json\/wp\/v2\/media?parent=104077"}],"wp:term":[{"taxonomy":"category","embeddable":true,"href":"https:\/\/infoecos.com.ar\/index.php\/wp-json\/wp\/v2\/categories?post=104077"},{"taxonomy":"post_tag","embeddable":true,"href":"https:\/\/infoecos.com.ar\/index.php\/wp-json\/wp\/v2\/tags?post=104077"}],"curies":[{"name":"wp","href":"https:\/\/api.w.org\/{rel}","templated":true}]}}