{"id":104079,"date":"2023-04-21T03:20:10","date_gmt":"2023-04-21T06:20:10","guid":{"rendered":"https:\/\/infoecos.com.ar\/?p=104079"},"modified":"2023-04-21T03:20:11","modified_gmt":"2023-04-21T06:20:11","slug":"25-mil-personas-pudieron-iniciar-su-tramite-de-jubilacion","status":"publish","type":"post","link":"https:\/\/infoecos.com.ar\/index.php\/25-mil-personas-pudieron-iniciar-su-tramite-de-jubilacion\/","title":{"rendered":"<strong>25 mil personas pudieron iniciar su tr\u00e1mite de jubilaci\u00f3n<\/strong>"},"content":{"rendered":"\n<p>A dos semanas de su implementaci\u00f3n,\u00a0<strong>25 mil personas pudieron iniciar su tr\u00e1mite de jubilaci\u00f3n con Plan de Pago de Deuda Previsional<\/strong>, en las 420 oficinas que tiene ANSES en todo el pa\u00eds.<\/p>\n\n\n\n<figure class=\"wp-block-image aligncenter size-large is-resized\"><img loading=\"lazy\" decoding=\"async\" src=\"https:\/\/infoecos.com.ar\/wp-content\/uploads\/2021\/09\/RAVERTA-920x518.jpg\" alt=\"\" class=\"wp-image-86813\" width=\"424\" height=\"238\" srcset=\"https:\/\/infoecos.com.ar\/wp-content\/uploads\/2021\/09\/RAVERTA-920x518.jpg 920w, https:\/\/infoecos.com.ar\/wp-content\/uploads\/2021\/09\/RAVERTA-460x259.jpg 460w, https:\/\/infoecos.com.ar\/wp-content\/uploads\/2021\/09\/RAVERTA-768x432.jpg 768w, https:\/\/infoecos.com.ar\/wp-content\/uploads\/2021\/09\/RAVERTA.jpg 1004w\" sizes=\"(max-width: 424px) 100vw, 424px\" \/><\/figure>\n\n\n\n<p>En ese marco, la directora ejecutiva de ANSES,\u00a0<strong>Fernanda Raverta<\/strong>, acompa\u00f1\u00f3 el inicio del tr\u00e1mite de jubilaci\u00f3n con plan de pago n\u00famero 25 mil, en la oficina del organismo en el barrio porte\u00f1o de Villa Lugano.<\/p>\n\n\n\n<p>Durante el encuentro,&nbsp;<strong>Raverta<\/strong>&nbsp;expres\u00f3: \u201c<em>Hoy acompa\u00f1amos a Gloria, la ciudadana n\u00famero 25 mil que inicia su tr\u00e1mite jubilatorio con Plan de Pago de Deuda Previsional, como tantas argentinas y argentinos que recibimos en todo el pa\u00eds, que mayormente cumplieron la edad jubilatoria en estos \u00faltimos tres meses en los que no ten\u00edamos esta ley. Ahora estamos recuperando ese tiempo perdido y los estamos esperando en nuestras oficinas para poder otorgarles su derecho a una jubilaci\u00f3n\u201d.<\/em><\/p>\n\n\n\n<p><em>\u201cEn esta nueva etapa el Estado los quiere acompa\u00f1ar, no solo con un ingreso mensual que se actualiza cada 3 meses por la Ley de Movilidad, sino tambi\u00e9n, mediante la cobertura del PAMI, la obra social m\u00e1s importante de Latinoam\u00e9rica, y el acceso a un cr\u00e9dito con las tasas m\u00e1s bajas. Todo esto para nosotros es muy importante porque significa estar presente en la vida de los argentinos y de las argentinas\u201d,&nbsp;<\/em>agreg\u00f3 la titular de ANSES.<\/p>\n\n\n\n<p>El plan de pago posibilita que argentinas y argentinos que tengan la edad jubilatoria, pero cuyos empleadores no les hayan hecho los aportes durante su vida laboral y, por lo tanto, no lleguen a cumplir el requisito de los 30 a\u00f1os registrados, regularicen la deuda previsional y puedan acceder a la jubilaci\u00f3n. Se trata de 800 mil personas que, gracias a este plan, podr\u00e1n jubilarse.<\/p>\n\n\n\n<p><strong>\u00bfA qui\u00e9nes alcanza?<\/strong><\/p>\n\n\n\n<p>\u25cf&nbsp;&nbsp;&nbsp;&nbsp;&nbsp;&nbsp;&nbsp;Mujeres de 60 a\u00f1os o m\u00e1s y varones de 65 a\u00f1os o m\u00e1s que no poseen los 30 a\u00f1os de aportes requeridos.<\/p>\n\n\n\n<p>\u25cf&nbsp;&nbsp;&nbsp;&nbsp;&nbsp;&nbsp;&nbsp;Podr\u00e1n regularizar per\u00edodos faltantes hasta diciembre de 2008 inclusive.<\/p>\n\n\n\n<p>\u25cf&nbsp;&nbsp;&nbsp;&nbsp;&nbsp;&nbsp;&nbsp;El&nbsp;<em>Plan de Pago de Deuda Previsional<\/em>&nbsp;es incompatible con otras moratorias previsionales que no se hayan saldado antes del 31 de diciembre de 2021.<\/p>\n\n\n\n<p>\u25cf&nbsp;&nbsp;&nbsp;&nbsp;&nbsp;&nbsp;&nbsp;El monto a descontar no puede exceder las 120 cuotas mensuales ni el 30 por ciento del haber m\u00ednimo vigente.<\/p>\n\n\n\n<p>Para solicitar turno ingresar con Clave de la Seguridad Social en&nbsp;<a href=\"https:\/\/www.anses.gob.ar\/\" target=\"_blank\" rel=\"noreferrer noopener\">anses.gob.ar<\/a>;&nbsp;<em>Turnos<\/em>&nbsp;y seleccionar la opci\u00f3n&nbsp;<em>Para Plan de Pago Deuda Previsional &#8211; Asesoramiento Jubilaci\u00f3n.<\/em><\/p>\n","protected":false},"excerpt":{"rendered":"<p>La directora ejecutiva de ANSES,\u00a0Fernanda Raverta, acompa\u00f1\u00f3 el inicio del tr\u00e1mite de jubilaci\u00f3n con plan de pago n\u00famero 25 mil, en la oficina del organismo en el barrio porte\u00f1o de Villa Lugano<\/p>\n","protected":false},"author":2,"featured_media":86813,"comment_status":"closed","ping_status":"open","sticky":false,"template":"","format":"standard","meta":{"footnotes":""},"categories":[50],"tags":[7738],"class_list":["post-104079","post","type-post","status-publish","format-standard","has-post-thumbnail","hentry","category-c1nota4","tag-a-dos-semanas-de-su-implementacion"],"yoast_head":"<!-- This site is optimized with the Yoast SEO plugin v23.4 - https:\/\/yoast.com\/wordpress\/plugins\/seo\/ -->\n<title>25 mil personas pudieron iniciar su tr\u00e1mite de jubilaci\u00f3n - Infoecos<\/title>\n<meta name=\"robots\" content=\"index, follow, max-snippet:-1, max-image-preview:large, max-video-preview:-1\" \/>\n<link rel=\"canonical\" href=\"https:\/\/infoecos.com.ar\/index.php\/25-mil-personas-pudieron-iniciar-su-tramite-de-jubilacion\/\" \/>\n<meta property=\"og:locale\" content=\"es_ES\" \/>\n<meta property=\"og:type\" content=\"article\" \/>\n<meta property=\"og:title\" content=\"25 mil personas pudieron iniciar su tr\u00e1mite de jubilaci\u00f3n - Infoecos\" \/>\n<meta property=\"og:description\" content=\"La directora ejecutiva de ANSES,\u00a0Fernanda Raverta, acompa\u00f1\u00f3 el inicio del tr\u00e1mite de jubilaci\u00f3n con plan de pago n\u00famero 25 mil, en la oficina del organismo en el barrio porte\u00f1o de Villa Lugano\" \/>\n<meta property=\"og:url\" content=\"https:\/\/infoecos.com.ar\/index.php\/25-mil-personas-pudieron-iniciar-su-tramite-de-jubilacion\/\" \/>\n<meta property=\"og:site_name\" content=\"Infoecos\" \/>\n<meta property=\"article:publisher\" content=\"https:\/\/www.facebook.com\/profile.php?id=100063200290284\" \/>\n<meta property=\"article:published_time\" content=\"2023-04-21T06:20:10+00:00\" \/>\n<meta property=\"article:modified_time\" content=\"2023-04-21T06:20:11+00:00\" \/>\n<meta property=\"og:image\" content=\"https:\/\/infoecos.com.ar\/wp-content\/uploads\/2021\/09\/RAVERTA.jpg\" \/>\n\t<meta property=\"og:image:width\" content=\"1004\" \/>\n\t<meta property=\"og:image:height\" content=\"565\" \/>\n\t<meta property=\"og:image:type\" content=\"image\/jpeg\" \/>\n<meta name=\"author\" content=\"Jorge Matheus\" \/>\n<meta name=\"twitter:card\" content=\"summary_large_image\" \/>\n<meta name=\"twitter:creator\" content=\"@infoecos\" \/>\n<meta name=\"twitter:site\" content=\"@infoecos\" \/>\n<meta name=\"twitter:label1\" content=\"Escrito por\" \/>\n\t<meta name=\"twitter:data1\" content=\"Jorge Matheus\" \/>\n\t<meta name=\"twitter:label2\" content=\"Tiempo de lectura\" \/>\n\t<meta name=\"twitter:data2\" content=\"3 minutos\" \/>\n<script type=\"application\/ld+json\" class=\"yoast-schema-graph\">{\"@context\":\"https:\/\/schema.org\",\"@graph\":[{\"@type\":\"Article\",\"@id\":\"https:\/\/infoecos.com.ar\/index.php\/25-mil-personas-pudieron-iniciar-su-tramite-de-jubilacion\/#article\",\"isPartOf\":{\"@id\":\"https:\/\/infoecos.com.ar\/index.php\/25-mil-personas-pudieron-iniciar-su-tramite-de-jubilacion\/\"},\"author\":{\"name\":\"Jorge Matheus\",\"@id\":\"https:\/\/infoecos.com.ar\/#\/schema\/person\/8f5ace5ce73b4b4aac4b7245aee6f191\"},\"headline\":\"25 mil personas pudieron iniciar su tr\u00e1mite de jubilaci\u00f3n\",\"datePublished\":\"2023-04-21T06:20:10+00:00\",\"dateModified\":\"2023-04-21T06:20:11+00:00\",\"mainEntityOfPage\":{\"@id\":\"https:\/\/infoecos.com.ar\/index.php\/25-mil-personas-pudieron-iniciar-su-tramite-de-jubilacion\/\"},\"wordCount\":460,\"publisher\":{\"@id\":\"https:\/\/infoecos.com.ar\/#organization\"},\"image\":{\"@id\":\"https:\/\/infoecos.com.ar\/index.php\/25-mil-personas-pudieron-iniciar-su-tramite-de-jubilacion\/#primaryimage\"},\"thumbnailUrl\":\"https:\/\/infoecos.com.ar\/wp-content\/uploads\/2021\/09\/RAVERTA.jpg\",\"keywords\":[\"a dos semanas de su implementaci\u00f3n\"],\"articleSection\":[\"C1 N4\"],\"inLanguage\":\"es\"},{\"@type\":\"WebPage\",\"@id\":\"https:\/\/infoecos.com.ar\/index.php\/25-mil-personas-pudieron-iniciar-su-tramite-de-jubilacion\/\",\"url\":\"https:\/\/infoecos.com.ar\/index.php\/25-mil-personas-pudieron-iniciar-su-tramite-de-jubilacion\/\",\"name\":\"25 mil personas pudieron iniciar su tr\u00e1mite de jubilaci\u00f3n - Infoecos\",\"isPartOf\":{\"@id\":\"https:\/\/infoecos.com.ar\/#website\"},\"primaryImageOfPage\":{\"@id\":\"https:\/\/infoecos.com.ar\/index.php\/25-mil-personas-pudieron-iniciar-su-tramite-de-jubilacion\/#primaryimage\"},\"image\":{\"@id\":\"https:\/\/infoecos.com.ar\/index.php\/25-mil-personas-pudieron-iniciar-su-tramite-de-jubilacion\/#primaryimage\"},\"thumbnailUrl\":\"https:\/\/infoecos.com.ar\/wp-content\/uploads\/2021\/09\/RAVERTA.jpg\",\"datePublished\":\"2023-04-21T06:20:10+00:00\",\"dateModified\":\"2023-04-21T06:20:11+00:00\",\"breadcrumb\":{\"@id\":\"https:\/\/infoecos.com.ar\/index.php\/25-mil-personas-pudieron-iniciar-su-tramite-de-jubilacion\/#breadcrumb\"},\"inLanguage\":\"es\",\"potentialAction\":[{\"@type\":\"ReadAction\",\"target\":[\"https:\/\/infoecos.com.ar\/index.php\/25-mil-personas-pudieron-iniciar-su-tramite-de-jubilacion\/\"]}]},{\"@type\":\"ImageObject\",\"inLanguage\":\"es\",\"@id\":\"https:\/\/infoecos.com.ar\/index.php\/25-mil-personas-pudieron-iniciar-su-tramite-de-jubilacion\/#primaryimage\",\"url\":\"https:\/\/infoecos.com.ar\/wp-content\/uploads\/2021\/09\/RAVERTA.jpg\",\"contentUrl\":\"https:\/\/infoecos.com.ar\/wp-content\/uploads\/2021\/09\/RAVERTA.jpg\",\"width\":1004,\"height\":565},{\"@type\":\"BreadcrumbList\",\"@id\":\"https:\/\/infoecos.com.ar\/index.php\/25-mil-personas-pudieron-iniciar-su-tramite-de-jubilacion\/#breadcrumb\",\"itemListElement\":[{\"@type\":\"ListItem\",\"position\":1,\"name\":\"Portada\",\"item\":\"https:\/\/infoecos.com.ar\/\"},{\"@type\":\"ListItem\",\"position\":2,\"name\":\"25 mil personas pudieron iniciar su tr\u00e1mite de jubilaci\u00f3n\"}]},{\"@type\":\"WebSite\",\"@id\":\"https:\/\/infoecos.com.ar\/#website\",\"url\":\"https:\/\/infoecos.com.ar\/\",\"name\":\"Infoecos\",\"description\":\"Noticias de trenque lauquen y la zona\",\"publisher\":{\"@id\":\"https:\/\/infoecos.com.ar\/#organization\"},\"alternateName\":\"Noticias\",\"potentialAction\":[{\"@type\":\"SearchAction\",\"target\":{\"@type\":\"EntryPoint\",\"urlTemplate\":\"https:\/\/infoecos.com.ar\/?s={search_term_string}\"},\"query-input\":{\"@type\":\"PropertyValueSpecification\",\"valueRequired\":true,\"valueName\":\"search_term_string\"}}],\"inLanguage\":\"es\"},{\"@type\":\"Organization\",\"@id\":\"https:\/\/infoecos.com.ar\/#organization\",\"name\":\"Infoecos\",\"alternateName\":\"Noticias\",\"url\":\"https:\/\/infoecos.com.ar\/\",\"logo\":{\"@type\":\"ImageObject\",\"inLanguage\":\"es\",\"@id\":\"https:\/\/infoecos.com.ar\/#\/schema\/logo\/image\/\",\"url\":\"https:\/\/infoecos.com.ar\/wp-content\/uploads\/2024\/03\/cropped-logo.png\",\"contentUrl\":\"https:\/\/infoecos.com.ar\/wp-content\/uploads\/2024\/03\/cropped-logo.png\",\"width\":374,\"height\":90,\"caption\":\"Infoecos\"},\"image\":{\"@id\":\"https:\/\/infoecos.com.ar\/#\/schema\/logo\/image\/\"},\"sameAs\":[\"https:\/\/www.facebook.com\/profile.php?id=100063200290284\",\"https:\/\/x.com\/infoecos\"]},{\"@type\":\"Person\",\"@id\":\"https:\/\/infoecos.com.ar\/#\/schema\/person\/8f5ace5ce73b4b4aac4b7245aee6f191\",\"name\":\"Jorge Matheus\",\"url\":\"https:\/\/infoecos.com.ar\/index.php\/author\/jomatheus\/\"}]}<\/script>\n<!-- \/ Yoast SEO plugin. -->","yoast_head_json":{"title":"25 mil personas pudieron iniciar su tr\u00e1mite de jubilaci\u00f3n - Infoecos","robots":{"index":"index","follow":"follow","max-snippet":"max-snippet:-1","max-image-preview":"max-image-preview:large","max-video-preview":"max-video-preview:-1"},"canonical":"https:\/\/infoecos.com.ar\/index.php\/25-mil-personas-pudieron-iniciar-su-tramite-de-jubilacion\/","og_locale":"es_ES","og_type":"article","og_title":"25 mil personas pudieron iniciar su tr\u00e1mite de jubilaci\u00f3n - Infoecos","og_description":"La directora ejecutiva de ANSES,\u00a0Fernanda Raverta, acompa\u00f1\u00f3 el inicio del tr\u00e1mite de jubilaci\u00f3n con plan de pago n\u00famero 25 mil, en la oficina del organismo en el barrio porte\u00f1o de Villa Lugano","og_url":"https:\/\/infoecos.com.ar\/index.php\/25-mil-personas-pudieron-iniciar-su-tramite-de-jubilacion\/","og_site_name":"Infoecos","article_publisher":"https:\/\/www.facebook.com\/profile.php?id=100063200290284","article_published_time":"2023-04-21T06:20:10+00:00","article_modified_time":"2023-04-21T06:20:11+00:00","og_image":[{"width":1004,"height":565,"url":"https:\/\/infoecos.com.ar\/wp-content\/uploads\/2021\/09\/RAVERTA.jpg","type":"image\/jpeg"}],"author":"Jorge Matheus","twitter_card":"summary_large_image","twitter_creator":"@infoecos","twitter_site":"@infoecos","twitter_misc":{"Escrito por":"Jorge Matheus","Tiempo de lectura":"3 minutos"},"schema":{"@context":"https:\/\/schema.org","@graph":[{"@type":"Article","@id":"https:\/\/infoecos.com.ar\/index.php\/25-mil-personas-pudieron-iniciar-su-tramite-de-jubilacion\/#article","isPartOf":{"@id":"https:\/\/infoecos.com.ar\/index.php\/25-mil-personas-pudieron-iniciar-su-tramite-de-jubilacion\/"},"author":{"name":"Jorge Matheus","@id":"https:\/\/infoecos.com.ar\/#\/schema\/person\/8f5ace5ce73b4b4aac4b7245aee6f191"},"headline":"25 mil personas pudieron iniciar su tr\u00e1mite de jubilaci\u00f3n","datePublished":"2023-04-21T06:20:10+00:00","dateModified":"2023-04-21T06:20:11+00:00","mainEntityOfPage":{"@id":"https:\/\/infoecos.com.ar\/index.php\/25-mil-personas-pudieron-iniciar-su-tramite-de-jubilacion\/"},"wordCount":460,"publisher":{"@id":"https:\/\/infoecos.com.ar\/#organization"},"image":{"@id":"https:\/\/infoecos.com.ar\/index.php\/25-mil-personas-pudieron-iniciar-su-tramite-de-jubilacion\/#primaryimage"},"thumbnailUrl":"https:\/\/infoecos.com.ar\/wp-content\/uploads\/2021\/09\/RAVERTA.jpg","keywords":["a dos semanas de su implementaci\u00f3n"],"articleSection":["C1 N4"],"inLanguage":"es"},{"@type":"WebPage","@id":"https:\/\/infoecos.com.ar\/index.php\/25-mil-personas-pudieron-iniciar-su-tramite-de-jubilacion\/","url":"https:\/\/infoecos.com.ar\/index.php\/25-mil-personas-pudieron-iniciar-su-tramite-de-jubilacion\/","name":"25 mil personas pudieron iniciar su tr\u00e1mite de jubilaci\u00f3n - Infoecos","isPartOf":{"@id":"https:\/\/infoecos.com.ar\/#website"},"primaryImageOfPage":{"@id":"https:\/\/infoecos.com.ar\/index.php\/25-mil-personas-pudieron-iniciar-su-tramite-de-jubilacion\/#primaryimage"},"image":{"@id":"https:\/\/infoecos.com.ar\/index.php\/25-mil-personas-pudieron-iniciar-su-tramite-de-jubilacion\/#primaryimage"},"thumbnailUrl":"https:\/\/infoecos.com.ar\/wp-content\/uploads\/2021\/09\/RAVERTA.jpg","datePublished":"2023-04-21T06:20:10+00:00","dateModified":"2023-04-21T06:20:11+00:00","breadcrumb":{"@id":"https:\/\/infoecos.com.ar\/index.php\/25-mil-personas-pudieron-iniciar-su-tramite-de-jubilacion\/#breadcrumb"},"inLanguage":"es","potentialAction":[{"@type":"ReadAction","target":["https:\/\/infoecos.com.ar\/index.php\/25-mil-personas-pudieron-iniciar-su-tramite-de-jubilacion\/"]}]},{"@type":"ImageObject","inLanguage":"es","@id":"https:\/\/infoecos.com.ar\/index.php\/25-mil-personas-pudieron-iniciar-su-tramite-de-jubilacion\/#primaryimage","url":"https:\/\/infoecos.com.ar\/wp-content\/uploads\/2021\/09\/RAVERTA.jpg","contentUrl":"https:\/\/infoecos.com.ar\/wp-content\/uploads\/2021\/09\/RAVERTA.jpg","width":1004,"height":565},{"@type":"BreadcrumbList","@id":"https:\/\/infoecos.com.ar\/index.php\/25-mil-personas-pudieron-iniciar-su-tramite-de-jubilacion\/#breadcrumb","itemListElement":[{"@type":"ListItem","position":1,"name":"Portada","item":"https:\/\/infoecos.com.ar\/"},{"@type":"ListItem","position":2,"name":"25 mil personas pudieron iniciar su tr\u00e1mite de jubilaci\u00f3n"}]},{"@type":"WebSite","@id":"https:\/\/infoecos.com.ar\/#website","url":"https:\/\/infoecos.com.ar\/","name":"Infoecos","description":"Noticias de trenque lauquen y la zona","publisher":{"@id":"https:\/\/infoecos.com.ar\/#organization"},"alternateName":"Noticias","potentialAction":[{"@type":"SearchAction","target":{"@type":"EntryPoint","urlTemplate":"https:\/\/infoecos.com.ar\/?s={search_term_string}"},"query-input":{"@type":"PropertyValueSpecification","valueRequired":true,"valueName":"search_term_string"}}],"inLanguage":"es"},{"@type":"Organization","@id":"https:\/\/infoecos.com.ar\/#organization","name":"Infoecos","alternateName":"Noticias","url":"https:\/\/infoecos.com.ar\/","logo":{"@type":"ImageObject","inLanguage":"es","@id":"https:\/\/infoecos.com.ar\/#\/schema\/logo\/image\/","url":"https:\/\/infoecos.com.ar\/wp-content\/uploads\/2024\/03\/cropped-logo.png","contentUrl":"https:\/\/infoecos.com.ar\/wp-content\/uploads\/2024\/03\/cropped-logo.png","width":374,"height":90,"caption":"Infoecos"},"image":{"@id":"https:\/\/infoecos.com.ar\/#\/schema\/logo\/image\/"},"sameAs":["https:\/\/www.facebook.com\/profile.php?id=100063200290284","https:\/\/x.com\/infoecos"]},{"@type":"Person","@id":"https:\/\/infoecos.com.ar\/#\/schema\/person\/8f5ace5ce73b4b4aac4b7245aee6f191","name":"Jorge Matheus","url":"https:\/\/infoecos.com.ar\/index.php\/author\/jomatheus\/"}]}},"featured_image_urls":{"full":["https:\/\/infoecos.com.ar\/wp-content\/uploads\/2021\/09\/RAVERTA.jpg",1004,565,false],"thumbnail":["https:\/\/infoecos.com.ar\/wp-content\/uploads\/2021\/09\/RAVERTA-150x150.jpg",150,150,true],"medium":["https:\/\/infoecos.com.ar\/wp-content\/uploads\/2021\/09\/RAVERTA-460x259.jpg",460,259,true],"medium_large":["https:\/\/infoecos.com.ar\/wp-content\/uploads\/2021\/09\/RAVERTA-768x432.jpg",640,360,true],"large":["https:\/\/infoecos.com.ar\/wp-content\/uploads\/2021\/09\/RAVERTA-920x518.jpg",640,360,true],"1536x1536":["https:\/\/infoecos.com.ar\/wp-content\/uploads\/2021\/09\/RAVERTA.jpg",1004,565,false],"2048x2048":["https:\/\/infoecos.com.ar\/wp-content\/uploads\/2021\/09\/RAVERTA.jpg",1004,565,false],"covernews-slider-full":["https:\/\/infoecos.com.ar\/wp-content\/uploads\/2021\/09\/RAVERTA.jpg",1004,565,false],"covernews-slider-center":["https:\/\/infoecos.com.ar\/wp-content\/uploads\/2021\/09\/RAVERTA-936x565.jpg",800,483,true],"covernews-featured":["https:\/\/infoecos.com.ar\/wp-content\/uploads\/2021\/09\/RAVERTA.jpg",1004,565,false],"covernews-medium":["https:\/\/infoecos.com.ar\/wp-content\/uploads\/2021\/09\/RAVERTA-720x380.jpg",540,285,true],"covernews-medium-square":["https:\/\/infoecos.com.ar\/wp-content\/uploads\/2021\/09\/RAVERTA-675x450.jpg",375,250,true]},"author_info":{"info":["Jorge Matheus"]},"category_info":"<a href=\"https:\/\/infoecos.com.ar\/index.php\/category\/c1nota4\/\" rel=\"category tag\">C1 N4<\/a>","tag_info":"C1 N4","comment_count":"0","_links":{"self":[{"href":"https:\/\/infoecos.com.ar\/index.php\/wp-json\/wp\/v2\/posts\/104079"}],"collection":[{"href":"https:\/\/infoecos.com.ar\/index.php\/wp-json\/wp\/v2\/posts"}],"about":[{"href":"https:\/\/infoecos.com.ar\/index.php\/wp-json\/wp\/v2\/types\/post"}],"author":[{"embeddable":true,"href":"https:\/\/infoecos.com.ar\/index.php\/wp-json\/wp\/v2\/users\/2"}],"replies":[{"embeddable":true,"href":"https:\/\/infoecos.com.ar\/index.php\/wp-json\/wp\/v2\/comments?post=104079"}],"version-history":[{"count":1,"href":"https:\/\/infoecos.com.ar\/index.php\/wp-json\/wp\/v2\/posts\/104079\/revisions"}],"predecessor-version":[{"id":104080,"href":"https:\/\/infoecos.com.ar\/index.php\/wp-json\/wp\/v2\/posts\/104079\/revisions\/104080"}],"wp:featuredmedia":[{"embeddable":true,"href":"https:\/\/infoecos.com.ar\/index.php\/wp-json\/wp\/v2\/media\/86813"}],"wp:attachment":[{"href":"https:\/\/infoecos.com.ar\/index.php\/wp-json\/wp\/v2\/media?parent=104079"}],"wp:term":[{"taxonomy":"category","embeddable":true,"href":"https:\/\/infoecos.com.ar\/index.php\/wp-json\/wp\/v2\/categories?post=104079"},{"taxonomy":"post_tag","embeddable":true,"href":"https:\/\/infoecos.com.ar\/index.php\/wp-json\/wp\/v2\/tags?post=104079"}],"curies":[{"name":"wp","href":"https:\/\/api.w.org\/{rel}","templated":true}]}}