{"id":104112,"date":"2023-04-22T03:03:45","date_gmt":"2023-04-22T06:03:45","guid":{"rendered":"https:\/\/infoecos.com.ar\/?p=104112"},"modified":"2023-04-22T04:38:03","modified_gmt":"2023-04-22T07:38:03","slug":"alberto-fernandez-anuncio-que-no-ira-por-la-reeleccion-a-traves-de-twitter","status":"publish","type":"post","link":"https:\/\/infoecos.com.ar\/index.php\/alberto-fernandez-anuncio-que-no-ira-por-la-reeleccion-a-traves-de-twitter\/","title":{"rendered":"Alberto Fern\u00e1ndez, anunci\u00f3 que no ir\u00e1 por la reelecci\u00f3n a trav\u00e9s de Twitter"},"content":{"rendered":"\n<p>Con un video de poco m\u00e1s de 7 minutos subido a su cuenta de Twitter, el presidente de la Naci\u00f3n, Alberto Fern\u00e1ndez, anunci\u00f3 que no ir\u00e1 por la reelecci\u00f3n en las elecciones presidenciales de este a\u00f1o. El  video se titula \u201cMi decisi\u00f3n\u201d.<\/p>\n\n\n\n<figure class=\"wp-block-embed aligncenter is-type-rich is-provider-twitter wp-block-embed-twitter\"><div class=\"wp-block-embed__wrapper\">\nhttps:\/\/twitter.com\/alferdez\/status\/1649395866820542464\n<\/div><\/figure>\n\n\n\n<p><strong>\u201cEl pr\u00f3ximo&nbsp;10 de diciembre de 2023&nbsp;es el d\u00eda exacto en que cumplimos 40 a\u00f1os de democracia<\/strong>.&nbsp;<strong>Ese d\u00eda entregar\u00e9 la banda presidencial a quien haya sido elegido leg\u00edtimamente<\/strong>&nbsp;<strong>en las urnas por el voto popular<\/strong>.<strong>&nbsp;Trabajar\u00e9 fervientemente para que sea alguien que represente a nuestro espacio pol\u00edtico<\/strong>\u201d, dijo Fern\u00e1ndez.<\/p>\n\n\n\n<figure class=\"wp-block-image aligncenter size-full is-resized\"><img loading=\"lazy\" decoding=\"async\" src=\"https:\/\/infoecos.com.ar\/wp-content\/uploads\/2023\/04\/image-58.png\" alt=\"\" class=\"wp-image-104113\" width=\"475\" height=\"317\" srcset=\"https:\/\/infoecos.com.ar\/wp-content\/uploads\/2023\/04\/image-58.png 1440w, https:\/\/infoecos.com.ar\/wp-content\/uploads\/2023\/04\/image-58-800x533.png 800w, https:\/\/infoecos.com.ar\/wp-content\/uploads\/2023\/04\/image-58-768x512.png 768w, https:\/\/infoecos.com.ar\/wp-content\/uploads\/2023\/04\/image-58-1024x683.png 1024w, https:\/\/infoecos.com.ar\/wp-content\/uploads\/2023\/04\/image-58-675x450.png 675w\" sizes=\"(max-width: 475px) 100vw, 475px\" \/><\/figure>\n\n\n\n<p>\u201cTengo que concentrar los esfuerzos, el compromiso y el coraz\u00f3n en resolver los problemas de los argentinos\u201d, se\u00f1al\u00f3 en torno a la gesti\u00f3n presidencial.<\/p>\n\n\n\n<p>Expres\u00f3 que el Frente de Todos \u201cnecesita generar un nuevo ciclo virtuoso en el que otros se empoderen para volver a conquistar los corazones de quienes siguen mir\u00e1ndonos como el espacio que garantiza que no volver\u00e1 la derecha a traernos su pesadilla y su oscuridad\u201d.<\/p>\n\n\n\n<p><\/p>\n","protected":false},"excerpt":{"rendered":"<p>\u201cTengo que concentrar los esfuerzos, el compromiso y el coraz\u00f3n en resolver los problemas de los argentinos\u201d, se\u00f1al\u00f3 en torno a la gesti\u00f3n presidencial<\/p>\n","protected":false},"author":2,"featured_media":104113,"comment_status":"closed","ping_status":"open","sticky":false,"template":"","format":"standard","meta":{"footnotes":""},"categories":[45],"tags":[7744],"class_list":["post-104112","post","type-post","status-publish","format-standard","has-post-thumbnail","hentry","category-c1nota2","tag-el-tema-politico-de-ayer"],"yoast_head":"<!-- This site is optimized with the Yoast SEO plugin v23.4 - https:\/\/yoast.com\/wordpress\/plugins\/seo\/ -->\n<title>Alberto Fern\u00e1ndez, anunci\u00f3 que no ir\u00e1 por la reelecci\u00f3n a trav\u00e9s de Twitter - Infoecos<\/title>\n<meta name=\"robots\" content=\"index, follow, max-snippet:-1, max-image-preview:large, max-video-preview:-1\" \/>\n<link rel=\"canonical\" href=\"https:\/\/infoecos.com.ar\/index.php\/alberto-fernandez-anuncio-que-no-ira-por-la-reeleccion-a-traves-de-twitter\/\" \/>\n<meta property=\"og:locale\" content=\"es_ES\" \/>\n<meta property=\"og:type\" content=\"article\" \/>\n<meta property=\"og:title\" content=\"Alberto Fern\u00e1ndez, anunci\u00f3 que no ir\u00e1 por la reelecci\u00f3n a trav\u00e9s de Twitter - Infoecos\" \/>\n<meta property=\"og:description\" content=\"\u201cTengo que concentrar los esfuerzos, el compromiso y el coraz\u00f3n en resolver los problemas de los argentinos\u201d, se\u00f1al\u00f3 en torno a la gesti\u00f3n presidencial\" \/>\n<meta property=\"og:url\" content=\"https:\/\/infoecos.com.ar\/index.php\/alberto-fernandez-anuncio-que-no-ira-por-la-reeleccion-a-traves-de-twitter\/\" \/>\n<meta property=\"og:site_name\" content=\"Infoecos\" \/>\n<meta property=\"article:publisher\" content=\"https:\/\/www.facebook.com\/profile.php?id=100063200290284\" \/>\n<meta property=\"article:published_time\" content=\"2023-04-22T06:03:45+00:00\" \/>\n<meta property=\"article:modified_time\" content=\"2023-04-22T07:38:03+00:00\" \/>\n<meta property=\"og:image\" content=\"https:\/\/infoecos.com.ar\/wp-content\/uploads\/2023\/04\/image-58.png\" \/>\n\t<meta property=\"og:image:width\" content=\"1440\" \/>\n\t<meta property=\"og:image:height\" content=\"960\" \/>\n\t<meta property=\"og:image:type\" content=\"image\/png\" \/>\n<meta name=\"author\" content=\"Jorge Matheus\" \/>\n<meta name=\"twitter:card\" content=\"summary_large_image\" \/>\n<meta name=\"twitter:creator\" content=\"@infoecos\" \/>\n<meta name=\"twitter:site\" content=\"@infoecos\" \/>\n<meta name=\"twitter:label1\" content=\"Escrito por\" \/>\n\t<meta name=\"twitter:data1\" content=\"Jorge Matheus\" \/>\n\t<meta name=\"twitter:label2\" content=\"Tiempo de lectura\" \/>\n\t<meta name=\"twitter:data2\" content=\"1 minuto\" \/>\n<script type=\"application\/ld+json\" class=\"yoast-schema-graph\">{\"@context\":\"https:\/\/schema.org\",\"@graph\":[{\"@type\":\"Article\",\"@id\":\"https:\/\/infoecos.com.ar\/index.php\/alberto-fernandez-anuncio-que-no-ira-por-la-reeleccion-a-traves-de-twitter\/#article\",\"isPartOf\":{\"@id\":\"https:\/\/infoecos.com.ar\/index.php\/alberto-fernandez-anuncio-que-no-ira-por-la-reeleccion-a-traves-de-twitter\/\"},\"author\":{\"name\":\"Jorge Matheus\",\"@id\":\"https:\/\/infoecos.com.ar\/#\/schema\/person\/8f5ace5ce73b4b4aac4b7245aee6f191\"},\"headline\":\"Alberto Fern\u00e1ndez, anunci\u00f3 que no ir\u00e1 por la reelecci\u00f3n a trav\u00e9s de Twitter\",\"datePublished\":\"2023-04-22T06:03:45+00:00\",\"dateModified\":\"2023-04-22T07:38:03+00:00\",\"mainEntityOfPage\":{\"@id\":\"https:\/\/infoecos.com.ar\/index.php\/alberto-fernandez-anuncio-que-no-ira-por-la-reeleccion-a-traves-de-twitter\/\"},\"wordCount\":201,\"publisher\":{\"@id\":\"https:\/\/infoecos.com.ar\/#organization\"},\"image\":{\"@id\":\"https:\/\/infoecos.com.ar\/index.php\/alberto-fernandez-anuncio-que-no-ira-por-la-reeleccion-a-traves-de-twitter\/#primaryimage\"},\"thumbnailUrl\":\"https:\/\/infoecos.com.ar\/wp-content\/uploads\/2023\/04\/image-58.png\",\"keywords\":[\"EL TEMA POL\u00cdTICO DE AYER\"],\"articleSection\":[\"C1 N2\"],\"inLanguage\":\"es\"},{\"@type\":\"WebPage\",\"@id\":\"https:\/\/infoecos.com.ar\/index.php\/alberto-fernandez-anuncio-que-no-ira-por-la-reeleccion-a-traves-de-twitter\/\",\"url\":\"https:\/\/infoecos.com.ar\/index.php\/alberto-fernandez-anuncio-que-no-ira-por-la-reeleccion-a-traves-de-twitter\/\",\"name\":\"Alberto Fern\u00e1ndez, anunci\u00f3 que no ir\u00e1 por la reelecci\u00f3n a trav\u00e9s de Twitter - Infoecos\",\"isPartOf\":{\"@id\":\"https:\/\/infoecos.com.ar\/#website\"},\"primaryImageOfPage\":{\"@id\":\"https:\/\/infoecos.com.ar\/index.php\/alberto-fernandez-anuncio-que-no-ira-por-la-reeleccion-a-traves-de-twitter\/#primaryimage\"},\"image\":{\"@id\":\"https:\/\/infoecos.com.ar\/index.php\/alberto-fernandez-anuncio-que-no-ira-por-la-reeleccion-a-traves-de-twitter\/#primaryimage\"},\"thumbnailUrl\":\"https:\/\/infoecos.com.ar\/wp-content\/uploads\/2023\/04\/image-58.png\",\"datePublished\":\"2023-04-22T06:03:45+00:00\",\"dateModified\":\"2023-04-22T07:38:03+00:00\",\"breadcrumb\":{\"@id\":\"https:\/\/infoecos.com.ar\/index.php\/alberto-fernandez-anuncio-que-no-ira-por-la-reeleccion-a-traves-de-twitter\/#breadcrumb\"},\"inLanguage\":\"es\",\"potentialAction\":[{\"@type\":\"ReadAction\",\"target\":[\"https:\/\/infoecos.com.ar\/index.php\/alberto-fernandez-anuncio-que-no-ira-por-la-reeleccion-a-traves-de-twitter\/\"]}]},{\"@type\":\"ImageObject\",\"inLanguage\":\"es\",\"@id\":\"https:\/\/infoecos.com.ar\/index.php\/alberto-fernandez-anuncio-que-no-ira-por-la-reeleccion-a-traves-de-twitter\/#primaryimage\",\"url\":\"https:\/\/infoecos.com.ar\/wp-content\/uploads\/2023\/04\/image-58.png\",\"contentUrl\":\"https:\/\/infoecos.com.ar\/wp-content\/uploads\/2023\/04\/image-58.png\",\"width\":1440,\"height\":960},{\"@type\":\"BreadcrumbList\",\"@id\":\"https:\/\/infoecos.com.ar\/index.php\/alberto-fernandez-anuncio-que-no-ira-por-la-reeleccion-a-traves-de-twitter\/#breadcrumb\",\"itemListElement\":[{\"@type\":\"ListItem\",\"position\":1,\"name\":\"Portada\",\"item\":\"https:\/\/infoecos.com.ar\/\"},{\"@type\":\"ListItem\",\"position\":2,\"name\":\"Alberto Fern\u00e1ndez, anunci\u00f3 que no ir\u00e1 por la reelecci\u00f3n a trav\u00e9s de Twitter\"}]},{\"@type\":\"WebSite\",\"@id\":\"https:\/\/infoecos.com.ar\/#website\",\"url\":\"https:\/\/infoecos.com.ar\/\",\"name\":\"Infoecos\",\"description\":\"Noticias de trenque lauquen y la zona\",\"publisher\":{\"@id\":\"https:\/\/infoecos.com.ar\/#organization\"},\"alternateName\":\"Noticias\",\"potentialAction\":[{\"@type\":\"SearchAction\",\"target\":{\"@type\":\"EntryPoint\",\"urlTemplate\":\"https:\/\/infoecos.com.ar\/?s={search_term_string}\"},\"query-input\":{\"@type\":\"PropertyValueSpecification\",\"valueRequired\":true,\"valueName\":\"search_term_string\"}}],\"inLanguage\":\"es\"},{\"@type\":\"Organization\",\"@id\":\"https:\/\/infoecos.com.ar\/#organization\",\"name\":\"Infoecos\",\"alternateName\":\"Noticias\",\"url\":\"https:\/\/infoecos.com.ar\/\",\"logo\":{\"@type\":\"ImageObject\",\"inLanguage\":\"es\",\"@id\":\"https:\/\/infoecos.com.ar\/#\/schema\/logo\/image\/\",\"url\":\"https:\/\/infoecos.com.ar\/wp-content\/uploads\/2024\/03\/cropped-logo.png\",\"contentUrl\":\"https:\/\/infoecos.com.ar\/wp-content\/uploads\/2024\/03\/cropped-logo.png\",\"width\":374,\"height\":90,\"caption\":\"Infoecos\"},\"image\":{\"@id\":\"https:\/\/infoecos.com.ar\/#\/schema\/logo\/image\/\"},\"sameAs\":[\"https:\/\/www.facebook.com\/profile.php?id=100063200290284\",\"https:\/\/x.com\/infoecos\"]},{\"@type\":\"Person\",\"@id\":\"https:\/\/infoecos.com.ar\/#\/schema\/person\/8f5ace5ce73b4b4aac4b7245aee6f191\",\"name\":\"Jorge Matheus\",\"url\":\"https:\/\/infoecos.com.ar\/index.php\/author\/jomatheus\/\"}]}<\/script>\n<!-- \/ Yoast SEO plugin. -->","yoast_head_json":{"title":"Alberto Fern\u00e1ndez, anunci\u00f3 que no ir\u00e1 por la reelecci\u00f3n a trav\u00e9s de Twitter - Infoecos","robots":{"index":"index","follow":"follow","max-snippet":"max-snippet:-1","max-image-preview":"max-image-preview:large","max-video-preview":"max-video-preview:-1"},"canonical":"https:\/\/infoecos.com.ar\/index.php\/alberto-fernandez-anuncio-que-no-ira-por-la-reeleccion-a-traves-de-twitter\/","og_locale":"es_ES","og_type":"article","og_title":"Alberto Fern\u00e1ndez, anunci\u00f3 que no ir\u00e1 por la reelecci\u00f3n a trav\u00e9s de Twitter - Infoecos","og_description":"\u201cTengo que concentrar los esfuerzos, el compromiso y el coraz\u00f3n en resolver los problemas de los argentinos\u201d, se\u00f1al\u00f3 en torno a la gesti\u00f3n presidencial","og_url":"https:\/\/infoecos.com.ar\/index.php\/alberto-fernandez-anuncio-que-no-ira-por-la-reeleccion-a-traves-de-twitter\/","og_site_name":"Infoecos","article_publisher":"https:\/\/www.facebook.com\/profile.php?id=100063200290284","article_published_time":"2023-04-22T06:03:45+00:00","article_modified_time":"2023-04-22T07:38:03+00:00","og_image":[{"width":1440,"height":960,"url":"https:\/\/infoecos.com.ar\/wp-content\/uploads\/2023\/04\/image-58.png","type":"image\/png"}],"author":"Jorge Matheus","twitter_card":"summary_large_image","twitter_creator":"@infoecos","twitter_site":"@infoecos","twitter_misc":{"Escrito por":"Jorge Matheus","Tiempo de lectura":"1 minuto"},"schema":{"@context":"https:\/\/schema.org","@graph":[{"@type":"Article","@id":"https:\/\/infoecos.com.ar\/index.php\/alberto-fernandez-anuncio-que-no-ira-por-la-reeleccion-a-traves-de-twitter\/#article","isPartOf":{"@id":"https:\/\/infoecos.com.ar\/index.php\/alberto-fernandez-anuncio-que-no-ira-por-la-reeleccion-a-traves-de-twitter\/"},"author":{"name":"Jorge Matheus","@id":"https:\/\/infoecos.com.ar\/#\/schema\/person\/8f5ace5ce73b4b4aac4b7245aee6f191"},"headline":"Alberto Fern\u00e1ndez, anunci\u00f3 que no ir\u00e1 por la reelecci\u00f3n a trav\u00e9s de Twitter","datePublished":"2023-04-22T06:03:45+00:00","dateModified":"2023-04-22T07:38:03+00:00","mainEntityOfPage":{"@id":"https:\/\/infoecos.com.ar\/index.php\/alberto-fernandez-anuncio-que-no-ira-por-la-reeleccion-a-traves-de-twitter\/"},"wordCount":201,"publisher":{"@id":"https:\/\/infoecos.com.ar\/#organization"},"image":{"@id":"https:\/\/infoecos.com.ar\/index.php\/alberto-fernandez-anuncio-que-no-ira-por-la-reeleccion-a-traves-de-twitter\/#primaryimage"},"thumbnailUrl":"https:\/\/infoecos.com.ar\/wp-content\/uploads\/2023\/04\/image-58.png","keywords":["EL TEMA POL\u00cdTICO DE AYER"],"articleSection":["C1 N2"],"inLanguage":"es"},{"@type":"WebPage","@id":"https:\/\/infoecos.com.ar\/index.php\/alberto-fernandez-anuncio-que-no-ira-por-la-reeleccion-a-traves-de-twitter\/","url":"https:\/\/infoecos.com.ar\/index.php\/alberto-fernandez-anuncio-que-no-ira-por-la-reeleccion-a-traves-de-twitter\/","name":"Alberto Fern\u00e1ndez, anunci\u00f3 que no ir\u00e1 por la reelecci\u00f3n a trav\u00e9s de Twitter - Infoecos","isPartOf":{"@id":"https:\/\/infoecos.com.ar\/#website"},"primaryImageOfPage":{"@id":"https:\/\/infoecos.com.ar\/index.php\/alberto-fernandez-anuncio-que-no-ira-por-la-reeleccion-a-traves-de-twitter\/#primaryimage"},"image":{"@id":"https:\/\/infoecos.com.ar\/index.php\/alberto-fernandez-anuncio-que-no-ira-por-la-reeleccion-a-traves-de-twitter\/#primaryimage"},"thumbnailUrl":"https:\/\/infoecos.com.ar\/wp-content\/uploads\/2023\/04\/image-58.png","datePublished":"2023-04-22T06:03:45+00:00","dateModified":"2023-04-22T07:38:03+00:00","breadcrumb":{"@id":"https:\/\/infoecos.com.ar\/index.php\/alberto-fernandez-anuncio-que-no-ira-por-la-reeleccion-a-traves-de-twitter\/#breadcrumb"},"inLanguage":"es","potentialAction":[{"@type":"ReadAction","target":["https:\/\/infoecos.com.ar\/index.php\/alberto-fernandez-anuncio-que-no-ira-por-la-reeleccion-a-traves-de-twitter\/"]}]},{"@type":"ImageObject","inLanguage":"es","@id":"https:\/\/infoecos.com.ar\/index.php\/alberto-fernandez-anuncio-que-no-ira-por-la-reeleccion-a-traves-de-twitter\/#primaryimage","url":"https:\/\/infoecos.com.ar\/wp-content\/uploads\/2023\/04\/image-58.png","contentUrl":"https:\/\/infoecos.com.ar\/wp-content\/uploads\/2023\/04\/image-58.png","width":1440,"height":960},{"@type":"BreadcrumbList","@id":"https:\/\/infoecos.com.ar\/index.php\/alberto-fernandez-anuncio-que-no-ira-por-la-reeleccion-a-traves-de-twitter\/#breadcrumb","itemListElement":[{"@type":"ListItem","position":1,"name":"Portada","item":"https:\/\/infoecos.com.ar\/"},{"@type":"ListItem","position":2,"name":"Alberto Fern\u00e1ndez, anunci\u00f3 que no ir\u00e1 por la reelecci\u00f3n a trav\u00e9s de Twitter"}]},{"@type":"WebSite","@id":"https:\/\/infoecos.com.ar\/#website","url":"https:\/\/infoecos.com.ar\/","name":"Infoecos","description":"Noticias de trenque lauquen y la zona","publisher":{"@id":"https:\/\/infoecos.com.ar\/#organization"},"alternateName":"Noticias","potentialAction":[{"@type":"SearchAction","target":{"@type":"EntryPoint","urlTemplate":"https:\/\/infoecos.com.ar\/?s={search_term_string}"},"query-input":{"@type":"PropertyValueSpecification","valueRequired":true,"valueName":"search_term_string"}}],"inLanguage":"es"},{"@type":"Organization","@id":"https:\/\/infoecos.com.ar\/#organization","name":"Infoecos","alternateName":"Noticias","url":"https:\/\/infoecos.com.ar\/","logo":{"@type":"ImageObject","inLanguage":"es","@id":"https:\/\/infoecos.com.ar\/#\/schema\/logo\/image\/","url":"https:\/\/infoecos.com.ar\/wp-content\/uploads\/2024\/03\/cropped-logo.png","contentUrl":"https:\/\/infoecos.com.ar\/wp-content\/uploads\/2024\/03\/cropped-logo.png","width":374,"height":90,"caption":"Infoecos"},"image":{"@id":"https:\/\/infoecos.com.ar\/#\/schema\/logo\/image\/"},"sameAs":["https:\/\/www.facebook.com\/profile.php?id=100063200290284","https:\/\/x.com\/infoecos"]},{"@type":"Person","@id":"https:\/\/infoecos.com.ar\/#\/schema\/person\/8f5ace5ce73b4b4aac4b7245aee6f191","name":"Jorge Matheus","url":"https:\/\/infoecos.com.ar\/index.php\/author\/jomatheus\/"}]}},"featured_image_urls":{"full":["https:\/\/infoecos.com.ar\/wp-content\/uploads\/2023\/04\/image-58.png",1440,960,false],"thumbnail":["https:\/\/infoecos.com.ar\/wp-content\/uploads\/2023\/04\/image-58-300x150.png",300,150,true],"medium":["https:\/\/infoecos.com.ar\/wp-content\/uploads\/2023\/04\/image-58-800x533.png",800,533,true],"medium_large":["https:\/\/infoecos.com.ar\/wp-content\/uploads\/2023\/04\/image-58-768x512.png",640,427,true],"large":["https:\/\/infoecos.com.ar\/wp-content\/uploads\/2023\/04\/image-58.png",640,427,false],"1536x1536":["https:\/\/infoecos.com.ar\/wp-content\/uploads\/2023\/04\/image-58.png",1440,960,false],"2048x2048":["https:\/\/infoecos.com.ar\/wp-content\/uploads\/2023\/04\/image-58.png",1440,960,false],"covernews-slider-full":["https:\/\/infoecos.com.ar\/wp-content\/uploads\/2023\/04\/image-58.png",1073,715,false],"covernews-slider-center":["https:\/\/infoecos.com.ar\/wp-content\/uploads\/2023\/04\/image-58-936x897.png",522,500,true],"covernews-featured":["https:\/\/infoecos.com.ar\/wp-content\/uploads\/2023\/04\/image-58-1024x683.png",1024,683,true],"covernews-medium":["https:\/\/infoecos.com.ar\/wp-content\/uploads\/2023\/04\/image-58-720x380.png",540,285,true],"covernews-medium-square":["https:\/\/infoecos.com.ar\/wp-content\/uploads\/2023\/04\/image-58-675x450.png",375,250,true]},"author_info":{"info":["Jorge Matheus"]},"category_info":"<a href=\"https:\/\/infoecos.com.ar\/index.php\/category\/c1nota2\/\" rel=\"category tag\">C1 N2<\/a>","tag_info":"C1 N2","comment_count":"0","_links":{"self":[{"href":"https:\/\/infoecos.com.ar\/index.php\/wp-json\/wp\/v2\/posts\/104112"}],"collection":[{"href":"https:\/\/infoecos.com.ar\/index.php\/wp-json\/wp\/v2\/posts"}],"about":[{"href":"https:\/\/infoecos.com.ar\/index.php\/wp-json\/wp\/v2\/types\/post"}],"author":[{"embeddable":true,"href":"https:\/\/infoecos.com.ar\/index.php\/wp-json\/wp\/v2\/users\/2"}],"replies":[{"embeddable":true,"href":"https:\/\/infoecos.com.ar\/index.php\/wp-json\/wp\/v2\/comments?post=104112"}],"version-history":[{"count":2,"href":"https:\/\/infoecos.com.ar\/index.php\/wp-json\/wp\/v2\/posts\/104112\/revisions"}],"predecessor-version":[{"id":104140,"href":"https:\/\/infoecos.com.ar\/index.php\/wp-json\/wp\/v2\/posts\/104112\/revisions\/104140"}],"wp:featuredmedia":[{"embeddable":true,"href":"https:\/\/infoecos.com.ar\/index.php\/wp-json\/wp\/v2\/media\/104113"}],"wp:attachment":[{"href":"https:\/\/infoecos.com.ar\/index.php\/wp-json\/wp\/v2\/media?parent=104112"}],"wp:term":[{"taxonomy":"category","embeddable":true,"href":"https:\/\/infoecos.com.ar\/index.php\/wp-json\/wp\/v2\/categories?post=104112"},{"taxonomy":"post_tag","embeddable":true,"href":"https:\/\/infoecos.com.ar\/index.php\/wp-json\/wp\/v2\/tags?post=104112"}],"curies":[{"name":"wp","href":"https:\/\/api.w.org\/{rel}","templated":true}]}}