{"id":104160,"date":"2023-04-23T14:44:42","date_gmt":"2023-04-23T17:44:42","guid":{"rendered":"https:\/\/infoecos.com.ar\/?p=104160"},"modified":"2023-04-26T04:00:41","modified_gmt":"2023-04-26T07:00:41","slug":"era-la-imagen-que-solo-suele-verse-en-las-series-americanas-senalo-un-investigador","status":"publish","type":"post","link":"https:\/\/infoecos.com.ar\/index.php\/era-la-imagen-que-solo-suele-verse-en-las-series-americanas-senalo-un-investigador\/","title":{"rendered":"\u00abEra la imagen que solo suele verse en las series americanas\u00bb, se\u00f1al\u00f3 un investigador"},"content":{"rendered":"\n<p>Fue asesinada Ana Aristimu\u00f1o, una vecina, madre y docente de Trenque Lauquen, el d\u00eda s\u00e1bado. Conocido el hecho, desat\u00f3 manifestaciones de sorpresa, enorme tristeza e interrogantes en la comunidad en general, pero muy especialmente entre quienes la conocieron. Ello se trasunt\u00f3 en las redes sociales, al punto &#8211; se asegur\u00f3 a Infoecos &#8211; de hasta reducir el movimiento nocturno de los s\u00e1bados. Hubo una circulaci\u00f3n veh\u00edcular y de concurrencia a los lugares p\u00fablicos, mucho menor a lo de d\u00edas similares de este mes y los anteriores con temperaturas agradables.  \u00abEs com\u00fan cuando se conocen noticias de estas caracter\u00edsticas que se verifique un movimiento mucho menor\u00bb, se\u00f1al\u00f3 a periodistas de nuestro sitio, un serio investigador de la ciudad. <\/p>\n\n\n\n<figure class=\"wp-block-image alignright size-full is-resized\"><img loading=\"lazy\" decoding=\"async\" src=\"https:\/\/infoecos.com.ar\/wp-content\/uploads\/2023\/04\/anaaristimunoconvestidodefaldanegra.jpeg\" alt=\"\" class=\"wp-image-104161\" width=\"431\" height=\"317\" srcset=\"https:\/\/infoecos.com.ar\/wp-content\/uploads\/2023\/04\/anaaristimunoconvestidodefaldanegra.jpeg 1080w, https:\/\/infoecos.com.ar\/wp-content\/uploads\/2023\/04\/anaaristimunoconvestidodefaldanegra-800x590.jpeg 800w, https:\/\/infoecos.com.ar\/wp-content\/uploads\/2023\/04\/anaaristimunoconvestidodefaldanegra-768x567.jpeg 768w, https:\/\/infoecos.com.ar\/wp-content\/uploads\/2023\/04\/anaaristimunoconvestidodefaldanegra-1024x756.jpeg 1024w\" sizes=\"(max-width: 431px) 100vw, 431px\" \/><\/figure>\n\n\n\n<p>Ana Aristimu\u00f1o fue hallada por familiares directos, su Madre y Hermana, sentada y atada. Ten\u00eda marcas en el cuello que le habr\u00edan producido asfixia, y un pa\u00f1uelo en su boca. Al existir el secreto del sumario, se complica conocer detalles m\u00e1s puntuales y, cien por ciento, fidedignos. Se estima en las fuentes consultadas que el asesinato se produjo el s\u00e1bado. Viv\u00eda sola. Su padre que compart\u00eda el lugar tiene 90 a\u00f1os y se encuentra internado, desde hace m\u00e1s de una semana. Madre de dos hijos, no de ellos radicado en la ciudad de Buenos Aires y el otro, que compart\u00eda domicilio, no se encontraba en Trenque Lauquen.<\/p>\n\n\n\n<p>En el interior del inmueble que habitaba no se verificaron faltantes de elementos. Tampoco des\u00f3rden. <\/p>\n\n\n\n<p>El ingreso al lugar de qui\u00e9n o quienes fueron autoras\/es del asesinato se produjo por la puerta del patio. Hay algunos inmuebles sin habitar. Los vecinos que han sido consultados por la Polic\u00eda que se encuentra al frente de tratar de lograr el esclarecimiento, se\u00f1alaron que no tienen presente se produjeran durante el s\u00e1bado u horas previas, reacci\u00f3n de los perros que tienen due\u00f1o, en el vecindario. No hay ning\u00fan vestigio que permita a los investigadores, dar cuenta, que se ingres\u00f3 por el frente de la vivienda.<\/p>\n\n\n\n<figure class=\"wp-block-image alignright size-full is-resized\"><img loading=\"lazy\" decoding=\"async\" src=\"https:\/\/infoecos.com.ar\/wp-content\/uploads\/2023\/04\/anaaristimunocasa.jpg\" alt=\"\" class=\"wp-image-104162\" width=\"446\" height=\"335\"\/><\/figure>\n\n\n\n<p>Aristimu\u00f1o era una mujer car\u00e1cter y se la hab\u00eda visto en estos d\u00edas, sana y con gran vitalidad. Realizaba sus actividades como docente en forma normal, participaba de tareas vinculadas con UDOCBA gremio al que estaba adherida y habiendo sido una de las impulsoras en el distrito, como tambi\u00e9n asist\u00eda a una conocida y prestigiosa academia de tangos. Cumpl\u00eda con sus tareas en la Escuela n\u00famero 47, a pocas cuadras del domicilio donde fue encontrada. Ten\u00eda 54 a\u00f1os. <\/p>\n\n\n\n<p>Milit\u00f3 pol\u00edticamente, integrando la lista de candidatos a consejera escolar por el Partido Justicialista de Trenque Lauquen, en dos oportunidades. <\/p>\n\n\n\n<p>En las redes sociales se han multiplicado los mensajes de adhesi\u00f3n a la familia y el dolor que experimenta la p\u00e9rdida f\u00edsica, y las caracter\u00edsticas tortuosas de su muerte. <\/p>\n\n\n\n<p>La cuadra de la calle Carlos Casares donde est\u00e1 la vivienda fue vallada hasta altas horas. Trabaj\u00f3 intensamente la Polic\u00eda de Trenque Lauquen, Polic\u00eda Cient\u00edfica y la DDI. <\/p>\n\n\n\n<p>Si bien era imposible recoger datos en el lugar apuntado, una persona que ingres\u00f3 al lugar al ser consultada por Infoecos, manifest\u00f3: \u00abera la imagen que solo suele verse en las series americanas. En una silla, atada y con se\u00f1ales de asfixia. Cuesta creerlo\u00bb. <\/p>\n\n\n\n<p>Ana Aristimu\u00f1o fue sepultada, pasadas las 17 horas de hoy, en el cementerio de Trenque Lauquen. <br><br><\/p>\n\n\n\n<p><\/p>\n","protected":false},"excerpt":{"rendered":"<p>Ana Aristimu\u00f1o fue hallada por familiares directos, su Madre y Hermana, sentada y atada. Ten\u00eda marcas en el cuello que le habr\u00edan producido asfixia, y un pa\u00f1uelo en su boca. Al existir el secreto del sumario, se complica conocer detalles m\u00e1s puntuales y, cien por ciento, fidedignos<\/p>\n","protected":false},"author":2,"featured_media":104164,"comment_status":"closed","ping_status":"open","sticky":false,"template":"","format":"standard","meta":{"footnotes":""},"categories":[198],"tags":[7754],"class_list":["post-104160","post","type-post","status-publish","format-standard","has-post-thumbnail","hentry","category-c1nota5","tag-asesinato-de-una-docente-de-t-lauquen"],"yoast_head":"<!-- This site is optimized with the Yoast SEO plugin v23.4 - https:\/\/yoast.com\/wordpress\/plugins\/seo\/ -->\n<title>&quot;Era la imagen que solo suele verse en las series americanas&quot;, se\u00f1al\u00f3 un investigador - Infoecos<\/title>\n<meta name=\"robots\" content=\"index, follow, max-snippet:-1, max-image-preview:large, max-video-preview:-1\" \/>\n<link rel=\"canonical\" href=\"https:\/\/infoecos.com.ar\/index.php\/era-la-imagen-que-solo-suele-verse-en-las-series-americanas-senalo-un-investigador\/\" \/>\n<meta property=\"og:locale\" content=\"es_ES\" \/>\n<meta property=\"og:type\" content=\"article\" \/>\n<meta property=\"og:title\" content=\"&quot;Era la imagen que solo suele verse en las series americanas&quot;, se\u00f1al\u00f3 un investigador - Infoecos\" \/>\n<meta property=\"og:description\" content=\"Ana Aristimu\u00f1o fue hallada por familiares directos, su Madre y Hermana, sentada y atada. Ten\u00eda marcas en el cuello que le habr\u00edan producido asfixia, y un pa\u00f1uelo en su boca. Al existir el secreto del sumario, se complica conocer detalles m\u00e1s puntuales y, cien por ciento, fidedignos\" \/>\n<meta property=\"og:url\" content=\"https:\/\/infoecos.com.ar\/index.php\/era-la-imagen-que-solo-suele-verse-en-las-series-americanas-senalo-un-investigador\/\" \/>\n<meta property=\"og:site_name\" content=\"Infoecos\" \/>\n<meta property=\"article:publisher\" content=\"https:\/\/www.facebook.com\/profile.php?id=100063200290284\" \/>\n<meta property=\"article:published_time\" content=\"2023-04-23T17:44:42+00:00\" \/>\n<meta property=\"article:modified_time\" content=\"2023-04-26T07:00:41+00:00\" \/>\n<meta property=\"og:image\" content=\"https:\/\/infoecos.com.ar\/wp-content\/uploads\/2023\/04\/anaaristimunoenactividaddocente.jpg\" \/>\n\t<meta property=\"og:image:width\" content=\"500\" \/>\n\t<meta property=\"og:image:height\" content=\"261\" \/>\n\t<meta property=\"og:image:type\" content=\"image\/jpeg\" \/>\n<meta name=\"author\" content=\"Jorge Matheus\" \/>\n<meta name=\"twitter:card\" content=\"summary_large_image\" \/>\n<meta name=\"twitter:creator\" content=\"@infoecos\" \/>\n<meta name=\"twitter:site\" content=\"@infoecos\" \/>\n<meta name=\"twitter:label1\" content=\"Escrito por\" \/>\n\t<meta name=\"twitter:data1\" content=\"Jorge Matheus\" \/>\n\t<meta name=\"twitter:label2\" content=\"Tiempo de lectura\" \/>\n\t<meta name=\"twitter:data2\" content=\"3 minutos\" \/>\n<script type=\"application\/ld+json\" class=\"yoast-schema-graph\">{\"@context\":\"https:\/\/schema.org\",\"@graph\":[{\"@type\":\"Article\",\"@id\":\"https:\/\/infoecos.com.ar\/index.php\/era-la-imagen-que-solo-suele-verse-en-las-series-americanas-senalo-un-investigador\/#article\",\"isPartOf\":{\"@id\":\"https:\/\/infoecos.com.ar\/index.php\/era-la-imagen-que-solo-suele-verse-en-las-series-americanas-senalo-un-investigador\/\"},\"author\":{\"name\":\"Jorge Matheus\",\"@id\":\"https:\/\/infoecos.com.ar\/#\/schema\/person\/8f5ace5ce73b4b4aac4b7245aee6f191\"},\"headline\":\"\u00abEra la imagen que solo suele verse en las series americanas\u00bb, se\u00f1al\u00f3 un investigador\",\"datePublished\":\"2023-04-23T17:44:42+00:00\",\"dateModified\":\"2023-04-26T07:00:41+00:00\",\"mainEntityOfPage\":{\"@id\":\"https:\/\/infoecos.com.ar\/index.php\/era-la-imagen-que-solo-suele-verse-en-las-series-americanas-senalo-un-investigador\/\"},\"wordCount\":603,\"publisher\":{\"@id\":\"https:\/\/infoecos.com.ar\/#organization\"},\"image\":{\"@id\":\"https:\/\/infoecos.com.ar\/index.php\/era-la-imagen-que-solo-suele-verse-en-las-series-americanas-senalo-un-investigador\/#primaryimage\"},\"thumbnailUrl\":\"https:\/\/infoecos.com.ar\/wp-content\/uploads\/2023\/04\/anaaristimunoenactividaddocente.jpg\",\"keywords\":[\"asesinato de una docente de T.Lauquen\"],\"articleSection\":[\"C1 nota 5\"],\"inLanguage\":\"es\"},{\"@type\":\"WebPage\",\"@id\":\"https:\/\/infoecos.com.ar\/index.php\/era-la-imagen-que-solo-suele-verse-en-las-series-americanas-senalo-un-investigador\/\",\"url\":\"https:\/\/infoecos.com.ar\/index.php\/era-la-imagen-que-solo-suele-verse-en-las-series-americanas-senalo-un-investigador\/\",\"name\":\"\\\"Era la imagen que solo suele verse en las series americanas\\\", se\u00f1al\u00f3 un investigador - Infoecos\",\"isPartOf\":{\"@id\":\"https:\/\/infoecos.com.ar\/#website\"},\"primaryImageOfPage\":{\"@id\":\"https:\/\/infoecos.com.ar\/index.php\/era-la-imagen-que-solo-suele-verse-en-las-series-americanas-senalo-un-investigador\/#primaryimage\"},\"image\":{\"@id\":\"https:\/\/infoecos.com.ar\/index.php\/era-la-imagen-que-solo-suele-verse-en-las-series-americanas-senalo-un-investigador\/#primaryimage\"},\"thumbnailUrl\":\"https:\/\/infoecos.com.ar\/wp-content\/uploads\/2023\/04\/anaaristimunoenactividaddocente.jpg\",\"datePublished\":\"2023-04-23T17:44:42+00:00\",\"dateModified\":\"2023-04-26T07:00:41+00:00\",\"breadcrumb\":{\"@id\":\"https:\/\/infoecos.com.ar\/index.php\/era-la-imagen-que-solo-suele-verse-en-las-series-americanas-senalo-un-investigador\/#breadcrumb\"},\"inLanguage\":\"es\",\"potentialAction\":[{\"@type\":\"ReadAction\",\"target\":[\"https:\/\/infoecos.com.ar\/index.php\/era-la-imagen-que-solo-suele-verse-en-las-series-americanas-senalo-un-investigador\/\"]}]},{\"@type\":\"ImageObject\",\"inLanguage\":\"es\",\"@id\":\"https:\/\/infoecos.com.ar\/index.php\/era-la-imagen-que-solo-suele-verse-en-las-series-americanas-senalo-un-investigador\/#primaryimage\",\"url\":\"https:\/\/infoecos.com.ar\/wp-content\/uploads\/2023\/04\/anaaristimunoenactividaddocente.jpg\",\"contentUrl\":\"https:\/\/infoecos.com.ar\/wp-content\/uploads\/2023\/04\/anaaristimunoenactividaddocente.jpg\",\"width\":500,\"height\":261},{\"@type\":\"BreadcrumbList\",\"@id\":\"https:\/\/infoecos.com.ar\/index.php\/era-la-imagen-que-solo-suele-verse-en-las-series-americanas-senalo-un-investigador\/#breadcrumb\",\"itemListElement\":[{\"@type\":\"ListItem\",\"position\":1,\"name\":\"Portada\",\"item\":\"https:\/\/infoecos.com.ar\/\"},{\"@type\":\"ListItem\",\"position\":2,\"name\":\"\u00abEra la imagen que solo suele verse en las series americanas\u00bb, se\u00f1al\u00f3 un investigador\"}]},{\"@type\":\"WebSite\",\"@id\":\"https:\/\/infoecos.com.ar\/#website\",\"url\":\"https:\/\/infoecos.com.ar\/\",\"name\":\"Infoecos\",\"description\":\"Noticias de trenque lauquen y la zona\",\"publisher\":{\"@id\":\"https:\/\/infoecos.com.ar\/#organization\"},\"alternateName\":\"Noticias\",\"potentialAction\":[{\"@type\":\"SearchAction\",\"target\":{\"@type\":\"EntryPoint\",\"urlTemplate\":\"https:\/\/infoecos.com.ar\/?s={search_term_string}\"},\"query-input\":{\"@type\":\"PropertyValueSpecification\",\"valueRequired\":true,\"valueName\":\"search_term_string\"}}],\"inLanguage\":\"es\"},{\"@type\":\"Organization\",\"@id\":\"https:\/\/infoecos.com.ar\/#organization\",\"name\":\"Infoecos\",\"alternateName\":\"Noticias\",\"url\":\"https:\/\/infoecos.com.ar\/\",\"logo\":{\"@type\":\"ImageObject\",\"inLanguage\":\"es\",\"@id\":\"https:\/\/infoecos.com.ar\/#\/schema\/logo\/image\/\",\"url\":\"https:\/\/infoecos.com.ar\/wp-content\/uploads\/2024\/03\/cropped-logo.png\",\"contentUrl\":\"https:\/\/infoecos.com.ar\/wp-content\/uploads\/2024\/03\/cropped-logo.png\",\"width\":374,\"height\":90,\"caption\":\"Infoecos\"},\"image\":{\"@id\":\"https:\/\/infoecos.com.ar\/#\/schema\/logo\/image\/\"},\"sameAs\":[\"https:\/\/www.facebook.com\/profile.php?id=100063200290284\",\"https:\/\/x.com\/infoecos\"]},{\"@type\":\"Person\",\"@id\":\"https:\/\/infoecos.com.ar\/#\/schema\/person\/8f5ace5ce73b4b4aac4b7245aee6f191\",\"name\":\"Jorge Matheus\",\"url\":\"https:\/\/infoecos.com.ar\/index.php\/author\/jomatheus\/\"}]}<\/script>\n<!-- \/ Yoast SEO plugin. -->","yoast_head_json":{"title":"\"Era la imagen que solo suele verse en las series americanas\", se\u00f1al\u00f3 un investigador - Infoecos","robots":{"index":"index","follow":"follow","max-snippet":"max-snippet:-1","max-image-preview":"max-image-preview:large","max-video-preview":"max-video-preview:-1"},"canonical":"https:\/\/infoecos.com.ar\/index.php\/era-la-imagen-que-solo-suele-verse-en-las-series-americanas-senalo-un-investigador\/","og_locale":"es_ES","og_type":"article","og_title":"\"Era la imagen que solo suele verse en las series americanas\", se\u00f1al\u00f3 un investigador - Infoecos","og_description":"Ana Aristimu\u00f1o fue hallada por familiares directos, su Madre y Hermana, sentada y atada. Ten\u00eda marcas en el cuello que le habr\u00edan producido asfixia, y un pa\u00f1uelo en su boca. Al existir el secreto del sumario, se complica conocer detalles m\u00e1s puntuales y, cien por ciento, fidedignos","og_url":"https:\/\/infoecos.com.ar\/index.php\/era-la-imagen-que-solo-suele-verse-en-las-series-americanas-senalo-un-investigador\/","og_site_name":"Infoecos","article_publisher":"https:\/\/www.facebook.com\/profile.php?id=100063200290284","article_published_time":"2023-04-23T17:44:42+00:00","article_modified_time":"2023-04-26T07:00:41+00:00","og_image":[{"width":500,"height":261,"url":"https:\/\/infoecos.com.ar\/wp-content\/uploads\/2023\/04\/anaaristimunoenactividaddocente.jpg","type":"image\/jpeg"}],"author":"Jorge Matheus","twitter_card":"summary_large_image","twitter_creator":"@infoecos","twitter_site":"@infoecos","twitter_misc":{"Escrito por":"Jorge Matheus","Tiempo de lectura":"3 minutos"},"schema":{"@context":"https:\/\/schema.org","@graph":[{"@type":"Article","@id":"https:\/\/infoecos.com.ar\/index.php\/era-la-imagen-que-solo-suele-verse-en-las-series-americanas-senalo-un-investigador\/#article","isPartOf":{"@id":"https:\/\/infoecos.com.ar\/index.php\/era-la-imagen-que-solo-suele-verse-en-las-series-americanas-senalo-un-investigador\/"},"author":{"name":"Jorge Matheus","@id":"https:\/\/infoecos.com.ar\/#\/schema\/person\/8f5ace5ce73b4b4aac4b7245aee6f191"},"headline":"\u00abEra la imagen que solo suele verse en las series americanas\u00bb, se\u00f1al\u00f3 un investigador","datePublished":"2023-04-23T17:44:42+00:00","dateModified":"2023-04-26T07:00:41+00:00","mainEntityOfPage":{"@id":"https:\/\/infoecos.com.ar\/index.php\/era-la-imagen-que-solo-suele-verse-en-las-series-americanas-senalo-un-investigador\/"},"wordCount":603,"publisher":{"@id":"https:\/\/infoecos.com.ar\/#organization"},"image":{"@id":"https:\/\/infoecos.com.ar\/index.php\/era-la-imagen-que-solo-suele-verse-en-las-series-americanas-senalo-un-investigador\/#primaryimage"},"thumbnailUrl":"https:\/\/infoecos.com.ar\/wp-content\/uploads\/2023\/04\/anaaristimunoenactividaddocente.jpg","keywords":["asesinato de una docente de T.Lauquen"],"articleSection":["C1 nota 5"],"inLanguage":"es"},{"@type":"WebPage","@id":"https:\/\/infoecos.com.ar\/index.php\/era-la-imagen-que-solo-suele-verse-en-las-series-americanas-senalo-un-investigador\/","url":"https:\/\/infoecos.com.ar\/index.php\/era-la-imagen-que-solo-suele-verse-en-las-series-americanas-senalo-un-investigador\/","name":"\"Era la imagen que solo suele verse en las series americanas\", se\u00f1al\u00f3 un investigador - Infoecos","isPartOf":{"@id":"https:\/\/infoecos.com.ar\/#website"},"primaryImageOfPage":{"@id":"https:\/\/infoecos.com.ar\/index.php\/era-la-imagen-que-solo-suele-verse-en-las-series-americanas-senalo-un-investigador\/#primaryimage"},"image":{"@id":"https:\/\/infoecos.com.ar\/index.php\/era-la-imagen-que-solo-suele-verse-en-las-series-americanas-senalo-un-investigador\/#primaryimage"},"thumbnailUrl":"https:\/\/infoecos.com.ar\/wp-content\/uploads\/2023\/04\/anaaristimunoenactividaddocente.jpg","datePublished":"2023-04-23T17:44:42+00:00","dateModified":"2023-04-26T07:00:41+00:00","breadcrumb":{"@id":"https:\/\/infoecos.com.ar\/index.php\/era-la-imagen-que-solo-suele-verse-en-las-series-americanas-senalo-un-investigador\/#breadcrumb"},"inLanguage":"es","potentialAction":[{"@type":"ReadAction","target":["https:\/\/infoecos.com.ar\/index.php\/era-la-imagen-que-solo-suele-verse-en-las-series-americanas-senalo-un-investigador\/"]}]},{"@type":"ImageObject","inLanguage":"es","@id":"https:\/\/infoecos.com.ar\/index.php\/era-la-imagen-que-solo-suele-verse-en-las-series-americanas-senalo-un-investigador\/#primaryimage","url":"https:\/\/infoecos.com.ar\/wp-content\/uploads\/2023\/04\/anaaristimunoenactividaddocente.jpg","contentUrl":"https:\/\/infoecos.com.ar\/wp-content\/uploads\/2023\/04\/anaaristimunoenactividaddocente.jpg","width":500,"height":261},{"@type":"BreadcrumbList","@id":"https:\/\/infoecos.com.ar\/index.php\/era-la-imagen-que-solo-suele-verse-en-las-series-americanas-senalo-un-investigador\/#breadcrumb","itemListElement":[{"@type":"ListItem","position":1,"name":"Portada","item":"https:\/\/infoecos.com.ar\/"},{"@type":"ListItem","position":2,"name":"\u00abEra la imagen que solo suele verse en las series americanas\u00bb, se\u00f1al\u00f3 un investigador"}]},{"@type":"WebSite","@id":"https:\/\/infoecos.com.ar\/#website","url":"https:\/\/infoecos.com.ar\/","name":"Infoecos","description":"Noticias de trenque lauquen y la zona","publisher":{"@id":"https:\/\/infoecos.com.ar\/#organization"},"alternateName":"Noticias","potentialAction":[{"@type":"SearchAction","target":{"@type":"EntryPoint","urlTemplate":"https:\/\/infoecos.com.ar\/?s={search_term_string}"},"query-input":{"@type":"PropertyValueSpecification","valueRequired":true,"valueName":"search_term_string"}}],"inLanguage":"es"},{"@type":"Organization","@id":"https:\/\/infoecos.com.ar\/#organization","name":"Infoecos","alternateName":"Noticias","url":"https:\/\/infoecos.com.ar\/","logo":{"@type":"ImageObject","inLanguage":"es","@id":"https:\/\/infoecos.com.ar\/#\/schema\/logo\/image\/","url":"https:\/\/infoecos.com.ar\/wp-content\/uploads\/2024\/03\/cropped-logo.png","contentUrl":"https:\/\/infoecos.com.ar\/wp-content\/uploads\/2024\/03\/cropped-logo.png","width":374,"height":90,"caption":"Infoecos"},"image":{"@id":"https:\/\/infoecos.com.ar\/#\/schema\/logo\/image\/"},"sameAs":["https:\/\/www.facebook.com\/profile.php?id=100063200290284","https:\/\/x.com\/infoecos"]},{"@type":"Person","@id":"https:\/\/infoecos.com.ar\/#\/schema\/person\/8f5ace5ce73b4b4aac4b7245aee6f191","name":"Jorge Matheus","url":"https:\/\/infoecos.com.ar\/index.php\/author\/jomatheus\/"}]}},"featured_image_urls":{"full":["https:\/\/infoecos.com.ar\/wp-content\/uploads\/2023\/04\/anaaristimunoenactividaddocente.jpg",500,261,false],"thumbnail":["https:\/\/infoecos.com.ar\/wp-content\/uploads\/2023\/04\/anaaristimunoenactividaddocente-300x150.jpg",300,150,true],"medium":["https:\/\/infoecos.com.ar\/wp-content\/uploads\/2023\/04\/anaaristimunoenactividaddocente.jpg",500,261,false],"medium_large":["https:\/\/infoecos.com.ar\/wp-content\/uploads\/2023\/04\/anaaristimunoenactividaddocente.jpg",500,261,false],"large":["https:\/\/infoecos.com.ar\/wp-content\/uploads\/2023\/04\/anaaristimunoenactividaddocente.jpg",500,261,false],"1536x1536":["https:\/\/infoecos.com.ar\/wp-content\/uploads\/2023\/04\/anaaristimunoenactividaddocente.jpg",500,261,false],"2048x2048":["https:\/\/infoecos.com.ar\/wp-content\/uploads\/2023\/04\/anaaristimunoenactividaddocente.jpg",500,261,false],"covernews-slider-full":["https:\/\/infoecos.com.ar\/wp-content\/uploads\/2023\/04\/anaaristimunoenactividaddocente.jpg",500,261,false],"covernews-slider-center":["https:\/\/infoecos.com.ar\/wp-content\/uploads\/2023\/04\/anaaristimunoenactividaddocente.jpg",500,261,false],"covernews-featured":["https:\/\/infoecos.com.ar\/wp-content\/uploads\/2023\/04\/anaaristimunoenactividaddocente.jpg",500,261,false],"covernews-medium":["https:\/\/infoecos.com.ar\/wp-content\/uploads\/2023\/04\/anaaristimunoenactividaddocente.jpg",500,261,false],"covernews-medium-square":["https:\/\/infoecos.com.ar\/wp-content\/uploads\/2023\/04\/anaaristimunoenactividaddocente.jpg",400,209,false]},"author_info":{"info":["Jorge Matheus"]},"category_info":"<a href=\"https:\/\/infoecos.com.ar\/index.php\/category\/c1nota5\/\" rel=\"category tag\">C1 nota 5<\/a>","tag_info":"C1 nota 5","comment_count":"0","_links":{"self":[{"href":"https:\/\/infoecos.com.ar\/index.php\/wp-json\/wp\/v2\/posts\/104160"}],"collection":[{"href":"https:\/\/infoecos.com.ar\/index.php\/wp-json\/wp\/v2\/posts"}],"about":[{"href":"https:\/\/infoecos.com.ar\/index.php\/wp-json\/wp\/v2\/types\/post"}],"author":[{"embeddable":true,"href":"https:\/\/infoecos.com.ar\/index.php\/wp-json\/wp\/v2\/users\/2"}],"replies":[{"embeddable":true,"href":"https:\/\/infoecos.com.ar\/index.php\/wp-json\/wp\/v2\/comments?post=104160"}],"version-history":[{"count":3,"href":"https:\/\/infoecos.com.ar\/index.php\/wp-json\/wp\/v2\/posts\/104160\/revisions"}],"predecessor-version":[{"id":104175,"href":"https:\/\/infoecos.com.ar\/index.php\/wp-json\/wp\/v2\/posts\/104160\/revisions\/104175"}],"wp:featuredmedia":[{"embeddable":true,"href":"https:\/\/infoecos.com.ar\/index.php\/wp-json\/wp\/v2\/media\/104164"}],"wp:attachment":[{"href":"https:\/\/infoecos.com.ar\/index.php\/wp-json\/wp\/v2\/media?parent=104160"}],"wp:term":[{"taxonomy":"category","embeddable":true,"href":"https:\/\/infoecos.com.ar\/index.php\/wp-json\/wp\/v2\/categories?post=104160"},{"taxonomy":"post_tag","embeddable":true,"href":"https:\/\/infoecos.com.ar\/index.php\/wp-json\/wp\/v2\/tags?post=104160"}],"curies":[{"name":"wp","href":"https:\/\/api.w.org\/{rel}","templated":true}]}}