{"id":104185,"date":"2023-04-24T01:54:30","date_gmt":"2023-04-24T04:54:30","guid":{"rendered":"https:\/\/infoecos.com.ar\/?p=104185"},"modified":"2023-04-24T01:54:32","modified_gmt":"2023-04-24T04:54:32","slug":"se-inauguro-el-sabado-el-complejo-cultural-cine-zurro","status":"publish","type":"post","link":"https:\/\/infoecos.com.ar\/index.php\/se-inauguro-el-sabado-el-complejo-cultural-cine-zurro\/","title":{"rendered":"Se inaugur\u00f3 el s\u00e1bado el Complejo Cultural \u00abCine Zurro\u00bb"},"content":{"rendered":"\n<p>Se inaugur\u00f3 el s\u00e1bado, el Complejo Cultural \u00abCine Zurro\u00bb de la ciudad de Pehuaj\u00f3. Estuvo presente el ministro de Cultura de la Naci\u00f3n, Trist\u00e1n Bauer.<\/p>\n\n\n\n<p>El espacio hab\u00eda atravesado un largo per\u00edodo de abandono. <\/p>\n\n\n\n<figure class=\"wp-block-gallery has-nested-images columns-default is-cropped wp-block-gallery-1 is-layout-flex wp-block-gallery-is-layout-flex\">\n<figure class=\"wp-block-image size-large\"><img loading=\"lazy\" decoding=\"async\" width=\"1600\" height=\"1068\" data-id=\"104187\" src=\"https:\/\/infoecos.com.ar\/wp-content\/uploads\/2023\/04\/336036525_588320773283155_8200225522788735443_n-1600x1068.jpg\" alt=\"\" class=\"wp-image-104187\" srcset=\"https:\/\/infoecos.com.ar\/wp-content\/uploads\/2023\/04\/336036525_588320773283155_8200225522788735443_n-1600x1068.jpg 1600w, https:\/\/infoecos.com.ar\/wp-content\/uploads\/2023\/04\/336036525_588320773283155_8200225522788735443_n-800x534.jpg 800w, https:\/\/infoecos.com.ar\/wp-content\/uploads\/2023\/04\/336036525_588320773283155_8200225522788735443_n-768x513.jpg 768w, https:\/\/infoecos.com.ar\/wp-content\/uploads\/2023\/04\/336036525_588320773283155_8200225522788735443_n-1536x1025.jpg 1536w, https:\/\/infoecos.com.ar\/wp-content\/uploads\/2023\/04\/336036525_588320773283155_8200225522788735443_n-1024x684.jpg 1024w, https:\/\/infoecos.com.ar\/wp-content\/uploads\/2023\/04\/336036525_588320773283155_8200225522788735443_n-675x450.jpg 675w, https:\/\/infoecos.com.ar\/wp-content\/uploads\/2023\/04\/336036525_588320773283155_8200225522788735443_n.jpg 2048w\" sizes=\"(max-width: 1600px) 100vw, 1600px\" \/><figcaption class=\"wp-element-caption\">COMPLEJO CULTURAL CINE ZURRO <\/figcaption><\/figure>\n\n\n\n<figure class=\"wp-block-image size-large\"><img loading=\"lazy\" decoding=\"async\" width=\"1600\" height=\"1067\" data-id=\"104191\" src=\"https:\/\/infoecos.com.ar\/wp-content\/uploads\/2023\/04\/336051724_618014296865687_40038653395428955_n-1600x1067.jpg\" alt=\"\" class=\"wp-image-104191\" srcset=\"https:\/\/infoecos.com.ar\/wp-content\/uploads\/2023\/04\/336051724_618014296865687_40038653395428955_n-1600x1067.jpg 1600w, https:\/\/infoecos.com.ar\/wp-content\/uploads\/2023\/04\/336051724_618014296865687_40038653395428955_n-800x533.jpg 800w, https:\/\/infoecos.com.ar\/wp-content\/uploads\/2023\/04\/336051724_618014296865687_40038653395428955_n-768x512.jpg 768w, https:\/\/infoecos.com.ar\/wp-content\/uploads\/2023\/04\/336051724_618014296865687_40038653395428955_n-1536x1024.jpg 1536w, https:\/\/infoecos.com.ar\/wp-content\/uploads\/2023\/04\/336051724_618014296865687_40038653395428955_n-1024x683.jpg 1024w, https:\/\/infoecos.com.ar\/wp-content\/uploads\/2023\/04\/336051724_618014296865687_40038653395428955_n-675x450.jpg 675w, https:\/\/infoecos.com.ar\/wp-content\/uploads\/2023\/04\/336051724_618014296865687_40038653395428955_n.jpg 1620w\" sizes=\"(max-width: 1600px) 100vw, 1600px\" \/><figcaption class=\"wp-element-caption\">COMPLEJO CULTURAL CINE ZURRO &#8211; FLORENCIA SAINTOUT<\/figcaption><\/figure>\n\n\n\n<figure class=\"wp-block-image size-large\"><img loading=\"lazy\" decoding=\"async\" width=\"1600\" height=\"1067\" data-id=\"104190\" src=\"https:\/\/infoecos.com.ar\/wp-content\/uploads\/2023\/04\/342925923_1645979992490502_4036352402337594357_n-1600x1067.jpg\" alt=\"\" class=\"wp-image-104190\" srcset=\"https:\/\/infoecos.com.ar\/wp-content\/uploads\/2023\/04\/342925923_1645979992490502_4036352402337594357_n-1600x1067.jpg 1600w, https:\/\/infoecos.com.ar\/wp-content\/uploads\/2023\/04\/342925923_1645979992490502_4036352402337594357_n-800x533.jpg 800w, https:\/\/infoecos.com.ar\/wp-content\/uploads\/2023\/04\/342925923_1645979992490502_4036352402337594357_n-768x512.jpg 768w, https:\/\/infoecos.com.ar\/wp-content\/uploads\/2023\/04\/342925923_1645979992490502_4036352402337594357_n-1536x1024.jpg 1536w, https:\/\/infoecos.com.ar\/wp-content\/uploads\/2023\/04\/342925923_1645979992490502_4036352402337594357_n-1024x683.jpg 1024w, https:\/\/infoecos.com.ar\/wp-content\/uploads\/2023\/04\/342925923_1645979992490502_4036352402337594357_n-675x450.jpg 675w, https:\/\/infoecos.com.ar\/wp-content\/uploads\/2023\/04\/342925923_1645979992490502_4036352402337594357_n.jpg 1620w\" sizes=\"(max-width: 1600px) 100vw, 1600px\" \/><figcaption class=\"wp-element-caption\">COMPLEJO CULTURAL CINE ZURRO &#8211; PABLO ZURRO <\/figcaption><\/figure>\n\n\n\n<figure class=\"wp-block-image size-large\"><img loading=\"lazy\" decoding=\"async\" width=\"1600\" height=\"1067\" data-id=\"104195\" src=\"https:\/\/infoecos.com.ar\/wp-content\/uploads\/2023\/04\/342966140_544685571175789_9098173562288962292_n-1600x1067.jpg\" alt=\"\" class=\"wp-image-104195\" srcset=\"https:\/\/infoecos.com.ar\/wp-content\/uploads\/2023\/04\/342966140_544685571175789_9098173562288962292_n-1600x1067.jpg 1600w, https:\/\/infoecos.com.ar\/wp-content\/uploads\/2023\/04\/342966140_544685571175789_9098173562288962292_n-800x533.jpg 800w, https:\/\/infoecos.com.ar\/wp-content\/uploads\/2023\/04\/342966140_544685571175789_9098173562288962292_n-768x512.jpg 768w, https:\/\/infoecos.com.ar\/wp-content\/uploads\/2023\/04\/342966140_544685571175789_9098173562288962292_n-1536x1024.jpg 1536w, https:\/\/infoecos.com.ar\/wp-content\/uploads\/2023\/04\/342966140_544685571175789_9098173562288962292_n-1024x683.jpg 1024w, https:\/\/infoecos.com.ar\/wp-content\/uploads\/2023\/04\/342966140_544685571175789_9098173562288962292_n-675x450.jpg 675w, https:\/\/infoecos.com.ar\/wp-content\/uploads\/2023\/04\/342966140_544685571175789_9098173562288962292_n.jpg 1620w\" sizes=\"(max-width: 1600px) 100vw, 1600px\" \/><figcaption class=\"wp-element-caption\">COMPLEJO CULTURAL CINE ZURRO &#8211; FRENTE<\/figcaption><\/figure>\n\n\n\n<figure class=\"wp-block-image size-large\"><img loading=\"lazy\" decoding=\"async\" width=\"1600\" height=\"1067\" data-id=\"104189\" src=\"https:\/\/infoecos.com.ar\/wp-content\/uploads\/2023\/04\/342967913_772343347905546_6610002687229844092_n-1600x1067.jpg\" alt=\"\" class=\"wp-image-104189\" srcset=\"https:\/\/infoecos.com.ar\/wp-content\/uploads\/2023\/04\/342967913_772343347905546_6610002687229844092_n-1600x1067.jpg 1600w, https:\/\/infoecos.com.ar\/wp-content\/uploads\/2023\/04\/342967913_772343347905546_6610002687229844092_n-800x533.jpg 800w, https:\/\/infoecos.com.ar\/wp-content\/uploads\/2023\/04\/342967913_772343347905546_6610002687229844092_n-768x512.jpg 768w, https:\/\/infoecos.com.ar\/wp-content\/uploads\/2023\/04\/342967913_772343347905546_6610002687229844092_n-1536x1024.jpg 1536w, https:\/\/infoecos.com.ar\/wp-content\/uploads\/2023\/04\/342967913_772343347905546_6610002687229844092_n-1024x683.jpg 1024w, https:\/\/infoecos.com.ar\/wp-content\/uploads\/2023\/04\/342967913_772343347905546_6610002687229844092_n-675x450.jpg 675w, https:\/\/infoecos.com.ar\/wp-content\/uploads\/2023\/04\/342967913_772343347905546_6610002687229844092_n.jpg 1620w\" sizes=\"(max-width: 1600px) 100vw, 1600px\" \/><figcaption class=\"wp-element-caption\">COMPLEJO CULTURAL CINE ZURRO &#8211; TRIST\u00c1N BAUER <\/figcaption><\/figure>\n\n\n\n<figure class=\"wp-block-image size-large\"><img loading=\"lazy\" decoding=\"async\" width=\"1600\" height=\"1067\" data-id=\"104194\" src=\"https:\/\/infoecos.com.ar\/wp-content\/uploads\/2023\/04\/342976306_788002652887602_4032878719251713235_n-1600x1067.jpg\" alt=\"\" class=\"wp-image-104194\" srcset=\"https:\/\/infoecos.com.ar\/wp-content\/uploads\/2023\/04\/342976306_788002652887602_4032878719251713235_n-1600x1067.jpg 1600w, https:\/\/infoecos.com.ar\/wp-content\/uploads\/2023\/04\/342976306_788002652887602_4032878719251713235_n-800x533.jpg 800w, https:\/\/infoecos.com.ar\/wp-content\/uploads\/2023\/04\/342976306_788002652887602_4032878719251713235_n-768x512.jpg 768w, https:\/\/infoecos.com.ar\/wp-content\/uploads\/2023\/04\/342976306_788002652887602_4032878719251713235_n-1536x1024.jpg 1536w, https:\/\/infoecos.com.ar\/wp-content\/uploads\/2023\/04\/342976306_788002652887602_4032878719251713235_n-1024x683.jpg 1024w, https:\/\/infoecos.com.ar\/wp-content\/uploads\/2023\/04\/342976306_788002652887602_4032878719251713235_n-675x450.jpg 675w, https:\/\/infoecos.com.ar\/wp-content\/uploads\/2023\/04\/342976306_788002652887602_4032878719251713235_n.jpg 1620w\" sizes=\"(max-width: 1600px) 100vw, 1600px\" \/><figcaption class=\"wp-element-caption\">COMPLEJO CULTURAL CINE ZURRO &#8211; TRIST\u00c1N BAUER, MARIO SECCO, FLORENCIA SAINTOUT<\/figcaption><\/figure>\n\n\n\n<figure class=\"wp-block-image size-large\"><img loading=\"lazy\" decoding=\"async\" width=\"1600\" height=\"1070\" data-id=\"104186\" src=\"https:\/\/infoecos.com.ar\/wp-content\/uploads\/2023\/04\/342981949_191239143724436_1931177260184419291_n-1600x1070.jpg\" alt=\"\" class=\"wp-image-104186\" srcset=\"https:\/\/infoecos.com.ar\/wp-content\/uploads\/2023\/04\/342981949_191239143724436_1931177260184419291_n-1600x1070.jpg 1600w, https:\/\/infoecos.com.ar\/wp-content\/uploads\/2023\/04\/342981949_191239143724436_1931177260184419291_n-800x535.jpg 800w, https:\/\/infoecos.com.ar\/wp-content\/uploads\/2023\/04\/342981949_191239143724436_1931177260184419291_n-768x513.jpg 768w, https:\/\/infoecos.com.ar\/wp-content\/uploads\/2023\/04\/342981949_191239143724436_1931177260184419291_n-1536x1027.jpg 1536w, https:\/\/infoecos.com.ar\/wp-content\/uploads\/2023\/04\/342981949_191239143724436_1931177260184419291_n-1024x685.jpg 1024w, https:\/\/infoecos.com.ar\/wp-content\/uploads\/2023\/04\/342981949_191239143724436_1931177260184419291_n-675x450.jpg 675w, https:\/\/infoecos.com.ar\/wp-content\/uploads\/2023\/04\/342981949_191239143724436_1931177260184419291_n.jpg 2048w\" sizes=\"(max-width: 1600px) 100vw, 1600px\" \/><figcaption class=\"wp-element-caption\">COMPLEJO CULTURAL CINE ZURRO &#8211; INAUGURACION <\/figcaption><\/figure>\n\n\n\n<figure class=\"wp-block-image size-large\"><img loading=\"lazy\" decoding=\"async\" width=\"1600\" height=\"1067\" data-id=\"104192\" src=\"https:\/\/infoecos.com.ar\/wp-content\/uploads\/2023\/04\/342989425_483346927259096_6439390537278040540_n-1600x1067.jpg\" alt=\"\" class=\"wp-image-104192\" srcset=\"https:\/\/infoecos.com.ar\/wp-content\/uploads\/2023\/04\/342989425_483346927259096_6439390537278040540_n-1600x1067.jpg 1600w, https:\/\/infoecos.com.ar\/wp-content\/uploads\/2023\/04\/342989425_483346927259096_6439390537278040540_n-800x533.jpg 800w, https:\/\/infoecos.com.ar\/wp-content\/uploads\/2023\/04\/342989425_483346927259096_6439390537278040540_n-768x512.jpg 768w, https:\/\/infoecos.com.ar\/wp-content\/uploads\/2023\/04\/342989425_483346927259096_6439390537278040540_n-1536x1024.jpg 1536w, https:\/\/infoecos.com.ar\/wp-content\/uploads\/2023\/04\/342989425_483346927259096_6439390537278040540_n-1024x683.jpg 1024w, https:\/\/infoecos.com.ar\/wp-content\/uploads\/2023\/04\/342989425_483346927259096_6439390537278040540_n-675x450.jpg 675w, https:\/\/infoecos.com.ar\/wp-content\/uploads\/2023\/04\/342989425_483346927259096_6439390537278040540_n.jpg 1620w\" sizes=\"(max-width: 1600px) 100vw, 1600px\" \/><figcaption class=\"wp-element-caption\">COMPLEJO CULTURAL CINE ZURRO &#8211; MARIO SECCO <\/figcaption><\/figure>\n\n\n\n<figure class=\"wp-block-image size-large\"><img loading=\"lazy\" decoding=\"async\" width=\"1600\" height=\"1067\" data-id=\"104188\" src=\"https:\/\/infoecos.com.ar\/wp-content\/uploads\/2023\/04\/343023978_1668652663574031_8081472055329625931_n-1600x1067.jpg\" alt=\"\" class=\"wp-image-104188\" srcset=\"https:\/\/infoecos.com.ar\/wp-content\/uploads\/2023\/04\/343023978_1668652663574031_8081472055329625931_n-1600x1067.jpg 1600w, https:\/\/infoecos.com.ar\/wp-content\/uploads\/2023\/04\/343023978_1668652663574031_8081472055329625931_n-800x533.jpg 800w, https:\/\/infoecos.com.ar\/wp-content\/uploads\/2023\/04\/343023978_1668652663574031_8081472055329625931_n-768x512.jpg 768w, https:\/\/infoecos.com.ar\/wp-content\/uploads\/2023\/04\/343023978_1668652663574031_8081472055329625931_n-1536x1024.jpg 1536w, https:\/\/infoecos.com.ar\/wp-content\/uploads\/2023\/04\/343023978_1668652663574031_8081472055329625931_n-1024x683.jpg 1024w, https:\/\/infoecos.com.ar\/wp-content\/uploads\/2023\/04\/343023978_1668652663574031_8081472055329625931_n-675x450.jpg 675w, https:\/\/infoecos.com.ar\/wp-content\/uploads\/2023\/04\/343023978_1668652663574031_8081472055329625931_n.jpg 1620w\" sizes=\"(max-width: 1600px) 100vw, 1600px\" \/><figcaption class=\"wp-element-caption\">COMPLEJO CULTURAL CINE ZURRO &#8211; INAUGURACION <\/figcaption><\/figure>\n\n\n\n<figure class=\"wp-block-image size-large\"><img loading=\"lazy\" decoding=\"async\" width=\"1600\" height=\"1067\" data-id=\"104193\" src=\"https:\/\/infoecos.com.ar\/wp-content\/uploads\/2023\/04\/343138827_884347479298336_7028313597224958370_n-1600x1067.jpg\" alt=\"\" class=\"wp-image-104193\" srcset=\"https:\/\/infoecos.com.ar\/wp-content\/uploads\/2023\/04\/343138827_884347479298336_7028313597224958370_n-1600x1067.jpg 1600w, https:\/\/infoecos.com.ar\/wp-content\/uploads\/2023\/04\/343138827_884347479298336_7028313597224958370_n-800x533.jpg 800w, https:\/\/infoecos.com.ar\/wp-content\/uploads\/2023\/04\/343138827_884347479298336_7028313597224958370_n-768x512.jpg 768w, https:\/\/infoecos.com.ar\/wp-content\/uploads\/2023\/04\/343138827_884347479298336_7028313597224958370_n-1536x1024.jpg 1536w, https:\/\/infoecos.com.ar\/wp-content\/uploads\/2023\/04\/343138827_884347479298336_7028313597224958370_n-1024x683.jpg 1024w, https:\/\/infoecos.com.ar\/wp-content\/uploads\/2023\/04\/343138827_884347479298336_7028313597224958370_n-675x450.jpg 675w, https:\/\/infoecos.com.ar\/wp-content\/uploads\/2023\/04\/343138827_884347479298336_7028313597224958370_n.jpg 1620w\" sizes=\"(max-width: 1600px) 100vw, 1600px\" \/><figcaption class=\"wp-element-caption\">COMPLEJO CULTURAL CINE ZURRO &#8211; INAUGURACION <\/figcaption><\/figure>\n<\/figure>\n","protected":false},"excerpt":{"rendered":"<p>(Galer\u00eda de Fotos). El espacio hab\u00eda atravesado un largo per\u00edodo de abandono. <\/p>\n","protected":false},"author":2,"featured_media":104195,"comment_status":"closed","ping_status":"open","sticky":false,"template":"","format":"standard","meta":{"footnotes":""},"categories":[48],"tags":[7762],"class_list":["post-104185","post","type-post","status-publish","format-standard","has-post-thumbnail","hentry","category-c2nota3","tag-estuvo-tristan-bauer"],"yoast_head":"<!-- This site is optimized with the Yoast SEO plugin v23.4 - https:\/\/yoast.com\/wordpress\/plugins\/seo\/ -->\n<title>Se inaugur\u00f3 el s\u00e1bado el Complejo Cultural &quot;Cine Zurro&quot; - Infoecos<\/title>\n<meta name=\"robots\" content=\"index, follow, max-snippet:-1, max-image-preview:large, max-video-preview:-1\" \/>\n<link rel=\"canonical\" href=\"https:\/\/infoecos.com.ar\/index.php\/se-inauguro-el-sabado-el-complejo-cultural-cine-zurro\/\" \/>\n<meta property=\"og:locale\" content=\"es_ES\" \/>\n<meta property=\"og:type\" content=\"article\" \/>\n<meta property=\"og:title\" content=\"Se inaugur\u00f3 el s\u00e1bado el Complejo Cultural &quot;Cine Zurro&quot; - Infoecos\" \/>\n<meta property=\"og:description\" content=\"(Galer\u00eda de Fotos). El espacio hab\u00eda atravesado un largo per\u00edodo de abandono.\" \/>\n<meta property=\"og:url\" content=\"https:\/\/infoecos.com.ar\/index.php\/se-inauguro-el-sabado-el-complejo-cultural-cine-zurro\/\" \/>\n<meta property=\"og:site_name\" content=\"Infoecos\" \/>\n<meta property=\"article:publisher\" content=\"https:\/\/www.facebook.com\/profile.php?id=100063200290284\" \/>\n<meta property=\"article:published_time\" content=\"2023-04-24T04:54:30+00:00\" \/>\n<meta property=\"article:modified_time\" content=\"2023-04-24T04:54:32+00:00\" \/>\n<meta property=\"og:image\" content=\"https:\/\/infoecos.com.ar\/wp-content\/uploads\/2023\/04\/342966140_544685571175789_9098173562288962292_n.jpg\" \/>\n\t<meta property=\"og:image:width\" content=\"1620\" \/>\n\t<meta property=\"og:image:height\" content=\"1080\" \/>\n\t<meta property=\"og:image:type\" content=\"image\/jpeg\" \/>\n<meta name=\"author\" content=\"Jorge Matheus\" \/>\n<meta name=\"twitter:card\" content=\"summary_large_image\" \/>\n<meta name=\"twitter:creator\" content=\"@infoecos\" \/>\n<meta name=\"twitter:site\" content=\"@infoecos\" \/>\n<meta name=\"twitter:label1\" content=\"Escrito por\" \/>\n\t<meta name=\"twitter:data1\" content=\"Jorge Matheus\" \/>\n\t<meta name=\"twitter:label2\" content=\"Tiempo de lectura\" \/>\n\t<meta name=\"twitter:data2\" content=\"3 minutos\" \/>\n<script type=\"application\/ld+json\" class=\"yoast-schema-graph\">{\"@context\":\"https:\/\/schema.org\",\"@graph\":[{\"@type\":\"Article\",\"@id\":\"https:\/\/infoecos.com.ar\/index.php\/se-inauguro-el-sabado-el-complejo-cultural-cine-zurro\/#article\",\"isPartOf\":{\"@id\":\"https:\/\/infoecos.com.ar\/index.php\/se-inauguro-el-sabado-el-complejo-cultural-cine-zurro\/\"},\"author\":{\"name\":\"Jorge Matheus\",\"@id\":\"https:\/\/infoecos.com.ar\/#\/schema\/person\/8f5ace5ce73b4b4aac4b7245aee6f191\"},\"headline\":\"Se inaugur\u00f3 el s\u00e1bado el Complejo Cultural \u00abCine Zurro\u00bb\",\"datePublished\":\"2023-04-24T04:54:30+00:00\",\"dateModified\":\"2023-04-24T04:54:32+00:00\",\"mainEntityOfPage\":{\"@id\":\"https:\/\/infoecos.com.ar\/index.php\/se-inauguro-el-sabado-el-complejo-cultural-cine-zurro\/\"},\"wordCount\":118,\"publisher\":{\"@id\":\"https:\/\/infoecos.com.ar\/#organization\"},\"image\":{\"@id\":\"https:\/\/infoecos.com.ar\/index.php\/se-inauguro-el-sabado-el-complejo-cultural-cine-zurro\/#primaryimage\"},\"thumbnailUrl\":\"https:\/\/infoecos.com.ar\/wp-content\/uploads\/2023\/04\/342966140_544685571175789_9098173562288962292_n.jpg\",\"keywords\":[\"ESTUVO TRIST\u00c1N BAUER\"],\"articleSection\":[\"C2 N3\"],\"inLanguage\":\"es\"},{\"@type\":\"WebPage\",\"@id\":\"https:\/\/infoecos.com.ar\/index.php\/se-inauguro-el-sabado-el-complejo-cultural-cine-zurro\/\",\"url\":\"https:\/\/infoecos.com.ar\/index.php\/se-inauguro-el-sabado-el-complejo-cultural-cine-zurro\/\",\"name\":\"Se inaugur\u00f3 el s\u00e1bado el Complejo Cultural \\\"Cine Zurro\\\" - Infoecos\",\"isPartOf\":{\"@id\":\"https:\/\/infoecos.com.ar\/#website\"},\"primaryImageOfPage\":{\"@id\":\"https:\/\/infoecos.com.ar\/index.php\/se-inauguro-el-sabado-el-complejo-cultural-cine-zurro\/#primaryimage\"},\"image\":{\"@id\":\"https:\/\/infoecos.com.ar\/index.php\/se-inauguro-el-sabado-el-complejo-cultural-cine-zurro\/#primaryimage\"},\"thumbnailUrl\":\"https:\/\/infoecos.com.ar\/wp-content\/uploads\/2023\/04\/342966140_544685571175789_9098173562288962292_n.jpg\",\"datePublished\":\"2023-04-24T04:54:30+00:00\",\"dateModified\":\"2023-04-24T04:54:32+00:00\",\"breadcrumb\":{\"@id\":\"https:\/\/infoecos.com.ar\/index.php\/se-inauguro-el-sabado-el-complejo-cultural-cine-zurro\/#breadcrumb\"},\"inLanguage\":\"es\",\"potentialAction\":[{\"@type\":\"ReadAction\",\"target\":[\"https:\/\/infoecos.com.ar\/index.php\/se-inauguro-el-sabado-el-complejo-cultural-cine-zurro\/\"]}]},{\"@type\":\"ImageObject\",\"inLanguage\":\"es\",\"@id\":\"https:\/\/infoecos.com.ar\/index.php\/se-inauguro-el-sabado-el-complejo-cultural-cine-zurro\/#primaryimage\",\"url\":\"https:\/\/infoecos.com.ar\/wp-content\/uploads\/2023\/04\/342966140_544685571175789_9098173562288962292_n.jpg\",\"contentUrl\":\"https:\/\/infoecos.com.ar\/wp-content\/uploads\/2023\/04\/342966140_544685571175789_9098173562288962292_n.jpg\",\"width\":1620,\"height\":1080},{\"@type\":\"BreadcrumbList\",\"@id\":\"https:\/\/infoecos.com.ar\/index.php\/se-inauguro-el-sabado-el-complejo-cultural-cine-zurro\/#breadcrumb\",\"itemListElement\":[{\"@type\":\"ListItem\",\"position\":1,\"name\":\"Portada\",\"item\":\"https:\/\/infoecos.com.ar\/\"},{\"@type\":\"ListItem\",\"position\":2,\"name\":\"Se inaugur\u00f3 el s\u00e1bado el Complejo Cultural \u00abCine Zurro\u00bb\"}]},{\"@type\":\"WebSite\",\"@id\":\"https:\/\/infoecos.com.ar\/#website\",\"url\":\"https:\/\/infoecos.com.ar\/\",\"name\":\"Infoecos\",\"description\":\"Noticias de trenque lauquen y la zona\",\"publisher\":{\"@id\":\"https:\/\/infoecos.com.ar\/#organization\"},\"alternateName\":\"Noticias\",\"potentialAction\":[{\"@type\":\"SearchAction\",\"target\":{\"@type\":\"EntryPoint\",\"urlTemplate\":\"https:\/\/infoecos.com.ar\/?s={search_term_string}\"},\"query-input\":{\"@type\":\"PropertyValueSpecification\",\"valueRequired\":true,\"valueName\":\"search_term_string\"}}],\"inLanguage\":\"es\"},{\"@type\":\"Organization\",\"@id\":\"https:\/\/infoecos.com.ar\/#organization\",\"name\":\"Infoecos\",\"alternateName\":\"Noticias\",\"url\":\"https:\/\/infoecos.com.ar\/\",\"logo\":{\"@type\":\"ImageObject\",\"inLanguage\":\"es\",\"@id\":\"https:\/\/infoecos.com.ar\/#\/schema\/logo\/image\/\",\"url\":\"https:\/\/infoecos.com.ar\/wp-content\/uploads\/2024\/03\/cropped-logo.png\",\"contentUrl\":\"https:\/\/infoecos.com.ar\/wp-content\/uploads\/2024\/03\/cropped-logo.png\",\"width\":374,\"height\":90,\"caption\":\"Infoecos\"},\"image\":{\"@id\":\"https:\/\/infoecos.com.ar\/#\/schema\/logo\/image\/\"},\"sameAs\":[\"https:\/\/www.facebook.com\/profile.php?id=100063200290284\",\"https:\/\/x.com\/infoecos\"]},{\"@type\":\"Person\",\"@id\":\"https:\/\/infoecos.com.ar\/#\/schema\/person\/8f5ace5ce73b4b4aac4b7245aee6f191\",\"name\":\"Jorge Matheus\",\"url\":\"https:\/\/infoecos.com.ar\/index.php\/author\/jomatheus\/\"}]}<\/script>\n<!-- \/ Yoast SEO plugin. -->","yoast_head_json":{"title":"Se inaugur\u00f3 el s\u00e1bado el Complejo Cultural \"Cine Zurro\" - Infoecos","robots":{"index":"index","follow":"follow","max-snippet":"max-snippet:-1","max-image-preview":"max-image-preview:large","max-video-preview":"max-video-preview:-1"},"canonical":"https:\/\/infoecos.com.ar\/index.php\/se-inauguro-el-sabado-el-complejo-cultural-cine-zurro\/","og_locale":"es_ES","og_type":"article","og_title":"Se inaugur\u00f3 el s\u00e1bado el Complejo Cultural \"Cine Zurro\" - Infoecos","og_description":"(Galer\u00eda de Fotos). El espacio hab\u00eda atravesado un largo per\u00edodo de abandono.","og_url":"https:\/\/infoecos.com.ar\/index.php\/se-inauguro-el-sabado-el-complejo-cultural-cine-zurro\/","og_site_name":"Infoecos","article_publisher":"https:\/\/www.facebook.com\/profile.php?id=100063200290284","article_published_time":"2023-04-24T04:54:30+00:00","article_modified_time":"2023-04-24T04:54:32+00:00","og_image":[{"width":1620,"height":1080,"url":"https:\/\/infoecos.com.ar\/wp-content\/uploads\/2023\/04\/342966140_544685571175789_9098173562288962292_n.jpg","type":"image\/jpeg"}],"author":"Jorge Matheus","twitter_card":"summary_large_image","twitter_creator":"@infoecos","twitter_site":"@infoecos","twitter_misc":{"Escrito por":"Jorge Matheus","Tiempo de lectura":"3 minutos"},"schema":{"@context":"https:\/\/schema.org","@graph":[{"@type":"Article","@id":"https:\/\/infoecos.com.ar\/index.php\/se-inauguro-el-sabado-el-complejo-cultural-cine-zurro\/#article","isPartOf":{"@id":"https:\/\/infoecos.com.ar\/index.php\/se-inauguro-el-sabado-el-complejo-cultural-cine-zurro\/"},"author":{"name":"Jorge Matheus","@id":"https:\/\/infoecos.com.ar\/#\/schema\/person\/8f5ace5ce73b4b4aac4b7245aee6f191"},"headline":"Se inaugur\u00f3 el s\u00e1bado el Complejo Cultural \u00abCine Zurro\u00bb","datePublished":"2023-04-24T04:54:30+00:00","dateModified":"2023-04-24T04:54:32+00:00","mainEntityOfPage":{"@id":"https:\/\/infoecos.com.ar\/index.php\/se-inauguro-el-sabado-el-complejo-cultural-cine-zurro\/"},"wordCount":118,"publisher":{"@id":"https:\/\/infoecos.com.ar\/#organization"},"image":{"@id":"https:\/\/infoecos.com.ar\/index.php\/se-inauguro-el-sabado-el-complejo-cultural-cine-zurro\/#primaryimage"},"thumbnailUrl":"https:\/\/infoecos.com.ar\/wp-content\/uploads\/2023\/04\/342966140_544685571175789_9098173562288962292_n.jpg","keywords":["ESTUVO TRIST\u00c1N BAUER"],"articleSection":["C2 N3"],"inLanguage":"es"},{"@type":"WebPage","@id":"https:\/\/infoecos.com.ar\/index.php\/se-inauguro-el-sabado-el-complejo-cultural-cine-zurro\/","url":"https:\/\/infoecos.com.ar\/index.php\/se-inauguro-el-sabado-el-complejo-cultural-cine-zurro\/","name":"Se inaugur\u00f3 el s\u00e1bado el Complejo Cultural \"Cine Zurro\" - Infoecos","isPartOf":{"@id":"https:\/\/infoecos.com.ar\/#website"},"primaryImageOfPage":{"@id":"https:\/\/infoecos.com.ar\/index.php\/se-inauguro-el-sabado-el-complejo-cultural-cine-zurro\/#primaryimage"},"image":{"@id":"https:\/\/infoecos.com.ar\/index.php\/se-inauguro-el-sabado-el-complejo-cultural-cine-zurro\/#primaryimage"},"thumbnailUrl":"https:\/\/infoecos.com.ar\/wp-content\/uploads\/2023\/04\/342966140_544685571175789_9098173562288962292_n.jpg","datePublished":"2023-04-24T04:54:30+00:00","dateModified":"2023-04-24T04:54:32+00:00","breadcrumb":{"@id":"https:\/\/infoecos.com.ar\/index.php\/se-inauguro-el-sabado-el-complejo-cultural-cine-zurro\/#breadcrumb"},"inLanguage":"es","potentialAction":[{"@type":"ReadAction","target":["https:\/\/infoecos.com.ar\/index.php\/se-inauguro-el-sabado-el-complejo-cultural-cine-zurro\/"]}]},{"@type":"ImageObject","inLanguage":"es","@id":"https:\/\/infoecos.com.ar\/index.php\/se-inauguro-el-sabado-el-complejo-cultural-cine-zurro\/#primaryimage","url":"https:\/\/infoecos.com.ar\/wp-content\/uploads\/2023\/04\/342966140_544685571175789_9098173562288962292_n.jpg","contentUrl":"https:\/\/infoecos.com.ar\/wp-content\/uploads\/2023\/04\/342966140_544685571175789_9098173562288962292_n.jpg","width":1620,"height":1080},{"@type":"BreadcrumbList","@id":"https:\/\/infoecos.com.ar\/index.php\/se-inauguro-el-sabado-el-complejo-cultural-cine-zurro\/#breadcrumb","itemListElement":[{"@type":"ListItem","position":1,"name":"Portada","item":"https:\/\/infoecos.com.ar\/"},{"@type":"ListItem","position":2,"name":"Se inaugur\u00f3 el s\u00e1bado el Complejo Cultural \u00abCine Zurro\u00bb"}]},{"@type":"WebSite","@id":"https:\/\/infoecos.com.ar\/#website","url":"https:\/\/infoecos.com.ar\/","name":"Infoecos","description":"Noticias de trenque lauquen y la zona","publisher":{"@id":"https:\/\/infoecos.com.ar\/#organization"},"alternateName":"Noticias","potentialAction":[{"@type":"SearchAction","target":{"@type":"EntryPoint","urlTemplate":"https:\/\/infoecos.com.ar\/?s={search_term_string}"},"query-input":{"@type":"PropertyValueSpecification","valueRequired":true,"valueName":"search_term_string"}}],"inLanguage":"es"},{"@type":"Organization","@id":"https:\/\/infoecos.com.ar\/#organization","name":"Infoecos","alternateName":"Noticias","url":"https:\/\/infoecos.com.ar\/","logo":{"@type":"ImageObject","inLanguage":"es","@id":"https:\/\/infoecos.com.ar\/#\/schema\/logo\/image\/","url":"https:\/\/infoecos.com.ar\/wp-content\/uploads\/2024\/03\/cropped-logo.png","contentUrl":"https:\/\/infoecos.com.ar\/wp-content\/uploads\/2024\/03\/cropped-logo.png","width":374,"height":90,"caption":"Infoecos"},"image":{"@id":"https:\/\/infoecos.com.ar\/#\/schema\/logo\/image\/"},"sameAs":["https:\/\/www.facebook.com\/profile.php?id=100063200290284","https:\/\/x.com\/infoecos"]},{"@type":"Person","@id":"https:\/\/infoecos.com.ar\/#\/schema\/person\/8f5ace5ce73b4b4aac4b7245aee6f191","name":"Jorge Matheus","url":"https:\/\/infoecos.com.ar\/index.php\/author\/jomatheus\/"}]}},"featured_image_urls":{"full":["https:\/\/infoecos.com.ar\/wp-content\/uploads\/2023\/04\/342966140_544685571175789_9098173562288962292_n.jpg",1620,1080,false],"thumbnail":["https:\/\/infoecos.com.ar\/wp-content\/uploads\/2023\/04\/342966140_544685571175789_9098173562288962292_n-300x150.jpg",300,150,true],"medium":["https:\/\/infoecos.com.ar\/wp-content\/uploads\/2023\/04\/342966140_544685571175789_9098173562288962292_n-800x533.jpg",800,533,true],"medium_large":["https:\/\/infoecos.com.ar\/wp-content\/uploads\/2023\/04\/342966140_544685571175789_9098173562288962292_n-768x512.jpg",640,427,true],"large":["https:\/\/infoecos.com.ar\/wp-content\/uploads\/2023\/04\/342966140_544685571175789_9098173562288962292_n-1600x1067.jpg",640,427,true],"1536x1536":["https:\/\/infoecos.com.ar\/wp-content\/uploads\/2023\/04\/342966140_544685571175789_9098173562288962292_n-1536x1024.jpg",1536,1024,true],"2048x2048":["https:\/\/infoecos.com.ar\/wp-content\/uploads\/2023\/04\/342966140_544685571175789_9098173562288962292_n.jpg",1620,1080,false],"covernews-slider-full":["https:\/\/infoecos.com.ar\/wp-content\/uploads\/2023\/04\/342966140_544685571175789_9098173562288962292_n-1536x1020.jpg",1077,715,true],"covernews-slider-center":["https:\/\/infoecos.com.ar\/wp-content\/uploads\/2023\/04\/342966140_544685571175789_9098173562288962292_n-936x897.jpg",522,500,true],"covernews-featured":["https:\/\/infoecos.com.ar\/wp-content\/uploads\/2023\/04\/342966140_544685571175789_9098173562288962292_n-1024x683.jpg",1024,683,true],"covernews-medium":["https:\/\/infoecos.com.ar\/wp-content\/uploads\/2023\/04\/342966140_544685571175789_9098173562288962292_n-720x380.jpg",540,285,true],"covernews-medium-square":["https:\/\/infoecos.com.ar\/wp-content\/uploads\/2023\/04\/342966140_544685571175789_9098173562288962292_n-675x450.jpg",375,250,true]},"author_info":{"info":["Jorge Matheus"]},"category_info":"<a href=\"https:\/\/infoecos.com.ar\/index.php\/category\/c2nota3\/\" rel=\"category tag\">C2 N3<\/a>","tag_info":"C2 N3","comment_count":"0","_links":{"self":[{"href":"https:\/\/infoecos.com.ar\/index.php\/wp-json\/wp\/v2\/posts\/104185"}],"collection":[{"href":"https:\/\/infoecos.com.ar\/index.php\/wp-json\/wp\/v2\/posts"}],"about":[{"href":"https:\/\/infoecos.com.ar\/index.php\/wp-json\/wp\/v2\/types\/post"}],"author":[{"embeddable":true,"href":"https:\/\/infoecos.com.ar\/index.php\/wp-json\/wp\/v2\/users\/2"}],"replies":[{"embeddable":true,"href":"https:\/\/infoecos.com.ar\/index.php\/wp-json\/wp\/v2\/comments?post=104185"}],"version-history":[{"count":1,"href":"https:\/\/infoecos.com.ar\/index.php\/wp-json\/wp\/v2\/posts\/104185\/revisions"}],"predecessor-version":[{"id":104196,"href":"https:\/\/infoecos.com.ar\/index.php\/wp-json\/wp\/v2\/posts\/104185\/revisions\/104196"}],"wp:featuredmedia":[{"embeddable":true,"href":"https:\/\/infoecos.com.ar\/index.php\/wp-json\/wp\/v2\/media\/104195"}],"wp:attachment":[{"href":"https:\/\/infoecos.com.ar\/index.php\/wp-json\/wp\/v2\/media?parent=104185"}],"wp:term":[{"taxonomy":"category","embeddable":true,"href":"https:\/\/infoecos.com.ar\/index.php\/wp-json\/wp\/v2\/categories?post=104185"},{"taxonomy":"post_tag","embeddable":true,"href":"https:\/\/infoecos.com.ar\/index.php\/wp-json\/wp\/v2\/tags?post=104185"}],"curies":[{"name":"wp","href":"https:\/\/api.w.org\/{rel}","templated":true}]}}