{"id":104200,"date":"2023-04-24T13:24:47","date_gmt":"2023-04-24T16:24:47","guid":{"rendered":"https:\/\/infoecos.com.ar\/?p=104200"},"modified":"2023-04-28T03:31:06","modified_gmt":"2023-04-28T06:31:06","slug":"se-proyectara-los-dias-5-6-y-7-de-mayo-la-pelicula-trenque-lauquen","status":"publish","type":"post","link":"https:\/\/infoecos.com.ar\/index.php\/se-proyectara-los-dias-5-6-y-7-de-mayo-la-pelicula-trenque-lauquen\/","title":{"rendered":"Se proyectar\u00e1 los d\u00edas 5, 6 y 7 de Mayo la pel\u00edcula \u00abTrenque Lauquen\u00bb"},"content":{"rendered":"\n<p>\u201cTrenque Lauquen\u201d, la pel\u00edcula dirigida por Laura Citarella se proyectar\u00e1 el fin de semana del 5, 6 y 7 de mayo en el Cine Barrio Alegre en una propuesta que contempla adem\u00e1s la realizaci\u00f3n de un Caf\u00e9 \u2013Conversatorio titulado <em>\u201cLo que vemos, lo que nos mira\u201d<\/em>, que est\u00e1 programado para el domingo 7 en la Casa de la Historia y la Cultura con la presencia de la directora y el equipo de trabajo del filme.<\/p>\n\n\n\n<figure class=\"wp-block-image aligncenter size-full is-resized\"><img loading=\"lazy\" decoding=\"async\" src=\"https:\/\/infoecos.com.ar\/wp-content\/uploads\/2023\/04\/Peliculas.jpeg\" alt=\"\" class=\"wp-image-104201\" width=\"546\" height=\"970\" srcset=\"https:\/\/infoecos.com.ar\/wp-content\/uploads\/2023\/04\/Peliculas.jpeg 900w, https:\/\/infoecos.com.ar\/wp-content\/uploads\/2023\/04\/Peliculas-450x800.jpeg 450w, https:\/\/infoecos.com.ar\/wp-content\/uploads\/2023\/04\/Peliculas-768x1365.jpeg 768w, https:\/\/infoecos.com.ar\/wp-content\/uploads\/2023\/04\/Peliculas-864x1536.jpeg 864w\" sizes=\"(max-width: 546px) 100vw, 546px\" \/><\/figure>\n\n\n\n<p>La actividad, que es abierta a todo el p\u00fablico de la ciudad y de la zona, es organizada por el Museo Municipal de Artes Visuales (MUMAV), la direcci\u00f3n de Cultura y Educaci\u00f3n y la oficina de las Juventudes.<\/p>\n\n\n\n<p>Dada la duraci\u00f3n de la pel\u00edcula, la misma se proyectar\u00e1 en dos partes: la primera, el viernes 5 de mayo a las 20 y la segunda parte el s\u00e1bado 6 de mayo tambi\u00e9n a las 20, en ambos casos en la sala del Cine Barrio Alegre. En esta oportunidad habr\u00e1 una breve charla con el p\u00fablico y un brindis en el hall del Cine al finalizar la pel\u00edcula.<\/p>\n\n\n\n<p>La pel\u00edcula completa se proyectar\u00e1 el domingo 7 de mayo a partir de las 14, tambi\u00e9n en el Cine Barrio Alegre. Para las tres funciones el valor de la entrada para socios, jubilados y estudiantes ser\u00e1 de $100 y para p\u00fablico en general de $200.<\/p>\n\n\n\n<p>El cierre de la actividad ser\u00e1 el domingo 7 a las 18 en la Casa de la Cultura con el Caf\u00e9 Conversatorio \u201cLo que vemos, lo que nos mira\u201d, y una charla con Laura Citarella.<\/p>\n\n\n\n<p>Este t\u00edtulo, tomado del libro de 1997 de George Didi- Huberman, fil\u00f3sofo e historiador del arte, propone reflexionar sobre la dial\u00e9ctica de la mirada: ese movimiento que nos enfrenta, en casi todo lo que vemos, con algo que a su vez nos mira, algo que nos interpela y nos inquieta. De la mano de la directora de la pel\u00edcula \u201cTrenque Lauquen\u201d, los organizadores de la actividad proponen revisar tanto los procesos y hallazgos propios de este film, como las b\u00fasquedas del lenguaje audiovisual en general, sus narrativas e im\u00e1genes.<br>En esta oportunidad la mesa de di\u00e1logo estar\u00e1 integrada por la directora del filmLaura Citarella, miembros del equipo de trabajo de la pel\u00edcula y Lucas Rodr\u00edguez (director adjunto Canal 12 Trenque Lauquen).<\/p>\n\n\n\n<p>El objetivo de esta charla es, adem\u00e1s de ofrecer un acercamiento al p\u00fablico con los realizadores de la pel\u00edcula, generar un espacio de intercambio de ideas y reflexiones donde el espectador est\u00e1 invitado a participar.<\/p>\n\n\n\n<p>La directora de G\u00e9nero, Ni\u00f1ez y Adolescencia del municipio, Emilia Cueli y la responsable del MUMAV, la Lic. en Artes Pl\u00e1sticas Juanita S\u00e1nchez, brindaron detalles de la actividad e invitaron a toda la comunidad y a la regi\u00f3n a participar de la iniciativa.<\/p>\n\n\n\n<p>\u201cTenemos el honor de traer a Laura Citarella a Trenque Lauquen y poder compartir con ella todo lo relacionado con la pel\u00edcula y su carrera\u201d, coment\u00f3 Emilia Cueli, quien record\u00f3 que \u201cvenimos trabajando con el MUMAV y con Juanita, entendiendo la importancia de que adolescentes y j\u00f3venes puedan acercarse al mundo cultural, puntualmente a las artes visuales, y este a\u00f1o Laura Citarella nos ha pedido invitar a los j\u00f3venes ya que el objetivo es acercar su vis\u00f3n y experiencia en cuanto a la elecci\u00f3n del cine como ejercicio profesional\u201d.<\/p>\n\n\n\n<p>Asimismo, se\u00f1al\u00f3 que \u201ctambi\u00e9n hemos convocado a gente del mundo audiovisual de Trenque Lauquen, a quienes que han participado en la pel\u00edcula, y a la gente del Cine, as\u00ed que somos varios los que estamos impulsando y participando de la actividad\u201d.<\/p>\n\n\n\n<p>Por su parte, Juanita S\u00e1nchez coment\u00f3 que \u201cla idea del MUMAV con estas actividades es generar conciencia de c\u00f3mo el lenguaje audiovisual tambi\u00e9n es un lenguaje de reflexi\u00f3n, y para pensarnos como sociedad\u201d.<\/p>\n\n\n\n<p>\u201cEl contenido que nos transmiten las artes nos abre puertas y nos habilita a otros tipos de reflexiones; por eso vamos a utilizar la pel\u00edcula como un disparador para en el conversatorio hablar de la experiencia puntual de la pel\u00edcula, pero tambi\u00e9n abrir la discusi\u00f3n a la producci\u00f3n audiovisual en general en esta \u00e9poca, cu\u00e1les son los lenguajes que m\u00e1s utilizamos y por qu\u00e9 es un lenguaje que nos llega\u201d.<\/p>\n\n\n\n<p>En la mesa de debate tambi\u00e9n estar\u00e1 el director adjunto de Canal 12, Lucas Rodr\u00edguez, quien tambi\u00e9n brindar\u00e1 su aporte sobre la tem\u00e1tica.<\/p>\n\n\n\n<p>\u201cPara nosotros es una actividad muy importante, llevamos mucho tiempo program\u00e1ndola; Laura Citarella es una directora muy reconocida y la pel\u00edcula ha ganado muchos premios a nivel nacional e internacional y por eso no es f\u00e1cil organizar esta actividad sobre todo cuando ella tiene tanta demanda, as\u00ed que es una gran oportunidad para Trenque Lauquen\u201d.<\/p>\n\n\n\n<p>Entre los agradecimientos especiales, destacaron a Lucas Rodr\u00edguez, Javier Tiseira, Andrea Cacciabue, Rub\u00e9n Islas y Ra\u00fal Oscar Falco.<\/p>\n\n\n\n<p>Finalmente comentaron que la pel\u00edcula, que ha sido declarada de Inter\u00e9s Legislativo provincial y de Inter\u00e9s Municipal, tambi\u00e9n se proyectar\u00e1 el lunes 8 y martes 9 de mayo en la sala del Cine Barrio Alegre.<\/p>\n","protected":false},"excerpt":{"rendered":"<p>Dada la duraci\u00f3n de la pel\u00edcula, la misma se proyectar\u00e1 en dos partes: la primera, el viernes 5 de mayo a las 20 y la segunda parte el s\u00e1bado 6 de mayo tambi\u00e9n a las 20, en ambos casos en la sala del Cine Barrio Alegre. En esta oportunidad habr\u00e1 una breve charla con el p\u00fablico y un brindis en el hall del Cine al finalizar la pel\u00edcula<\/p>\n","protected":false},"author":2,"featured_media":104201,"comment_status":"closed","ping_status":"open","sticky":false,"template":"","format":"standard","meta":{"footnotes":""},"categories":[1325],"tags":[6340],"class_list":["post-104200","post","type-post","status-publish","format-standard","has-post-thumbnail","hentry","category-c1nota6","tag-en-el-cine-barrio-alegre"],"yoast_head":"<!-- This site is optimized with the Yoast SEO plugin v23.4 - https:\/\/yoast.com\/wordpress\/plugins\/seo\/ -->\n<title>Se proyectar\u00e1 los d\u00edas 5, 6 y 7 de Mayo la pel\u00edcula &quot;Trenque Lauquen&quot; - Infoecos<\/title>\n<meta name=\"robots\" content=\"index, follow, max-snippet:-1, max-image-preview:large, max-video-preview:-1\" \/>\n<link rel=\"canonical\" href=\"https:\/\/infoecos.com.ar\/index.php\/se-proyectara-los-dias-5-6-y-7-de-mayo-la-pelicula-trenque-lauquen\/\" \/>\n<meta property=\"og:locale\" content=\"es_ES\" \/>\n<meta property=\"og:type\" content=\"article\" \/>\n<meta property=\"og:title\" content=\"Se proyectar\u00e1 los d\u00edas 5, 6 y 7 de Mayo la pel\u00edcula &quot;Trenque Lauquen&quot; - Infoecos\" \/>\n<meta property=\"og:description\" content=\"Dada la duraci\u00f3n de la pel\u00edcula, la misma se proyectar\u00e1 en dos partes: la primera, el viernes 5 de mayo a las 20 y la segunda parte el s\u00e1bado 6 de mayo tambi\u00e9n a las 20, en ambos casos en la sala del Cine Barrio Alegre. En esta oportunidad habr\u00e1 una breve charla con el p\u00fablico y un brindis en el hall del Cine al finalizar la pel\u00edcula\" \/>\n<meta property=\"og:url\" content=\"https:\/\/infoecos.com.ar\/index.php\/se-proyectara-los-dias-5-6-y-7-de-mayo-la-pelicula-trenque-lauquen\/\" \/>\n<meta property=\"og:site_name\" content=\"Infoecos\" \/>\n<meta property=\"article:publisher\" content=\"https:\/\/www.facebook.com\/profile.php?id=100063200290284\" \/>\n<meta property=\"article:published_time\" content=\"2023-04-24T16:24:47+00:00\" \/>\n<meta property=\"article:modified_time\" content=\"2023-04-28T06:31:06+00:00\" \/>\n<meta property=\"og:image\" content=\"https:\/\/infoecos.com.ar\/wp-content\/uploads\/2023\/04\/Peliculas.jpeg\" \/>\n\t<meta property=\"og:image:width\" content=\"900\" \/>\n\t<meta property=\"og:image:height\" content=\"1600\" \/>\n\t<meta property=\"og:image:type\" content=\"image\/jpeg\" \/>\n<meta name=\"author\" content=\"Jorge Matheus\" \/>\n<meta name=\"twitter:card\" content=\"summary_large_image\" \/>\n<meta name=\"twitter:creator\" content=\"@infoecos\" \/>\n<meta name=\"twitter:site\" content=\"@infoecos\" \/>\n<meta name=\"twitter:label1\" content=\"Escrito por\" \/>\n\t<meta name=\"twitter:data1\" content=\"Jorge Matheus\" \/>\n\t<meta name=\"twitter:label2\" content=\"Tiempo de lectura\" \/>\n\t<meta name=\"twitter:data2\" content=\"4 minutos\" \/>\n<script type=\"application\/ld+json\" class=\"yoast-schema-graph\">{\"@context\":\"https:\/\/schema.org\",\"@graph\":[{\"@type\":\"Article\",\"@id\":\"https:\/\/infoecos.com.ar\/index.php\/se-proyectara-los-dias-5-6-y-7-de-mayo-la-pelicula-trenque-lauquen\/#article\",\"isPartOf\":{\"@id\":\"https:\/\/infoecos.com.ar\/index.php\/se-proyectara-los-dias-5-6-y-7-de-mayo-la-pelicula-trenque-lauquen\/\"},\"author\":{\"name\":\"Jorge Matheus\",\"@id\":\"https:\/\/infoecos.com.ar\/#\/schema\/person\/8f5ace5ce73b4b4aac4b7245aee6f191\"},\"headline\":\"Se proyectar\u00e1 los d\u00edas 5, 6 y 7 de Mayo la pel\u00edcula \u00abTrenque Lauquen\u00bb\",\"datePublished\":\"2023-04-24T16:24:47+00:00\",\"dateModified\":\"2023-04-28T06:31:06+00:00\",\"mainEntityOfPage\":{\"@id\":\"https:\/\/infoecos.com.ar\/index.php\/se-proyectara-los-dias-5-6-y-7-de-mayo-la-pelicula-trenque-lauquen\/\"},\"wordCount\":884,\"publisher\":{\"@id\":\"https:\/\/infoecos.com.ar\/#organization\"},\"image\":{\"@id\":\"https:\/\/infoecos.com.ar\/index.php\/se-proyectara-los-dias-5-6-y-7-de-mayo-la-pelicula-trenque-lauquen\/#primaryimage\"},\"thumbnailUrl\":\"https:\/\/infoecos.com.ar\/wp-content\/uploads\/2023\/04\/Peliculas.jpeg\",\"keywords\":[\"en el cine barrio alegre\"],\"articleSection\":[\"C1 nota 6\"],\"inLanguage\":\"es\"},{\"@type\":\"WebPage\",\"@id\":\"https:\/\/infoecos.com.ar\/index.php\/se-proyectara-los-dias-5-6-y-7-de-mayo-la-pelicula-trenque-lauquen\/\",\"url\":\"https:\/\/infoecos.com.ar\/index.php\/se-proyectara-los-dias-5-6-y-7-de-mayo-la-pelicula-trenque-lauquen\/\",\"name\":\"Se proyectar\u00e1 los d\u00edas 5, 6 y 7 de Mayo la pel\u00edcula \\\"Trenque Lauquen\\\" - Infoecos\",\"isPartOf\":{\"@id\":\"https:\/\/infoecos.com.ar\/#website\"},\"primaryImageOfPage\":{\"@id\":\"https:\/\/infoecos.com.ar\/index.php\/se-proyectara-los-dias-5-6-y-7-de-mayo-la-pelicula-trenque-lauquen\/#primaryimage\"},\"image\":{\"@id\":\"https:\/\/infoecos.com.ar\/index.php\/se-proyectara-los-dias-5-6-y-7-de-mayo-la-pelicula-trenque-lauquen\/#primaryimage\"},\"thumbnailUrl\":\"https:\/\/infoecos.com.ar\/wp-content\/uploads\/2023\/04\/Peliculas.jpeg\",\"datePublished\":\"2023-04-24T16:24:47+00:00\",\"dateModified\":\"2023-04-28T06:31:06+00:00\",\"breadcrumb\":{\"@id\":\"https:\/\/infoecos.com.ar\/index.php\/se-proyectara-los-dias-5-6-y-7-de-mayo-la-pelicula-trenque-lauquen\/#breadcrumb\"},\"inLanguage\":\"es\",\"potentialAction\":[{\"@type\":\"ReadAction\",\"target\":[\"https:\/\/infoecos.com.ar\/index.php\/se-proyectara-los-dias-5-6-y-7-de-mayo-la-pelicula-trenque-lauquen\/\"]}]},{\"@type\":\"ImageObject\",\"inLanguage\":\"es\",\"@id\":\"https:\/\/infoecos.com.ar\/index.php\/se-proyectara-los-dias-5-6-y-7-de-mayo-la-pelicula-trenque-lauquen\/#primaryimage\",\"url\":\"https:\/\/infoecos.com.ar\/wp-content\/uploads\/2023\/04\/Peliculas.jpeg\",\"contentUrl\":\"https:\/\/infoecos.com.ar\/wp-content\/uploads\/2023\/04\/Peliculas.jpeg\",\"width\":900,\"height\":1600},{\"@type\":\"BreadcrumbList\",\"@id\":\"https:\/\/infoecos.com.ar\/index.php\/se-proyectara-los-dias-5-6-y-7-de-mayo-la-pelicula-trenque-lauquen\/#breadcrumb\",\"itemListElement\":[{\"@type\":\"ListItem\",\"position\":1,\"name\":\"Portada\",\"item\":\"https:\/\/infoecos.com.ar\/\"},{\"@type\":\"ListItem\",\"position\":2,\"name\":\"Se proyectar\u00e1 los d\u00edas 5, 6 y 7 de Mayo la pel\u00edcula \u00abTrenque Lauquen\u00bb\"}]},{\"@type\":\"WebSite\",\"@id\":\"https:\/\/infoecos.com.ar\/#website\",\"url\":\"https:\/\/infoecos.com.ar\/\",\"name\":\"Infoecos\",\"description\":\"Noticias de trenque lauquen y la zona\",\"publisher\":{\"@id\":\"https:\/\/infoecos.com.ar\/#organization\"},\"alternateName\":\"Noticias\",\"potentialAction\":[{\"@type\":\"SearchAction\",\"target\":{\"@type\":\"EntryPoint\",\"urlTemplate\":\"https:\/\/infoecos.com.ar\/?s={search_term_string}\"},\"query-input\":{\"@type\":\"PropertyValueSpecification\",\"valueRequired\":true,\"valueName\":\"search_term_string\"}}],\"inLanguage\":\"es\"},{\"@type\":\"Organization\",\"@id\":\"https:\/\/infoecos.com.ar\/#organization\",\"name\":\"Infoecos\",\"alternateName\":\"Noticias\",\"url\":\"https:\/\/infoecos.com.ar\/\",\"logo\":{\"@type\":\"ImageObject\",\"inLanguage\":\"es\",\"@id\":\"https:\/\/infoecos.com.ar\/#\/schema\/logo\/image\/\",\"url\":\"https:\/\/infoecos.com.ar\/wp-content\/uploads\/2024\/03\/cropped-logo.png\",\"contentUrl\":\"https:\/\/infoecos.com.ar\/wp-content\/uploads\/2024\/03\/cropped-logo.png\",\"width\":374,\"height\":90,\"caption\":\"Infoecos\"},\"image\":{\"@id\":\"https:\/\/infoecos.com.ar\/#\/schema\/logo\/image\/\"},\"sameAs\":[\"https:\/\/www.facebook.com\/profile.php?id=100063200290284\",\"https:\/\/x.com\/infoecos\"]},{\"@type\":\"Person\",\"@id\":\"https:\/\/infoecos.com.ar\/#\/schema\/person\/8f5ace5ce73b4b4aac4b7245aee6f191\",\"name\":\"Jorge Matheus\",\"url\":\"https:\/\/infoecos.com.ar\/index.php\/author\/jomatheus\/\"}]}<\/script>\n<!-- \/ Yoast SEO plugin. -->","yoast_head_json":{"title":"Se proyectar\u00e1 los d\u00edas 5, 6 y 7 de Mayo la pel\u00edcula \"Trenque Lauquen\" - Infoecos","robots":{"index":"index","follow":"follow","max-snippet":"max-snippet:-1","max-image-preview":"max-image-preview:large","max-video-preview":"max-video-preview:-1"},"canonical":"https:\/\/infoecos.com.ar\/index.php\/se-proyectara-los-dias-5-6-y-7-de-mayo-la-pelicula-trenque-lauquen\/","og_locale":"es_ES","og_type":"article","og_title":"Se proyectar\u00e1 los d\u00edas 5, 6 y 7 de Mayo la pel\u00edcula \"Trenque Lauquen\" - Infoecos","og_description":"Dada la duraci\u00f3n de la pel\u00edcula, la misma se proyectar\u00e1 en dos partes: la primera, el viernes 5 de mayo a las 20 y la segunda parte el s\u00e1bado 6 de mayo tambi\u00e9n a las 20, en ambos casos en la sala del Cine Barrio Alegre. En esta oportunidad habr\u00e1 una breve charla con el p\u00fablico y un brindis en el hall del Cine al finalizar la pel\u00edcula","og_url":"https:\/\/infoecos.com.ar\/index.php\/se-proyectara-los-dias-5-6-y-7-de-mayo-la-pelicula-trenque-lauquen\/","og_site_name":"Infoecos","article_publisher":"https:\/\/www.facebook.com\/profile.php?id=100063200290284","article_published_time":"2023-04-24T16:24:47+00:00","article_modified_time":"2023-04-28T06:31:06+00:00","og_image":[{"width":900,"height":1600,"url":"https:\/\/infoecos.com.ar\/wp-content\/uploads\/2023\/04\/Peliculas.jpeg","type":"image\/jpeg"}],"author":"Jorge Matheus","twitter_card":"summary_large_image","twitter_creator":"@infoecos","twitter_site":"@infoecos","twitter_misc":{"Escrito por":"Jorge Matheus","Tiempo de lectura":"4 minutos"},"schema":{"@context":"https:\/\/schema.org","@graph":[{"@type":"Article","@id":"https:\/\/infoecos.com.ar\/index.php\/se-proyectara-los-dias-5-6-y-7-de-mayo-la-pelicula-trenque-lauquen\/#article","isPartOf":{"@id":"https:\/\/infoecos.com.ar\/index.php\/se-proyectara-los-dias-5-6-y-7-de-mayo-la-pelicula-trenque-lauquen\/"},"author":{"name":"Jorge Matheus","@id":"https:\/\/infoecos.com.ar\/#\/schema\/person\/8f5ace5ce73b4b4aac4b7245aee6f191"},"headline":"Se proyectar\u00e1 los d\u00edas 5, 6 y 7 de Mayo la pel\u00edcula \u00abTrenque Lauquen\u00bb","datePublished":"2023-04-24T16:24:47+00:00","dateModified":"2023-04-28T06:31:06+00:00","mainEntityOfPage":{"@id":"https:\/\/infoecos.com.ar\/index.php\/se-proyectara-los-dias-5-6-y-7-de-mayo-la-pelicula-trenque-lauquen\/"},"wordCount":884,"publisher":{"@id":"https:\/\/infoecos.com.ar\/#organization"},"image":{"@id":"https:\/\/infoecos.com.ar\/index.php\/se-proyectara-los-dias-5-6-y-7-de-mayo-la-pelicula-trenque-lauquen\/#primaryimage"},"thumbnailUrl":"https:\/\/infoecos.com.ar\/wp-content\/uploads\/2023\/04\/Peliculas.jpeg","keywords":["en el cine barrio alegre"],"articleSection":["C1 nota 6"],"inLanguage":"es"},{"@type":"WebPage","@id":"https:\/\/infoecos.com.ar\/index.php\/se-proyectara-los-dias-5-6-y-7-de-mayo-la-pelicula-trenque-lauquen\/","url":"https:\/\/infoecos.com.ar\/index.php\/se-proyectara-los-dias-5-6-y-7-de-mayo-la-pelicula-trenque-lauquen\/","name":"Se proyectar\u00e1 los d\u00edas 5, 6 y 7 de Mayo la pel\u00edcula \"Trenque Lauquen\" - Infoecos","isPartOf":{"@id":"https:\/\/infoecos.com.ar\/#website"},"primaryImageOfPage":{"@id":"https:\/\/infoecos.com.ar\/index.php\/se-proyectara-los-dias-5-6-y-7-de-mayo-la-pelicula-trenque-lauquen\/#primaryimage"},"image":{"@id":"https:\/\/infoecos.com.ar\/index.php\/se-proyectara-los-dias-5-6-y-7-de-mayo-la-pelicula-trenque-lauquen\/#primaryimage"},"thumbnailUrl":"https:\/\/infoecos.com.ar\/wp-content\/uploads\/2023\/04\/Peliculas.jpeg","datePublished":"2023-04-24T16:24:47+00:00","dateModified":"2023-04-28T06:31:06+00:00","breadcrumb":{"@id":"https:\/\/infoecos.com.ar\/index.php\/se-proyectara-los-dias-5-6-y-7-de-mayo-la-pelicula-trenque-lauquen\/#breadcrumb"},"inLanguage":"es","potentialAction":[{"@type":"ReadAction","target":["https:\/\/infoecos.com.ar\/index.php\/se-proyectara-los-dias-5-6-y-7-de-mayo-la-pelicula-trenque-lauquen\/"]}]},{"@type":"ImageObject","inLanguage":"es","@id":"https:\/\/infoecos.com.ar\/index.php\/se-proyectara-los-dias-5-6-y-7-de-mayo-la-pelicula-trenque-lauquen\/#primaryimage","url":"https:\/\/infoecos.com.ar\/wp-content\/uploads\/2023\/04\/Peliculas.jpeg","contentUrl":"https:\/\/infoecos.com.ar\/wp-content\/uploads\/2023\/04\/Peliculas.jpeg","width":900,"height":1600},{"@type":"BreadcrumbList","@id":"https:\/\/infoecos.com.ar\/index.php\/se-proyectara-los-dias-5-6-y-7-de-mayo-la-pelicula-trenque-lauquen\/#breadcrumb","itemListElement":[{"@type":"ListItem","position":1,"name":"Portada","item":"https:\/\/infoecos.com.ar\/"},{"@type":"ListItem","position":2,"name":"Se proyectar\u00e1 los d\u00edas 5, 6 y 7 de Mayo la pel\u00edcula \u00abTrenque Lauquen\u00bb"}]},{"@type":"WebSite","@id":"https:\/\/infoecos.com.ar\/#website","url":"https:\/\/infoecos.com.ar\/","name":"Infoecos","description":"Noticias de trenque lauquen y la zona","publisher":{"@id":"https:\/\/infoecos.com.ar\/#organization"},"alternateName":"Noticias","potentialAction":[{"@type":"SearchAction","target":{"@type":"EntryPoint","urlTemplate":"https:\/\/infoecos.com.ar\/?s={search_term_string}"},"query-input":{"@type":"PropertyValueSpecification","valueRequired":true,"valueName":"search_term_string"}}],"inLanguage":"es"},{"@type":"Organization","@id":"https:\/\/infoecos.com.ar\/#organization","name":"Infoecos","alternateName":"Noticias","url":"https:\/\/infoecos.com.ar\/","logo":{"@type":"ImageObject","inLanguage":"es","@id":"https:\/\/infoecos.com.ar\/#\/schema\/logo\/image\/","url":"https:\/\/infoecos.com.ar\/wp-content\/uploads\/2024\/03\/cropped-logo.png","contentUrl":"https:\/\/infoecos.com.ar\/wp-content\/uploads\/2024\/03\/cropped-logo.png","width":374,"height":90,"caption":"Infoecos"},"image":{"@id":"https:\/\/infoecos.com.ar\/#\/schema\/logo\/image\/"},"sameAs":["https:\/\/www.facebook.com\/profile.php?id=100063200290284","https:\/\/x.com\/infoecos"]},{"@type":"Person","@id":"https:\/\/infoecos.com.ar\/#\/schema\/person\/8f5ace5ce73b4b4aac4b7245aee6f191","name":"Jorge Matheus","url":"https:\/\/infoecos.com.ar\/index.php\/author\/jomatheus\/"}]}},"featured_image_urls":{"full":["https:\/\/infoecos.com.ar\/wp-content\/uploads\/2023\/04\/Peliculas.jpeg",900,1600,false],"thumbnail":["https:\/\/infoecos.com.ar\/wp-content\/uploads\/2023\/04\/Peliculas-300x150.jpeg",300,150,true],"medium":["https:\/\/infoecos.com.ar\/wp-content\/uploads\/2023\/04\/Peliculas-450x800.jpeg",450,800,true],"medium_large":["https:\/\/infoecos.com.ar\/wp-content\/uploads\/2023\/04\/Peliculas-768x1365.jpeg",640,1138,true],"large":["https:\/\/infoecos.com.ar\/wp-content\/uploads\/2023\/04\/Peliculas.jpeg",640,1138,false],"1536x1536":["https:\/\/infoecos.com.ar\/wp-content\/uploads\/2023\/04\/Peliculas-864x1536.jpeg",864,1536,true],"2048x2048":["https:\/\/infoecos.com.ar\/wp-content\/uploads\/2023\/04\/Peliculas.jpeg",900,1600,false],"covernews-slider-full":["https:\/\/infoecos.com.ar\/wp-content\/uploads\/2023\/04\/Peliculas-900x1020.jpeg",631,715,true],"covernews-slider-center":["https:\/\/infoecos.com.ar\/wp-content\/uploads\/2023\/04\/Peliculas-900x897.jpeg",502,500,true],"covernews-featured":["https:\/\/infoecos.com.ar\/wp-content\/uploads\/2023\/04\/Peliculas.jpeg",900,1600,false],"covernews-medium":["https:\/\/infoecos.com.ar\/wp-content\/uploads\/2023\/04\/Peliculas-720x380.jpeg",540,285,true],"covernews-medium-square":["https:\/\/infoecos.com.ar\/wp-content\/uploads\/2023\/04\/Peliculas-675x450.jpeg",375,250,true]},"author_info":{"info":["Jorge Matheus"]},"category_info":"<a href=\"https:\/\/infoecos.com.ar\/index.php\/category\/c1nota6\/\" rel=\"category tag\">C1 nota 6<\/a>","tag_info":"C1 nota 6","comment_count":"0","_links":{"self":[{"href":"https:\/\/infoecos.com.ar\/index.php\/wp-json\/wp\/v2\/posts\/104200"}],"collection":[{"href":"https:\/\/infoecos.com.ar\/index.php\/wp-json\/wp\/v2\/posts"}],"about":[{"href":"https:\/\/infoecos.com.ar\/index.php\/wp-json\/wp\/v2\/types\/post"}],"author":[{"embeddable":true,"href":"https:\/\/infoecos.com.ar\/index.php\/wp-json\/wp\/v2\/users\/2"}],"replies":[{"embeddable":true,"href":"https:\/\/infoecos.com.ar\/index.php\/wp-json\/wp\/v2\/comments?post=104200"}],"version-history":[{"count":1,"href":"https:\/\/infoecos.com.ar\/index.php\/wp-json\/wp\/v2\/posts\/104200\/revisions"}],"predecessor-version":[{"id":104202,"href":"https:\/\/infoecos.com.ar\/index.php\/wp-json\/wp\/v2\/posts\/104200\/revisions\/104202"}],"wp:featuredmedia":[{"embeddable":true,"href":"https:\/\/infoecos.com.ar\/index.php\/wp-json\/wp\/v2\/media\/104201"}],"wp:attachment":[{"href":"https:\/\/infoecos.com.ar\/index.php\/wp-json\/wp\/v2\/media?parent=104200"}],"wp:term":[{"taxonomy":"category","embeddable":true,"href":"https:\/\/infoecos.com.ar\/index.php\/wp-json\/wp\/v2\/categories?post=104200"},{"taxonomy":"post_tag","embeddable":true,"href":"https:\/\/infoecos.com.ar\/index.php\/wp-json\/wp\/v2\/tags?post=104200"}],"curies":[{"name":"wp","href":"https:\/\/api.w.org\/{rel}","templated":true}]}}