{"id":104225,"date":"2023-04-25T03:05:09","date_gmt":"2023-04-25T06:05:09","guid":{"rendered":"https:\/\/infoecos.com.ar\/?p=104225"},"modified":"2023-04-26T03:57:33","modified_gmt":"2023-04-26T06:57:33","slug":"kicillof-acepto-el-pedido-de-los-sindicatos-estatales-y-docentes","status":"publish","type":"post","link":"https:\/\/infoecos.com.ar\/index.php\/kicillof-acepto-el-pedido-de-los-sindicatos-estatales-y-docentes\/","title":{"rendered":"Kicillof acept\u00f3 el pedido de los sindicatos estatales y docentes"},"content":{"rendered":"\n<p>El gobernador bonaerense, Axel Kicillof, acept\u00f3 el pedido de los sindicatos de estatales y docentes para activar la&nbsp;cl\u00e1usula de revisi\u00f3n y monitoreo para renegociar la paritaria salarial, en medio del aumento de la inflaci\u00f3n y convoc\u00f3 a los gremios el 2 de mayo. Los trabajadores judiciales todav\u00eda no tienen fecha.<\/p>\n\n\n\n<figure class=\"wp-block-image aligncenter size-full is-resized\"><img loading=\"lazy\" decoding=\"async\" src=\"https:\/\/infoecos.com.ar\/wp-content\/uploads\/2023\/04\/image-70.png\" alt=\"\" class=\"wp-image-104226\" width=\"491\" height=\"241\" srcset=\"https:\/\/infoecos.com.ar\/wp-content\/uploads\/2023\/04\/image-70.png 1024w, https:\/\/infoecos.com.ar\/wp-content\/uploads\/2023\/04\/image-70-800x394.png 800w, https:\/\/infoecos.com.ar\/wp-content\/uploads\/2023\/04\/image-70-768x378.png 768w\" sizes=\"(max-width: 491px) 100vw, 491px\" \/><\/figure>\n\n\n\n<p>Seg\u00fan informaron desde los gremios, el encuentro con el ministro de&nbsp;<strong>Trabajo<\/strong>,&nbsp;<strong>Walter Correa<\/strong>, se realizar\u00e1 el mismo d\u00eda, tanto para los sindicatos que nuclean a los empleados del Estado como a los docentes.<\/p>\n\n\n\n<p>Cabe recordar, que los docentes se sumaron al pedido de reapertura que ya hab\u00edan manifestado los gremios estatales&nbsp;<strong>ATE, UPCN, FEGEPPBA<\/strong>&nbsp;y los judiciales de la&nbsp;<strong>AJB<\/strong>.<\/p>\n\n\n\n<figure class=\"wp-block-embed is-type-rich is-provider-twitter wp-block-embed-twitter\"><div class=\"wp-block-embed__wrapper\">\nhttps:\/\/twitter.com\/ATEBuenosAires\/status\/1650608452220211200\n<\/div><\/figure>\n\n\n\n<p>Desde&nbsp;<strong>ATE Provincia de Buenos Aires&nbsp;<\/strong>confirmaron la reuni\u00f3n mediante su cuenta de Twitter donde afirmaron: \u201cLxs estatales provinciales enrolados en la Ley 10.430 fueron convocadxs por el gobierno provincial de manera extraordinaria para el martes 2 de mayo para rever la cuesti\u00f3n salarial\u201d.<\/p>\n","protected":false},"excerpt":{"rendered":"<p>Convoc\u00f3 a los gremios el 2 de mayo. Los trabajadores judiciales todav\u00eda no tienen fecha<\/p>\n","protected":false},"author":2,"featured_media":104226,"comment_status":"closed","ping_status":"open","sticky":false,"template":"","format":"standard","meta":{"footnotes":""},"categories":[41],"tags":[7774],"class_list":["post-104225","post","type-post","status-publish","format-standard","has-post-thumbnail","hentry","category-inferior2","tag-reactivar-paritaria-salarial"],"yoast_head":"<!-- This site is optimized with the Yoast SEO plugin v23.4 - https:\/\/yoast.com\/wordpress\/plugins\/seo\/ -->\n<title>Kicillof acept\u00f3 el pedido de los sindicatos estatales y docentes - Infoecos<\/title>\n<meta name=\"robots\" content=\"index, follow, max-snippet:-1, max-image-preview:large, max-video-preview:-1\" \/>\n<link rel=\"canonical\" href=\"https:\/\/infoecos.com.ar\/index.php\/kicillof-acepto-el-pedido-de-los-sindicatos-estatales-y-docentes\/\" \/>\n<meta property=\"og:locale\" content=\"es_ES\" \/>\n<meta property=\"og:type\" content=\"article\" \/>\n<meta property=\"og:title\" content=\"Kicillof acept\u00f3 el pedido de los sindicatos estatales y docentes - Infoecos\" \/>\n<meta property=\"og:description\" content=\"Convoc\u00f3 a los gremios el 2 de mayo. Los trabajadores judiciales todav\u00eda no tienen fecha\" \/>\n<meta property=\"og:url\" content=\"https:\/\/infoecos.com.ar\/index.php\/kicillof-acepto-el-pedido-de-los-sindicatos-estatales-y-docentes\/\" \/>\n<meta property=\"og:site_name\" content=\"Infoecos\" \/>\n<meta property=\"article:publisher\" content=\"https:\/\/www.facebook.com\/profile.php?id=100063200290284\" \/>\n<meta property=\"article:published_time\" content=\"2023-04-25T06:05:09+00:00\" \/>\n<meta property=\"article:modified_time\" content=\"2023-04-26T06:57:33+00:00\" \/>\n<meta property=\"og:image\" content=\"https:\/\/infoecos.com.ar\/wp-content\/uploads\/2023\/04\/image-70.png\" \/>\n\t<meta property=\"og:image:width\" content=\"1024\" \/>\n\t<meta property=\"og:image:height\" content=\"504\" \/>\n\t<meta property=\"og:image:type\" content=\"image\/png\" \/>\n<meta name=\"author\" content=\"Jorge Matheus\" \/>\n<meta name=\"twitter:card\" content=\"summary_large_image\" \/>\n<meta name=\"twitter:creator\" content=\"@infoecos\" \/>\n<meta name=\"twitter:site\" content=\"@infoecos\" \/>\n<meta name=\"twitter:label1\" content=\"Escrito por\" \/>\n\t<meta name=\"twitter:data1\" content=\"Jorge Matheus\" \/>\n\t<meta name=\"twitter:label2\" content=\"Tiempo de lectura\" \/>\n\t<meta name=\"twitter:data2\" content=\"1 minuto\" \/>\n<script type=\"application\/ld+json\" class=\"yoast-schema-graph\">{\"@context\":\"https:\/\/schema.org\",\"@graph\":[{\"@type\":\"Article\",\"@id\":\"https:\/\/infoecos.com.ar\/index.php\/kicillof-acepto-el-pedido-de-los-sindicatos-estatales-y-docentes\/#article\",\"isPartOf\":{\"@id\":\"https:\/\/infoecos.com.ar\/index.php\/kicillof-acepto-el-pedido-de-los-sindicatos-estatales-y-docentes\/\"},\"author\":{\"name\":\"Jorge Matheus\",\"@id\":\"https:\/\/infoecos.com.ar\/#\/schema\/person\/8f5ace5ce73b4b4aac4b7245aee6f191\"},\"headline\":\"Kicillof acept\u00f3 el pedido de los sindicatos estatales y docentes\",\"datePublished\":\"2023-04-25T06:05:09+00:00\",\"dateModified\":\"2023-04-26T06:57:33+00:00\",\"mainEntityOfPage\":{\"@id\":\"https:\/\/infoecos.com.ar\/index.php\/kicillof-acepto-el-pedido-de-los-sindicatos-estatales-y-docentes\/\"},\"wordCount\":185,\"publisher\":{\"@id\":\"https:\/\/infoecos.com.ar\/#organization\"},\"image\":{\"@id\":\"https:\/\/infoecos.com.ar\/index.php\/kicillof-acepto-el-pedido-de-los-sindicatos-estatales-y-docentes\/#primaryimage\"},\"thumbnailUrl\":\"https:\/\/infoecos.com.ar\/wp-content\/uploads\/2023\/04\/image-70.png\",\"keywords\":[\"REACTIVAR PARITARIA SALARIAL\"],\"articleSection\":[\"Bloque inferior - 2\"],\"inLanguage\":\"es\"},{\"@type\":\"WebPage\",\"@id\":\"https:\/\/infoecos.com.ar\/index.php\/kicillof-acepto-el-pedido-de-los-sindicatos-estatales-y-docentes\/\",\"url\":\"https:\/\/infoecos.com.ar\/index.php\/kicillof-acepto-el-pedido-de-los-sindicatos-estatales-y-docentes\/\",\"name\":\"Kicillof acept\u00f3 el pedido de los sindicatos estatales y docentes - Infoecos\",\"isPartOf\":{\"@id\":\"https:\/\/infoecos.com.ar\/#website\"},\"primaryImageOfPage\":{\"@id\":\"https:\/\/infoecos.com.ar\/index.php\/kicillof-acepto-el-pedido-de-los-sindicatos-estatales-y-docentes\/#primaryimage\"},\"image\":{\"@id\":\"https:\/\/infoecos.com.ar\/index.php\/kicillof-acepto-el-pedido-de-los-sindicatos-estatales-y-docentes\/#primaryimage\"},\"thumbnailUrl\":\"https:\/\/infoecos.com.ar\/wp-content\/uploads\/2023\/04\/image-70.png\",\"datePublished\":\"2023-04-25T06:05:09+00:00\",\"dateModified\":\"2023-04-26T06:57:33+00:00\",\"breadcrumb\":{\"@id\":\"https:\/\/infoecos.com.ar\/index.php\/kicillof-acepto-el-pedido-de-los-sindicatos-estatales-y-docentes\/#breadcrumb\"},\"inLanguage\":\"es\",\"potentialAction\":[{\"@type\":\"ReadAction\",\"target\":[\"https:\/\/infoecos.com.ar\/index.php\/kicillof-acepto-el-pedido-de-los-sindicatos-estatales-y-docentes\/\"]}]},{\"@type\":\"ImageObject\",\"inLanguage\":\"es\",\"@id\":\"https:\/\/infoecos.com.ar\/index.php\/kicillof-acepto-el-pedido-de-los-sindicatos-estatales-y-docentes\/#primaryimage\",\"url\":\"https:\/\/infoecos.com.ar\/wp-content\/uploads\/2023\/04\/image-70.png\",\"contentUrl\":\"https:\/\/infoecos.com.ar\/wp-content\/uploads\/2023\/04\/image-70.png\",\"width\":1024,\"height\":504},{\"@type\":\"BreadcrumbList\",\"@id\":\"https:\/\/infoecos.com.ar\/index.php\/kicillof-acepto-el-pedido-de-los-sindicatos-estatales-y-docentes\/#breadcrumb\",\"itemListElement\":[{\"@type\":\"ListItem\",\"position\":1,\"name\":\"Portada\",\"item\":\"https:\/\/infoecos.com.ar\/\"},{\"@type\":\"ListItem\",\"position\":2,\"name\":\"Kicillof acept\u00f3 el pedido de los sindicatos estatales y docentes\"}]},{\"@type\":\"WebSite\",\"@id\":\"https:\/\/infoecos.com.ar\/#website\",\"url\":\"https:\/\/infoecos.com.ar\/\",\"name\":\"Infoecos\",\"description\":\"Noticias de trenque lauquen y la zona\",\"publisher\":{\"@id\":\"https:\/\/infoecos.com.ar\/#organization\"},\"alternateName\":\"Noticias\",\"potentialAction\":[{\"@type\":\"SearchAction\",\"target\":{\"@type\":\"EntryPoint\",\"urlTemplate\":\"https:\/\/infoecos.com.ar\/?s={search_term_string}\"},\"query-input\":{\"@type\":\"PropertyValueSpecification\",\"valueRequired\":true,\"valueName\":\"search_term_string\"}}],\"inLanguage\":\"es\"},{\"@type\":\"Organization\",\"@id\":\"https:\/\/infoecos.com.ar\/#organization\",\"name\":\"Infoecos\",\"alternateName\":\"Noticias\",\"url\":\"https:\/\/infoecos.com.ar\/\",\"logo\":{\"@type\":\"ImageObject\",\"inLanguage\":\"es\",\"@id\":\"https:\/\/infoecos.com.ar\/#\/schema\/logo\/image\/\",\"url\":\"https:\/\/infoecos.com.ar\/wp-content\/uploads\/2024\/03\/cropped-logo.png\",\"contentUrl\":\"https:\/\/infoecos.com.ar\/wp-content\/uploads\/2024\/03\/cropped-logo.png\",\"width\":374,\"height\":90,\"caption\":\"Infoecos\"},\"image\":{\"@id\":\"https:\/\/infoecos.com.ar\/#\/schema\/logo\/image\/\"},\"sameAs\":[\"https:\/\/www.facebook.com\/profile.php?id=100063200290284\",\"https:\/\/x.com\/infoecos\"]},{\"@type\":\"Person\",\"@id\":\"https:\/\/infoecos.com.ar\/#\/schema\/person\/8f5ace5ce73b4b4aac4b7245aee6f191\",\"name\":\"Jorge Matheus\",\"url\":\"https:\/\/infoecos.com.ar\/index.php\/author\/jomatheus\/\"}]}<\/script>\n<!-- \/ Yoast SEO plugin. -->","yoast_head_json":{"title":"Kicillof acept\u00f3 el pedido de los sindicatos estatales y docentes - Infoecos","robots":{"index":"index","follow":"follow","max-snippet":"max-snippet:-1","max-image-preview":"max-image-preview:large","max-video-preview":"max-video-preview:-1"},"canonical":"https:\/\/infoecos.com.ar\/index.php\/kicillof-acepto-el-pedido-de-los-sindicatos-estatales-y-docentes\/","og_locale":"es_ES","og_type":"article","og_title":"Kicillof acept\u00f3 el pedido de los sindicatos estatales y docentes - Infoecos","og_description":"Convoc\u00f3 a los gremios el 2 de mayo. Los trabajadores judiciales todav\u00eda no tienen fecha","og_url":"https:\/\/infoecos.com.ar\/index.php\/kicillof-acepto-el-pedido-de-los-sindicatos-estatales-y-docentes\/","og_site_name":"Infoecos","article_publisher":"https:\/\/www.facebook.com\/profile.php?id=100063200290284","article_published_time":"2023-04-25T06:05:09+00:00","article_modified_time":"2023-04-26T06:57:33+00:00","og_image":[{"width":1024,"height":504,"url":"https:\/\/infoecos.com.ar\/wp-content\/uploads\/2023\/04\/image-70.png","type":"image\/png"}],"author":"Jorge Matheus","twitter_card":"summary_large_image","twitter_creator":"@infoecos","twitter_site":"@infoecos","twitter_misc":{"Escrito por":"Jorge Matheus","Tiempo de lectura":"1 minuto"},"schema":{"@context":"https:\/\/schema.org","@graph":[{"@type":"Article","@id":"https:\/\/infoecos.com.ar\/index.php\/kicillof-acepto-el-pedido-de-los-sindicatos-estatales-y-docentes\/#article","isPartOf":{"@id":"https:\/\/infoecos.com.ar\/index.php\/kicillof-acepto-el-pedido-de-los-sindicatos-estatales-y-docentes\/"},"author":{"name":"Jorge Matheus","@id":"https:\/\/infoecos.com.ar\/#\/schema\/person\/8f5ace5ce73b4b4aac4b7245aee6f191"},"headline":"Kicillof acept\u00f3 el pedido de los sindicatos estatales y docentes","datePublished":"2023-04-25T06:05:09+00:00","dateModified":"2023-04-26T06:57:33+00:00","mainEntityOfPage":{"@id":"https:\/\/infoecos.com.ar\/index.php\/kicillof-acepto-el-pedido-de-los-sindicatos-estatales-y-docentes\/"},"wordCount":185,"publisher":{"@id":"https:\/\/infoecos.com.ar\/#organization"},"image":{"@id":"https:\/\/infoecos.com.ar\/index.php\/kicillof-acepto-el-pedido-de-los-sindicatos-estatales-y-docentes\/#primaryimage"},"thumbnailUrl":"https:\/\/infoecos.com.ar\/wp-content\/uploads\/2023\/04\/image-70.png","keywords":["REACTIVAR PARITARIA SALARIAL"],"articleSection":["Bloque inferior - 2"],"inLanguage":"es"},{"@type":"WebPage","@id":"https:\/\/infoecos.com.ar\/index.php\/kicillof-acepto-el-pedido-de-los-sindicatos-estatales-y-docentes\/","url":"https:\/\/infoecos.com.ar\/index.php\/kicillof-acepto-el-pedido-de-los-sindicatos-estatales-y-docentes\/","name":"Kicillof acept\u00f3 el pedido de los sindicatos estatales y docentes - Infoecos","isPartOf":{"@id":"https:\/\/infoecos.com.ar\/#website"},"primaryImageOfPage":{"@id":"https:\/\/infoecos.com.ar\/index.php\/kicillof-acepto-el-pedido-de-los-sindicatos-estatales-y-docentes\/#primaryimage"},"image":{"@id":"https:\/\/infoecos.com.ar\/index.php\/kicillof-acepto-el-pedido-de-los-sindicatos-estatales-y-docentes\/#primaryimage"},"thumbnailUrl":"https:\/\/infoecos.com.ar\/wp-content\/uploads\/2023\/04\/image-70.png","datePublished":"2023-04-25T06:05:09+00:00","dateModified":"2023-04-26T06:57:33+00:00","breadcrumb":{"@id":"https:\/\/infoecos.com.ar\/index.php\/kicillof-acepto-el-pedido-de-los-sindicatos-estatales-y-docentes\/#breadcrumb"},"inLanguage":"es","potentialAction":[{"@type":"ReadAction","target":["https:\/\/infoecos.com.ar\/index.php\/kicillof-acepto-el-pedido-de-los-sindicatos-estatales-y-docentes\/"]}]},{"@type":"ImageObject","inLanguage":"es","@id":"https:\/\/infoecos.com.ar\/index.php\/kicillof-acepto-el-pedido-de-los-sindicatos-estatales-y-docentes\/#primaryimage","url":"https:\/\/infoecos.com.ar\/wp-content\/uploads\/2023\/04\/image-70.png","contentUrl":"https:\/\/infoecos.com.ar\/wp-content\/uploads\/2023\/04\/image-70.png","width":1024,"height":504},{"@type":"BreadcrumbList","@id":"https:\/\/infoecos.com.ar\/index.php\/kicillof-acepto-el-pedido-de-los-sindicatos-estatales-y-docentes\/#breadcrumb","itemListElement":[{"@type":"ListItem","position":1,"name":"Portada","item":"https:\/\/infoecos.com.ar\/"},{"@type":"ListItem","position":2,"name":"Kicillof acept\u00f3 el pedido de los sindicatos estatales y docentes"}]},{"@type":"WebSite","@id":"https:\/\/infoecos.com.ar\/#website","url":"https:\/\/infoecos.com.ar\/","name":"Infoecos","description":"Noticias de trenque lauquen y la zona","publisher":{"@id":"https:\/\/infoecos.com.ar\/#organization"},"alternateName":"Noticias","potentialAction":[{"@type":"SearchAction","target":{"@type":"EntryPoint","urlTemplate":"https:\/\/infoecos.com.ar\/?s={search_term_string}"},"query-input":{"@type":"PropertyValueSpecification","valueRequired":true,"valueName":"search_term_string"}}],"inLanguage":"es"},{"@type":"Organization","@id":"https:\/\/infoecos.com.ar\/#organization","name":"Infoecos","alternateName":"Noticias","url":"https:\/\/infoecos.com.ar\/","logo":{"@type":"ImageObject","inLanguage":"es","@id":"https:\/\/infoecos.com.ar\/#\/schema\/logo\/image\/","url":"https:\/\/infoecos.com.ar\/wp-content\/uploads\/2024\/03\/cropped-logo.png","contentUrl":"https:\/\/infoecos.com.ar\/wp-content\/uploads\/2024\/03\/cropped-logo.png","width":374,"height":90,"caption":"Infoecos"},"image":{"@id":"https:\/\/infoecos.com.ar\/#\/schema\/logo\/image\/"},"sameAs":["https:\/\/www.facebook.com\/profile.php?id=100063200290284","https:\/\/x.com\/infoecos"]},{"@type":"Person","@id":"https:\/\/infoecos.com.ar\/#\/schema\/person\/8f5ace5ce73b4b4aac4b7245aee6f191","name":"Jorge Matheus","url":"https:\/\/infoecos.com.ar\/index.php\/author\/jomatheus\/"}]}},"featured_image_urls":{"full":["https:\/\/infoecos.com.ar\/wp-content\/uploads\/2023\/04\/image-70.png",1024,504,false],"thumbnail":["https:\/\/infoecos.com.ar\/wp-content\/uploads\/2023\/04\/image-70-300x150.png",300,150,true],"medium":["https:\/\/infoecos.com.ar\/wp-content\/uploads\/2023\/04\/image-70-800x394.png",800,394,true],"medium_large":["https:\/\/infoecos.com.ar\/wp-content\/uploads\/2023\/04\/image-70-768x378.png",640,315,true],"large":["https:\/\/infoecos.com.ar\/wp-content\/uploads\/2023\/04\/image-70.png",640,315,false],"1536x1536":["https:\/\/infoecos.com.ar\/wp-content\/uploads\/2023\/04\/image-70.png",1024,504,false],"2048x2048":["https:\/\/infoecos.com.ar\/wp-content\/uploads\/2023\/04\/image-70.png",1024,504,false],"covernews-slider-full":["https:\/\/infoecos.com.ar\/wp-content\/uploads\/2023\/04\/image-70.png",1024,504,false],"covernews-slider-center":["https:\/\/infoecos.com.ar\/wp-content\/uploads\/2023\/04\/image-70-936x504.png",800,431,true],"covernews-featured":["https:\/\/infoecos.com.ar\/wp-content\/uploads\/2023\/04\/image-70.png",1024,504,false],"covernews-medium":["https:\/\/infoecos.com.ar\/wp-content\/uploads\/2023\/04\/image-70-720x380.png",540,285,true],"covernews-medium-square":["https:\/\/infoecos.com.ar\/wp-content\/uploads\/2023\/04\/image-70-675x450.png",375,250,true]},"author_info":{"info":["Jorge Matheus"]},"category_info":"<a href=\"https:\/\/infoecos.com.ar\/index.php\/category\/inferior2\/\" rel=\"category tag\">Bloque inferior - 2<\/a>","tag_info":"Bloque inferior - 2","comment_count":"0","_links":{"self":[{"href":"https:\/\/infoecos.com.ar\/index.php\/wp-json\/wp\/v2\/posts\/104225"}],"collection":[{"href":"https:\/\/infoecos.com.ar\/index.php\/wp-json\/wp\/v2\/posts"}],"about":[{"href":"https:\/\/infoecos.com.ar\/index.php\/wp-json\/wp\/v2\/types\/post"}],"author":[{"embeddable":true,"href":"https:\/\/infoecos.com.ar\/index.php\/wp-json\/wp\/v2\/users\/2"}],"replies":[{"embeddable":true,"href":"https:\/\/infoecos.com.ar\/index.php\/wp-json\/wp\/v2\/comments?post=104225"}],"version-history":[{"count":2,"href":"https:\/\/infoecos.com.ar\/index.php\/wp-json\/wp\/v2\/posts\/104225\/revisions"}],"predecessor-version":[{"id":104228,"href":"https:\/\/infoecos.com.ar\/index.php\/wp-json\/wp\/v2\/posts\/104225\/revisions\/104228"}],"wp:featuredmedia":[{"embeddable":true,"href":"https:\/\/infoecos.com.ar\/index.php\/wp-json\/wp\/v2\/media\/104226"}],"wp:attachment":[{"href":"https:\/\/infoecos.com.ar\/index.php\/wp-json\/wp\/v2\/media?parent=104225"}],"wp:term":[{"taxonomy":"category","embeddable":true,"href":"https:\/\/infoecos.com.ar\/index.php\/wp-json\/wp\/v2\/categories?post=104225"},{"taxonomy":"post_tag","embeddable":true,"href":"https:\/\/infoecos.com.ar\/index.php\/wp-json\/wp\/v2\/tags?post=104225"}],"curies":[{"name":"wp","href":"https:\/\/api.w.org\/{rel}","templated":true}]}}