{"id":104229,"date":"2023-04-25T03:17:44","date_gmt":"2023-04-25T06:17:44","guid":{"rendered":"https:\/\/infoecos.com.ar\/?p=104229"},"modified":"2023-04-26T03:54:14","modified_gmt":"2023-04-26T06:54:14","slug":"el-ex-intendente-tkacik-y-el-ex-secretario-general-de-gobierno-luis-perez-absueltos-nuevamente","status":"publish","type":"post","link":"https:\/\/infoecos.com.ar\/index.php\/el-ex-intendente-tkacik-y-el-ex-secretario-general-de-gobierno-luis-perez-absueltos-nuevamente\/","title":{"rendered":"El ex intendente Tkacik y el ex secretario General de Gobierno, Luis P\u00e9rez, absueltos nuevamente"},"content":{"rendered":"\n<p>En la causa caratulada \u201cNegociaciones incompatibles con la funci\u00f3n p\u00fablica\u201d que se inici\u00f3 tras una denuncia de concejales del Frente de todos del vecino Distrito, incluyendo al actual Jefe Comunal, quien fuera Intendente de Henderson, Enrique Tkacik, junto a su Secretario General de Gobierno, Luis \u00c1ngel P\u00e9rez, fueron acusados de valerse de la influencia de su cargo para conseguir beneficios y lograr instalar la empresa de Tkacik.<\/p>\n\n\n\n<figure class=\"wp-block-image aligncenter size-full\"><img loading=\"lazy\" decoding=\"async\" width=\"354\" height=\"351\" src=\"https:\/\/infoecos.com.ar\/wp-content\/uploads\/2023\/04\/image-71.png\" alt=\"\" class=\"wp-image-104230\"\/><figcaption class=\"wp-element-caption\">Tkacik y P\u00e9rez <\/figcaption><\/figure>\n\n\n\n<p>En un fallo de primera instancia, el 29 de septiembre del a\u00f1o anterior, los funcionarios hab\u00edan resultado absueltas, aunque la decisi\u00f3n fue apelada<\/p>\n\n\n\n<p>En las \u00faltimas horas se conoci\u00f3 la respuesta de la Justicia que coincide con el primer fallo, y tanto el ex Intendente como su Secretario, resultan nuevamente absueltos de culpa y cargo. &nbsp;<\/p>\n\n\n\n<p><strong>Fuente: hendersononline.com.ar<\/strong> <\/p>\n","protected":false},"excerpt":{"rendered":"<p>En un fallo de primera instancia, el 29 de septiembre del a\u00f1o anterior, los funcionarios hab\u00edan resultado absueltas, aunque la decisi\u00f3n fue apelada<\/p>\n","protected":false},"author":2,"featured_media":104230,"comment_status":"closed","ping_status":"open","sticky":false,"template":"","format":"standard","meta":{"footnotes":""},"categories":[50],"tags":[152],"class_list":["post-104229","post","type-post","status-publish","format-standard","has-post-thumbnail","hentry","category-c1nota4","tag-henderson"],"yoast_head":"<!-- This site is optimized with the Yoast SEO plugin v23.4 - https:\/\/yoast.com\/wordpress\/plugins\/seo\/ -->\n<title>El ex intendente Tkacik y el ex secretario General de Gobierno, Luis P\u00e9rez, absueltos nuevamente - Infoecos<\/title>\n<meta name=\"robots\" content=\"index, follow, max-snippet:-1, max-image-preview:large, max-video-preview:-1\" \/>\n<link rel=\"canonical\" href=\"https:\/\/infoecos.com.ar\/index.php\/el-ex-intendente-tkacik-y-el-ex-secretario-general-de-gobierno-luis-perez-absueltos-nuevamente\/\" \/>\n<meta property=\"og:locale\" content=\"es_ES\" \/>\n<meta property=\"og:type\" content=\"article\" \/>\n<meta property=\"og:title\" content=\"El ex intendente Tkacik y el ex secretario General de Gobierno, Luis P\u00e9rez, absueltos nuevamente - Infoecos\" \/>\n<meta property=\"og:description\" content=\"En un fallo de primera instancia, el 29 de septiembre del a\u00f1o anterior, los funcionarios hab\u00edan resultado absueltas, aunque la decisi\u00f3n fue apelada\" \/>\n<meta property=\"og:url\" content=\"https:\/\/infoecos.com.ar\/index.php\/el-ex-intendente-tkacik-y-el-ex-secretario-general-de-gobierno-luis-perez-absueltos-nuevamente\/\" \/>\n<meta property=\"og:site_name\" content=\"Infoecos\" \/>\n<meta property=\"article:publisher\" content=\"https:\/\/www.facebook.com\/profile.php?id=100063200290284\" \/>\n<meta property=\"article:published_time\" content=\"2023-04-25T06:17:44+00:00\" \/>\n<meta property=\"article:modified_time\" content=\"2023-04-26T06:54:14+00:00\" \/>\n<meta property=\"og:image\" content=\"https:\/\/infoecos.com.ar\/wp-content\/uploads\/2023\/04\/image-71.png\" \/>\n\t<meta property=\"og:image:width\" content=\"354\" \/>\n\t<meta property=\"og:image:height\" content=\"351\" \/>\n\t<meta property=\"og:image:type\" content=\"image\/png\" \/>\n<meta name=\"author\" content=\"Jorge Matheus\" \/>\n<meta name=\"twitter:card\" content=\"summary_large_image\" \/>\n<meta name=\"twitter:creator\" content=\"@infoecos\" \/>\n<meta name=\"twitter:site\" content=\"@infoecos\" \/>\n<meta name=\"twitter:label1\" content=\"Escrito por\" \/>\n\t<meta name=\"twitter:data1\" content=\"Jorge Matheus\" \/>\n\t<meta name=\"twitter:label2\" content=\"Tiempo de lectura\" \/>\n\t<meta name=\"twitter:data2\" content=\"1 minuto\" \/>\n<script type=\"application\/ld+json\" class=\"yoast-schema-graph\">{\"@context\":\"https:\/\/schema.org\",\"@graph\":[{\"@type\":\"Article\",\"@id\":\"https:\/\/infoecos.com.ar\/index.php\/el-ex-intendente-tkacik-y-el-ex-secretario-general-de-gobierno-luis-perez-absueltos-nuevamente\/#article\",\"isPartOf\":{\"@id\":\"https:\/\/infoecos.com.ar\/index.php\/el-ex-intendente-tkacik-y-el-ex-secretario-general-de-gobierno-luis-perez-absueltos-nuevamente\/\"},\"author\":{\"name\":\"Jorge Matheus\",\"@id\":\"https:\/\/infoecos.com.ar\/#\/schema\/person\/8f5ace5ce73b4b4aac4b7245aee6f191\"},\"headline\":\"El ex intendente Tkacik y el ex secretario General de Gobierno, Luis P\u00e9rez, absueltos nuevamente\",\"datePublished\":\"2023-04-25T06:17:44+00:00\",\"dateModified\":\"2023-04-26T06:54:14+00:00\",\"mainEntityOfPage\":{\"@id\":\"https:\/\/infoecos.com.ar\/index.php\/el-ex-intendente-tkacik-y-el-ex-secretario-general-de-gobierno-luis-perez-absueltos-nuevamente\/\"},\"wordCount\":152,\"publisher\":{\"@id\":\"https:\/\/infoecos.com.ar\/#organization\"},\"image\":{\"@id\":\"https:\/\/infoecos.com.ar\/index.php\/el-ex-intendente-tkacik-y-el-ex-secretario-general-de-gobierno-luis-perez-absueltos-nuevamente\/#primaryimage\"},\"thumbnailUrl\":\"https:\/\/infoecos.com.ar\/wp-content\/uploads\/2023\/04\/image-71.png\",\"keywords\":[\"HENDERSON\"],\"articleSection\":[\"C1 N4\"],\"inLanguage\":\"es\"},{\"@type\":\"WebPage\",\"@id\":\"https:\/\/infoecos.com.ar\/index.php\/el-ex-intendente-tkacik-y-el-ex-secretario-general-de-gobierno-luis-perez-absueltos-nuevamente\/\",\"url\":\"https:\/\/infoecos.com.ar\/index.php\/el-ex-intendente-tkacik-y-el-ex-secretario-general-de-gobierno-luis-perez-absueltos-nuevamente\/\",\"name\":\"El ex intendente Tkacik y el ex secretario General de Gobierno, Luis P\u00e9rez, absueltos nuevamente - Infoecos\",\"isPartOf\":{\"@id\":\"https:\/\/infoecos.com.ar\/#website\"},\"primaryImageOfPage\":{\"@id\":\"https:\/\/infoecos.com.ar\/index.php\/el-ex-intendente-tkacik-y-el-ex-secretario-general-de-gobierno-luis-perez-absueltos-nuevamente\/#primaryimage\"},\"image\":{\"@id\":\"https:\/\/infoecos.com.ar\/index.php\/el-ex-intendente-tkacik-y-el-ex-secretario-general-de-gobierno-luis-perez-absueltos-nuevamente\/#primaryimage\"},\"thumbnailUrl\":\"https:\/\/infoecos.com.ar\/wp-content\/uploads\/2023\/04\/image-71.png\",\"datePublished\":\"2023-04-25T06:17:44+00:00\",\"dateModified\":\"2023-04-26T06:54:14+00:00\",\"breadcrumb\":{\"@id\":\"https:\/\/infoecos.com.ar\/index.php\/el-ex-intendente-tkacik-y-el-ex-secretario-general-de-gobierno-luis-perez-absueltos-nuevamente\/#breadcrumb\"},\"inLanguage\":\"es\",\"potentialAction\":[{\"@type\":\"ReadAction\",\"target\":[\"https:\/\/infoecos.com.ar\/index.php\/el-ex-intendente-tkacik-y-el-ex-secretario-general-de-gobierno-luis-perez-absueltos-nuevamente\/\"]}]},{\"@type\":\"ImageObject\",\"inLanguage\":\"es\",\"@id\":\"https:\/\/infoecos.com.ar\/index.php\/el-ex-intendente-tkacik-y-el-ex-secretario-general-de-gobierno-luis-perez-absueltos-nuevamente\/#primaryimage\",\"url\":\"https:\/\/infoecos.com.ar\/wp-content\/uploads\/2023\/04\/image-71.png\",\"contentUrl\":\"https:\/\/infoecos.com.ar\/wp-content\/uploads\/2023\/04\/image-71.png\",\"width\":354,\"height\":351},{\"@type\":\"BreadcrumbList\",\"@id\":\"https:\/\/infoecos.com.ar\/index.php\/el-ex-intendente-tkacik-y-el-ex-secretario-general-de-gobierno-luis-perez-absueltos-nuevamente\/#breadcrumb\",\"itemListElement\":[{\"@type\":\"ListItem\",\"position\":1,\"name\":\"Portada\",\"item\":\"https:\/\/infoecos.com.ar\/\"},{\"@type\":\"ListItem\",\"position\":2,\"name\":\"El ex intendente Tkacik y el ex secretario General de Gobierno, Luis P\u00e9rez, absueltos nuevamente\"}]},{\"@type\":\"WebSite\",\"@id\":\"https:\/\/infoecos.com.ar\/#website\",\"url\":\"https:\/\/infoecos.com.ar\/\",\"name\":\"Infoecos\",\"description\":\"Noticias de trenque lauquen y la zona\",\"publisher\":{\"@id\":\"https:\/\/infoecos.com.ar\/#organization\"},\"alternateName\":\"Noticias\",\"potentialAction\":[{\"@type\":\"SearchAction\",\"target\":{\"@type\":\"EntryPoint\",\"urlTemplate\":\"https:\/\/infoecos.com.ar\/?s={search_term_string}\"},\"query-input\":{\"@type\":\"PropertyValueSpecification\",\"valueRequired\":true,\"valueName\":\"search_term_string\"}}],\"inLanguage\":\"es\"},{\"@type\":\"Organization\",\"@id\":\"https:\/\/infoecos.com.ar\/#organization\",\"name\":\"Infoecos\",\"alternateName\":\"Noticias\",\"url\":\"https:\/\/infoecos.com.ar\/\",\"logo\":{\"@type\":\"ImageObject\",\"inLanguage\":\"es\",\"@id\":\"https:\/\/infoecos.com.ar\/#\/schema\/logo\/image\/\",\"url\":\"https:\/\/infoecos.com.ar\/wp-content\/uploads\/2024\/03\/cropped-logo.png\",\"contentUrl\":\"https:\/\/infoecos.com.ar\/wp-content\/uploads\/2024\/03\/cropped-logo.png\",\"width\":374,\"height\":90,\"caption\":\"Infoecos\"},\"image\":{\"@id\":\"https:\/\/infoecos.com.ar\/#\/schema\/logo\/image\/\"},\"sameAs\":[\"https:\/\/www.facebook.com\/profile.php?id=100063200290284\",\"https:\/\/x.com\/infoecos\"]},{\"@type\":\"Person\",\"@id\":\"https:\/\/infoecos.com.ar\/#\/schema\/person\/8f5ace5ce73b4b4aac4b7245aee6f191\",\"name\":\"Jorge Matheus\",\"url\":\"https:\/\/infoecos.com.ar\/index.php\/author\/jomatheus\/\"}]}<\/script>\n<!-- \/ Yoast SEO plugin. -->","yoast_head_json":{"title":"El ex intendente Tkacik y el ex secretario General de Gobierno, Luis P\u00e9rez, absueltos nuevamente - Infoecos","robots":{"index":"index","follow":"follow","max-snippet":"max-snippet:-1","max-image-preview":"max-image-preview:large","max-video-preview":"max-video-preview:-1"},"canonical":"https:\/\/infoecos.com.ar\/index.php\/el-ex-intendente-tkacik-y-el-ex-secretario-general-de-gobierno-luis-perez-absueltos-nuevamente\/","og_locale":"es_ES","og_type":"article","og_title":"El ex intendente Tkacik y el ex secretario General de Gobierno, Luis P\u00e9rez, absueltos nuevamente - Infoecos","og_description":"En un fallo de primera instancia, el 29 de septiembre del a\u00f1o anterior, los funcionarios hab\u00edan resultado absueltas, aunque la decisi\u00f3n fue apelada","og_url":"https:\/\/infoecos.com.ar\/index.php\/el-ex-intendente-tkacik-y-el-ex-secretario-general-de-gobierno-luis-perez-absueltos-nuevamente\/","og_site_name":"Infoecos","article_publisher":"https:\/\/www.facebook.com\/profile.php?id=100063200290284","article_published_time":"2023-04-25T06:17:44+00:00","article_modified_time":"2023-04-26T06:54:14+00:00","og_image":[{"width":354,"height":351,"url":"https:\/\/infoecos.com.ar\/wp-content\/uploads\/2023\/04\/image-71.png","type":"image\/png"}],"author":"Jorge Matheus","twitter_card":"summary_large_image","twitter_creator":"@infoecos","twitter_site":"@infoecos","twitter_misc":{"Escrito por":"Jorge Matheus","Tiempo de lectura":"1 minuto"},"schema":{"@context":"https:\/\/schema.org","@graph":[{"@type":"Article","@id":"https:\/\/infoecos.com.ar\/index.php\/el-ex-intendente-tkacik-y-el-ex-secretario-general-de-gobierno-luis-perez-absueltos-nuevamente\/#article","isPartOf":{"@id":"https:\/\/infoecos.com.ar\/index.php\/el-ex-intendente-tkacik-y-el-ex-secretario-general-de-gobierno-luis-perez-absueltos-nuevamente\/"},"author":{"name":"Jorge Matheus","@id":"https:\/\/infoecos.com.ar\/#\/schema\/person\/8f5ace5ce73b4b4aac4b7245aee6f191"},"headline":"El ex intendente Tkacik y el ex secretario General de Gobierno, Luis P\u00e9rez, absueltos nuevamente","datePublished":"2023-04-25T06:17:44+00:00","dateModified":"2023-04-26T06:54:14+00:00","mainEntityOfPage":{"@id":"https:\/\/infoecos.com.ar\/index.php\/el-ex-intendente-tkacik-y-el-ex-secretario-general-de-gobierno-luis-perez-absueltos-nuevamente\/"},"wordCount":152,"publisher":{"@id":"https:\/\/infoecos.com.ar\/#organization"},"image":{"@id":"https:\/\/infoecos.com.ar\/index.php\/el-ex-intendente-tkacik-y-el-ex-secretario-general-de-gobierno-luis-perez-absueltos-nuevamente\/#primaryimage"},"thumbnailUrl":"https:\/\/infoecos.com.ar\/wp-content\/uploads\/2023\/04\/image-71.png","keywords":["HENDERSON"],"articleSection":["C1 N4"],"inLanguage":"es"},{"@type":"WebPage","@id":"https:\/\/infoecos.com.ar\/index.php\/el-ex-intendente-tkacik-y-el-ex-secretario-general-de-gobierno-luis-perez-absueltos-nuevamente\/","url":"https:\/\/infoecos.com.ar\/index.php\/el-ex-intendente-tkacik-y-el-ex-secretario-general-de-gobierno-luis-perez-absueltos-nuevamente\/","name":"El ex intendente Tkacik y el ex secretario General de Gobierno, Luis P\u00e9rez, absueltos nuevamente - Infoecos","isPartOf":{"@id":"https:\/\/infoecos.com.ar\/#website"},"primaryImageOfPage":{"@id":"https:\/\/infoecos.com.ar\/index.php\/el-ex-intendente-tkacik-y-el-ex-secretario-general-de-gobierno-luis-perez-absueltos-nuevamente\/#primaryimage"},"image":{"@id":"https:\/\/infoecos.com.ar\/index.php\/el-ex-intendente-tkacik-y-el-ex-secretario-general-de-gobierno-luis-perez-absueltos-nuevamente\/#primaryimage"},"thumbnailUrl":"https:\/\/infoecos.com.ar\/wp-content\/uploads\/2023\/04\/image-71.png","datePublished":"2023-04-25T06:17:44+00:00","dateModified":"2023-04-26T06:54:14+00:00","breadcrumb":{"@id":"https:\/\/infoecos.com.ar\/index.php\/el-ex-intendente-tkacik-y-el-ex-secretario-general-de-gobierno-luis-perez-absueltos-nuevamente\/#breadcrumb"},"inLanguage":"es","potentialAction":[{"@type":"ReadAction","target":["https:\/\/infoecos.com.ar\/index.php\/el-ex-intendente-tkacik-y-el-ex-secretario-general-de-gobierno-luis-perez-absueltos-nuevamente\/"]}]},{"@type":"ImageObject","inLanguage":"es","@id":"https:\/\/infoecos.com.ar\/index.php\/el-ex-intendente-tkacik-y-el-ex-secretario-general-de-gobierno-luis-perez-absueltos-nuevamente\/#primaryimage","url":"https:\/\/infoecos.com.ar\/wp-content\/uploads\/2023\/04\/image-71.png","contentUrl":"https:\/\/infoecos.com.ar\/wp-content\/uploads\/2023\/04\/image-71.png","width":354,"height":351},{"@type":"BreadcrumbList","@id":"https:\/\/infoecos.com.ar\/index.php\/el-ex-intendente-tkacik-y-el-ex-secretario-general-de-gobierno-luis-perez-absueltos-nuevamente\/#breadcrumb","itemListElement":[{"@type":"ListItem","position":1,"name":"Portada","item":"https:\/\/infoecos.com.ar\/"},{"@type":"ListItem","position":2,"name":"El ex intendente Tkacik y el ex secretario General de Gobierno, Luis P\u00e9rez, absueltos nuevamente"}]},{"@type":"WebSite","@id":"https:\/\/infoecos.com.ar\/#website","url":"https:\/\/infoecos.com.ar\/","name":"Infoecos","description":"Noticias de trenque lauquen y la zona","publisher":{"@id":"https:\/\/infoecos.com.ar\/#organization"},"alternateName":"Noticias","potentialAction":[{"@type":"SearchAction","target":{"@type":"EntryPoint","urlTemplate":"https:\/\/infoecos.com.ar\/?s={search_term_string}"},"query-input":{"@type":"PropertyValueSpecification","valueRequired":true,"valueName":"search_term_string"}}],"inLanguage":"es"},{"@type":"Organization","@id":"https:\/\/infoecos.com.ar\/#organization","name":"Infoecos","alternateName":"Noticias","url":"https:\/\/infoecos.com.ar\/","logo":{"@type":"ImageObject","inLanguage":"es","@id":"https:\/\/infoecos.com.ar\/#\/schema\/logo\/image\/","url":"https:\/\/infoecos.com.ar\/wp-content\/uploads\/2024\/03\/cropped-logo.png","contentUrl":"https:\/\/infoecos.com.ar\/wp-content\/uploads\/2024\/03\/cropped-logo.png","width":374,"height":90,"caption":"Infoecos"},"image":{"@id":"https:\/\/infoecos.com.ar\/#\/schema\/logo\/image\/"},"sameAs":["https:\/\/www.facebook.com\/profile.php?id=100063200290284","https:\/\/x.com\/infoecos"]},{"@type":"Person","@id":"https:\/\/infoecos.com.ar\/#\/schema\/person\/8f5ace5ce73b4b4aac4b7245aee6f191","name":"Jorge Matheus","url":"https:\/\/infoecos.com.ar\/index.php\/author\/jomatheus\/"}]}},"featured_image_urls":{"full":["https:\/\/infoecos.com.ar\/wp-content\/uploads\/2023\/04\/image-71.png",354,351,false],"thumbnail":["https:\/\/infoecos.com.ar\/wp-content\/uploads\/2023\/04\/image-71-300x150.png",300,150,true],"medium":["https:\/\/infoecos.com.ar\/wp-content\/uploads\/2023\/04\/image-71.png",354,351,false],"medium_large":["https:\/\/infoecos.com.ar\/wp-content\/uploads\/2023\/04\/image-71.png",354,351,false],"large":["https:\/\/infoecos.com.ar\/wp-content\/uploads\/2023\/04\/image-71.png",354,351,false],"1536x1536":["https:\/\/infoecos.com.ar\/wp-content\/uploads\/2023\/04\/image-71.png",354,351,false],"2048x2048":["https:\/\/infoecos.com.ar\/wp-content\/uploads\/2023\/04\/image-71.png",354,351,false],"covernews-slider-full":["https:\/\/infoecos.com.ar\/wp-content\/uploads\/2023\/04\/image-71.png",354,351,false],"covernews-slider-center":["https:\/\/infoecos.com.ar\/wp-content\/uploads\/2023\/04\/image-71.png",354,351,false],"covernews-featured":["https:\/\/infoecos.com.ar\/wp-content\/uploads\/2023\/04\/image-71.png",354,351,false],"covernews-medium":["https:\/\/infoecos.com.ar\/wp-content\/uploads\/2023\/04\/image-71.png",343,340,false],"covernews-medium-square":["https:\/\/infoecos.com.ar\/wp-content\/uploads\/2023\/04\/image-71.png",252,250,false]},"author_info":{"info":["Jorge Matheus"]},"category_info":"<a href=\"https:\/\/infoecos.com.ar\/index.php\/category\/c1nota4\/\" rel=\"category tag\">C1 N4<\/a>","tag_info":"C1 N4","comment_count":"0","_links":{"self":[{"href":"https:\/\/infoecos.com.ar\/index.php\/wp-json\/wp\/v2\/posts\/104229"}],"collection":[{"href":"https:\/\/infoecos.com.ar\/index.php\/wp-json\/wp\/v2\/posts"}],"about":[{"href":"https:\/\/infoecos.com.ar\/index.php\/wp-json\/wp\/v2\/types\/post"}],"author":[{"embeddable":true,"href":"https:\/\/infoecos.com.ar\/index.php\/wp-json\/wp\/v2\/users\/2"}],"replies":[{"embeddable":true,"href":"https:\/\/infoecos.com.ar\/index.php\/wp-json\/wp\/v2\/comments?post=104229"}],"version-history":[{"count":2,"href":"https:\/\/infoecos.com.ar\/index.php\/wp-json\/wp\/v2\/posts\/104229\/revisions"}],"predecessor-version":[{"id":104316,"href":"https:\/\/infoecos.com.ar\/index.php\/wp-json\/wp\/v2\/posts\/104229\/revisions\/104316"}],"wp:featuredmedia":[{"embeddable":true,"href":"https:\/\/infoecos.com.ar\/index.php\/wp-json\/wp\/v2\/media\/104230"}],"wp:attachment":[{"href":"https:\/\/infoecos.com.ar\/index.php\/wp-json\/wp\/v2\/media?parent=104229"}],"wp:term":[{"taxonomy":"category","embeddable":true,"href":"https:\/\/infoecos.com.ar\/index.php\/wp-json\/wp\/v2\/categories?post=104229"},{"taxonomy":"post_tag","embeddable":true,"href":"https:\/\/infoecos.com.ar\/index.php\/wp-json\/wp\/v2\/tags?post=104229"}],"curies":[{"name":"wp","href":"https:\/\/api.w.org\/{rel}","templated":true}]}}