{"id":104232,"date":"2023-04-25T03:30:42","date_gmt":"2023-04-25T06:30:42","guid":{"rendered":"https:\/\/infoecos.com.ar\/?p=104232"},"modified":"2023-04-26T03:56:49","modified_gmt":"2023-04-26T06:56:49","slug":"fernandez-recorre-el-distrito-ayer-estuvo-en-beruti-y-hoy-va-a-30-de-agosto-y-girodias","status":"publish","type":"post","link":"https:\/\/infoecos.com.ar\/index.php\/fernandez-recorre-el-distrito-ayer-estuvo-en-beruti-y-hoy-va-a-30-de-agosto-y-girodias\/","title":{"rendered":"Fern\u00e1ndez recorre el distrito: ayer estuvo en Beruti, y hoy va a 30 de Agosto y Girod\u00edas"},"content":{"rendered":"\n<p>El intendente municipal, Miguel Fern\u00e1ndez estuvo recorriendo obras en la localidad de Beruti. Acompa\u00f1ado por el Delegado Municipal, Fabio Villarreal, supervis\u00f3 los avances que se vienen dando.<\/p>\n\n\n\n<figure class=\"wp-block-gallery has-nested-images columns-default is-cropped wp-block-gallery-1 is-layout-flex wp-block-gallery-is-layout-flex\">\n<figure class=\"wp-block-image size-large\"><img loading=\"lazy\" decoding=\"async\" width=\"1183\" height=\"917\" data-id=\"104233\" src=\"https:\/\/infoecos.com.ar\/wp-content\/uploads\/2023\/04\/fernan3081.jpg\" alt=\"\" class=\"wp-image-104233\" srcset=\"https:\/\/infoecos.com.ar\/wp-content\/uploads\/2023\/04\/fernan3081.jpg 1183w, https:\/\/infoecos.com.ar\/wp-content\/uploads\/2023\/04\/fernan3081-800x620.jpg 800w, https:\/\/infoecos.com.ar\/wp-content\/uploads\/2023\/04\/fernan3081-768x595.jpg 768w, https:\/\/infoecos.com.ar\/wp-content\/uploads\/2023\/04\/fernan3081-1024x794.jpg 1024w\" sizes=\"(max-width: 1183px) 100vw, 1183px\" \/><\/figure>\n\n\n\n<figure class=\"wp-block-image size-large\"><img loading=\"lazy\" decoding=\"async\" width=\"1459\" height=\"1025\" data-id=\"104235\" src=\"https:\/\/infoecos.com.ar\/wp-content\/uploads\/2023\/04\/fernan3082.jpg\" alt=\"\" class=\"wp-image-104235\" srcset=\"https:\/\/infoecos.com.ar\/wp-content\/uploads\/2023\/04\/fernan3082.jpg 1459w, https:\/\/infoecos.com.ar\/wp-content\/uploads\/2023\/04\/fernan3082-800x562.jpg 800w, https:\/\/infoecos.com.ar\/wp-content\/uploads\/2023\/04\/fernan3082-768x540.jpg 768w, https:\/\/infoecos.com.ar\/wp-content\/uploads\/2023\/04\/fernan3082-1024x719.jpg 1024w\" sizes=\"(max-width: 1459px) 100vw, 1459px\" \/><\/figure>\n\n\n\n<figure class=\"wp-block-image size-large\"><img loading=\"lazy\" decoding=\"async\" width=\"1195\" height=\"965\" data-id=\"104237\" src=\"https:\/\/infoecos.com.ar\/wp-content\/uploads\/2023\/04\/fernan3083.jpg\" alt=\"\" class=\"wp-image-104237\" srcset=\"https:\/\/infoecos.com.ar\/wp-content\/uploads\/2023\/04\/fernan3083.jpg 1195w, https:\/\/infoecos.com.ar\/wp-content\/uploads\/2023\/04\/fernan3083-800x646.jpg 800w, https:\/\/infoecos.com.ar\/wp-content\/uploads\/2023\/04\/fernan3083-768x620.jpg 768w, https:\/\/infoecos.com.ar\/wp-content\/uploads\/2023\/04\/fernan3083-1024x827.jpg 1024w\" sizes=\"(max-width: 1195px) 100vw, 1195px\" \/><\/figure>\n\n\n\n<figure class=\"wp-block-image size-large\"><img loading=\"lazy\" decoding=\"async\" width=\"1200\" height=\"960\" data-id=\"104234\" src=\"https:\/\/infoecos.com.ar\/wp-content\/uploads\/2023\/04\/fernand308.jpg\" alt=\"\" class=\"wp-image-104234\" srcset=\"https:\/\/infoecos.com.ar\/wp-content\/uploads\/2023\/04\/fernand308.jpg 1200w, https:\/\/infoecos.com.ar\/wp-content\/uploads\/2023\/04\/fernand308-800x640.jpg 800w, https:\/\/infoecos.com.ar\/wp-content\/uploads\/2023\/04\/fernand308-768x614.jpg 768w, https:\/\/infoecos.com.ar\/wp-content\/uploads\/2023\/04\/fernand308-1024x819.jpg 1024w\" sizes=\"(max-width: 1200px) 100vw, 1200px\" \/><\/figure>\n\n\n\n<figure class=\"wp-block-image size-large\"><img loading=\"lazy\" decoding=\"async\" width=\"1195\" height=\"785\" data-id=\"104236\" src=\"https:\/\/infoecos.com.ar\/wp-content\/uploads\/2023\/04\/fernand3082.jpg\" alt=\"\" class=\"wp-image-104236\" srcset=\"https:\/\/infoecos.com.ar\/wp-content\/uploads\/2023\/04\/fernand3082.jpg 1195w, https:\/\/infoecos.com.ar\/wp-content\/uploads\/2023\/04\/fernand3082-800x526.jpg 800w, https:\/\/infoecos.com.ar\/wp-content\/uploads\/2023\/04\/fernand3082-768x505.jpg 768w, https:\/\/infoecos.com.ar\/wp-content\/uploads\/2023\/04\/fernand3082-1024x673.jpg 1024w\" sizes=\"(max-width: 1195px) 100vw, 1195px\" \/><\/figure>\n<\/figure>\n\n\n\n<p>Comenz\u00f3 con los arreglos varios en la Parroquia, sigui\u00f3 en la Unidad Sanitaria Santa Clotilde (recambio del techo), el Cementerio Parque (refacciones y nivelaci\u00f3n de suelos) y la Planta Depuradora (limpieza del canal) para concluir en el sector en el que se est\u00e1n construyendo siete viviendas.<\/p>\n\n\n\n<p>El Jefe comunal estar\u00e1 hoy en 30 de Agosto y en Girod\u00edas.<\/p>\n","protected":false},"excerpt":{"rendered":"<p>Acompa\u00f1ado por el Delegado Municipal, Fabio Villarreal, supervis\u00f3 los avances que se vienen dando<\/p>\n","protected":false},"author":2,"featured_media":104235,"comment_status":"closed","ping_status":"open","sticky":false,"template":"","format":"standard","meta":{"footnotes":""},"categories":[40],"tags":[7775],"class_list":["post-104232","post","type-post","status-publish","format-standard","has-post-thumbnail","hentry","category-inferior1","tag-gestion-publica-en-t-lauquen"],"yoast_head":"<!-- This site is optimized with the Yoast SEO plugin v23.4 - https:\/\/yoast.com\/wordpress\/plugins\/seo\/ -->\n<title>Fern\u00e1ndez recorre el distrito: ayer estuvo en Beruti, y hoy va a 30 de Agosto y Girod\u00edas - Infoecos<\/title>\n<meta name=\"robots\" content=\"index, follow, max-snippet:-1, max-image-preview:large, max-video-preview:-1\" \/>\n<link rel=\"canonical\" href=\"https:\/\/infoecos.com.ar\/index.php\/fernandez-recorre-el-distrito-ayer-estuvo-en-beruti-y-hoy-va-a-30-de-agosto-y-girodias\/\" \/>\n<meta property=\"og:locale\" content=\"es_ES\" \/>\n<meta property=\"og:type\" content=\"article\" \/>\n<meta property=\"og:title\" content=\"Fern\u00e1ndez recorre el distrito: ayer estuvo en Beruti, y hoy va a 30 de Agosto y Girod\u00edas - Infoecos\" \/>\n<meta property=\"og:description\" content=\"Acompa\u00f1ado por el Delegado Municipal, Fabio Villarreal, supervis\u00f3 los avances que se vienen dando\" \/>\n<meta property=\"og:url\" content=\"https:\/\/infoecos.com.ar\/index.php\/fernandez-recorre-el-distrito-ayer-estuvo-en-beruti-y-hoy-va-a-30-de-agosto-y-girodias\/\" \/>\n<meta property=\"og:site_name\" content=\"Infoecos\" \/>\n<meta property=\"article:publisher\" content=\"https:\/\/www.facebook.com\/profile.php?id=100063200290284\" \/>\n<meta property=\"article:published_time\" content=\"2023-04-25T06:30:42+00:00\" \/>\n<meta property=\"article:modified_time\" content=\"2023-04-26T06:56:49+00:00\" \/>\n<meta property=\"og:image\" content=\"https:\/\/infoecos.com.ar\/wp-content\/uploads\/2023\/04\/fernan3082.jpg\" \/>\n\t<meta property=\"og:image:width\" content=\"1459\" \/>\n\t<meta property=\"og:image:height\" content=\"1025\" \/>\n\t<meta property=\"og:image:type\" content=\"image\/jpeg\" \/>\n<meta name=\"author\" content=\"Jorge Matheus\" \/>\n<meta name=\"twitter:card\" content=\"summary_large_image\" \/>\n<meta name=\"twitter:creator\" content=\"@infoecos\" \/>\n<meta name=\"twitter:site\" content=\"@infoecos\" \/>\n<meta name=\"twitter:label1\" content=\"Escrito por\" \/>\n\t<meta name=\"twitter:data1\" content=\"Jorge Matheus\" \/>\n\t<meta name=\"twitter:label2\" content=\"Tiempo de lectura\" \/>\n\t<meta name=\"twitter:data2\" content=\"2 minutos\" \/>\n<script type=\"application\/ld+json\" class=\"yoast-schema-graph\">{\"@context\":\"https:\/\/schema.org\",\"@graph\":[{\"@type\":\"Article\",\"@id\":\"https:\/\/infoecos.com.ar\/index.php\/fernandez-recorre-el-distrito-ayer-estuvo-en-beruti-y-hoy-va-a-30-de-agosto-y-girodias\/#article\",\"isPartOf\":{\"@id\":\"https:\/\/infoecos.com.ar\/index.php\/fernandez-recorre-el-distrito-ayer-estuvo-en-beruti-y-hoy-va-a-30-de-agosto-y-girodias\/\"},\"author\":{\"name\":\"Jorge Matheus\",\"@id\":\"https:\/\/infoecos.com.ar\/#\/schema\/person\/8f5ace5ce73b4b4aac4b7245aee6f191\"},\"headline\":\"Fern\u00e1ndez recorre el distrito: ayer estuvo en Beruti, y hoy va a 30 de Agosto y Girod\u00edas\",\"datePublished\":\"2023-04-25T06:30:42+00:00\",\"dateModified\":\"2023-04-26T06:56:49+00:00\",\"mainEntityOfPage\":{\"@id\":\"https:\/\/infoecos.com.ar\/index.php\/fernandez-recorre-el-distrito-ayer-estuvo-en-beruti-y-hoy-va-a-30-de-agosto-y-girodias\/\"},\"wordCount\":107,\"publisher\":{\"@id\":\"https:\/\/infoecos.com.ar\/#organization\"},\"image\":{\"@id\":\"https:\/\/infoecos.com.ar\/index.php\/fernandez-recorre-el-distrito-ayer-estuvo-en-beruti-y-hoy-va-a-30-de-agosto-y-girodias\/#primaryimage\"},\"thumbnailUrl\":\"https:\/\/infoecos.com.ar\/wp-content\/uploads\/2023\/04\/fernan3082.jpg\",\"keywords\":[\"GESTI\u00d3N P\u00daBLICA EN T.LAUQUEN\"],\"articleSection\":[\"Bloque inferior - 1\"],\"inLanguage\":\"es\"},{\"@type\":\"WebPage\",\"@id\":\"https:\/\/infoecos.com.ar\/index.php\/fernandez-recorre-el-distrito-ayer-estuvo-en-beruti-y-hoy-va-a-30-de-agosto-y-girodias\/\",\"url\":\"https:\/\/infoecos.com.ar\/index.php\/fernandez-recorre-el-distrito-ayer-estuvo-en-beruti-y-hoy-va-a-30-de-agosto-y-girodias\/\",\"name\":\"Fern\u00e1ndez recorre el distrito: ayer estuvo en Beruti, y hoy va a 30 de Agosto y Girod\u00edas - Infoecos\",\"isPartOf\":{\"@id\":\"https:\/\/infoecos.com.ar\/#website\"},\"primaryImageOfPage\":{\"@id\":\"https:\/\/infoecos.com.ar\/index.php\/fernandez-recorre-el-distrito-ayer-estuvo-en-beruti-y-hoy-va-a-30-de-agosto-y-girodias\/#primaryimage\"},\"image\":{\"@id\":\"https:\/\/infoecos.com.ar\/index.php\/fernandez-recorre-el-distrito-ayer-estuvo-en-beruti-y-hoy-va-a-30-de-agosto-y-girodias\/#primaryimage\"},\"thumbnailUrl\":\"https:\/\/infoecos.com.ar\/wp-content\/uploads\/2023\/04\/fernan3082.jpg\",\"datePublished\":\"2023-04-25T06:30:42+00:00\",\"dateModified\":\"2023-04-26T06:56:49+00:00\",\"breadcrumb\":{\"@id\":\"https:\/\/infoecos.com.ar\/index.php\/fernandez-recorre-el-distrito-ayer-estuvo-en-beruti-y-hoy-va-a-30-de-agosto-y-girodias\/#breadcrumb\"},\"inLanguage\":\"es\",\"potentialAction\":[{\"@type\":\"ReadAction\",\"target\":[\"https:\/\/infoecos.com.ar\/index.php\/fernandez-recorre-el-distrito-ayer-estuvo-en-beruti-y-hoy-va-a-30-de-agosto-y-girodias\/\"]}]},{\"@type\":\"ImageObject\",\"inLanguage\":\"es\",\"@id\":\"https:\/\/infoecos.com.ar\/index.php\/fernandez-recorre-el-distrito-ayer-estuvo-en-beruti-y-hoy-va-a-30-de-agosto-y-girodias\/#primaryimage\",\"url\":\"https:\/\/infoecos.com.ar\/wp-content\/uploads\/2023\/04\/fernan3082.jpg\",\"contentUrl\":\"https:\/\/infoecos.com.ar\/wp-content\/uploads\/2023\/04\/fernan3082.jpg\",\"width\":1459,\"height\":1025},{\"@type\":\"BreadcrumbList\",\"@id\":\"https:\/\/infoecos.com.ar\/index.php\/fernandez-recorre-el-distrito-ayer-estuvo-en-beruti-y-hoy-va-a-30-de-agosto-y-girodias\/#breadcrumb\",\"itemListElement\":[{\"@type\":\"ListItem\",\"position\":1,\"name\":\"Portada\",\"item\":\"https:\/\/infoecos.com.ar\/\"},{\"@type\":\"ListItem\",\"position\":2,\"name\":\"Fern\u00e1ndez recorre el distrito: ayer estuvo en Beruti, y hoy va a 30 de Agosto y Girod\u00edas\"}]},{\"@type\":\"WebSite\",\"@id\":\"https:\/\/infoecos.com.ar\/#website\",\"url\":\"https:\/\/infoecos.com.ar\/\",\"name\":\"Infoecos\",\"description\":\"Noticias de trenque lauquen y la zona\",\"publisher\":{\"@id\":\"https:\/\/infoecos.com.ar\/#organization\"},\"alternateName\":\"Noticias\",\"potentialAction\":[{\"@type\":\"SearchAction\",\"target\":{\"@type\":\"EntryPoint\",\"urlTemplate\":\"https:\/\/infoecos.com.ar\/?s={search_term_string}\"},\"query-input\":{\"@type\":\"PropertyValueSpecification\",\"valueRequired\":true,\"valueName\":\"search_term_string\"}}],\"inLanguage\":\"es\"},{\"@type\":\"Organization\",\"@id\":\"https:\/\/infoecos.com.ar\/#organization\",\"name\":\"Infoecos\",\"alternateName\":\"Noticias\",\"url\":\"https:\/\/infoecos.com.ar\/\",\"logo\":{\"@type\":\"ImageObject\",\"inLanguage\":\"es\",\"@id\":\"https:\/\/infoecos.com.ar\/#\/schema\/logo\/image\/\",\"url\":\"https:\/\/infoecos.com.ar\/wp-content\/uploads\/2024\/03\/cropped-logo.png\",\"contentUrl\":\"https:\/\/infoecos.com.ar\/wp-content\/uploads\/2024\/03\/cropped-logo.png\",\"width\":374,\"height\":90,\"caption\":\"Infoecos\"},\"image\":{\"@id\":\"https:\/\/infoecos.com.ar\/#\/schema\/logo\/image\/\"},\"sameAs\":[\"https:\/\/www.facebook.com\/profile.php?id=100063200290284\",\"https:\/\/x.com\/infoecos\"]},{\"@type\":\"Person\",\"@id\":\"https:\/\/infoecos.com.ar\/#\/schema\/person\/8f5ace5ce73b4b4aac4b7245aee6f191\",\"name\":\"Jorge Matheus\",\"url\":\"https:\/\/infoecos.com.ar\/index.php\/author\/jomatheus\/\"}]}<\/script>\n<!-- \/ Yoast SEO plugin. -->","yoast_head_json":{"title":"Fern\u00e1ndez recorre el distrito: ayer estuvo en Beruti, y hoy va a 30 de Agosto y Girod\u00edas - Infoecos","robots":{"index":"index","follow":"follow","max-snippet":"max-snippet:-1","max-image-preview":"max-image-preview:large","max-video-preview":"max-video-preview:-1"},"canonical":"https:\/\/infoecos.com.ar\/index.php\/fernandez-recorre-el-distrito-ayer-estuvo-en-beruti-y-hoy-va-a-30-de-agosto-y-girodias\/","og_locale":"es_ES","og_type":"article","og_title":"Fern\u00e1ndez recorre el distrito: ayer estuvo en Beruti, y hoy va a 30 de Agosto y Girod\u00edas - Infoecos","og_description":"Acompa\u00f1ado por el Delegado Municipal, Fabio Villarreal, supervis\u00f3 los avances que se vienen dando","og_url":"https:\/\/infoecos.com.ar\/index.php\/fernandez-recorre-el-distrito-ayer-estuvo-en-beruti-y-hoy-va-a-30-de-agosto-y-girodias\/","og_site_name":"Infoecos","article_publisher":"https:\/\/www.facebook.com\/profile.php?id=100063200290284","article_published_time":"2023-04-25T06:30:42+00:00","article_modified_time":"2023-04-26T06:56:49+00:00","og_image":[{"width":1459,"height":1025,"url":"https:\/\/infoecos.com.ar\/wp-content\/uploads\/2023\/04\/fernan3082.jpg","type":"image\/jpeg"}],"author":"Jorge Matheus","twitter_card":"summary_large_image","twitter_creator":"@infoecos","twitter_site":"@infoecos","twitter_misc":{"Escrito por":"Jorge Matheus","Tiempo de lectura":"2 minutos"},"schema":{"@context":"https:\/\/schema.org","@graph":[{"@type":"Article","@id":"https:\/\/infoecos.com.ar\/index.php\/fernandez-recorre-el-distrito-ayer-estuvo-en-beruti-y-hoy-va-a-30-de-agosto-y-girodias\/#article","isPartOf":{"@id":"https:\/\/infoecos.com.ar\/index.php\/fernandez-recorre-el-distrito-ayer-estuvo-en-beruti-y-hoy-va-a-30-de-agosto-y-girodias\/"},"author":{"name":"Jorge Matheus","@id":"https:\/\/infoecos.com.ar\/#\/schema\/person\/8f5ace5ce73b4b4aac4b7245aee6f191"},"headline":"Fern\u00e1ndez recorre el distrito: ayer estuvo en Beruti, y hoy va a 30 de Agosto y Girod\u00edas","datePublished":"2023-04-25T06:30:42+00:00","dateModified":"2023-04-26T06:56:49+00:00","mainEntityOfPage":{"@id":"https:\/\/infoecos.com.ar\/index.php\/fernandez-recorre-el-distrito-ayer-estuvo-en-beruti-y-hoy-va-a-30-de-agosto-y-girodias\/"},"wordCount":107,"publisher":{"@id":"https:\/\/infoecos.com.ar\/#organization"},"image":{"@id":"https:\/\/infoecos.com.ar\/index.php\/fernandez-recorre-el-distrito-ayer-estuvo-en-beruti-y-hoy-va-a-30-de-agosto-y-girodias\/#primaryimage"},"thumbnailUrl":"https:\/\/infoecos.com.ar\/wp-content\/uploads\/2023\/04\/fernan3082.jpg","keywords":["GESTI\u00d3N P\u00daBLICA EN T.LAUQUEN"],"articleSection":["Bloque inferior - 1"],"inLanguage":"es"},{"@type":"WebPage","@id":"https:\/\/infoecos.com.ar\/index.php\/fernandez-recorre-el-distrito-ayer-estuvo-en-beruti-y-hoy-va-a-30-de-agosto-y-girodias\/","url":"https:\/\/infoecos.com.ar\/index.php\/fernandez-recorre-el-distrito-ayer-estuvo-en-beruti-y-hoy-va-a-30-de-agosto-y-girodias\/","name":"Fern\u00e1ndez recorre el distrito: ayer estuvo en Beruti, y hoy va a 30 de Agosto y Girod\u00edas - Infoecos","isPartOf":{"@id":"https:\/\/infoecos.com.ar\/#website"},"primaryImageOfPage":{"@id":"https:\/\/infoecos.com.ar\/index.php\/fernandez-recorre-el-distrito-ayer-estuvo-en-beruti-y-hoy-va-a-30-de-agosto-y-girodias\/#primaryimage"},"image":{"@id":"https:\/\/infoecos.com.ar\/index.php\/fernandez-recorre-el-distrito-ayer-estuvo-en-beruti-y-hoy-va-a-30-de-agosto-y-girodias\/#primaryimage"},"thumbnailUrl":"https:\/\/infoecos.com.ar\/wp-content\/uploads\/2023\/04\/fernan3082.jpg","datePublished":"2023-04-25T06:30:42+00:00","dateModified":"2023-04-26T06:56:49+00:00","breadcrumb":{"@id":"https:\/\/infoecos.com.ar\/index.php\/fernandez-recorre-el-distrito-ayer-estuvo-en-beruti-y-hoy-va-a-30-de-agosto-y-girodias\/#breadcrumb"},"inLanguage":"es","potentialAction":[{"@type":"ReadAction","target":["https:\/\/infoecos.com.ar\/index.php\/fernandez-recorre-el-distrito-ayer-estuvo-en-beruti-y-hoy-va-a-30-de-agosto-y-girodias\/"]}]},{"@type":"ImageObject","inLanguage":"es","@id":"https:\/\/infoecos.com.ar\/index.php\/fernandez-recorre-el-distrito-ayer-estuvo-en-beruti-y-hoy-va-a-30-de-agosto-y-girodias\/#primaryimage","url":"https:\/\/infoecos.com.ar\/wp-content\/uploads\/2023\/04\/fernan3082.jpg","contentUrl":"https:\/\/infoecos.com.ar\/wp-content\/uploads\/2023\/04\/fernan3082.jpg","width":1459,"height":1025},{"@type":"BreadcrumbList","@id":"https:\/\/infoecos.com.ar\/index.php\/fernandez-recorre-el-distrito-ayer-estuvo-en-beruti-y-hoy-va-a-30-de-agosto-y-girodias\/#breadcrumb","itemListElement":[{"@type":"ListItem","position":1,"name":"Portada","item":"https:\/\/infoecos.com.ar\/"},{"@type":"ListItem","position":2,"name":"Fern\u00e1ndez recorre el distrito: ayer estuvo en Beruti, y hoy va a 30 de Agosto y Girod\u00edas"}]},{"@type":"WebSite","@id":"https:\/\/infoecos.com.ar\/#website","url":"https:\/\/infoecos.com.ar\/","name":"Infoecos","description":"Noticias de trenque lauquen y la zona","publisher":{"@id":"https:\/\/infoecos.com.ar\/#organization"},"alternateName":"Noticias","potentialAction":[{"@type":"SearchAction","target":{"@type":"EntryPoint","urlTemplate":"https:\/\/infoecos.com.ar\/?s={search_term_string}"},"query-input":{"@type":"PropertyValueSpecification","valueRequired":true,"valueName":"search_term_string"}}],"inLanguage":"es"},{"@type":"Organization","@id":"https:\/\/infoecos.com.ar\/#organization","name":"Infoecos","alternateName":"Noticias","url":"https:\/\/infoecos.com.ar\/","logo":{"@type":"ImageObject","inLanguage":"es","@id":"https:\/\/infoecos.com.ar\/#\/schema\/logo\/image\/","url":"https:\/\/infoecos.com.ar\/wp-content\/uploads\/2024\/03\/cropped-logo.png","contentUrl":"https:\/\/infoecos.com.ar\/wp-content\/uploads\/2024\/03\/cropped-logo.png","width":374,"height":90,"caption":"Infoecos"},"image":{"@id":"https:\/\/infoecos.com.ar\/#\/schema\/logo\/image\/"},"sameAs":["https:\/\/www.facebook.com\/profile.php?id=100063200290284","https:\/\/x.com\/infoecos"]},{"@type":"Person","@id":"https:\/\/infoecos.com.ar\/#\/schema\/person\/8f5ace5ce73b4b4aac4b7245aee6f191","name":"Jorge Matheus","url":"https:\/\/infoecos.com.ar\/index.php\/author\/jomatheus\/"}]}},"featured_image_urls":{"full":["https:\/\/infoecos.com.ar\/wp-content\/uploads\/2023\/04\/fernan3082.jpg",1459,1025,false],"thumbnail":["https:\/\/infoecos.com.ar\/wp-content\/uploads\/2023\/04\/fernan3082-300x150.jpg",300,150,true],"medium":["https:\/\/infoecos.com.ar\/wp-content\/uploads\/2023\/04\/fernan3082-800x562.jpg",800,562,true],"medium_large":["https:\/\/infoecos.com.ar\/wp-content\/uploads\/2023\/04\/fernan3082-768x540.jpg",640,450,true],"large":["https:\/\/infoecos.com.ar\/wp-content\/uploads\/2023\/04\/fernan3082.jpg",640,450,false],"1536x1536":["https:\/\/infoecos.com.ar\/wp-content\/uploads\/2023\/04\/fernan3082.jpg",1459,1025,false],"2048x2048":["https:\/\/infoecos.com.ar\/wp-content\/uploads\/2023\/04\/fernan3082.jpg",1459,1025,false],"covernews-slider-full":["https:\/\/infoecos.com.ar\/wp-content\/uploads\/2023\/04\/fernan3082-1459x1020.jpg",1023,715,true],"covernews-slider-center":["https:\/\/infoecos.com.ar\/wp-content\/uploads\/2023\/04\/fernan3082-936x897.jpg",522,500,true],"covernews-featured":["https:\/\/infoecos.com.ar\/wp-content\/uploads\/2023\/04\/fernan3082-1024x719.jpg",1024,719,true],"covernews-medium":["https:\/\/infoecos.com.ar\/wp-content\/uploads\/2023\/04\/fernan3082-720x380.jpg",540,285,true],"covernews-medium-square":["https:\/\/infoecos.com.ar\/wp-content\/uploads\/2023\/04\/fernan3082-675x450.jpg",375,250,true]},"author_info":{"info":["Jorge Matheus"]},"category_info":"<a href=\"https:\/\/infoecos.com.ar\/index.php\/category\/inferior1\/\" rel=\"category tag\">Bloque inferior - 1<\/a>","tag_info":"Bloque inferior - 1","comment_count":"0","_links":{"self":[{"href":"https:\/\/infoecos.com.ar\/index.php\/wp-json\/wp\/v2\/posts\/104232"}],"collection":[{"href":"https:\/\/infoecos.com.ar\/index.php\/wp-json\/wp\/v2\/posts"}],"about":[{"href":"https:\/\/infoecos.com.ar\/index.php\/wp-json\/wp\/v2\/types\/post"}],"author":[{"embeddable":true,"href":"https:\/\/infoecos.com.ar\/index.php\/wp-json\/wp\/v2\/users\/2"}],"replies":[{"embeddable":true,"href":"https:\/\/infoecos.com.ar\/index.php\/wp-json\/wp\/v2\/comments?post=104232"}],"version-history":[{"count":1,"href":"https:\/\/infoecos.com.ar\/index.php\/wp-json\/wp\/v2\/posts\/104232\/revisions"}],"predecessor-version":[{"id":104238,"href":"https:\/\/infoecos.com.ar\/index.php\/wp-json\/wp\/v2\/posts\/104232\/revisions\/104238"}],"wp:featuredmedia":[{"embeddable":true,"href":"https:\/\/infoecos.com.ar\/index.php\/wp-json\/wp\/v2\/media\/104235"}],"wp:attachment":[{"href":"https:\/\/infoecos.com.ar\/index.php\/wp-json\/wp\/v2\/media?parent=104232"}],"wp:term":[{"taxonomy":"category","embeddable":true,"href":"https:\/\/infoecos.com.ar\/index.php\/wp-json\/wp\/v2\/categories?post=104232"},{"taxonomy":"post_tag","embeddable":true,"href":"https:\/\/infoecos.com.ar\/index.php\/wp-json\/wp\/v2\/tags?post=104232"}],"curies":[{"name":"wp","href":"https:\/\/api.w.org\/{rel}","templated":true}]}}