{"id":104282,"date":"2023-04-25T23:50:08","date_gmt":"2023-04-26T02:50:08","guid":{"rendered":"https:\/\/infoecos.com.ar\/?p=104282"},"modified":"2023-04-27T01:59:47","modified_gmt":"2023-04-27T04:59:47","slug":"revision-de-las-tarifas-de-luz-comienza-el-primero-de-junio","status":"publish","type":"post","link":"https:\/\/infoecos.com.ar\/index.php\/revision-de-las-tarifas-de-luz-comienza-el-primero-de-junio\/","title":{"rendered":"Revisi\u00f3n de las tarifas de luz: comienza el primero de Junio"},"content":{"rendered":"\n<p>El&nbsp;Ente Nacional Regulador de la Electricidad (ENRE)&nbsp;resolvi\u00f3 comenzar el primero de junio, seis meses antes de que finalice el mandato de Alberto Fern\u00e1ndez, con el proceso&nbsp;Revisi\u00f3n Tarifaria Integral (RTI)&nbsp;que determinar\u00e1 los aumentos&nbsp;en la tarifa de luz&nbsp;durante los pr\u00f3ximos cuatro a\u00f1os.<\/p>\n\n\n\n<figure class=\"wp-block-image aligncenter size-full\"><img decoding=\"async\" src=\"https:\/\/infoecos.com.ar\/wp-content\/uploads\/0007772338.jpg\" alt=\"\" class=\"wp-image-25192\"\/><figcaption class=\"wp-element-caption\">Energ\u00eda El\u00e9ctrica (archivo)<\/figcaption><\/figure>\n\n\n\n<p>Esta revisi\u00f3n establecer\u00e1 las alzas en las&nbsp;tarifas del servicio p\u00fablico de distribuci\u00f3n y de transporte de energ\u00eda el\u00e9ctrica para los pr\u00f3ximos cuatro a\u00f1os, del 2024 al 2028. As\u00ed lo establecieron las resoluciones 363\/2023 y 364\/2023 publicadas hoy en el Bolet\u00edn Oficial.<\/p>\n\n\n\n<p>En el caso del servicio de distribuci\u00f3n, la medida alcanza a las empresas&nbsp;<strong>Edenor y Edesur<\/strong>. Por otro lado, en transporte, las empresas afectadas son Transener, Transnoa, Transnea, <strong>Transba<\/strong>, Transpa, Distrocuyo, Transco y EPEN.<\/p>\n\n\n\n<p>Seg\u00fan destac\u00f3 el ENRE en un comunicado oficial, durante este proceso \u201cse determinar\u00e1n los nuevos par\u00e1metros de calidad de servicio para el pr\u00f3ximo quinquenio\u201d. Adem\u00e1s, destac\u00f3 que&nbsp;\u201clas tarifas no aumentar\u00e1n durante el resto de 2023\u2033.<\/p>\n\n\n\n<p><\/p>\n","protected":false},"excerpt":{"rendered":"<p>En transporte, las empresas afectadas son Transener, Transnoa, Transnea, Transba, Transpa, Distrocuyo, Transco y EPEN<\/p>\n","protected":false},"author":2,"featured_media":25192,"comment_status":"closed","ping_status":"open","sticky":false,"template":"","format":"standard","meta":{"footnotes":""},"categories":[40],"tags":[594],"class_list":["post-104282","post","type-post","status-publish","format-standard","has-post-thumbnail","hentry","category-inferior1","tag-servicios-publicos"],"yoast_head":"<!-- This site is optimized with the Yoast SEO plugin v23.4 - https:\/\/yoast.com\/wordpress\/plugins\/seo\/ -->\n<title>Revisi\u00f3n de las tarifas de luz: comienza el primero de Junio - Infoecos<\/title>\n<meta name=\"robots\" content=\"index, follow, max-snippet:-1, max-image-preview:large, max-video-preview:-1\" \/>\n<link rel=\"canonical\" href=\"https:\/\/infoecos.com.ar\/index.php\/revision-de-las-tarifas-de-luz-comienza-el-primero-de-junio\/\" \/>\n<meta property=\"og:locale\" content=\"es_ES\" \/>\n<meta property=\"og:type\" content=\"article\" \/>\n<meta property=\"og:title\" content=\"Revisi\u00f3n de las tarifas de luz: comienza el primero de Junio - Infoecos\" \/>\n<meta property=\"og:description\" content=\"En transporte, las empresas afectadas son Transener, Transnoa, Transnea, Transba, Transpa, Distrocuyo, Transco y EPEN\" \/>\n<meta property=\"og:url\" content=\"https:\/\/infoecos.com.ar\/index.php\/revision-de-las-tarifas-de-luz-comienza-el-primero-de-junio\/\" \/>\n<meta property=\"og:site_name\" content=\"Infoecos\" \/>\n<meta property=\"article:publisher\" content=\"https:\/\/www.facebook.com\/profile.php?id=100063200290284\" \/>\n<meta property=\"article:published_time\" content=\"2023-04-26T02:50:08+00:00\" \/>\n<meta property=\"article:modified_time\" content=\"2023-04-27T04:59:47+00:00\" \/>\n<meta property=\"og:image\" content=\"https:\/\/infoecos.com.ar\/wp-content\/uploads\/0007772338.jpg\" \/>\n\t<meta property=\"og:image:width\" content=\"642\" \/>\n\t<meta property=\"og:image:height\" content=\"361\" \/>\n\t<meta property=\"og:image:type\" content=\"image\/jpeg\" \/>\n<meta name=\"author\" content=\"Jorge Matheus\" \/>\n<meta name=\"twitter:card\" content=\"summary_large_image\" \/>\n<meta name=\"twitter:creator\" content=\"@infoecos\" \/>\n<meta name=\"twitter:site\" content=\"@infoecos\" \/>\n<meta name=\"twitter:label1\" content=\"Escrito por\" \/>\n\t<meta name=\"twitter:data1\" content=\"Jorge Matheus\" \/>\n\t<meta name=\"twitter:label2\" content=\"Tiempo de lectura\" \/>\n\t<meta name=\"twitter:data2\" content=\"1 minuto\" \/>\n<script type=\"application\/ld+json\" class=\"yoast-schema-graph\">{\"@context\":\"https:\/\/schema.org\",\"@graph\":[{\"@type\":\"Article\",\"@id\":\"https:\/\/infoecos.com.ar\/index.php\/revision-de-las-tarifas-de-luz-comienza-el-primero-de-junio\/#article\",\"isPartOf\":{\"@id\":\"https:\/\/infoecos.com.ar\/index.php\/revision-de-las-tarifas-de-luz-comienza-el-primero-de-junio\/\"},\"author\":{\"name\":\"Jorge Matheus\",\"@id\":\"https:\/\/infoecos.com.ar\/#\/schema\/person\/8f5ace5ce73b4b4aac4b7245aee6f191\"},\"headline\":\"Revisi\u00f3n de las tarifas de luz: comienza el primero de Junio\",\"datePublished\":\"2023-04-26T02:50:08+00:00\",\"dateModified\":\"2023-04-27T04:59:47+00:00\",\"mainEntityOfPage\":{\"@id\":\"https:\/\/infoecos.com.ar\/index.php\/revision-de-las-tarifas-de-luz-comienza-el-primero-de-junio\/\"},\"wordCount\":198,\"publisher\":{\"@id\":\"https:\/\/infoecos.com.ar\/#organization\"},\"image\":{\"@id\":\"https:\/\/infoecos.com.ar\/index.php\/revision-de-las-tarifas-de-luz-comienza-el-primero-de-junio\/#primaryimage\"},\"thumbnailUrl\":\"\",\"keywords\":[\"SERVICIOS P\u00daBLICOS\"],\"articleSection\":[\"Bloque inferior - 1\"],\"inLanguage\":\"es\"},{\"@type\":\"WebPage\",\"@id\":\"https:\/\/infoecos.com.ar\/index.php\/revision-de-las-tarifas-de-luz-comienza-el-primero-de-junio\/\",\"url\":\"https:\/\/infoecos.com.ar\/index.php\/revision-de-las-tarifas-de-luz-comienza-el-primero-de-junio\/\",\"name\":\"Revisi\u00f3n de las tarifas de luz: comienza el primero de Junio - Infoecos\",\"isPartOf\":{\"@id\":\"https:\/\/infoecos.com.ar\/#website\"},\"primaryImageOfPage\":{\"@id\":\"https:\/\/infoecos.com.ar\/index.php\/revision-de-las-tarifas-de-luz-comienza-el-primero-de-junio\/#primaryimage\"},\"image\":{\"@id\":\"https:\/\/infoecos.com.ar\/index.php\/revision-de-las-tarifas-de-luz-comienza-el-primero-de-junio\/#primaryimage\"},\"thumbnailUrl\":\"\",\"datePublished\":\"2023-04-26T02:50:08+00:00\",\"dateModified\":\"2023-04-27T04:59:47+00:00\",\"breadcrumb\":{\"@id\":\"https:\/\/infoecos.com.ar\/index.php\/revision-de-las-tarifas-de-luz-comienza-el-primero-de-junio\/#breadcrumb\"},\"inLanguage\":\"es\",\"potentialAction\":[{\"@type\":\"ReadAction\",\"target\":[\"https:\/\/infoecos.com.ar\/index.php\/revision-de-las-tarifas-de-luz-comienza-el-primero-de-junio\/\"]}]},{\"@type\":\"ImageObject\",\"inLanguage\":\"es\",\"@id\":\"https:\/\/infoecos.com.ar\/index.php\/revision-de-las-tarifas-de-luz-comienza-el-primero-de-junio\/#primaryimage\",\"url\":\"\",\"contentUrl\":\"\"},{\"@type\":\"BreadcrumbList\",\"@id\":\"https:\/\/infoecos.com.ar\/index.php\/revision-de-las-tarifas-de-luz-comienza-el-primero-de-junio\/#breadcrumb\",\"itemListElement\":[{\"@type\":\"ListItem\",\"position\":1,\"name\":\"Portada\",\"item\":\"https:\/\/infoecos.com.ar\/\"},{\"@type\":\"ListItem\",\"position\":2,\"name\":\"Revisi\u00f3n de las tarifas de luz: comienza el primero de Junio\"}]},{\"@type\":\"WebSite\",\"@id\":\"https:\/\/infoecos.com.ar\/#website\",\"url\":\"https:\/\/infoecos.com.ar\/\",\"name\":\"Infoecos\",\"description\":\"Noticias de trenque lauquen y la zona\",\"publisher\":{\"@id\":\"https:\/\/infoecos.com.ar\/#organization\"},\"alternateName\":\"Noticias\",\"potentialAction\":[{\"@type\":\"SearchAction\",\"target\":{\"@type\":\"EntryPoint\",\"urlTemplate\":\"https:\/\/infoecos.com.ar\/?s={search_term_string}\"},\"query-input\":{\"@type\":\"PropertyValueSpecification\",\"valueRequired\":true,\"valueName\":\"search_term_string\"}}],\"inLanguage\":\"es\"},{\"@type\":\"Organization\",\"@id\":\"https:\/\/infoecos.com.ar\/#organization\",\"name\":\"Infoecos\",\"alternateName\":\"Noticias\",\"url\":\"https:\/\/infoecos.com.ar\/\",\"logo\":{\"@type\":\"ImageObject\",\"inLanguage\":\"es\",\"@id\":\"https:\/\/infoecos.com.ar\/#\/schema\/logo\/image\/\",\"url\":\"https:\/\/infoecos.com.ar\/wp-content\/uploads\/2024\/03\/cropped-logo.png\",\"contentUrl\":\"https:\/\/infoecos.com.ar\/wp-content\/uploads\/2024\/03\/cropped-logo.png\",\"width\":374,\"height\":90,\"caption\":\"Infoecos\"},\"image\":{\"@id\":\"https:\/\/infoecos.com.ar\/#\/schema\/logo\/image\/\"},\"sameAs\":[\"https:\/\/www.facebook.com\/profile.php?id=100063200290284\",\"https:\/\/x.com\/infoecos\"]},{\"@type\":\"Person\",\"@id\":\"https:\/\/infoecos.com.ar\/#\/schema\/person\/8f5ace5ce73b4b4aac4b7245aee6f191\",\"name\":\"Jorge Matheus\",\"url\":\"https:\/\/infoecos.com.ar\/index.php\/author\/jomatheus\/\"}]}<\/script>\n<!-- \/ Yoast SEO plugin. -->","yoast_head_json":{"title":"Revisi\u00f3n de las tarifas de luz: comienza el primero de Junio - Infoecos","robots":{"index":"index","follow":"follow","max-snippet":"max-snippet:-1","max-image-preview":"max-image-preview:large","max-video-preview":"max-video-preview:-1"},"canonical":"https:\/\/infoecos.com.ar\/index.php\/revision-de-las-tarifas-de-luz-comienza-el-primero-de-junio\/","og_locale":"es_ES","og_type":"article","og_title":"Revisi\u00f3n de las tarifas de luz: comienza el primero de Junio - Infoecos","og_description":"En transporte, las empresas afectadas son Transener, Transnoa, Transnea, Transba, Transpa, Distrocuyo, Transco y EPEN","og_url":"https:\/\/infoecos.com.ar\/index.php\/revision-de-las-tarifas-de-luz-comienza-el-primero-de-junio\/","og_site_name":"Infoecos","article_publisher":"https:\/\/www.facebook.com\/profile.php?id=100063200290284","article_published_time":"2023-04-26T02:50:08+00:00","article_modified_time":"2023-04-27T04:59:47+00:00","og_image":[{"width":642,"height":361,"url":"https:\/\/infoecos.com.ar\/wp-content\/uploads\/0007772338.jpg","type":"image\/jpeg"}],"author":"Jorge Matheus","twitter_card":"summary_large_image","twitter_creator":"@infoecos","twitter_site":"@infoecos","twitter_misc":{"Escrito por":"Jorge Matheus","Tiempo de lectura":"1 minuto"},"schema":{"@context":"https:\/\/schema.org","@graph":[{"@type":"Article","@id":"https:\/\/infoecos.com.ar\/index.php\/revision-de-las-tarifas-de-luz-comienza-el-primero-de-junio\/#article","isPartOf":{"@id":"https:\/\/infoecos.com.ar\/index.php\/revision-de-las-tarifas-de-luz-comienza-el-primero-de-junio\/"},"author":{"name":"Jorge Matheus","@id":"https:\/\/infoecos.com.ar\/#\/schema\/person\/8f5ace5ce73b4b4aac4b7245aee6f191"},"headline":"Revisi\u00f3n de las tarifas de luz: comienza el primero de Junio","datePublished":"2023-04-26T02:50:08+00:00","dateModified":"2023-04-27T04:59:47+00:00","mainEntityOfPage":{"@id":"https:\/\/infoecos.com.ar\/index.php\/revision-de-las-tarifas-de-luz-comienza-el-primero-de-junio\/"},"wordCount":198,"publisher":{"@id":"https:\/\/infoecos.com.ar\/#organization"},"image":{"@id":"https:\/\/infoecos.com.ar\/index.php\/revision-de-las-tarifas-de-luz-comienza-el-primero-de-junio\/#primaryimage"},"thumbnailUrl":"","keywords":["SERVICIOS P\u00daBLICOS"],"articleSection":["Bloque inferior - 1"],"inLanguage":"es"},{"@type":"WebPage","@id":"https:\/\/infoecos.com.ar\/index.php\/revision-de-las-tarifas-de-luz-comienza-el-primero-de-junio\/","url":"https:\/\/infoecos.com.ar\/index.php\/revision-de-las-tarifas-de-luz-comienza-el-primero-de-junio\/","name":"Revisi\u00f3n de las tarifas de luz: comienza el primero de Junio - Infoecos","isPartOf":{"@id":"https:\/\/infoecos.com.ar\/#website"},"primaryImageOfPage":{"@id":"https:\/\/infoecos.com.ar\/index.php\/revision-de-las-tarifas-de-luz-comienza-el-primero-de-junio\/#primaryimage"},"image":{"@id":"https:\/\/infoecos.com.ar\/index.php\/revision-de-las-tarifas-de-luz-comienza-el-primero-de-junio\/#primaryimage"},"thumbnailUrl":"","datePublished":"2023-04-26T02:50:08+00:00","dateModified":"2023-04-27T04:59:47+00:00","breadcrumb":{"@id":"https:\/\/infoecos.com.ar\/index.php\/revision-de-las-tarifas-de-luz-comienza-el-primero-de-junio\/#breadcrumb"},"inLanguage":"es","potentialAction":[{"@type":"ReadAction","target":["https:\/\/infoecos.com.ar\/index.php\/revision-de-las-tarifas-de-luz-comienza-el-primero-de-junio\/"]}]},{"@type":"ImageObject","inLanguage":"es","@id":"https:\/\/infoecos.com.ar\/index.php\/revision-de-las-tarifas-de-luz-comienza-el-primero-de-junio\/#primaryimage","url":"","contentUrl":""},{"@type":"BreadcrumbList","@id":"https:\/\/infoecos.com.ar\/index.php\/revision-de-las-tarifas-de-luz-comienza-el-primero-de-junio\/#breadcrumb","itemListElement":[{"@type":"ListItem","position":1,"name":"Portada","item":"https:\/\/infoecos.com.ar\/"},{"@type":"ListItem","position":2,"name":"Revisi\u00f3n de las tarifas de luz: comienza el primero de Junio"}]},{"@type":"WebSite","@id":"https:\/\/infoecos.com.ar\/#website","url":"https:\/\/infoecos.com.ar\/","name":"Infoecos","description":"Noticias de trenque lauquen y la zona","publisher":{"@id":"https:\/\/infoecos.com.ar\/#organization"},"alternateName":"Noticias","potentialAction":[{"@type":"SearchAction","target":{"@type":"EntryPoint","urlTemplate":"https:\/\/infoecos.com.ar\/?s={search_term_string}"},"query-input":{"@type":"PropertyValueSpecification","valueRequired":true,"valueName":"search_term_string"}}],"inLanguage":"es"},{"@type":"Organization","@id":"https:\/\/infoecos.com.ar\/#organization","name":"Infoecos","alternateName":"Noticias","url":"https:\/\/infoecos.com.ar\/","logo":{"@type":"ImageObject","inLanguage":"es","@id":"https:\/\/infoecos.com.ar\/#\/schema\/logo\/image\/","url":"https:\/\/infoecos.com.ar\/wp-content\/uploads\/2024\/03\/cropped-logo.png","contentUrl":"https:\/\/infoecos.com.ar\/wp-content\/uploads\/2024\/03\/cropped-logo.png","width":374,"height":90,"caption":"Infoecos"},"image":{"@id":"https:\/\/infoecos.com.ar\/#\/schema\/logo\/image\/"},"sameAs":["https:\/\/www.facebook.com\/profile.php?id=100063200290284","https:\/\/x.com\/infoecos"]},{"@type":"Person","@id":"https:\/\/infoecos.com.ar\/#\/schema\/person\/8f5ace5ce73b4b4aac4b7245aee6f191","name":"Jorge Matheus","url":"https:\/\/infoecos.com.ar\/index.php\/author\/jomatheus\/"}]}},"featured_image_urls":{"full":"","thumbnail":"","medium":"","medium_large":"","large":"","1536x1536":"","2048x2048":"","covernews-slider-full":"","covernews-slider-center":"","covernews-featured":"","covernews-medium":"","covernews-medium-square":""},"author_info":{"info":["Jorge Matheus"]},"category_info":"<a href=\"https:\/\/infoecos.com.ar\/index.php\/category\/inferior1\/\" rel=\"category tag\">Bloque inferior - 1<\/a>","tag_info":"Bloque inferior - 1","comment_count":"0","_links":{"self":[{"href":"https:\/\/infoecos.com.ar\/index.php\/wp-json\/wp\/v2\/posts\/104282"}],"collection":[{"href":"https:\/\/infoecos.com.ar\/index.php\/wp-json\/wp\/v2\/posts"}],"about":[{"href":"https:\/\/infoecos.com.ar\/index.php\/wp-json\/wp\/v2\/types\/post"}],"author":[{"embeddable":true,"href":"https:\/\/infoecos.com.ar\/index.php\/wp-json\/wp\/v2\/users\/2"}],"replies":[{"embeddable":true,"href":"https:\/\/infoecos.com.ar\/index.php\/wp-json\/wp\/v2\/comments?post=104282"}],"version-history":[{"count":2,"href":"https:\/\/infoecos.com.ar\/index.php\/wp-json\/wp\/v2\/posts\/104282\/revisions"}],"predecessor-version":[{"id":104356,"href":"https:\/\/infoecos.com.ar\/index.php\/wp-json\/wp\/v2\/posts\/104282\/revisions\/104356"}],"wp:featuredmedia":[{"embeddable":true,"href":"https:\/\/infoecos.com.ar\/index.php\/wp-json\/"}],"wp:attachment":[{"href":"https:\/\/infoecos.com.ar\/index.php\/wp-json\/wp\/v2\/media?parent=104282"}],"wp:term":[{"taxonomy":"category","embeddable":true,"href":"https:\/\/infoecos.com.ar\/index.php\/wp-json\/wp\/v2\/categories?post=104282"},{"taxonomy":"post_tag","embeddable":true,"href":"https:\/\/infoecos.com.ar\/index.php\/wp-json\/wp\/v2\/tags?post=104282"}],"curies":[{"name":"wp","href":"https:\/\/api.w.org\/{rel}","templated":true}]}}