{"id":104296,"date":"2023-04-26T03:44:22","date_gmt":"2023-04-26T06:44:22","guid":{"rendered":"https:\/\/infoecos.com.ar\/?p=104296"},"modified":"2023-04-26T03:44:23","modified_gmt":"2023-04-26T06:44:23","slug":"inauguraron-la-puesta-en-valor-y-reformas-de-la-plaza-de-el-triunfo","status":"publish","type":"post","link":"https:\/\/infoecos.com.ar\/index.php\/inauguraron-la-puesta-en-valor-y-reformas-de-la-plaza-de-el-triunfo\/","title":{"rendered":"Inauguraron la puesta en valor y reformas de la plaza de El Triunfo"},"content":{"rendered":"\n<p>Se realiz\u00f3 el acto de inauguraci\u00f3n de la obra de puesta en valor y reformas que se concretaron mediante una inversi\u00f3n de unos $10.000.000 con fondos municipales, de la Plaza de la localidad de El Triunfo, en el distrito de Lincoln.<\/p>\n\n\n\n<figure class=\"wp-block-image aligncenter size-large is-resized\"><img loading=\"lazy\" decoding=\"async\" src=\"https:\/\/infoecos.com.ar\/wp-content\/uploads\/2023\/04\/CLERICI-PLAZA-ET-2-1600x1067.jpg\" alt=\"\" class=\"wp-image-104297\" width=\"543\" height=\"362\" srcset=\"https:\/\/infoecos.com.ar\/wp-content\/uploads\/2023\/04\/CLERICI-PLAZA-ET-2-1600x1067.jpg 1600w, https:\/\/infoecos.com.ar\/wp-content\/uploads\/2023\/04\/CLERICI-PLAZA-ET-2-800x533.jpg 800w, https:\/\/infoecos.com.ar\/wp-content\/uploads\/2023\/04\/CLERICI-PLAZA-ET-2-768x512.jpg 768w, https:\/\/infoecos.com.ar\/wp-content\/uploads\/2023\/04\/CLERICI-PLAZA-ET-2-1536x1020.jpg 1536w, https:\/\/infoecos.com.ar\/wp-content\/uploads\/2023\/04\/CLERICI-PLAZA-ET-2-1024x683.jpg 1024w, https:\/\/infoecos.com.ar\/wp-content\/uploads\/2023\/04\/CLERICI-PLAZA-ET-2-675x450.jpg 675w, https:\/\/infoecos.com.ar\/wp-content\/uploads\/2023\/04\/CLERICI-PLAZA-ET-2.jpg 2040w\" sizes=\"(max-width: 543px) 100vw, 543px\" \/><\/figure>\n\n\n\n<p>El intendente Salvador Serenal -junto al delegado municipal Sergio Blanco- encabez\u00f3 un acto donde se hizo referencia a los trabajos que se realizaron para dotar con mejores instalaciones y refuncionalizar la plaza Remedios de Escalada de San Martin. \u201cEsta es una obra que se hizo con mucho esfuerzo y con fondos propios, fondos que son de todos los vecinos, por eso es importante que los vean reflejado en hechos, en obras que tambi\u00e9n llegan a las localidades y que hacen a la calidad de vida de los habitantes de una localidad\u201d, sostuvo el intendente Serenal.<\/p>\n\n\n\n<figure class=\"wp-block-image aligncenter size-large is-resized\"><img loading=\"lazy\" decoding=\"async\" src=\"https:\/\/infoecos.com.ar\/wp-content\/uploads\/2023\/04\/CLERICI-PLAZA-ET-8-1600x1067.jpg\" alt=\"\" class=\"wp-image-104298\" width=\"534\" height=\"357\" srcset=\"https:\/\/infoecos.com.ar\/wp-content\/uploads\/2023\/04\/CLERICI-PLAZA-ET-8-1600x1067.jpg 1600w, https:\/\/infoecos.com.ar\/wp-content\/uploads\/2023\/04\/CLERICI-PLAZA-ET-8-800x533.jpg 800w, https:\/\/infoecos.com.ar\/wp-content\/uploads\/2023\/04\/CLERICI-PLAZA-ET-8-768x512.jpg 768w, https:\/\/infoecos.com.ar\/wp-content\/uploads\/2023\/04\/CLERICI-PLAZA-ET-8-1536x1024.jpg 1536w, https:\/\/infoecos.com.ar\/wp-content\/uploads\/2023\/04\/CLERICI-PLAZA-ET-8-1024x683.jpg 1024w, https:\/\/infoecos.com.ar\/wp-content\/uploads\/2023\/04\/CLERICI-PLAZA-ET-8-675x450.jpg 675w, https:\/\/infoecos.com.ar\/wp-content\/uploads\/2023\/04\/CLERICI-PLAZA-ET-8.jpg 2040w\" sizes=\"(max-width: 534px) 100vw, 534px\" \/><\/figure>\n\n\n\n<p>Por otro lado, el delegado Sergio Blanco mencion\u00f3 que esta era una obra muy esperada por todos y agradeci\u00f3 el trabajo y la dedicaci\u00f3n de las distintas \u00e1reas del municipio que posibilitaron su concreci\u00f3n. Adem\u00e1s, Blanco agradeci\u00f3 a la Cooperativa El\u00e9ctrica que, en los pr\u00f3ximos d\u00edas, instalar\u00e1 el servicio de WiFi libre en la plaza y remarc\u00f3 que este es un espacio que \u201ctenemos para disfrutar y que tambi\u00e9n debemos cuidar entre todos\u201d.<\/p>\n\n\n\n<p>Luego del corte de cinta simb\u00f3lico, Elida -vecina del barrio- hizo uso de la palabra y dijo: \u201cHoy El Triunfo est\u00e1 de fiesta porque toda vez que se inaugura una obra p\u00fablica significa la reafirmaci\u00f3n de la identidad local y urban\u00edstica que hace a la calidad de vida de sus habitantes\u201d.<\/p>\n\n\n\n<figure class=\"wp-block-image aligncenter size-large is-resized\"><img loading=\"lazy\" decoding=\"async\" src=\"https:\/\/infoecos.com.ar\/wp-content\/uploads\/2023\/04\/CLERICI-PLAZA-ET-36-1600x1067.jpg\" alt=\"\" class=\"wp-image-104299\" width=\"479\" height=\"320\" srcset=\"https:\/\/infoecos.com.ar\/wp-content\/uploads\/2023\/04\/CLERICI-PLAZA-ET-36-1600x1067.jpg 1600w, https:\/\/infoecos.com.ar\/wp-content\/uploads\/2023\/04\/CLERICI-PLAZA-ET-36-800x533.jpg 800w, https:\/\/infoecos.com.ar\/wp-content\/uploads\/2023\/04\/CLERICI-PLAZA-ET-36-768x512.jpg 768w, https:\/\/infoecos.com.ar\/wp-content\/uploads\/2023\/04\/CLERICI-PLAZA-ET-36-1536x1024.jpg 1536w, https:\/\/infoecos.com.ar\/wp-content\/uploads\/2023\/04\/CLERICI-PLAZA-ET-36-1024x683.jpg 1024w, https:\/\/infoecos.com.ar\/wp-content\/uploads\/2023\/04\/CLERICI-PLAZA-ET-36-675x450.jpg 675w, https:\/\/infoecos.com.ar\/wp-content\/uploads\/2023\/04\/CLERICI-PLAZA-ET-36.jpg 2040w\" sizes=\"(max-width: 479px) 100vw, 479px\" \/><\/figure>\n\n\n\n<p>Participaron del acto junto al intendente Salvador Serenal, el secretario de Obras y Servicios P\u00fablicos, Roberto Cosentino; secretarios e integrantes del Departamento Ejecutivo; concejales; representantes de instituciones intermedias y vecinos. Cabe mencionar que, durante la tarde, distintas agrupaciones musicales se sumaron al festejo con la participaci\u00f3n de de artistas locales, bailes tradicionales, servicio cantina y una gran concurrencia de familias triunfenses.<\/p>\n\n\n\n<figure class=\"wp-block-image aligncenter size-large is-resized\"><img loading=\"lazy\" decoding=\"async\" src=\"https:\/\/infoecos.com.ar\/wp-content\/uploads\/2023\/04\/CLERICI-PLAZA-ET-55-1600x1067.jpg\" alt=\"\" class=\"wp-image-104300\" width=\"471\" height=\"314\" srcset=\"https:\/\/infoecos.com.ar\/wp-content\/uploads\/2023\/04\/CLERICI-PLAZA-ET-55-1600x1067.jpg 1600w, https:\/\/infoecos.com.ar\/wp-content\/uploads\/2023\/04\/CLERICI-PLAZA-ET-55-800x533.jpg 800w, https:\/\/infoecos.com.ar\/wp-content\/uploads\/2023\/04\/CLERICI-PLAZA-ET-55-768x512.jpg 768w, https:\/\/infoecos.com.ar\/wp-content\/uploads\/2023\/04\/CLERICI-PLAZA-ET-55-1536x1020.jpg 1536w, https:\/\/infoecos.com.ar\/wp-content\/uploads\/2023\/04\/CLERICI-PLAZA-ET-55-1024x683.jpg 1024w, https:\/\/infoecos.com.ar\/wp-content\/uploads\/2023\/04\/CLERICI-PLAZA-ET-55-675x450.jpg 675w, https:\/\/infoecos.com.ar\/wp-content\/uploads\/2023\/04\/CLERICI-PLAZA-ET-55.jpg 2040w\" sizes=\"(max-width: 471px) 100vw, 471px\" \/><\/figure>\n\n\n\n<p><strong>LA OBRA<\/strong><\/p>\n\n\n\n<p>La restauraci\u00f3n y modernizaci\u00f3n integral de la plaza \u201cRemedios de Escalada de San Mart\u00edn\u201d de El Triunfo se ejecut\u00f3 por etapas y se llev\u00f3 a cabo con fondos municipales mediante la inversi\u00f3n de $10.000.000. La reforma implic\u00f3 el nivelado total del suelo de la plaza; la restauraci\u00f3n con nuevo hormigonado de las veredas perif\u00e9ricas y accesos internos; la colocaci\u00f3n de juegos de primera infancia; la construcci\u00f3n de una cancha de f\u00fatbol-tenis; la colocaci\u00f3n de bancos, mesas y cestos de basura; la renovaci\u00f3n del sistema el\u00e9ctrico y la instalaci\u00f3n de unas 30 farolas con luz LED. &nbsp;<\/p>\n","protected":false},"excerpt":{"rendered":"<p>Se llev\u00f3 a cabo con fondos municipales mediante la inversi\u00f3n de $10.000.000<\/p>\n","protected":false},"author":2,"featured_media":104300,"comment_status":"closed","ping_status":"open","sticky":false,"template":"","format":"standard","meta":{"footnotes":""},"categories":[47],"tags":[3068],"class_list":["post-104296","post","type-post","status-publish","format-standard","has-post-thumbnail","hentry","category-c3nota2","tag-distrito-de-lincoln"],"yoast_head":"<!-- This site is optimized with the Yoast SEO plugin v23.4 - https:\/\/yoast.com\/wordpress\/plugins\/seo\/ -->\n<title>Inauguraron la puesta en valor y reformas de la plaza de El Triunfo - Infoecos<\/title>\n<meta name=\"robots\" content=\"index, follow, max-snippet:-1, max-image-preview:large, max-video-preview:-1\" \/>\n<link rel=\"canonical\" href=\"https:\/\/infoecos.com.ar\/index.php\/inauguraron-la-puesta-en-valor-y-reformas-de-la-plaza-de-el-triunfo\/\" \/>\n<meta property=\"og:locale\" content=\"es_ES\" \/>\n<meta property=\"og:type\" content=\"article\" \/>\n<meta property=\"og:title\" content=\"Inauguraron la puesta en valor y reformas de la plaza de El Triunfo - Infoecos\" \/>\n<meta property=\"og:description\" content=\"Se llev\u00f3 a cabo con fondos municipales mediante la inversi\u00f3n de $10.000.000\" \/>\n<meta property=\"og:url\" content=\"https:\/\/infoecos.com.ar\/index.php\/inauguraron-la-puesta-en-valor-y-reformas-de-la-plaza-de-el-triunfo\/\" \/>\n<meta property=\"og:site_name\" content=\"Infoecos\" \/>\n<meta property=\"article:publisher\" content=\"https:\/\/www.facebook.com\/profile.php?id=100063200290284\" \/>\n<meta property=\"article:published_time\" content=\"2023-04-26T06:44:22+00:00\" \/>\n<meta property=\"article:modified_time\" content=\"2023-04-26T06:44:23+00:00\" \/>\n<meta property=\"og:image\" content=\"https:\/\/infoecos.com.ar\/wp-content\/uploads\/2023\/04\/CLERICI-PLAZA-ET-55-1600x1067.jpg\" \/>\n\t<meta property=\"og:image:width\" content=\"1600\" \/>\n\t<meta property=\"og:image:height\" content=\"1067\" \/>\n\t<meta property=\"og:image:type\" content=\"image\/jpeg\" \/>\n<meta name=\"author\" content=\"Jorge Matheus\" \/>\n<meta name=\"twitter:card\" content=\"summary_large_image\" \/>\n<meta name=\"twitter:creator\" content=\"@infoecos\" \/>\n<meta name=\"twitter:site\" content=\"@infoecos\" \/>\n<meta name=\"twitter:label1\" content=\"Escrito por\" \/>\n\t<meta name=\"twitter:data1\" content=\"Jorge Matheus\" \/>\n\t<meta name=\"twitter:label2\" content=\"Tiempo de lectura\" \/>\n\t<meta name=\"twitter:data2\" content=\"3 minutos\" \/>\n<script type=\"application\/ld+json\" class=\"yoast-schema-graph\">{\"@context\":\"https:\/\/schema.org\",\"@graph\":[{\"@type\":\"Article\",\"@id\":\"https:\/\/infoecos.com.ar\/index.php\/inauguraron-la-puesta-en-valor-y-reformas-de-la-plaza-de-el-triunfo\/#article\",\"isPartOf\":{\"@id\":\"https:\/\/infoecos.com.ar\/index.php\/inauguraron-la-puesta-en-valor-y-reformas-de-la-plaza-de-el-triunfo\/\"},\"author\":{\"name\":\"Jorge Matheus\",\"@id\":\"https:\/\/infoecos.com.ar\/#\/schema\/person\/8f5ace5ce73b4b4aac4b7245aee6f191\"},\"headline\":\"Inauguraron la puesta en valor y reformas de la plaza de El Triunfo\",\"datePublished\":\"2023-04-26T06:44:22+00:00\",\"dateModified\":\"2023-04-26T06:44:23+00:00\",\"mainEntityOfPage\":{\"@id\":\"https:\/\/infoecos.com.ar\/index.php\/inauguraron-la-puesta-en-valor-y-reformas-de-la-plaza-de-el-triunfo\/\"},\"wordCount\":458,\"publisher\":{\"@id\":\"https:\/\/infoecos.com.ar\/#organization\"},\"image\":{\"@id\":\"https:\/\/infoecos.com.ar\/index.php\/inauguraron-la-puesta-en-valor-y-reformas-de-la-plaza-de-el-triunfo\/#primaryimage\"},\"thumbnailUrl\":\"https:\/\/infoecos.com.ar\/wp-content\/uploads\/2023\/04\/CLERICI-PLAZA-ET-55.jpg\",\"keywords\":[\"DISTRITO DE LINCOLN\"],\"articleSection\":[\"C3 N2\"],\"inLanguage\":\"es\"},{\"@type\":\"WebPage\",\"@id\":\"https:\/\/infoecos.com.ar\/index.php\/inauguraron-la-puesta-en-valor-y-reformas-de-la-plaza-de-el-triunfo\/\",\"url\":\"https:\/\/infoecos.com.ar\/index.php\/inauguraron-la-puesta-en-valor-y-reformas-de-la-plaza-de-el-triunfo\/\",\"name\":\"Inauguraron la puesta en valor y reformas de la plaza de El Triunfo - Infoecos\",\"isPartOf\":{\"@id\":\"https:\/\/infoecos.com.ar\/#website\"},\"primaryImageOfPage\":{\"@id\":\"https:\/\/infoecos.com.ar\/index.php\/inauguraron-la-puesta-en-valor-y-reformas-de-la-plaza-de-el-triunfo\/#primaryimage\"},\"image\":{\"@id\":\"https:\/\/infoecos.com.ar\/index.php\/inauguraron-la-puesta-en-valor-y-reformas-de-la-plaza-de-el-triunfo\/#primaryimage\"},\"thumbnailUrl\":\"https:\/\/infoecos.com.ar\/wp-content\/uploads\/2023\/04\/CLERICI-PLAZA-ET-55.jpg\",\"datePublished\":\"2023-04-26T06:44:22+00:00\",\"dateModified\":\"2023-04-26T06:44:23+00:00\",\"breadcrumb\":{\"@id\":\"https:\/\/infoecos.com.ar\/index.php\/inauguraron-la-puesta-en-valor-y-reformas-de-la-plaza-de-el-triunfo\/#breadcrumb\"},\"inLanguage\":\"es\",\"potentialAction\":[{\"@type\":\"ReadAction\",\"target\":[\"https:\/\/infoecos.com.ar\/index.php\/inauguraron-la-puesta-en-valor-y-reformas-de-la-plaza-de-el-triunfo\/\"]}]},{\"@type\":\"ImageObject\",\"inLanguage\":\"es\",\"@id\":\"https:\/\/infoecos.com.ar\/index.php\/inauguraron-la-puesta-en-valor-y-reformas-de-la-plaza-de-el-triunfo\/#primaryimage\",\"url\":\"https:\/\/infoecos.com.ar\/wp-content\/uploads\/2023\/04\/CLERICI-PLAZA-ET-55.jpg\",\"contentUrl\":\"https:\/\/infoecos.com.ar\/wp-content\/uploads\/2023\/04\/CLERICI-PLAZA-ET-55.jpg\",\"width\":2040,\"height\":1360},{\"@type\":\"BreadcrumbList\",\"@id\":\"https:\/\/infoecos.com.ar\/index.php\/inauguraron-la-puesta-en-valor-y-reformas-de-la-plaza-de-el-triunfo\/#breadcrumb\",\"itemListElement\":[{\"@type\":\"ListItem\",\"position\":1,\"name\":\"Portada\",\"item\":\"https:\/\/infoecos.com.ar\/\"},{\"@type\":\"ListItem\",\"position\":2,\"name\":\"Inauguraron la puesta en valor y reformas de la plaza de El Triunfo\"}]},{\"@type\":\"WebSite\",\"@id\":\"https:\/\/infoecos.com.ar\/#website\",\"url\":\"https:\/\/infoecos.com.ar\/\",\"name\":\"Infoecos\",\"description\":\"Noticias de trenque lauquen y la zona\",\"publisher\":{\"@id\":\"https:\/\/infoecos.com.ar\/#organization\"},\"alternateName\":\"Noticias\",\"potentialAction\":[{\"@type\":\"SearchAction\",\"target\":{\"@type\":\"EntryPoint\",\"urlTemplate\":\"https:\/\/infoecos.com.ar\/?s={search_term_string}\"},\"query-input\":{\"@type\":\"PropertyValueSpecification\",\"valueRequired\":true,\"valueName\":\"search_term_string\"}}],\"inLanguage\":\"es\"},{\"@type\":\"Organization\",\"@id\":\"https:\/\/infoecos.com.ar\/#organization\",\"name\":\"Infoecos\",\"alternateName\":\"Noticias\",\"url\":\"https:\/\/infoecos.com.ar\/\",\"logo\":{\"@type\":\"ImageObject\",\"inLanguage\":\"es\",\"@id\":\"https:\/\/infoecos.com.ar\/#\/schema\/logo\/image\/\",\"url\":\"https:\/\/infoecos.com.ar\/wp-content\/uploads\/2024\/03\/cropped-logo.png\",\"contentUrl\":\"https:\/\/infoecos.com.ar\/wp-content\/uploads\/2024\/03\/cropped-logo.png\",\"width\":374,\"height\":90,\"caption\":\"Infoecos\"},\"image\":{\"@id\":\"https:\/\/infoecos.com.ar\/#\/schema\/logo\/image\/\"},\"sameAs\":[\"https:\/\/www.facebook.com\/profile.php?id=100063200290284\",\"https:\/\/x.com\/infoecos\"]},{\"@type\":\"Person\",\"@id\":\"https:\/\/infoecos.com.ar\/#\/schema\/person\/8f5ace5ce73b4b4aac4b7245aee6f191\",\"name\":\"Jorge Matheus\",\"url\":\"https:\/\/infoecos.com.ar\/index.php\/author\/jomatheus\/\"}]}<\/script>\n<!-- \/ Yoast SEO plugin. -->","yoast_head_json":{"title":"Inauguraron la puesta en valor y reformas de la plaza de El Triunfo - Infoecos","robots":{"index":"index","follow":"follow","max-snippet":"max-snippet:-1","max-image-preview":"max-image-preview:large","max-video-preview":"max-video-preview:-1"},"canonical":"https:\/\/infoecos.com.ar\/index.php\/inauguraron-la-puesta-en-valor-y-reformas-de-la-plaza-de-el-triunfo\/","og_locale":"es_ES","og_type":"article","og_title":"Inauguraron la puesta en valor y reformas de la plaza de El Triunfo - Infoecos","og_description":"Se llev\u00f3 a cabo con fondos municipales mediante la inversi\u00f3n de $10.000.000","og_url":"https:\/\/infoecos.com.ar\/index.php\/inauguraron-la-puesta-en-valor-y-reformas-de-la-plaza-de-el-triunfo\/","og_site_name":"Infoecos","article_publisher":"https:\/\/www.facebook.com\/profile.php?id=100063200290284","article_published_time":"2023-04-26T06:44:22+00:00","article_modified_time":"2023-04-26T06:44:23+00:00","og_image":[{"width":1600,"height":1067,"url":"https:\/\/infoecos.com.ar\/wp-content\/uploads\/2023\/04\/CLERICI-PLAZA-ET-55-1600x1067.jpg","type":"image\/jpeg"}],"author":"Jorge Matheus","twitter_card":"summary_large_image","twitter_creator":"@infoecos","twitter_site":"@infoecos","twitter_misc":{"Escrito por":"Jorge Matheus","Tiempo de lectura":"3 minutos"},"schema":{"@context":"https:\/\/schema.org","@graph":[{"@type":"Article","@id":"https:\/\/infoecos.com.ar\/index.php\/inauguraron-la-puesta-en-valor-y-reformas-de-la-plaza-de-el-triunfo\/#article","isPartOf":{"@id":"https:\/\/infoecos.com.ar\/index.php\/inauguraron-la-puesta-en-valor-y-reformas-de-la-plaza-de-el-triunfo\/"},"author":{"name":"Jorge Matheus","@id":"https:\/\/infoecos.com.ar\/#\/schema\/person\/8f5ace5ce73b4b4aac4b7245aee6f191"},"headline":"Inauguraron la puesta en valor y reformas de la plaza de El Triunfo","datePublished":"2023-04-26T06:44:22+00:00","dateModified":"2023-04-26T06:44:23+00:00","mainEntityOfPage":{"@id":"https:\/\/infoecos.com.ar\/index.php\/inauguraron-la-puesta-en-valor-y-reformas-de-la-plaza-de-el-triunfo\/"},"wordCount":458,"publisher":{"@id":"https:\/\/infoecos.com.ar\/#organization"},"image":{"@id":"https:\/\/infoecos.com.ar\/index.php\/inauguraron-la-puesta-en-valor-y-reformas-de-la-plaza-de-el-triunfo\/#primaryimage"},"thumbnailUrl":"https:\/\/infoecos.com.ar\/wp-content\/uploads\/2023\/04\/CLERICI-PLAZA-ET-55.jpg","keywords":["DISTRITO DE LINCOLN"],"articleSection":["C3 N2"],"inLanguage":"es"},{"@type":"WebPage","@id":"https:\/\/infoecos.com.ar\/index.php\/inauguraron-la-puesta-en-valor-y-reformas-de-la-plaza-de-el-triunfo\/","url":"https:\/\/infoecos.com.ar\/index.php\/inauguraron-la-puesta-en-valor-y-reformas-de-la-plaza-de-el-triunfo\/","name":"Inauguraron la puesta en valor y reformas de la plaza de El Triunfo - Infoecos","isPartOf":{"@id":"https:\/\/infoecos.com.ar\/#website"},"primaryImageOfPage":{"@id":"https:\/\/infoecos.com.ar\/index.php\/inauguraron-la-puesta-en-valor-y-reformas-de-la-plaza-de-el-triunfo\/#primaryimage"},"image":{"@id":"https:\/\/infoecos.com.ar\/index.php\/inauguraron-la-puesta-en-valor-y-reformas-de-la-plaza-de-el-triunfo\/#primaryimage"},"thumbnailUrl":"https:\/\/infoecos.com.ar\/wp-content\/uploads\/2023\/04\/CLERICI-PLAZA-ET-55.jpg","datePublished":"2023-04-26T06:44:22+00:00","dateModified":"2023-04-26T06:44:23+00:00","breadcrumb":{"@id":"https:\/\/infoecos.com.ar\/index.php\/inauguraron-la-puesta-en-valor-y-reformas-de-la-plaza-de-el-triunfo\/#breadcrumb"},"inLanguage":"es","potentialAction":[{"@type":"ReadAction","target":["https:\/\/infoecos.com.ar\/index.php\/inauguraron-la-puesta-en-valor-y-reformas-de-la-plaza-de-el-triunfo\/"]}]},{"@type":"ImageObject","inLanguage":"es","@id":"https:\/\/infoecos.com.ar\/index.php\/inauguraron-la-puesta-en-valor-y-reformas-de-la-plaza-de-el-triunfo\/#primaryimage","url":"https:\/\/infoecos.com.ar\/wp-content\/uploads\/2023\/04\/CLERICI-PLAZA-ET-55.jpg","contentUrl":"https:\/\/infoecos.com.ar\/wp-content\/uploads\/2023\/04\/CLERICI-PLAZA-ET-55.jpg","width":2040,"height":1360},{"@type":"BreadcrumbList","@id":"https:\/\/infoecos.com.ar\/index.php\/inauguraron-la-puesta-en-valor-y-reformas-de-la-plaza-de-el-triunfo\/#breadcrumb","itemListElement":[{"@type":"ListItem","position":1,"name":"Portada","item":"https:\/\/infoecos.com.ar\/"},{"@type":"ListItem","position":2,"name":"Inauguraron la puesta en valor y reformas de la plaza de El Triunfo"}]},{"@type":"WebSite","@id":"https:\/\/infoecos.com.ar\/#website","url":"https:\/\/infoecos.com.ar\/","name":"Infoecos","description":"Noticias de trenque lauquen y la zona","publisher":{"@id":"https:\/\/infoecos.com.ar\/#organization"},"alternateName":"Noticias","potentialAction":[{"@type":"SearchAction","target":{"@type":"EntryPoint","urlTemplate":"https:\/\/infoecos.com.ar\/?s={search_term_string}"},"query-input":{"@type":"PropertyValueSpecification","valueRequired":true,"valueName":"search_term_string"}}],"inLanguage":"es"},{"@type":"Organization","@id":"https:\/\/infoecos.com.ar\/#organization","name":"Infoecos","alternateName":"Noticias","url":"https:\/\/infoecos.com.ar\/","logo":{"@type":"ImageObject","inLanguage":"es","@id":"https:\/\/infoecos.com.ar\/#\/schema\/logo\/image\/","url":"https:\/\/infoecos.com.ar\/wp-content\/uploads\/2024\/03\/cropped-logo.png","contentUrl":"https:\/\/infoecos.com.ar\/wp-content\/uploads\/2024\/03\/cropped-logo.png","width":374,"height":90,"caption":"Infoecos"},"image":{"@id":"https:\/\/infoecos.com.ar\/#\/schema\/logo\/image\/"},"sameAs":["https:\/\/www.facebook.com\/profile.php?id=100063200290284","https:\/\/x.com\/infoecos"]},{"@type":"Person","@id":"https:\/\/infoecos.com.ar\/#\/schema\/person\/8f5ace5ce73b4b4aac4b7245aee6f191","name":"Jorge Matheus","url":"https:\/\/infoecos.com.ar\/index.php\/author\/jomatheus\/"}]}},"featured_image_urls":{"full":["https:\/\/infoecos.com.ar\/wp-content\/uploads\/2023\/04\/CLERICI-PLAZA-ET-55.jpg",2040,1360,false],"thumbnail":["https:\/\/infoecos.com.ar\/wp-content\/uploads\/2023\/04\/CLERICI-PLAZA-ET-55-300x150.jpg",300,150,true],"medium":["https:\/\/infoecos.com.ar\/wp-content\/uploads\/2023\/04\/CLERICI-PLAZA-ET-55-800x533.jpg",800,533,true],"medium_large":["https:\/\/infoecos.com.ar\/wp-content\/uploads\/2023\/04\/CLERICI-PLAZA-ET-55-768x512.jpg",640,427,true],"large":["https:\/\/infoecos.com.ar\/wp-content\/uploads\/2023\/04\/CLERICI-PLAZA-ET-55-1600x1067.jpg",640,427,true],"1536x1536":["https:\/\/infoecos.com.ar\/wp-content\/uploads\/2023\/04\/CLERICI-PLAZA-ET-55-1536x1024.jpg",1536,1024,true],"2048x2048":["https:\/\/infoecos.com.ar\/wp-content\/uploads\/2023\/04\/CLERICI-PLAZA-ET-55.jpg",2040,1360,false],"covernews-slider-full":["https:\/\/infoecos.com.ar\/wp-content\/uploads\/2023\/04\/CLERICI-PLAZA-ET-55-1536x1020.jpg",1077,715,true],"covernews-slider-center":["https:\/\/infoecos.com.ar\/wp-content\/uploads\/2023\/04\/CLERICI-PLAZA-ET-55-936x897.jpg",522,500,true],"covernews-featured":["https:\/\/infoecos.com.ar\/wp-content\/uploads\/2023\/04\/CLERICI-PLAZA-ET-55-1024x683.jpg",1024,683,true],"covernews-medium":["https:\/\/infoecos.com.ar\/wp-content\/uploads\/2023\/04\/CLERICI-PLAZA-ET-55-720x380.jpg",540,285,true],"covernews-medium-square":["https:\/\/infoecos.com.ar\/wp-content\/uploads\/2023\/04\/CLERICI-PLAZA-ET-55-675x450.jpg",375,250,true]},"author_info":{"info":["Jorge Matheus"]},"category_info":"<a href=\"https:\/\/infoecos.com.ar\/index.php\/category\/c3nota2\/\" rel=\"category tag\">C3 N2<\/a>","tag_info":"C3 N2","comment_count":"0","_links":{"self":[{"href":"https:\/\/infoecos.com.ar\/index.php\/wp-json\/wp\/v2\/posts\/104296"}],"collection":[{"href":"https:\/\/infoecos.com.ar\/index.php\/wp-json\/wp\/v2\/posts"}],"about":[{"href":"https:\/\/infoecos.com.ar\/index.php\/wp-json\/wp\/v2\/types\/post"}],"author":[{"embeddable":true,"href":"https:\/\/infoecos.com.ar\/index.php\/wp-json\/wp\/v2\/users\/2"}],"replies":[{"embeddable":true,"href":"https:\/\/infoecos.com.ar\/index.php\/wp-json\/wp\/v2\/comments?post=104296"}],"version-history":[{"count":1,"href":"https:\/\/infoecos.com.ar\/index.php\/wp-json\/wp\/v2\/posts\/104296\/revisions"}],"predecessor-version":[{"id":104301,"href":"https:\/\/infoecos.com.ar\/index.php\/wp-json\/wp\/v2\/posts\/104296\/revisions\/104301"}],"wp:featuredmedia":[{"embeddable":true,"href":"https:\/\/infoecos.com.ar\/index.php\/wp-json\/wp\/v2\/media\/104300"}],"wp:attachment":[{"href":"https:\/\/infoecos.com.ar\/index.php\/wp-json\/wp\/v2\/media?parent=104296"}],"wp:term":[{"taxonomy":"category","embeddable":true,"href":"https:\/\/infoecos.com.ar\/index.php\/wp-json\/wp\/v2\/categories?post=104296"},{"taxonomy":"post_tag","embeddable":true,"href":"https:\/\/infoecos.com.ar\/index.php\/wp-json\/wp\/v2\/tags?post=104296"}],"curies":[{"name":"wp","href":"https:\/\/api.w.org\/{rel}","templated":true}]}}