{"id":104322,"date":"2023-04-26T12:06:51","date_gmt":"2023-04-26T15:06:51","guid":{"rendered":"https:\/\/infoecos.com.ar\/?p=104322"},"modified":"2023-04-27T02:20:39","modified_gmt":"2023-04-27T05:20:39","slug":"ultimos-dos-camiones-para-el-gasoducto-presidente-nestor-kirchner","status":"publish","type":"post","link":"https:\/\/infoecos.com.ar\/index.php\/ultimos-dos-camiones-para-el-gasoducto-presidente-nestor-kirchner\/","title":{"rendered":"\u00daltimos dos camiones para el gasoducto Presidente N\u00e9stor Kirchner"},"content":{"rendered":"\n<p>Los \u00faltimos camiones con ca\u00f1os para la construcci\u00f3n del gasoducto N\u00e9stor Kirchner llegaron a La Pampa en las \u00faltimas horas.&nbsp;El periodista de El Cronista, Santiago Spaltro, inform\u00f3 a trav\u00e9s de twitter que \u00abfinancieramente estamos en un l\u00edo de proporciones, pero a 700 kil\u00f3metros de Buenos Aires acaban de llegar a La Pampa los \u00faltimos 2 camiones con ca\u00f1os para el Gasoducto Presidente N\u00e9stor Kirchner (GPNK) de Vaca Muerta\u00bb.<\/p>\n\n\n\n<figure class=\"wp-block-image aligncenter\"><img decoding=\"async\" src=\"https:\/\/www.eldiariodelapampa.com.ar\/\/img\/publicaciones\/2023\/04\/26\/alta\/321800-t.jpg\" alt=\"\"\/><\/figure>\n\n\n\n<p>\u00abSIAT Tenaris entreg\u00f3 m\u00e1s de 37.000 tubos a la UTE Techint &#8211; Sacde que construye los renglones 1 y 2 del gasoducto de Vaca Muerta\u00bb, indic\u00f3.<\/p>\n\n\n\n<p>La traza del gasoducto tiene 620 kil\u00f3metros desde Neuqu\u00e9n hasta Salliquel\u00f3, en Buenos Aires. La firma perteneciente a Techint, emiti\u00f3 un comunicado el martes pasado, con la firma de Paolo Rocca, en el que confirm\u00f3 que culmin\u00f3 la entrega de tubos para la primera etapa de la obra. El costo super\u00f3 los 239.165 millones de pesos. Se trasladaron 52 mil tubos en 13 mil camiones.<\/p>\n\n\n\n<p>Hace un par de d\u00edas, la secretaria de Energ\u00eda, Flavia Roy\u00f3n, hab\u00eda expresado que en 2024 \u00abel balance energ\u00e9tico estar\u00e1 entre 8 y 12 mil millones de d\u00f3lares de balanza positivo\u00bb, y le puso fecha de inicio a la actividad del Gasoducto N\u00e9stor Kirchner.<\/p>\n\n\n\n<p>La funcionaria destac\u00f3 que el Gasoducto N\u00e9stor Kirchner \u00abva a ser un punto de inflexi\u00f3n de la matriz energ\u00e9tica argentina, y va a posibilitar que Vaca Muerta pueda dar un salto cuantitativo y cualitativo en desarrollo en poder aumentar la capacidad de desarrollo de transporte en un 30 por ciento\u00bb.<\/p>\n\n\n\n<p><\/p>\n\n\n\n<p>\u00abEsta infraestructura va a posibilitar la exportaci\u00f3n a los mercados regionales porque claramente Vaca Muerta y el gas argentino no es una cuesti\u00f3n solo de Argentina sino tambi\u00e9n tiene un impacto regional. La primera etapa del gasoducto va a estar finalizada, puesta en marcha operativa el 20 de junio\u00bb, rese\u00f1\u00f3.<\/p>\n\n\n\n<figure class=\"wp-block-image aligncenter size-large\"><img loading=\"lazy\" decoding=\"async\" width=\"1600\" height=\"900\" src=\"https:\/\/infoecos.com.ar\/wp-content\/uploads\/2023\/04\/image-76-1600x900.png\" alt=\"\" class=\"wp-image-104323\" srcset=\"https:\/\/infoecos.com.ar\/wp-content\/uploads\/2023\/04\/image-76-1600x900.png 1600w, https:\/\/infoecos.com.ar\/wp-content\/uploads\/2023\/04\/image-76-800x450.png 800w, https:\/\/infoecos.com.ar\/wp-content\/uploads\/2023\/04\/image-76-768x432.png 768w, https:\/\/infoecos.com.ar\/wp-content\/uploads\/2023\/04\/image-76-1536x864.png 1536w, https:\/\/infoecos.com.ar\/wp-content\/uploads\/2023\/04\/image-76-1024x576.png 1024w, https:\/\/infoecos.com.ar\/wp-content\/uploads\/2023\/04\/image-76.png 1638w\" sizes=\"(max-width: 1600px) 100vw, 1600px\" \/><\/figure>\n","protected":false},"excerpt":{"rendered":"<p>La traza del gasoducto tiene 620 kil\u00f3metros desde Neuqu\u00e9n hasta Salliquel\u00f3, en Buenos Aires. La firma perteneciente a Techint, emiti\u00f3 un comunicado el martes pasado, con la firma de Paolo Rocca, en el que confirm\u00f3 que culmin\u00f3 la entrega de tubos para la primera etapa de la obra<\/p>\n","protected":false},"author":2,"featured_media":104323,"comment_status":"closed","ping_status":"open","sticky":false,"template":"","format":"standard","meta":{"footnotes":""},"categories":[46],"tags":[6104],"class_list":["post-104322","post","type-post","status-publish","format-standard","has-post-thumbnail","hentry","category-c2nota2","tag-informacion-del-diario-de-la-pampa"],"yoast_head":"<!-- This site is optimized with the Yoast SEO plugin v23.4 - https:\/\/yoast.com\/wordpress\/plugins\/seo\/ -->\n<title>\u00daltimos dos camiones para el gasoducto Presidente N\u00e9stor Kirchner - Infoecos<\/title>\n<meta name=\"robots\" content=\"index, follow, max-snippet:-1, max-image-preview:large, max-video-preview:-1\" \/>\n<link rel=\"canonical\" href=\"https:\/\/infoecos.com.ar\/index.php\/ultimos-dos-camiones-para-el-gasoducto-presidente-nestor-kirchner\/\" \/>\n<meta property=\"og:locale\" content=\"es_ES\" \/>\n<meta property=\"og:type\" content=\"article\" \/>\n<meta property=\"og:title\" content=\"\u00daltimos dos camiones para el gasoducto Presidente N\u00e9stor Kirchner - Infoecos\" \/>\n<meta property=\"og:description\" content=\"La traza del gasoducto tiene 620 kil\u00f3metros desde Neuqu\u00e9n hasta Salliquel\u00f3, en Buenos Aires. La firma perteneciente a Techint, emiti\u00f3 un comunicado el martes pasado, con la firma de Paolo Rocca, en el que confirm\u00f3 que culmin\u00f3 la entrega de tubos para la primera etapa de la obra\" \/>\n<meta property=\"og:url\" content=\"https:\/\/infoecos.com.ar\/index.php\/ultimos-dos-camiones-para-el-gasoducto-presidente-nestor-kirchner\/\" \/>\n<meta property=\"og:site_name\" content=\"Infoecos\" \/>\n<meta property=\"article:publisher\" content=\"https:\/\/www.facebook.com\/profile.php?id=100063200290284\" \/>\n<meta property=\"article:published_time\" content=\"2023-04-26T15:06:51+00:00\" \/>\n<meta property=\"article:modified_time\" content=\"2023-04-27T05:20:39+00:00\" \/>\n<meta property=\"og:image\" content=\"https:\/\/infoecos.com.ar\/wp-content\/uploads\/2023\/04\/image-76.png\" \/>\n\t<meta property=\"og:image:width\" content=\"1638\" \/>\n\t<meta property=\"og:image:height\" content=\"921\" \/>\n\t<meta property=\"og:image:type\" content=\"image\/png\" \/>\n<meta name=\"author\" content=\"Jorge Matheus\" \/>\n<meta name=\"twitter:card\" content=\"summary_large_image\" \/>\n<meta name=\"twitter:creator\" content=\"@infoecos\" \/>\n<meta name=\"twitter:site\" content=\"@infoecos\" \/>\n<meta name=\"twitter:label1\" content=\"Escrito por\" \/>\n\t<meta name=\"twitter:data1\" content=\"Jorge Matheus\" \/>\n\t<meta name=\"twitter:label2\" content=\"Tiempo de lectura\" \/>\n\t<meta name=\"twitter:data2\" content=\"2 minutos\" \/>\n<script type=\"application\/ld+json\" class=\"yoast-schema-graph\">{\"@context\":\"https:\/\/schema.org\",\"@graph\":[{\"@type\":\"Article\",\"@id\":\"https:\/\/infoecos.com.ar\/index.php\/ultimos-dos-camiones-para-el-gasoducto-presidente-nestor-kirchner\/#article\",\"isPartOf\":{\"@id\":\"https:\/\/infoecos.com.ar\/index.php\/ultimos-dos-camiones-para-el-gasoducto-presidente-nestor-kirchner\/\"},\"author\":{\"name\":\"Jorge Matheus\",\"@id\":\"https:\/\/infoecos.com.ar\/#\/schema\/person\/8f5ace5ce73b4b4aac4b7245aee6f191\"},\"headline\":\"\u00daltimos dos camiones para el gasoducto Presidente N\u00e9stor Kirchner\",\"datePublished\":\"2023-04-26T15:06:51+00:00\",\"dateModified\":\"2023-04-27T05:20:39+00:00\",\"mainEntityOfPage\":{\"@id\":\"https:\/\/infoecos.com.ar\/index.php\/ultimos-dos-camiones-para-el-gasoducto-presidente-nestor-kirchner\/\"},\"wordCount\":325,\"publisher\":{\"@id\":\"https:\/\/infoecos.com.ar\/#organization\"},\"image\":{\"@id\":\"https:\/\/infoecos.com.ar\/index.php\/ultimos-dos-camiones-para-el-gasoducto-presidente-nestor-kirchner\/#primaryimage\"},\"thumbnailUrl\":\"https:\/\/infoecos.com.ar\/wp-content\/uploads\/2023\/04\/image-76.png\",\"keywords\":[\"INFORMACI\u00d3N DEL DIARIO DE LA PAMPA\"],\"articleSection\":[\"C2 N2\"],\"inLanguage\":\"es\"},{\"@type\":\"WebPage\",\"@id\":\"https:\/\/infoecos.com.ar\/index.php\/ultimos-dos-camiones-para-el-gasoducto-presidente-nestor-kirchner\/\",\"url\":\"https:\/\/infoecos.com.ar\/index.php\/ultimos-dos-camiones-para-el-gasoducto-presidente-nestor-kirchner\/\",\"name\":\"\u00daltimos dos camiones para el gasoducto Presidente N\u00e9stor Kirchner - Infoecos\",\"isPartOf\":{\"@id\":\"https:\/\/infoecos.com.ar\/#website\"},\"primaryImageOfPage\":{\"@id\":\"https:\/\/infoecos.com.ar\/index.php\/ultimos-dos-camiones-para-el-gasoducto-presidente-nestor-kirchner\/#primaryimage\"},\"image\":{\"@id\":\"https:\/\/infoecos.com.ar\/index.php\/ultimos-dos-camiones-para-el-gasoducto-presidente-nestor-kirchner\/#primaryimage\"},\"thumbnailUrl\":\"https:\/\/infoecos.com.ar\/wp-content\/uploads\/2023\/04\/image-76.png\",\"datePublished\":\"2023-04-26T15:06:51+00:00\",\"dateModified\":\"2023-04-27T05:20:39+00:00\",\"breadcrumb\":{\"@id\":\"https:\/\/infoecos.com.ar\/index.php\/ultimos-dos-camiones-para-el-gasoducto-presidente-nestor-kirchner\/#breadcrumb\"},\"inLanguage\":\"es\",\"potentialAction\":[{\"@type\":\"ReadAction\",\"target\":[\"https:\/\/infoecos.com.ar\/index.php\/ultimos-dos-camiones-para-el-gasoducto-presidente-nestor-kirchner\/\"]}]},{\"@type\":\"ImageObject\",\"inLanguage\":\"es\",\"@id\":\"https:\/\/infoecos.com.ar\/index.php\/ultimos-dos-camiones-para-el-gasoducto-presidente-nestor-kirchner\/#primaryimage\",\"url\":\"https:\/\/infoecos.com.ar\/wp-content\/uploads\/2023\/04\/image-76.png\",\"contentUrl\":\"https:\/\/infoecos.com.ar\/wp-content\/uploads\/2023\/04\/image-76.png\",\"width\":1638,\"height\":921},{\"@type\":\"BreadcrumbList\",\"@id\":\"https:\/\/infoecos.com.ar\/index.php\/ultimos-dos-camiones-para-el-gasoducto-presidente-nestor-kirchner\/#breadcrumb\",\"itemListElement\":[{\"@type\":\"ListItem\",\"position\":1,\"name\":\"Portada\",\"item\":\"https:\/\/infoecos.com.ar\/\"},{\"@type\":\"ListItem\",\"position\":2,\"name\":\"\u00daltimos dos camiones para el gasoducto Presidente N\u00e9stor Kirchner\"}]},{\"@type\":\"WebSite\",\"@id\":\"https:\/\/infoecos.com.ar\/#website\",\"url\":\"https:\/\/infoecos.com.ar\/\",\"name\":\"Infoecos\",\"description\":\"Noticias de trenque lauquen y la zona\",\"publisher\":{\"@id\":\"https:\/\/infoecos.com.ar\/#organization\"},\"alternateName\":\"Noticias\",\"potentialAction\":[{\"@type\":\"SearchAction\",\"target\":{\"@type\":\"EntryPoint\",\"urlTemplate\":\"https:\/\/infoecos.com.ar\/?s={search_term_string}\"},\"query-input\":{\"@type\":\"PropertyValueSpecification\",\"valueRequired\":true,\"valueName\":\"search_term_string\"}}],\"inLanguage\":\"es\"},{\"@type\":\"Organization\",\"@id\":\"https:\/\/infoecos.com.ar\/#organization\",\"name\":\"Infoecos\",\"alternateName\":\"Noticias\",\"url\":\"https:\/\/infoecos.com.ar\/\",\"logo\":{\"@type\":\"ImageObject\",\"inLanguage\":\"es\",\"@id\":\"https:\/\/infoecos.com.ar\/#\/schema\/logo\/image\/\",\"url\":\"https:\/\/infoecos.com.ar\/wp-content\/uploads\/2024\/03\/cropped-logo.png\",\"contentUrl\":\"https:\/\/infoecos.com.ar\/wp-content\/uploads\/2024\/03\/cropped-logo.png\",\"width\":374,\"height\":90,\"caption\":\"Infoecos\"},\"image\":{\"@id\":\"https:\/\/infoecos.com.ar\/#\/schema\/logo\/image\/\"},\"sameAs\":[\"https:\/\/www.facebook.com\/profile.php?id=100063200290284\",\"https:\/\/x.com\/infoecos\"]},{\"@type\":\"Person\",\"@id\":\"https:\/\/infoecos.com.ar\/#\/schema\/person\/8f5ace5ce73b4b4aac4b7245aee6f191\",\"name\":\"Jorge Matheus\",\"url\":\"https:\/\/infoecos.com.ar\/index.php\/author\/jomatheus\/\"}]}<\/script>\n<!-- \/ Yoast SEO plugin. -->","yoast_head_json":{"title":"\u00daltimos dos camiones para el gasoducto Presidente N\u00e9stor Kirchner - Infoecos","robots":{"index":"index","follow":"follow","max-snippet":"max-snippet:-1","max-image-preview":"max-image-preview:large","max-video-preview":"max-video-preview:-1"},"canonical":"https:\/\/infoecos.com.ar\/index.php\/ultimos-dos-camiones-para-el-gasoducto-presidente-nestor-kirchner\/","og_locale":"es_ES","og_type":"article","og_title":"\u00daltimos dos camiones para el gasoducto Presidente N\u00e9stor Kirchner - Infoecos","og_description":"La traza del gasoducto tiene 620 kil\u00f3metros desde Neuqu\u00e9n hasta Salliquel\u00f3, en Buenos Aires. La firma perteneciente a Techint, emiti\u00f3 un comunicado el martes pasado, con la firma de Paolo Rocca, en el que confirm\u00f3 que culmin\u00f3 la entrega de tubos para la primera etapa de la obra","og_url":"https:\/\/infoecos.com.ar\/index.php\/ultimos-dos-camiones-para-el-gasoducto-presidente-nestor-kirchner\/","og_site_name":"Infoecos","article_publisher":"https:\/\/www.facebook.com\/profile.php?id=100063200290284","article_published_time":"2023-04-26T15:06:51+00:00","article_modified_time":"2023-04-27T05:20:39+00:00","og_image":[{"width":1638,"height":921,"url":"https:\/\/infoecos.com.ar\/wp-content\/uploads\/2023\/04\/image-76.png","type":"image\/png"}],"author":"Jorge Matheus","twitter_card":"summary_large_image","twitter_creator":"@infoecos","twitter_site":"@infoecos","twitter_misc":{"Escrito por":"Jorge Matheus","Tiempo de lectura":"2 minutos"},"schema":{"@context":"https:\/\/schema.org","@graph":[{"@type":"Article","@id":"https:\/\/infoecos.com.ar\/index.php\/ultimos-dos-camiones-para-el-gasoducto-presidente-nestor-kirchner\/#article","isPartOf":{"@id":"https:\/\/infoecos.com.ar\/index.php\/ultimos-dos-camiones-para-el-gasoducto-presidente-nestor-kirchner\/"},"author":{"name":"Jorge Matheus","@id":"https:\/\/infoecos.com.ar\/#\/schema\/person\/8f5ace5ce73b4b4aac4b7245aee6f191"},"headline":"\u00daltimos dos camiones para el gasoducto Presidente N\u00e9stor Kirchner","datePublished":"2023-04-26T15:06:51+00:00","dateModified":"2023-04-27T05:20:39+00:00","mainEntityOfPage":{"@id":"https:\/\/infoecos.com.ar\/index.php\/ultimos-dos-camiones-para-el-gasoducto-presidente-nestor-kirchner\/"},"wordCount":325,"publisher":{"@id":"https:\/\/infoecos.com.ar\/#organization"},"image":{"@id":"https:\/\/infoecos.com.ar\/index.php\/ultimos-dos-camiones-para-el-gasoducto-presidente-nestor-kirchner\/#primaryimage"},"thumbnailUrl":"https:\/\/infoecos.com.ar\/wp-content\/uploads\/2023\/04\/image-76.png","keywords":["INFORMACI\u00d3N DEL DIARIO DE LA PAMPA"],"articleSection":["C2 N2"],"inLanguage":"es"},{"@type":"WebPage","@id":"https:\/\/infoecos.com.ar\/index.php\/ultimos-dos-camiones-para-el-gasoducto-presidente-nestor-kirchner\/","url":"https:\/\/infoecos.com.ar\/index.php\/ultimos-dos-camiones-para-el-gasoducto-presidente-nestor-kirchner\/","name":"\u00daltimos dos camiones para el gasoducto Presidente N\u00e9stor Kirchner - Infoecos","isPartOf":{"@id":"https:\/\/infoecos.com.ar\/#website"},"primaryImageOfPage":{"@id":"https:\/\/infoecos.com.ar\/index.php\/ultimos-dos-camiones-para-el-gasoducto-presidente-nestor-kirchner\/#primaryimage"},"image":{"@id":"https:\/\/infoecos.com.ar\/index.php\/ultimos-dos-camiones-para-el-gasoducto-presidente-nestor-kirchner\/#primaryimage"},"thumbnailUrl":"https:\/\/infoecos.com.ar\/wp-content\/uploads\/2023\/04\/image-76.png","datePublished":"2023-04-26T15:06:51+00:00","dateModified":"2023-04-27T05:20:39+00:00","breadcrumb":{"@id":"https:\/\/infoecos.com.ar\/index.php\/ultimos-dos-camiones-para-el-gasoducto-presidente-nestor-kirchner\/#breadcrumb"},"inLanguage":"es","potentialAction":[{"@type":"ReadAction","target":["https:\/\/infoecos.com.ar\/index.php\/ultimos-dos-camiones-para-el-gasoducto-presidente-nestor-kirchner\/"]}]},{"@type":"ImageObject","inLanguage":"es","@id":"https:\/\/infoecos.com.ar\/index.php\/ultimos-dos-camiones-para-el-gasoducto-presidente-nestor-kirchner\/#primaryimage","url":"https:\/\/infoecos.com.ar\/wp-content\/uploads\/2023\/04\/image-76.png","contentUrl":"https:\/\/infoecos.com.ar\/wp-content\/uploads\/2023\/04\/image-76.png","width":1638,"height":921},{"@type":"BreadcrumbList","@id":"https:\/\/infoecos.com.ar\/index.php\/ultimos-dos-camiones-para-el-gasoducto-presidente-nestor-kirchner\/#breadcrumb","itemListElement":[{"@type":"ListItem","position":1,"name":"Portada","item":"https:\/\/infoecos.com.ar\/"},{"@type":"ListItem","position":2,"name":"\u00daltimos dos camiones para el gasoducto Presidente N\u00e9stor Kirchner"}]},{"@type":"WebSite","@id":"https:\/\/infoecos.com.ar\/#website","url":"https:\/\/infoecos.com.ar\/","name":"Infoecos","description":"Noticias de trenque lauquen y la zona","publisher":{"@id":"https:\/\/infoecos.com.ar\/#organization"},"alternateName":"Noticias","potentialAction":[{"@type":"SearchAction","target":{"@type":"EntryPoint","urlTemplate":"https:\/\/infoecos.com.ar\/?s={search_term_string}"},"query-input":{"@type":"PropertyValueSpecification","valueRequired":true,"valueName":"search_term_string"}}],"inLanguage":"es"},{"@type":"Organization","@id":"https:\/\/infoecos.com.ar\/#organization","name":"Infoecos","alternateName":"Noticias","url":"https:\/\/infoecos.com.ar\/","logo":{"@type":"ImageObject","inLanguage":"es","@id":"https:\/\/infoecos.com.ar\/#\/schema\/logo\/image\/","url":"https:\/\/infoecos.com.ar\/wp-content\/uploads\/2024\/03\/cropped-logo.png","contentUrl":"https:\/\/infoecos.com.ar\/wp-content\/uploads\/2024\/03\/cropped-logo.png","width":374,"height":90,"caption":"Infoecos"},"image":{"@id":"https:\/\/infoecos.com.ar\/#\/schema\/logo\/image\/"},"sameAs":["https:\/\/www.facebook.com\/profile.php?id=100063200290284","https:\/\/x.com\/infoecos"]},{"@type":"Person","@id":"https:\/\/infoecos.com.ar\/#\/schema\/person\/8f5ace5ce73b4b4aac4b7245aee6f191","name":"Jorge Matheus","url":"https:\/\/infoecos.com.ar\/index.php\/author\/jomatheus\/"}]}},"featured_image_urls":{"full":["https:\/\/infoecos.com.ar\/wp-content\/uploads\/2023\/04\/image-76.png",1638,921,false],"thumbnail":["https:\/\/infoecos.com.ar\/wp-content\/uploads\/2023\/04\/image-76-300x150.png",300,150,true],"medium":["https:\/\/infoecos.com.ar\/wp-content\/uploads\/2023\/04\/image-76-800x450.png",800,450,true],"medium_large":["https:\/\/infoecos.com.ar\/wp-content\/uploads\/2023\/04\/image-76-768x432.png",640,360,true],"large":["https:\/\/infoecos.com.ar\/wp-content\/uploads\/2023\/04\/image-76-1600x900.png",640,360,true],"1536x1536":["https:\/\/infoecos.com.ar\/wp-content\/uploads\/2023\/04\/image-76-1536x864.png",1536,864,true],"2048x2048":["https:\/\/infoecos.com.ar\/wp-content\/uploads\/2023\/04\/image-76.png",1638,921,false],"covernews-slider-full":["https:\/\/infoecos.com.ar\/wp-content\/uploads\/2023\/04\/image-76-1536x921.png",1115,669,true],"covernews-slider-center":["https:\/\/infoecos.com.ar\/wp-content\/uploads\/2023\/04\/image-76-936x897.png",522,500,true],"covernews-featured":["https:\/\/infoecos.com.ar\/wp-content\/uploads\/2023\/04\/image-76-1024x576.png",1024,576,true],"covernews-medium":["https:\/\/infoecos.com.ar\/wp-content\/uploads\/2023\/04\/image-76-720x380.png",540,285,true],"covernews-medium-square":["https:\/\/infoecos.com.ar\/wp-content\/uploads\/2023\/04\/image-76-675x450.png",375,250,true]},"author_info":{"info":["Jorge Matheus"]},"category_info":"<a href=\"https:\/\/infoecos.com.ar\/index.php\/category\/c2nota2\/\" rel=\"category tag\">C2 N2<\/a>","tag_info":"C2 N2","comment_count":"0","_links":{"self":[{"href":"https:\/\/infoecos.com.ar\/index.php\/wp-json\/wp\/v2\/posts\/104322"}],"collection":[{"href":"https:\/\/infoecos.com.ar\/index.php\/wp-json\/wp\/v2\/posts"}],"about":[{"href":"https:\/\/infoecos.com.ar\/index.php\/wp-json\/wp\/v2\/types\/post"}],"author":[{"embeddable":true,"href":"https:\/\/infoecos.com.ar\/index.php\/wp-json\/wp\/v2\/users\/2"}],"replies":[{"embeddable":true,"href":"https:\/\/infoecos.com.ar\/index.php\/wp-json\/wp\/v2\/comments?post=104322"}],"version-history":[{"count":1,"href":"https:\/\/infoecos.com.ar\/index.php\/wp-json\/wp\/v2\/posts\/104322\/revisions"}],"predecessor-version":[{"id":104324,"href":"https:\/\/infoecos.com.ar\/index.php\/wp-json\/wp\/v2\/posts\/104322\/revisions\/104324"}],"wp:featuredmedia":[{"embeddable":true,"href":"https:\/\/infoecos.com.ar\/index.php\/wp-json\/wp\/v2\/media\/104323"}],"wp:attachment":[{"href":"https:\/\/infoecos.com.ar\/index.php\/wp-json\/wp\/v2\/media?parent=104322"}],"wp:term":[{"taxonomy":"category","embeddable":true,"href":"https:\/\/infoecos.com.ar\/index.php\/wp-json\/wp\/v2\/categories?post=104322"},{"taxonomy":"post_tag","embeddable":true,"href":"https:\/\/infoecos.com.ar\/index.php\/wp-json\/wp\/v2\/tags?post=104322"}],"curies":[{"name":"wp","href":"https:\/\/api.w.org\/{rel}","templated":true}]}}