{"id":104350,"date":"2023-04-27T01:50:55","date_gmt":"2023-04-27T04:50:55","guid":{"rendered":"https:\/\/infoecos.com.ar\/?p=104350"},"modified":"2023-04-27T01:50:55","modified_gmt":"2023-04-27T04:50:55","slug":"justicia-x-anita-decision-de-representantes-de-agrupaciones-feministas-derechos-humanos-y-docentes","status":"publish","type":"post","link":"https:\/\/infoecos.com.ar\/index.php\/justicia-x-anita-decision-de-representantes-de-agrupaciones-feministas-derechos-humanos-y-docentes\/","title":{"rendered":"Justicia x Anita: decisi\u00f3n de representantes de agrupaciones feministas, Derechos Humanos y Docentes"},"content":{"rendered":"\n<p>Representantes de agrupaciones feministas, Derechos Humanos y docentes resolvieron acompa\u00f1ar la investigaci\u00f3n para el esclarecimiento del asesinato de Ana Mar\u00eda Aristimu\u00f1o (Anita) y a su vez, visibilizar con actos la ausencia y la necesidad de que se haga justicia.<\/p>\n\n\n\n<figure class=\"wp-block-image aligncenter size-full is-resized\"><img loading=\"lazy\" decoding=\"async\" src=\"https:\/\/infoecos.com.ar\/wp-content\/uploads\/2023\/04\/anita.jpeg\" alt=\"\" class=\"wp-image-104351\" width=\"492\" height=\"347\" srcset=\"https:\/\/infoecos.com.ar\/wp-content\/uploads\/2023\/04\/anita.jpeg 1600w, https:\/\/infoecos.com.ar\/wp-content\/uploads\/2023\/04\/anita-800x566.jpeg 800w, https:\/\/infoecos.com.ar\/wp-content\/uploads\/2023\/04\/anita-768x543.jpeg 768w, https:\/\/infoecos.com.ar\/wp-content\/uploads\/2023\/04\/anita-1536x1086.jpeg 1536w, https:\/\/infoecos.com.ar\/wp-content\/uploads\/2023\/04\/anita-1024x724.jpeg 1024w\" sizes=\"(max-width: 492px) 100vw, 492px\" \/><\/figure>\n\n\n\n<p>Se di\u00f3 a conocer una manifestaci\u00f3n p\u00fablica dirigida a trav\u00e9s de los medios que contiene tres puntos: <\/p>\n\n\n\n<p>1- Convocamos a gremios y docentes a escribir en cada pizarr\u00f3n, cada escuela, cada d\u00eda, antes de cada clase: \u201cJusticia por Anita\u201d.<br>2- Empapelar los autos, los negocios y la ciudad con la frase \u201cJusticia por Anita\u201d.<br>3- Mantener una reuni\u00f3n con la fiscal del caso, Karina Talarico para conversar sobre los avances y a su vez acercar las preocupaciones que se recogen de las agrupaciones y organizaciones.<\/p>\n\n\n\n<p>\u00abNo habr\u00e1 movilizaci\u00f3n, se\u00f1alaron luego de una reuni\u00f3n en la Plaza San Mart\u00edn, pero consideramos absolutamente necesario no continuar con nuestras rutinas como si nada hubiese sucedido\u00bb.<\/p>\n","protected":false},"excerpt":{"rendered":"<p>\u00abNo habr\u00e1 movilizaci\u00f3n, se\u00f1alaron luego de una reuni\u00f3n en la Plaza San Mart\u00edn, pero consideramos absolutamente necesario no continuar con nuestras rutinas como si nada hubiese sucedido\u00bb<\/p>\n","protected":false},"author":2,"featured_media":104351,"comment_status":"closed","ping_status":"open","sticky":false,"template":"","format":"standard","meta":{"footnotes":""},"categories":[28],"tags":[6381],"class_list":["post-104350","post","type-post","status-publish","format-standard","has-post-thumbnail","hentry","category-c1nota1","tag-documento"],"yoast_head":"<!-- This site is optimized with the Yoast SEO plugin v23.4 - https:\/\/yoast.com\/wordpress\/plugins\/seo\/ -->\n<title>Justicia x Anita: decisi\u00f3n de representantes de agrupaciones feministas, Derechos Humanos y Docentes - Infoecos<\/title>\n<meta name=\"robots\" content=\"index, follow, max-snippet:-1, max-image-preview:large, max-video-preview:-1\" \/>\n<link rel=\"canonical\" href=\"https:\/\/infoecos.com.ar\/index.php\/justicia-x-anita-decision-de-representantes-de-agrupaciones-feministas-derechos-humanos-y-docentes\/\" \/>\n<meta property=\"og:locale\" content=\"es_ES\" \/>\n<meta property=\"og:type\" content=\"article\" \/>\n<meta property=\"og:title\" content=\"Justicia x Anita: decisi\u00f3n de representantes de agrupaciones feministas, Derechos Humanos y Docentes - Infoecos\" \/>\n<meta property=\"og:description\" content=\"&quot;No habr\u00e1 movilizaci\u00f3n, se\u00f1alaron luego de una reuni\u00f3n en la Plaza San Mart\u00edn, pero consideramos absolutamente necesario no continuar con nuestras rutinas como si nada hubiese sucedido&quot;\" \/>\n<meta property=\"og:url\" content=\"https:\/\/infoecos.com.ar\/index.php\/justicia-x-anita-decision-de-representantes-de-agrupaciones-feministas-derechos-humanos-y-docentes\/\" \/>\n<meta property=\"og:site_name\" content=\"Infoecos\" \/>\n<meta property=\"article:publisher\" content=\"https:\/\/www.facebook.com\/profile.php?id=100063200290284\" \/>\n<meta property=\"article:published_time\" content=\"2023-04-27T04:50:55+00:00\" \/>\n<meta property=\"og:image\" content=\"https:\/\/infoecos.com.ar\/wp-content\/uploads\/2023\/04\/anita.jpeg\" \/>\n\t<meta property=\"og:image:width\" content=\"1600\" \/>\n\t<meta property=\"og:image:height\" content=\"1131\" \/>\n\t<meta property=\"og:image:type\" content=\"image\/jpeg\" \/>\n<meta name=\"author\" content=\"Jorge Matheus\" \/>\n<meta name=\"twitter:card\" content=\"summary_large_image\" \/>\n<meta name=\"twitter:creator\" content=\"@infoecos\" \/>\n<meta name=\"twitter:site\" content=\"@infoecos\" \/>\n<meta name=\"twitter:label1\" content=\"Escrito por\" \/>\n\t<meta name=\"twitter:data1\" content=\"Jorge Matheus\" \/>\n\t<meta name=\"twitter:label2\" content=\"Tiempo de lectura\" \/>\n\t<meta name=\"twitter:data2\" content=\"1 minuto\" \/>\n<script type=\"application\/ld+json\" class=\"yoast-schema-graph\">{\"@context\":\"https:\/\/schema.org\",\"@graph\":[{\"@type\":\"Article\",\"@id\":\"https:\/\/infoecos.com.ar\/index.php\/justicia-x-anita-decision-de-representantes-de-agrupaciones-feministas-derechos-humanos-y-docentes\/#article\",\"isPartOf\":{\"@id\":\"https:\/\/infoecos.com.ar\/index.php\/justicia-x-anita-decision-de-representantes-de-agrupaciones-feministas-derechos-humanos-y-docentes\/\"},\"author\":{\"name\":\"Jorge Matheus\",\"@id\":\"https:\/\/infoecos.com.ar\/#\/schema\/person\/8f5ace5ce73b4b4aac4b7245aee6f191\"},\"headline\":\"Justicia x Anita: decisi\u00f3n de representantes de agrupaciones feministas, Derechos Humanos y Docentes\",\"datePublished\":\"2023-04-27T04:50:55+00:00\",\"dateModified\":\"2023-04-27T04:50:55+00:00\",\"mainEntityOfPage\":{\"@id\":\"https:\/\/infoecos.com.ar\/index.php\/justicia-x-anita-decision-de-representantes-de-agrupaciones-feministas-derechos-humanos-y-docentes\/\"},\"wordCount\":179,\"publisher\":{\"@id\":\"https:\/\/infoecos.com.ar\/#organization\"},\"image\":{\"@id\":\"https:\/\/infoecos.com.ar\/index.php\/justicia-x-anita-decision-de-representantes-de-agrupaciones-feministas-derechos-humanos-y-docentes\/#primaryimage\"},\"thumbnailUrl\":\"https:\/\/infoecos.com.ar\/wp-content\/uploads\/2023\/04\/anita.jpeg\",\"keywords\":[\"DOCUMENTO\"],\"articleSection\":[\"C1 N1\"],\"inLanguage\":\"es\"},{\"@type\":\"WebPage\",\"@id\":\"https:\/\/infoecos.com.ar\/index.php\/justicia-x-anita-decision-de-representantes-de-agrupaciones-feministas-derechos-humanos-y-docentes\/\",\"url\":\"https:\/\/infoecos.com.ar\/index.php\/justicia-x-anita-decision-de-representantes-de-agrupaciones-feministas-derechos-humanos-y-docentes\/\",\"name\":\"Justicia x Anita: decisi\u00f3n de representantes de agrupaciones feministas, Derechos Humanos y Docentes - Infoecos\",\"isPartOf\":{\"@id\":\"https:\/\/infoecos.com.ar\/#website\"},\"primaryImageOfPage\":{\"@id\":\"https:\/\/infoecos.com.ar\/index.php\/justicia-x-anita-decision-de-representantes-de-agrupaciones-feministas-derechos-humanos-y-docentes\/#primaryimage\"},\"image\":{\"@id\":\"https:\/\/infoecos.com.ar\/index.php\/justicia-x-anita-decision-de-representantes-de-agrupaciones-feministas-derechos-humanos-y-docentes\/#primaryimage\"},\"thumbnailUrl\":\"https:\/\/infoecos.com.ar\/wp-content\/uploads\/2023\/04\/anita.jpeg\",\"datePublished\":\"2023-04-27T04:50:55+00:00\",\"dateModified\":\"2023-04-27T04:50:55+00:00\",\"breadcrumb\":{\"@id\":\"https:\/\/infoecos.com.ar\/index.php\/justicia-x-anita-decision-de-representantes-de-agrupaciones-feministas-derechos-humanos-y-docentes\/#breadcrumb\"},\"inLanguage\":\"es\",\"potentialAction\":[{\"@type\":\"ReadAction\",\"target\":[\"https:\/\/infoecos.com.ar\/index.php\/justicia-x-anita-decision-de-representantes-de-agrupaciones-feministas-derechos-humanos-y-docentes\/\"]}]},{\"@type\":\"ImageObject\",\"inLanguage\":\"es\",\"@id\":\"https:\/\/infoecos.com.ar\/index.php\/justicia-x-anita-decision-de-representantes-de-agrupaciones-feministas-derechos-humanos-y-docentes\/#primaryimage\",\"url\":\"https:\/\/infoecos.com.ar\/wp-content\/uploads\/2023\/04\/anita.jpeg\",\"contentUrl\":\"https:\/\/infoecos.com.ar\/wp-content\/uploads\/2023\/04\/anita.jpeg\",\"width\":1600,\"height\":1131},{\"@type\":\"BreadcrumbList\",\"@id\":\"https:\/\/infoecos.com.ar\/index.php\/justicia-x-anita-decision-de-representantes-de-agrupaciones-feministas-derechos-humanos-y-docentes\/#breadcrumb\",\"itemListElement\":[{\"@type\":\"ListItem\",\"position\":1,\"name\":\"Portada\",\"item\":\"https:\/\/infoecos.com.ar\/\"},{\"@type\":\"ListItem\",\"position\":2,\"name\":\"Justicia x Anita: decisi\u00f3n de representantes de agrupaciones feministas, Derechos Humanos y Docentes\"}]},{\"@type\":\"WebSite\",\"@id\":\"https:\/\/infoecos.com.ar\/#website\",\"url\":\"https:\/\/infoecos.com.ar\/\",\"name\":\"Infoecos\",\"description\":\"Noticias de trenque lauquen y la zona\",\"publisher\":{\"@id\":\"https:\/\/infoecos.com.ar\/#organization\"},\"alternateName\":\"Noticias\",\"potentialAction\":[{\"@type\":\"SearchAction\",\"target\":{\"@type\":\"EntryPoint\",\"urlTemplate\":\"https:\/\/infoecos.com.ar\/?s={search_term_string}\"},\"query-input\":{\"@type\":\"PropertyValueSpecification\",\"valueRequired\":true,\"valueName\":\"search_term_string\"}}],\"inLanguage\":\"es\"},{\"@type\":\"Organization\",\"@id\":\"https:\/\/infoecos.com.ar\/#organization\",\"name\":\"Infoecos\",\"alternateName\":\"Noticias\",\"url\":\"https:\/\/infoecos.com.ar\/\",\"logo\":{\"@type\":\"ImageObject\",\"inLanguage\":\"es\",\"@id\":\"https:\/\/infoecos.com.ar\/#\/schema\/logo\/image\/\",\"url\":\"https:\/\/infoecos.com.ar\/wp-content\/uploads\/2024\/03\/cropped-logo.png\",\"contentUrl\":\"https:\/\/infoecos.com.ar\/wp-content\/uploads\/2024\/03\/cropped-logo.png\",\"width\":374,\"height\":90,\"caption\":\"Infoecos\"},\"image\":{\"@id\":\"https:\/\/infoecos.com.ar\/#\/schema\/logo\/image\/\"},\"sameAs\":[\"https:\/\/www.facebook.com\/profile.php?id=100063200290284\",\"https:\/\/x.com\/infoecos\"]},{\"@type\":\"Person\",\"@id\":\"https:\/\/infoecos.com.ar\/#\/schema\/person\/8f5ace5ce73b4b4aac4b7245aee6f191\",\"name\":\"Jorge Matheus\",\"url\":\"https:\/\/infoecos.com.ar\/index.php\/author\/jomatheus\/\"}]}<\/script>\n<!-- \/ Yoast SEO plugin. -->","yoast_head_json":{"title":"Justicia x Anita: decisi\u00f3n de representantes de agrupaciones feministas, Derechos Humanos y Docentes - Infoecos","robots":{"index":"index","follow":"follow","max-snippet":"max-snippet:-1","max-image-preview":"max-image-preview:large","max-video-preview":"max-video-preview:-1"},"canonical":"https:\/\/infoecos.com.ar\/index.php\/justicia-x-anita-decision-de-representantes-de-agrupaciones-feministas-derechos-humanos-y-docentes\/","og_locale":"es_ES","og_type":"article","og_title":"Justicia x Anita: decisi\u00f3n de representantes de agrupaciones feministas, Derechos Humanos y Docentes - Infoecos","og_description":"\"No habr\u00e1 movilizaci\u00f3n, se\u00f1alaron luego de una reuni\u00f3n en la Plaza San Mart\u00edn, pero consideramos absolutamente necesario no continuar con nuestras rutinas como si nada hubiese sucedido\"","og_url":"https:\/\/infoecos.com.ar\/index.php\/justicia-x-anita-decision-de-representantes-de-agrupaciones-feministas-derechos-humanos-y-docentes\/","og_site_name":"Infoecos","article_publisher":"https:\/\/www.facebook.com\/profile.php?id=100063200290284","article_published_time":"2023-04-27T04:50:55+00:00","og_image":[{"width":1600,"height":1131,"url":"https:\/\/infoecos.com.ar\/wp-content\/uploads\/2023\/04\/anita.jpeg","type":"image\/jpeg"}],"author":"Jorge Matheus","twitter_card":"summary_large_image","twitter_creator":"@infoecos","twitter_site":"@infoecos","twitter_misc":{"Escrito por":"Jorge Matheus","Tiempo de lectura":"1 minuto"},"schema":{"@context":"https:\/\/schema.org","@graph":[{"@type":"Article","@id":"https:\/\/infoecos.com.ar\/index.php\/justicia-x-anita-decision-de-representantes-de-agrupaciones-feministas-derechos-humanos-y-docentes\/#article","isPartOf":{"@id":"https:\/\/infoecos.com.ar\/index.php\/justicia-x-anita-decision-de-representantes-de-agrupaciones-feministas-derechos-humanos-y-docentes\/"},"author":{"name":"Jorge Matheus","@id":"https:\/\/infoecos.com.ar\/#\/schema\/person\/8f5ace5ce73b4b4aac4b7245aee6f191"},"headline":"Justicia x Anita: decisi\u00f3n de representantes de agrupaciones feministas, Derechos Humanos y Docentes","datePublished":"2023-04-27T04:50:55+00:00","dateModified":"2023-04-27T04:50:55+00:00","mainEntityOfPage":{"@id":"https:\/\/infoecos.com.ar\/index.php\/justicia-x-anita-decision-de-representantes-de-agrupaciones-feministas-derechos-humanos-y-docentes\/"},"wordCount":179,"publisher":{"@id":"https:\/\/infoecos.com.ar\/#organization"},"image":{"@id":"https:\/\/infoecos.com.ar\/index.php\/justicia-x-anita-decision-de-representantes-de-agrupaciones-feministas-derechos-humanos-y-docentes\/#primaryimage"},"thumbnailUrl":"https:\/\/infoecos.com.ar\/wp-content\/uploads\/2023\/04\/anita.jpeg","keywords":["DOCUMENTO"],"articleSection":["C1 N1"],"inLanguage":"es"},{"@type":"WebPage","@id":"https:\/\/infoecos.com.ar\/index.php\/justicia-x-anita-decision-de-representantes-de-agrupaciones-feministas-derechos-humanos-y-docentes\/","url":"https:\/\/infoecos.com.ar\/index.php\/justicia-x-anita-decision-de-representantes-de-agrupaciones-feministas-derechos-humanos-y-docentes\/","name":"Justicia x Anita: decisi\u00f3n de representantes de agrupaciones feministas, Derechos Humanos y Docentes - Infoecos","isPartOf":{"@id":"https:\/\/infoecos.com.ar\/#website"},"primaryImageOfPage":{"@id":"https:\/\/infoecos.com.ar\/index.php\/justicia-x-anita-decision-de-representantes-de-agrupaciones-feministas-derechos-humanos-y-docentes\/#primaryimage"},"image":{"@id":"https:\/\/infoecos.com.ar\/index.php\/justicia-x-anita-decision-de-representantes-de-agrupaciones-feministas-derechos-humanos-y-docentes\/#primaryimage"},"thumbnailUrl":"https:\/\/infoecos.com.ar\/wp-content\/uploads\/2023\/04\/anita.jpeg","datePublished":"2023-04-27T04:50:55+00:00","dateModified":"2023-04-27T04:50:55+00:00","breadcrumb":{"@id":"https:\/\/infoecos.com.ar\/index.php\/justicia-x-anita-decision-de-representantes-de-agrupaciones-feministas-derechos-humanos-y-docentes\/#breadcrumb"},"inLanguage":"es","potentialAction":[{"@type":"ReadAction","target":["https:\/\/infoecos.com.ar\/index.php\/justicia-x-anita-decision-de-representantes-de-agrupaciones-feministas-derechos-humanos-y-docentes\/"]}]},{"@type":"ImageObject","inLanguage":"es","@id":"https:\/\/infoecos.com.ar\/index.php\/justicia-x-anita-decision-de-representantes-de-agrupaciones-feministas-derechos-humanos-y-docentes\/#primaryimage","url":"https:\/\/infoecos.com.ar\/wp-content\/uploads\/2023\/04\/anita.jpeg","contentUrl":"https:\/\/infoecos.com.ar\/wp-content\/uploads\/2023\/04\/anita.jpeg","width":1600,"height":1131},{"@type":"BreadcrumbList","@id":"https:\/\/infoecos.com.ar\/index.php\/justicia-x-anita-decision-de-representantes-de-agrupaciones-feministas-derechos-humanos-y-docentes\/#breadcrumb","itemListElement":[{"@type":"ListItem","position":1,"name":"Portada","item":"https:\/\/infoecos.com.ar\/"},{"@type":"ListItem","position":2,"name":"Justicia x Anita: decisi\u00f3n de representantes de agrupaciones feministas, Derechos Humanos y Docentes"}]},{"@type":"WebSite","@id":"https:\/\/infoecos.com.ar\/#website","url":"https:\/\/infoecos.com.ar\/","name":"Infoecos","description":"Noticias de trenque lauquen y la zona","publisher":{"@id":"https:\/\/infoecos.com.ar\/#organization"},"alternateName":"Noticias","potentialAction":[{"@type":"SearchAction","target":{"@type":"EntryPoint","urlTemplate":"https:\/\/infoecos.com.ar\/?s={search_term_string}"},"query-input":{"@type":"PropertyValueSpecification","valueRequired":true,"valueName":"search_term_string"}}],"inLanguage":"es"},{"@type":"Organization","@id":"https:\/\/infoecos.com.ar\/#organization","name":"Infoecos","alternateName":"Noticias","url":"https:\/\/infoecos.com.ar\/","logo":{"@type":"ImageObject","inLanguage":"es","@id":"https:\/\/infoecos.com.ar\/#\/schema\/logo\/image\/","url":"https:\/\/infoecos.com.ar\/wp-content\/uploads\/2024\/03\/cropped-logo.png","contentUrl":"https:\/\/infoecos.com.ar\/wp-content\/uploads\/2024\/03\/cropped-logo.png","width":374,"height":90,"caption":"Infoecos"},"image":{"@id":"https:\/\/infoecos.com.ar\/#\/schema\/logo\/image\/"},"sameAs":["https:\/\/www.facebook.com\/profile.php?id=100063200290284","https:\/\/x.com\/infoecos"]},{"@type":"Person","@id":"https:\/\/infoecos.com.ar\/#\/schema\/person\/8f5ace5ce73b4b4aac4b7245aee6f191","name":"Jorge Matheus","url":"https:\/\/infoecos.com.ar\/index.php\/author\/jomatheus\/"}]}},"featured_image_urls":{"full":["https:\/\/infoecos.com.ar\/wp-content\/uploads\/2023\/04\/anita.jpeg",1600,1131,false],"thumbnail":["https:\/\/infoecos.com.ar\/wp-content\/uploads\/2023\/04\/anita-300x150.jpeg",300,150,true],"medium":["https:\/\/infoecos.com.ar\/wp-content\/uploads\/2023\/04\/anita-800x566.jpeg",800,566,true],"medium_large":["https:\/\/infoecos.com.ar\/wp-content\/uploads\/2023\/04\/anita-768x543.jpeg",640,453,true],"large":["https:\/\/infoecos.com.ar\/wp-content\/uploads\/2023\/04\/anita.jpeg",640,452,false],"1536x1536":["https:\/\/infoecos.com.ar\/wp-content\/uploads\/2023\/04\/anita-1536x1086.jpeg",1536,1086,true],"2048x2048":["https:\/\/infoecos.com.ar\/wp-content\/uploads\/2023\/04\/anita.jpeg",1600,1131,false],"covernews-slider-full":["https:\/\/infoecos.com.ar\/wp-content\/uploads\/2023\/04\/anita-1536x1020.jpeg",1077,715,true],"covernews-slider-center":["https:\/\/infoecos.com.ar\/wp-content\/uploads\/2023\/04\/anita-936x897.jpeg",522,500,true],"covernews-featured":["https:\/\/infoecos.com.ar\/wp-content\/uploads\/2023\/04\/anita-1024x724.jpeg",1024,724,true],"covernews-medium":["https:\/\/infoecos.com.ar\/wp-content\/uploads\/2023\/04\/anita-720x380.jpeg",540,285,true],"covernews-medium-square":["https:\/\/infoecos.com.ar\/wp-content\/uploads\/2023\/04\/anita-675x450.jpeg",375,250,true]},"author_info":{"info":["Jorge Matheus"]},"category_info":"<a href=\"https:\/\/infoecos.com.ar\/index.php\/category\/c1nota1\/\" rel=\"category tag\">C1 N1<\/a>","tag_info":"C1 N1","comment_count":"0","_links":{"self":[{"href":"https:\/\/infoecos.com.ar\/index.php\/wp-json\/wp\/v2\/posts\/104350"}],"collection":[{"href":"https:\/\/infoecos.com.ar\/index.php\/wp-json\/wp\/v2\/posts"}],"about":[{"href":"https:\/\/infoecos.com.ar\/index.php\/wp-json\/wp\/v2\/types\/post"}],"author":[{"embeddable":true,"href":"https:\/\/infoecos.com.ar\/index.php\/wp-json\/wp\/v2\/users\/2"}],"replies":[{"embeddable":true,"href":"https:\/\/infoecos.com.ar\/index.php\/wp-json\/wp\/v2\/comments?post=104350"}],"version-history":[{"count":1,"href":"https:\/\/infoecos.com.ar\/index.php\/wp-json\/wp\/v2\/posts\/104350\/revisions"}],"predecessor-version":[{"id":104352,"href":"https:\/\/infoecos.com.ar\/index.php\/wp-json\/wp\/v2\/posts\/104350\/revisions\/104352"}],"wp:featuredmedia":[{"embeddable":true,"href":"https:\/\/infoecos.com.ar\/index.php\/wp-json\/wp\/v2\/media\/104351"}],"wp:attachment":[{"href":"https:\/\/infoecos.com.ar\/index.php\/wp-json\/wp\/v2\/media?parent=104350"}],"wp:term":[{"taxonomy":"category","embeddable":true,"href":"https:\/\/infoecos.com.ar\/index.php\/wp-json\/wp\/v2\/categories?post=104350"},{"taxonomy":"post_tag","embeddable":true,"href":"https:\/\/infoecos.com.ar\/index.php\/wp-json\/wp\/v2\/tags?post=104350"}],"curies":[{"name":"wp","href":"https:\/\/api.w.org\/{rel}","templated":true}]}}