{"id":104359,"date":"2023-04-27T02:09:46","date_gmt":"2023-04-27T05:09:46","guid":{"rendered":"https:\/\/infoecos.com.ar\/?p=104359"},"modified":"2023-04-27T17:49:01","modified_gmt":"2023-04-27T20:49:01","slug":"grave-accidente-entre-america-y-general-villegas-fallecio-una-mujer-de-baradero","status":"publish","type":"post","link":"https:\/\/infoecos.com.ar\/index.php\/grave-accidente-entre-america-y-general-villegas-fallecio-una-mujer-de-baradero\/","title":{"rendered":"Grave accidente entre Am\u00e9rica y General Villegas: falleci\u00f3 una mujer de Baradero"},"content":{"rendered":"\n<p>El fatal siniestro vial ocurri\u00f3 cerca del mediod\u00eda de este mi\u00e9rcoles en ruta nacional 33 a la altura del alteo, unos 15 kil\u00f3metros de Am\u00e9rica. All\u00ed chocaron de frente un cami\u00f3n con un autom\u00f3vil. La mujer que viajaba de acompa\u00f1ante en el veh\u00edculo menor falleci\u00f3 en el lugar.<\/p>\n\n\n\n<figure class=\"wp-block-image aligncenter size-full is-resized\"><img loading=\"lazy\" decoding=\"async\" src=\"https:\/\/infoecos.com.ar\/wp-content\/uploads\/2023\/04\/image-83.png\" alt=\"\" class=\"wp-image-104360\" width=\"552\" height=\"272\"\/><\/figure>\n\n\n\n<p>Seg\u00fan datos a los que accedi\u00f3<strong> Master News<\/strong>, el choque entre el cami\u00f3n y el auto Chevrolet Corsa fue de frente en un sector del alteo la ruta 33 donde hay guardarrail en ambas banquinas.<\/p>\n\n\n\n<p>En el autom\u00f3vil, que iba en sentido sur-norte de Am\u00e9rica hacia Villegas, viajaban un hombre al volante y una mujer de acompa\u00f1ante. El cami\u00f3n iba en sentido contrario, manejado por un hombre.<\/p>\n\n\n\n<p>Fotos: <strong>rivadaviaonline.com.ar <\/strong><\/p>\n\n\n\n<figure class=\"wp-block-gallery has-nested-images columns-default is-cropped wp-block-gallery-1 is-layout-flex wp-block-gallery-is-layout-flex\">\n<figure class=\"wp-block-image size-large\"><img loading=\"lazy\" decoding=\"async\" width=\"1600\" height=\"1200\" data-id=\"104365\" src=\"https:\/\/infoecos.com.ar\/wp-content\/uploads\/2023\/04\/accidenteamerica.jpeg\" alt=\"\" class=\"wp-image-104365\" srcset=\"https:\/\/infoecos.com.ar\/wp-content\/uploads\/2023\/04\/accidenteamerica.jpeg 1600w, https:\/\/infoecos.com.ar\/wp-content\/uploads\/2023\/04\/accidenteamerica-800x600.jpeg 800w, https:\/\/infoecos.com.ar\/wp-content\/uploads\/2023\/04\/accidenteamerica-768x576.jpeg 768w, https:\/\/infoecos.com.ar\/wp-content\/uploads\/2023\/04\/accidenteamerica-1536x1152.jpeg 1536w, https:\/\/infoecos.com.ar\/wp-content\/uploads\/2023\/04\/accidenteamerica-1024x768.jpeg 1024w\" sizes=\"(max-width: 1600px) 100vw, 1600px\" \/><\/figure>\n\n\n\n<figure class=\"wp-block-image size-large\"><img loading=\"lazy\" decoding=\"async\" width=\"1600\" height=\"1200\" data-id=\"104366\" src=\"https:\/\/infoecos.com.ar\/wp-content\/uploads\/2023\/04\/accidenteamerica1.jpeg\" alt=\"\" class=\"wp-image-104366\" srcset=\"https:\/\/infoecos.com.ar\/wp-content\/uploads\/2023\/04\/accidenteamerica1.jpeg 1600w, https:\/\/infoecos.com.ar\/wp-content\/uploads\/2023\/04\/accidenteamerica1-800x600.jpeg 800w, https:\/\/infoecos.com.ar\/wp-content\/uploads\/2023\/04\/accidenteamerica1-768x576.jpeg 768w, https:\/\/infoecos.com.ar\/wp-content\/uploads\/2023\/04\/accidenteamerica1-1536x1152.jpeg 1536w, https:\/\/infoecos.com.ar\/wp-content\/uploads\/2023\/04\/accidenteamerica1-1024x768.jpeg 1024w\" sizes=\"(max-width: 1600px) 100vw, 1600px\" \/><\/figure>\n\n\n\n<figure class=\"wp-block-image size-large\"><img loading=\"lazy\" decoding=\"async\" width=\"1600\" height=\"1200\" data-id=\"104363\" src=\"https:\/\/infoecos.com.ar\/wp-content\/uploads\/2023\/04\/accidenteamerica2.jpeg\" alt=\"\" class=\"wp-image-104363\" srcset=\"https:\/\/infoecos.com.ar\/wp-content\/uploads\/2023\/04\/accidenteamerica2.jpeg 1600w, https:\/\/infoecos.com.ar\/wp-content\/uploads\/2023\/04\/accidenteamerica2-800x600.jpeg 800w, https:\/\/infoecos.com.ar\/wp-content\/uploads\/2023\/04\/accidenteamerica2-768x576.jpeg 768w, https:\/\/infoecos.com.ar\/wp-content\/uploads\/2023\/04\/accidenteamerica2-1536x1152.jpeg 1536w, https:\/\/infoecos.com.ar\/wp-content\/uploads\/2023\/04\/accidenteamerica2-1024x768.jpeg 1024w\" sizes=\"(max-width: 1600px) 100vw, 1600px\" \/><\/figure>\n\n\n\n<figure class=\"wp-block-image size-large\"><img loading=\"lazy\" decoding=\"async\" width=\"1600\" height=\"1200\" data-id=\"104362\" src=\"https:\/\/infoecos.com.ar\/wp-content\/uploads\/2023\/04\/accidenteamerica3.jpeg\" alt=\"\" class=\"wp-image-104362\" srcset=\"https:\/\/infoecos.com.ar\/wp-content\/uploads\/2023\/04\/accidenteamerica3.jpeg 1600w, https:\/\/infoecos.com.ar\/wp-content\/uploads\/2023\/04\/accidenteamerica3-800x600.jpeg 800w, https:\/\/infoecos.com.ar\/wp-content\/uploads\/2023\/04\/accidenteamerica3-768x576.jpeg 768w, https:\/\/infoecos.com.ar\/wp-content\/uploads\/2023\/04\/accidenteamerica3-1536x1152.jpeg 1536w, https:\/\/infoecos.com.ar\/wp-content\/uploads\/2023\/04\/accidenteamerica3-1024x768.jpeg 1024w\" sizes=\"(max-width: 1600px) 100vw, 1600px\" \/><\/figure>\n\n\n\n<figure class=\"wp-block-image size-large\"><img loading=\"lazy\" decoding=\"async\" width=\"1600\" height=\"1200\" data-id=\"104364\" src=\"https:\/\/infoecos.com.ar\/wp-content\/uploads\/2023\/04\/accidenteamerica4.jpeg\" alt=\"\" class=\"wp-image-104364\" srcset=\"https:\/\/infoecos.com.ar\/wp-content\/uploads\/2023\/04\/accidenteamerica4.jpeg 1600w, https:\/\/infoecos.com.ar\/wp-content\/uploads\/2023\/04\/accidenteamerica4-800x600.jpeg 800w, https:\/\/infoecos.com.ar\/wp-content\/uploads\/2023\/04\/accidenteamerica4-768x576.jpeg 768w, https:\/\/infoecos.com.ar\/wp-content\/uploads\/2023\/04\/accidenteamerica4-1536x1152.jpeg 1536w, https:\/\/infoecos.com.ar\/wp-content\/uploads\/2023\/04\/accidenteamerica4-1024x768.jpeg 1024w\" sizes=\"(max-width: 1600px) 100vw, 1600px\" \/><\/figure>\n<\/figure>\n\n\n\n<p>La mujer muri\u00f3 en el lugar a consecuencia de las heridas sufridas; el chofer del cami\u00f3n y el hombre que manejaba el Chevrolet fueron trasladados al Hospital Municipal de Rivadavia, con diferentes golpes y contusiones varias, fuera de peligro.<\/p>\n\n\n\n<p>Las personas que viajaban en el Chevrolet Corsa son de la ciudad de Baradero y el cami\u00f3n de la ciudad de Coronel Suarez.<\/p>\n","protected":false},"excerpt":{"rendered":"<p>Seg\u00fan datos a los que accedi\u00f3 Master News, el choque entre un cami\u00f3n y un auto Chevrolet Corsa fue de frente en un sector del alteo la ruta 33 donde hay guardarrail en ambas banquinas<\/p>\n","protected":false},"author":2,"featured_media":104360,"comment_status":"closed","ping_status":"open","sticky":false,"template":"","format":"standard","meta":{"footnotes":""},"categories":[1613],"tags":[7115],"class_list":["post-104359","post","type-post","status-publish","format-standard","has-post-thumbnail","hentry","category-noticia-secundaria","tag-fuente-masternews-com-ar"],"yoast_head":"<!-- This site is optimized with the Yoast SEO plugin v23.4 - https:\/\/yoast.com\/wordpress\/plugins\/seo\/ -->\n<title>Grave accidente entre Am\u00e9rica y General Villegas: falleci\u00f3 una mujer de Baradero - Infoecos<\/title>\n<meta name=\"robots\" content=\"index, follow, max-snippet:-1, max-image-preview:large, max-video-preview:-1\" \/>\n<link rel=\"canonical\" href=\"https:\/\/infoecos.com.ar\/index.php\/grave-accidente-entre-america-y-general-villegas-fallecio-una-mujer-de-baradero\/\" \/>\n<meta property=\"og:locale\" content=\"es_ES\" \/>\n<meta property=\"og:type\" content=\"article\" \/>\n<meta property=\"og:title\" content=\"Grave accidente entre Am\u00e9rica y General Villegas: falleci\u00f3 una mujer de Baradero - Infoecos\" \/>\n<meta property=\"og:description\" content=\"Seg\u00fan datos a los que accedi\u00f3 Master News, el choque entre un cami\u00f3n y un auto Chevrolet Corsa fue de frente en un sector del alteo la ruta 33 donde hay guardarrail en ambas banquinas\" \/>\n<meta property=\"og:url\" content=\"https:\/\/infoecos.com.ar\/index.php\/grave-accidente-entre-america-y-general-villegas-fallecio-una-mujer-de-baradero\/\" \/>\n<meta property=\"og:site_name\" content=\"Infoecos\" \/>\n<meta property=\"article:publisher\" content=\"https:\/\/www.facebook.com\/profile.php?id=100063200290284\" \/>\n<meta property=\"article:published_time\" content=\"2023-04-27T05:09:46+00:00\" \/>\n<meta property=\"article:modified_time\" content=\"2023-04-27T20:49:01+00:00\" \/>\n<meta property=\"og:image\" content=\"https:\/\/infoecos.com.ar\/wp-content\/uploads\/2023\/04\/image-83.png\" \/>\n\t<meta property=\"og:image:width\" content=\"768\" \/>\n\t<meta property=\"og:image:height\" content=\"379\" \/>\n\t<meta property=\"og:image:type\" content=\"image\/png\" \/>\n<meta name=\"author\" content=\"Jorge Matheus\" \/>\n<meta name=\"twitter:card\" content=\"summary_large_image\" \/>\n<meta name=\"twitter:creator\" content=\"@infoecos\" \/>\n<meta name=\"twitter:site\" content=\"@infoecos\" \/>\n<meta name=\"twitter:label1\" content=\"Escrito por\" \/>\n\t<meta name=\"twitter:data1\" content=\"Jorge Matheus\" \/>\n\t<meta name=\"twitter:label2\" content=\"Tiempo de lectura\" \/>\n\t<meta name=\"twitter:data2\" content=\"3 minutos\" \/>\n<script type=\"application\/ld+json\" class=\"yoast-schema-graph\">{\"@context\":\"https:\/\/schema.org\",\"@graph\":[{\"@type\":\"Article\",\"@id\":\"https:\/\/infoecos.com.ar\/index.php\/grave-accidente-entre-america-y-general-villegas-fallecio-una-mujer-de-baradero\/#article\",\"isPartOf\":{\"@id\":\"https:\/\/infoecos.com.ar\/index.php\/grave-accidente-entre-america-y-general-villegas-fallecio-una-mujer-de-baradero\/\"},\"author\":{\"name\":\"Jorge Matheus\",\"@id\":\"https:\/\/infoecos.com.ar\/#\/schema\/person\/8f5ace5ce73b4b4aac4b7245aee6f191\"},\"headline\":\"Grave accidente entre Am\u00e9rica y General Villegas: falleci\u00f3 una mujer de Baradero\",\"datePublished\":\"2023-04-27T05:09:46+00:00\",\"dateModified\":\"2023-04-27T20:49:01+00:00\",\"mainEntityOfPage\":{\"@id\":\"https:\/\/infoecos.com.ar\/index.php\/grave-accidente-entre-america-y-general-villegas-fallecio-una-mujer-de-baradero\/\"},\"wordCount\":207,\"publisher\":{\"@id\":\"https:\/\/infoecos.com.ar\/#organization\"},\"image\":{\"@id\":\"https:\/\/infoecos.com.ar\/index.php\/grave-accidente-entre-america-y-general-villegas-fallecio-una-mujer-de-baradero\/#primaryimage\"},\"thumbnailUrl\":\"https:\/\/infoecos.com.ar\/wp-content\/uploads\/2023\/04\/image-83.png\",\"keywords\":[\"fuente: masternews.com.ar\"],\"articleSection\":[\"Noticia Secundaria\"],\"inLanguage\":\"es\"},{\"@type\":\"WebPage\",\"@id\":\"https:\/\/infoecos.com.ar\/index.php\/grave-accidente-entre-america-y-general-villegas-fallecio-una-mujer-de-baradero\/\",\"url\":\"https:\/\/infoecos.com.ar\/index.php\/grave-accidente-entre-america-y-general-villegas-fallecio-una-mujer-de-baradero\/\",\"name\":\"Grave accidente entre Am\u00e9rica y General Villegas: falleci\u00f3 una mujer de Baradero - Infoecos\",\"isPartOf\":{\"@id\":\"https:\/\/infoecos.com.ar\/#website\"},\"primaryImageOfPage\":{\"@id\":\"https:\/\/infoecos.com.ar\/index.php\/grave-accidente-entre-america-y-general-villegas-fallecio-una-mujer-de-baradero\/#primaryimage\"},\"image\":{\"@id\":\"https:\/\/infoecos.com.ar\/index.php\/grave-accidente-entre-america-y-general-villegas-fallecio-una-mujer-de-baradero\/#primaryimage\"},\"thumbnailUrl\":\"https:\/\/infoecos.com.ar\/wp-content\/uploads\/2023\/04\/image-83.png\",\"datePublished\":\"2023-04-27T05:09:46+00:00\",\"dateModified\":\"2023-04-27T20:49:01+00:00\",\"breadcrumb\":{\"@id\":\"https:\/\/infoecos.com.ar\/index.php\/grave-accidente-entre-america-y-general-villegas-fallecio-una-mujer-de-baradero\/#breadcrumb\"},\"inLanguage\":\"es\",\"potentialAction\":[{\"@type\":\"ReadAction\",\"target\":[\"https:\/\/infoecos.com.ar\/index.php\/grave-accidente-entre-america-y-general-villegas-fallecio-una-mujer-de-baradero\/\"]}]},{\"@type\":\"ImageObject\",\"inLanguage\":\"es\",\"@id\":\"https:\/\/infoecos.com.ar\/index.php\/grave-accidente-entre-america-y-general-villegas-fallecio-una-mujer-de-baradero\/#primaryimage\",\"url\":\"https:\/\/infoecos.com.ar\/wp-content\/uploads\/2023\/04\/image-83.png\",\"contentUrl\":\"https:\/\/infoecos.com.ar\/wp-content\/uploads\/2023\/04\/image-83.png\",\"width\":768,\"height\":379},{\"@type\":\"BreadcrumbList\",\"@id\":\"https:\/\/infoecos.com.ar\/index.php\/grave-accidente-entre-america-y-general-villegas-fallecio-una-mujer-de-baradero\/#breadcrumb\",\"itemListElement\":[{\"@type\":\"ListItem\",\"position\":1,\"name\":\"Portada\",\"item\":\"https:\/\/infoecos.com.ar\/\"},{\"@type\":\"ListItem\",\"position\":2,\"name\":\"Grave accidente entre Am\u00e9rica y General Villegas: falleci\u00f3 una mujer de Baradero\"}]},{\"@type\":\"WebSite\",\"@id\":\"https:\/\/infoecos.com.ar\/#website\",\"url\":\"https:\/\/infoecos.com.ar\/\",\"name\":\"Infoecos\",\"description\":\"Noticias de trenque lauquen y la zona\",\"publisher\":{\"@id\":\"https:\/\/infoecos.com.ar\/#organization\"},\"alternateName\":\"Noticias\",\"potentialAction\":[{\"@type\":\"SearchAction\",\"target\":{\"@type\":\"EntryPoint\",\"urlTemplate\":\"https:\/\/infoecos.com.ar\/?s={search_term_string}\"},\"query-input\":{\"@type\":\"PropertyValueSpecification\",\"valueRequired\":true,\"valueName\":\"search_term_string\"}}],\"inLanguage\":\"es\"},{\"@type\":\"Organization\",\"@id\":\"https:\/\/infoecos.com.ar\/#organization\",\"name\":\"Infoecos\",\"alternateName\":\"Noticias\",\"url\":\"https:\/\/infoecos.com.ar\/\",\"logo\":{\"@type\":\"ImageObject\",\"inLanguage\":\"es\",\"@id\":\"https:\/\/infoecos.com.ar\/#\/schema\/logo\/image\/\",\"url\":\"https:\/\/infoecos.com.ar\/wp-content\/uploads\/2024\/03\/cropped-logo.png\",\"contentUrl\":\"https:\/\/infoecos.com.ar\/wp-content\/uploads\/2024\/03\/cropped-logo.png\",\"width\":374,\"height\":90,\"caption\":\"Infoecos\"},\"image\":{\"@id\":\"https:\/\/infoecos.com.ar\/#\/schema\/logo\/image\/\"},\"sameAs\":[\"https:\/\/www.facebook.com\/profile.php?id=100063200290284\",\"https:\/\/x.com\/infoecos\"]},{\"@type\":\"Person\",\"@id\":\"https:\/\/infoecos.com.ar\/#\/schema\/person\/8f5ace5ce73b4b4aac4b7245aee6f191\",\"name\":\"Jorge Matheus\",\"url\":\"https:\/\/infoecos.com.ar\/index.php\/author\/jomatheus\/\"}]}<\/script>\n<!-- \/ Yoast SEO plugin. -->","yoast_head_json":{"title":"Grave accidente entre Am\u00e9rica y General Villegas: falleci\u00f3 una mujer de Baradero - Infoecos","robots":{"index":"index","follow":"follow","max-snippet":"max-snippet:-1","max-image-preview":"max-image-preview:large","max-video-preview":"max-video-preview:-1"},"canonical":"https:\/\/infoecos.com.ar\/index.php\/grave-accidente-entre-america-y-general-villegas-fallecio-una-mujer-de-baradero\/","og_locale":"es_ES","og_type":"article","og_title":"Grave accidente entre Am\u00e9rica y General Villegas: falleci\u00f3 una mujer de Baradero - Infoecos","og_description":"Seg\u00fan datos a los que accedi\u00f3 Master News, el choque entre un cami\u00f3n y un auto Chevrolet Corsa fue de frente en un sector del alteo la ruta 33 donde hay guardarrail en ambas banquinas","og_url":"https:\/\/infoecos.com.ar\/index.php\/grave-accidente-entre-america-y-general-villegas-fallecio-una-mujer-de-baradero\/","og_site_name":"Infoecos","article_publisher":"https:\/\/www.facebook.com\/profile.php?id=100063200290284","article_published_time":"2023-04-27T05:09:46+00:00","article_modified_time":"2023-04-27T20:49:01+00:00","og_image":[{"width":768,"height":379,"url":"https:\/\/infoecos.com.ar\/wp-content\/uploads\/2023\/04\/image-83.png","type":"image\/png"}],"author":"Jorge Matheus","twitter_card":"summary_large_image","twitter_creator":"@infoecos","twitter_site":"@infoecos","twitter_misc":{"Escrito por":"Jorge Matheus","Tiempo de lectura":"3 minutos"},"schema":{"@context":"https:\/\/schema.org","@graph":[{"@type":"Article","@id":"https:\/\/infoecos.com.ar\/index.php\/grave-accidente-entre-america-y-general-villegas-fallecio-una-mujer-de-baradero\/#article","isPartOf":{"@id":"https:\/\/infoecos.com.ar\/index.php\/grave-accidente-entre-america-y-general-villegas-fallecio-una-mujer-de-baradero\/"},"author":{"name":"Jorge Matheus","@id":"https:\/\/infoecos.com.ar\/#\/schema\/person\/8f5ace5ce73b4b4aac4b7245aee6f191"},"headline":"Grave accidente entre Am\u00e9rica y General Villegas: falleci\u00f3 una mujer de Baradero","datePublished":"2023-04-27T05:09:46+00:00","dateModified":"2023-04-27T20:49:01+00:00","mainEntityOfPage":{"@id":"https:\/\/infoecos.com.ar\/index.php\/grave-accidente-entre-america-y-general-villegas-fallecio-una-mujer-de-baradero\/"},"wordCount":207,"publisher":{"@id":"https:\/\/infoecos.com.ar\/#organization"},"image":{"@id":"https:\/\/infoecos.com.ar\/index.php\/grave-accidente-entre-america-y-general-villegas-fallecio-una-mujer-de-baradero\/#primaryimage"},"thumbnailUrl":"https:\/\/infoecos.com.ar\/wp-content\/uploads\/2023\/04\/image-83.png","keywords":["fuente: masternews.com.ar"],"articleSection":["Noticia Secundaria"],"inLanguage":"es"},{"@type":"WebPage","@id":"https:\/\/infoecos.com.ar\/index.php\/grave-accidente-entre-america-y-general-villegas-fallecio-una-mujer-de-baradero\/","url":"https:\/\/infoecos.com.ar\/index.php\/grave-accidente-entre-america-y-general-villegas-fallecio-una-mujer-de-baradero\/","name":"Grave accidente entre Am\u00e9rica y General Villegas: falleci\u00f3 una mujer de Baradero - Infoecos","isPartOf":{"@id":"https:\/\/infoecos.com.ar\/#website"},"primaryImageOfPage":{"@id":"https:\/\/infoecos.com.ar\/index.php\/grave-accidente-entre-america-y-general-villegas-fallecio-una-mujer-de-baradero\/#primaryimage"},"image":{"@id":"https:\/\/infoecos.com.ar\/index.php\/grave-accidente-entre-america-y-general-villegas-fallecio-una-mujer-de-baradero\/#primaryimage"},"thumbnailUrl":"https:\/\/infoecos.com.ar\/wp-content\/uploads\/2023\/04\/image-83.png","datePublished":"2023-04-27T05:09:46+00:00","dateModified":"2023-04-27T20:49:01+00:00","breadcrumb":{"@id":"https:\/\/infoecos.com.ar\/index.php\/grave-accidente-entre-america-y-general-villegas-fallecio-una-mujer-de-baradero\/#breadcrumb"},"inLanguage":"es","potentialAction":[{"@type":"ReadAction","target":["https:\/\/infoecos.com.ar\/index.php\/grave-accidente-entre-america-y-general-villegas-fallecio-una-mujer-de-baradero\/"]}]},{"@type":"ImageObject","inLanguage":"es","@id":"https:\/\/infoecos.com.ar\/index.php\/grave-accidente-entre-america-y-general-villegas-fallecio-una-mujer-de-baradero\/#primaryimage","url":"https:\/\/infoecos.com.ar\/wp-content\/uploads\/2023\/04\/image-83.png","contentUrl":"https:\/\/infoecos.com.ar\/wp-content\/uploads\/2023\/04\/image-83.png","width":768,"height":379},{"@type":"BreadcrumbList","@id":"https:\/\/infoecos.com.ar\/index.php\/grave-accidente-entre-america-y-general-villegas-fallecio-una-mujer-de-baradero\/#breadcrumb","itemListElement":[{"@type":"ListItem","position":1,"name":"Portada","item":"https:\/\/infoecos.com.ar\/"},{"@type":"ListItem","position":2,"name":"Grave accidente entre Am\u00e9rica y General Villegas: falleci\u00f3 una mujer de Baradero"}]},{"@type":"WebSite","@id":"https:\/\/infoecos.com.ar\/#website","url":"https:\/\/infoecos.com.ar\/","name":"Infoecos","description":"Noticias de trenque lauquen y la zona","publisher":{"@id":"https:\/\/infoecos.com.ar\/#organization"},"alternateName":"Noticias","potentialAction":[{"@type":"SearchAction","target":{"@type":"EntryPoint","urlTemplate":"https:\/\/infoecos.com.ar\/?s={search_term_string}"},"query-input":{"@type":"PropertyValueSpecification","valueRequired":true,"valueName":"search_term_string"}}],"inLanguage":"es"},{"@type":"Organization","@id":"https:\/\/infoecos.com.ar\/#organization","name":"Infoecos","alternateName":"Noticias","url":"https:\/\/infoecos.com.ar\/","logo":{"@type":"ImageObject","inLanguage":"es","@id":"https:\/\/infoecos.com.ar\/#\/schema\/logo\/image\/","url":"https:\/\/infoecos.com.ar\/wp-content\/uploads\/2024\/03\/cropped-logo.png","contentUrl":"https:\/\/infoecos.com.ar\/wp-content\/uploads\/2024\/03\/cropped-logo.png","width":374,"height":90,"caption":"Infoecos"},"image":{"@id":"https:\/\/infoecos.com.ar\/#\/schema\/logo\/image\/"},"sameAs":["https:\/\/www.facebook.com\/profile.php?id=100063200290284","https:\/\/x.com\/infoecos"]},{"@type":"Person","@id":"https:\/\/infoecos.com.ar\/#\/schema\/person\/8f5ace5ce73b4b4aac4b7245aee6f191","name":"Jorge Matheus","url":"https:\/\/infoecos.com.ar\/index.php\/author\/jomatheus\/"}]}},"featured_image_urls":{"full":["https:\/\/infoecos.com.ar\/wp-content\/uploads\/2023\/04\/image-83.png",768,379,false],"thumbnail":["https:\/\/infoecos.com.ar\/wp-content\/uploads\/2023\/04\/image-83-300x150.png",300,150,true],"medium":["https:\/\/infoecos.com.ar\/wp-content\/uploads\/2023\/04\/image-83.png",768,379,false],"medium_large":["https:\/\/infoecos.com.ar\/wp-content\/uploads\/2023\/04\/image-83.png",640,316,false],"large":["https:\/\/infoecos.com.ar\/wp-content\/uploads\/2023\/04\/image-83.png",640,316,false],"1536x1536":["https:\/\/infoecos.com.ar\/wp-content\/uploads\/2023\/04\/image-83.png",768,379,false],"2048x2048":["https:\/\/infoecos.com.ar\/wp-content\/uploads\/2023\/04\/image-83.png",768,379,false],"covernews-slider-full":["https:\/\/infoecos.com.ar\/wp-content\/uploads\/2023\/04\/image-83.png",768,379,false],"covernews-slider-center":["https:\/\/infoecos.com.ar\/wp-content\/uploads\/2023\/04\/image-83.png",768,379,false],"covernews-featured":["https:\/\/infoecos.com.ar\/wp-content\/uploads\/2023\/04\/image-83.png",768,379,false],"covernews-medium":["https:\/\/infoecos.com.ar\/wp-content\/uploads\/2023\/04\/image-83-720x379.png",540,284,true],"covernews-medium-square":["https:\/\/infoecos.com.ar\/wp-content\/uploads\/2023\/04\/image-83-675x379.png",400,225,true]},"author_info":{"info":["Jorge Matheus"]},"category_info":"<a href=\"https:\/\/infoecos.com.ar\/index.php\/category\/noticia-secundaria\/\" rel=\"category tag\">Noticia Secundaria<\/a>","tag_info":"Noticia Secundaria","comment_count":"0","_links":{"self":[{"href":"https:\/\/infoecos.com.ar\/index.php\/wp-json\/wp\/v2\/posts\/104359"}],"collection":[{"href":"https:\/\/infoecos.com.ar\/index.php\/wp-json\/wp\/v2\/posts"}],"about":[{"href":"https:\/\/infoecos.com.ar\/index.php\/wp-json\/wp\/v2\/types\/post"}],"author":[{"embeddable":true,"href":"https:\/\/infoecos.com.ar\/index.php\/wp-json\/wp\/v2\/users\/2"}],"replies":[{"embeddable":true,"href":"https:\/\/infoecos.com.ar\/index.php\/wp-json\/wp\/v2\/comments?post=104359"}],"version-history":[{"count":2,"href":"https:\/\/infoecos.com.ar\/index.php\/wp-json\/wp\/v2\/posts\/104359\/revisions"}],"predecessor-version":[{"id":104368,"href":"https:\/\/infoecos.com.ar\/index.php\/wp-json\/wp\/v2\/posts\/104359\/revisions\/104368"}],"wp:featuredmedia":[{"embeddable":true,"href":"https:\/\/infoecos.com.ar\/index.php\/wp-json\/wp\/v2\/media\/104360"}],"wp:attachment":[{"href":"https:\/\/infoecos.com.ar\/index.php\/wp-json\/wp\/v2\/media?parent=104359"}],"wp:term":[{"taxonomy":"category","embeddable":true,"href":"https:\/\/infoecos.com.ar\/index.php\/wp-json\/wp\/v2\/categories?post=104359"},{"taxonomy":"post_tag","embeddable":true,"href":"https:\/\/infoecos.com.ar\/index.php\/wp-json\/wp\/v2\/tags?post=104359"}],"curies":[{"name":"wp","href":"https:\/\/api.w.org\/{rel}","templated":true}]}}