{"id":104388,"date":"2023-04-28T02:04:21","date_gmt":"2023-04-28T05:04:21","guid":{"rendered":"https:\/\/infoecos.com.ar\/?p=104388"},"modified":"2023-04-28T02:04:22","modified_gmt":"2023-04-28T05:04:22","slug":"dejaron-en-libertad-al-joven-de-macachin-la-pampa-que-mato-a-la-ex-pareja-de-su-novia","status":"publish","type":"post","link":"https:\/\/infoecos.com.ar\/index.php\/dejaron-en-libertad-al-joven-de-macachin-la-pampa-que-mato-a-la-ex-pareja-de-su-novia\/","title":{"rendered":"Dejaron en libertad al joven de Macach\u00edn, La Pampa, que mat\u00f3 a la ex pareja de su novia"},"content":{"rendered":"\n<p>El joven que asesin\u00f3 de un disparo en el pecho a la ex pareja de su novia en Macach\u00edn, provincia de La Pampa, qued\u00f3 en libertad este lunes, luego de la decisi\u00f3n de la jueza Florencia Maza. El fiscal Marcos Sacco no se opuso a la medida.<\/p>\n\n\n\n<figure class=\"wp-block-image aligncenter size-full is-resized\"><img loading=\"lazy\" decoding=\"async\" src=\"https:\/\/infoecos.com.ar\/wp-content\/uploads\/2023\/04\/image-89.png\" alt=\"\" class=\"wp-image-104389\" width=\"421\" height=\"221\" srcset=\"https:\/\/infoecos.com.ar\/wp-content\/uploads\/2023\/04\/image-89.png 860w, https:\/\/infoecos.com.ar\/wp-content\/uploads\/2023\/04\/image-89-800x420.png 800w, https:\/\/infoecos.com.ar\/wp-content\/uploads\/2023\/04\/image-89-768x404.png 768w, https:\/\/infoecos.com.ar\/wp-content\/uploads\/2023\/04\/image-89-720x380.png 720w\" sizes=\"(max-width: 421px) 100vw, 421px\" \/><figcaption class=\"wp-element-caption\">Herr\u00e1n<\/figcaption><\/figure>\n\n\n\n<p>Francisco Herr\u00e1n, de 20 a\u00f1os, ten\u00eda una prisi\u00f3n preventiva de 60 d\u00edas, deber\u00e1 cumplir con pautas de conducta: tiene una orden de restricci\u00f3n de acercamiento a familiares del fallecido y est\u00e1 obligado a presentarse cada quince d\u00edas ante una comisar\u00eda.<\/p>\n\n\n\n<p>El hecho se produjo a principios de marzo de este a\u00f1o, en una vivienda de la calle Clement al 700 de Macach\u00edn.<\/p>\n\n\n\n<p>Mart\u00edn Ignacio (29) que a mediados de febrero hab\u00eda salido de la c\u00e1rcel luego de una condena por violencia de g\u00e9nero y delitos contra la propiedad, irrumpi\u00f3 en la que fue su casa en busca de sus hijos. .<\/p>\n\n\n\n<p>Luego de una acalorada discusi\u00f3n con su expareja, Ignacio la habr\u00eda golpeado, motivo por el cual la mujer se encerr\u00f3 en la vivienda.El agresor habr\u00eda ingresado por segunda vez a la casa tras romper una ventana. Y, nuevamente, habr\u00eda golpeado a la madre de sus hijos.<\/p>\n\n\n\n<p>All\u00ed intervino Herr\u00e1n -actual novio de la mujer- que lo asesin\u00f3 de un disparo en el pecho con un rev\u00f3lver calibre 32.<\/p>\n\n\n\n<figure class=\"wp-block-image aligncenter size-full is-resized\"><img loading=\"lazy\" decoding=\"async\" src=\"https:\/\/infoecos.com.ar\/wp-content\/uploads\/2023\/04\/image-90.png\" alt=\"\" class=\"wp-image-104390\" width=\"503\" height=\"265\"\/><figcaption class=\"wp-element-caption\">Asesinato en Macach\u00edn<\/figcaption><\/figure>\n\n\n\n<p>Ahora, el fiscal Sacco puede acusar a Herr\u00e1n por homicidio simple, imputarlo por exceso de leg\u00edtima defensa o pedir la absoluci\u00f3n por leg\u00edtima defensa.<\/p>\n","protected":false},"excerpt":{"rendered":"<p>Ahora, el fiscal Sacco puede acusar a Herr\u00e1n por homicidio simple, imputarlo por exceso de leg\u00edtima defensa o pedir la absoluci\u00f3n por leg\u00edtima defensa<\/p>\n","protected":false},"author":2,"featured_media":104389,"comment_status":"closed","ping_status":"open","sticky":false,"template":"","format":"standard","meta":{"footnotes":""},"categories":[1613],"tags":[5797],"class_list":["post-104388","post","type-post","status-publish","format-standard","has-post-thumbnail","hentry","category-noticia-secundaria","tag-el-diario-de-la-pampa"],"yoast_head":"<!-- This site is optimized with the Yoast SEO plugin v23.4 - https:\/\/yoast.com\/wordpress\/plugins\/seo\/ -->\n<title>Dejaron en libertad al joven de Macach\u00edn, La Pampa, que mat\u00f3 a la ex pareja de su novia - Infoecos<\/title>\n<meta name=\"robots\" content=\"index, follow, max-snippet:-1, max-image-preview:large, max-video-preview:-1\" \/>\n<link rel=\"canonical\" href=\"https:\/\/infoecos.com.ar\/index.php\/dejaron-en-libertad-al-joven-de-macachin-la-pampa-que-mato-a-la-ex-pareja-de-su-novia\/\" \/>\n<meta property=\"og:locale\" content=\"es_ES\" \/>\n<meta property=\"og:type\" content=\"article\" \/>\n<meta property=\"og:title\" content=\"Dejaron en libertad al joven de Macach\u00edn, La Pampa, que mat\u00f3 a la ex pareja de su novia - Infoecos\" \/>\n<meta property=\"og:description\" content=\"Ahora, el fiscal Sacco puede acusar a Herr\u00e1n por homicidio simple, imputarlo por exceso de leg\u00edtima defensa o pedir la absoluci\u00f3n por leg\u00edtima defensa\" \/>\n<meta property=\"og:url\" content=\"https:\/\/infoecos.com.ar\/index.php\/dejaron-en-libertad-al-joven-de-macachin-la-pampa-que-mato-a-la-ex-pareja-de-su-novia\/\" \/>\n<meta property=\"og:site_name\" content=\"Infoecos\" \/>\n<meta property=\"article:publisher\" content=\"https:\/\/www.facebook.com\/profile.php?id=100063200290284\" \/>\n<meta property=\"article:published_time\" content=\"2023-04-28T05:04:21+00:00\" \/>\n<meta property=\"article:modified_time\" content=\"2023-04-28T05:04:22+00:00\" \/>\n<meta property=\"og:image\" content=\"https:\/\/infoecos.com.ar\/wp-content\/uploads\/2023\/04\/image-89.png\" \/>\n\t<meta property=\"og:image:width\" content=\"860\" \/>\n\t<meta property=\"og:image:height\" content=\"452\" \/>\n\t<meta property=\"og:image:type\" content=\"image\/png\" \/>\n<meta name=\"author\" content=\"Jorge Matheus\" \/>\n<meta name=\"twitter:card\" content=\"summary_large_image\" \/>\n<meta name=\"twitter:creator\" content=\"@infoecos\" \/>\n<meta name=\"twitter:site\" content=\"@infoecos\" \/>\n<meta name=\"twitter:label1\" content=\"Escrito por\" \/>\n\t<meta name=\"twitter:data1\" content=\"Jorge Matheus\" \/>\n\t<meta name=\"twitter:label2\" content=\"Tiempo de lectura\" \/>\n\t<meta name=\"twitter:data2\" content=\"2 minutos\" \/>\n<script type=\"application\/ld+json\" class=\"yoast-schema-graph\">{\"@context\":\"https:\/\/schema.org\",\"@graph\":[{\"@type\":\"Article\",\"@id\":\"https:\/\/infoecos.com.ar\/index.php\/dejaron-en-libertad-al-joven-de-macachin-la-pampa-que-mato-a-la-ex-pareja-de-su-novia\/#article\",\"isPartOf\":{\"@id\":\"https:\/\/infoecos.com.ar\/index.php\/dejaron-en-libertad-al-joven-de-macachin-la-pampa-que-mato-a-la-ex-pareja-de-su-novia\/\"},\"author\":{\"name\":\"Jorge Matheus\",\"@id\":\"https:\/\/infoecos.com.ar\/#\/schema\/person\/8f5ace5ce73b4b4aac4b7245aee6f191\"},\"headline\":\"Dejaron en libertad al joven de Macach\u00edn, La Pampa, que mat\u00f3 a la ex pareja de su novia\",\"datePublished\":\"2023-04-28T05:04:21+00:00\",\"dateModified\":\"2023-04-28T05:04:22+00:00\",\"mainEntityOfPage\":{\"@id\":\"https:\/\/infoecos.com.ar\/index.php\/dejaron-en-libertad-al-joven-de-macachin-la-pampa-que-mato-a-la-ex-pareja-de-su-novia\/\"},\"wordCount\":286,\"publisher\":{\"@id\":\"https:\/\/infoecos.com.ar\/#organization\"},\"image\":{\"@id\":\"https:\/\/infoecos.com.ar\/index.php\/dejaron-en-libertad-al-joven-de-macachin-la-pampa-que-mato-a-la-ex-pareja-de-su-novia\/#primaryimage\"},\"thumbnailUrl\":\"https:\/\/infoecos.com.ar\/wp-content\/uploads\/2023\/04\/image-89.png\",\"keywords\":[\"EL DIARIO DE LA PAMPA\"],\"articleSection\":[\"Noticia Secundaria\"],\"inLanguage\":\"es\"},{\"@type\":\"WebPage\",\"@id\":\"https:\/\/infoecos.com.ar\/index.php\/dejaron-en-libertad-al-joven-de-macachin-la-pampa-que-mato-a-la-ex-pareja-de-su-novia\/\",\"url\":\"https:\/\/infoecos.com.ar\/index.php\/dejaron-en-libertad-al-joven-de-macachin-la-pampa-que-mato-a-la-ex-pareja-de-su-novia\/\",\"name\":\"Dejaron en libertad al joven de Macach\u00edn, La Pampa, que mat\u00f3 a la ex pareja de su novia - Infoecos\",\"isPartOf\":{\"@id\":\"https:\/\/infoecos.com.ar\/#website\"},\"primaryImageOfPage\":{\"@id\":\"https:\/\/infoecos.com.ar\/index.php\/dejaron-en-libertad-al-joven-de-macachin-la-pampa-que-mato-a-la-ex-pareja-de-su-novia\/#primaryimage\"},\"image\":{\"@id\":\"https:\/\/infoecos.com.ar\/index.php\/dejaron-en-libertad-al-joven-de-macachin-la-pampa-que-mato-a-la-ex-pareja-de-su-novia\/#primaryimage\"},\"thumbnailUrl\":\"https:\/\/infoecos.com.ar\/wp-content\/uploads\/2023\/04\/image-89.png\",\"datePublished\":\"2023-04-28T05:04:21+00:00\",\"dateModified\":\"2023-04-28T05:04:22+00:00\",\"breadcrumb\":{\"@id\":\"https:\/\/infoecos.com.ar\/index.php\/dejaron-en-libertad-al-joven-de-macachin-la-pampa-que-mato-a-la-ex-pareja-de-su-novia\/#breadcrumb\"},\"inLanguage\":\"es\",\"potentialAction\":[{\"@type\":\"ReadAction\",\"target\":[\"https:\/\/infoecos.com.ar\/index.php\/dejaron-en-libertad-al-joven-de-macachin-la-pampa-que-mato-a-la-ex-pareja-de-su-novia\/\"]}]},{\"@type\":\"ImageObject\",\"inLanguage\":\"es\",\"@id\":\"https:\/\/infoecos.com.ar\/index.php\/dejaron-en-libertad-al-joven-de-macachin-la-pampa-que-mato-a-la-ex-pareja-de-su-novia\/#primaryimage\",\"url\":\"https:\/\/infoecos.com.ar\/wp-content\/uploads\/2023\/04\/image-89.png\",\"contentUrl\":\"https:\/\/infoecos.com.ar\/wp-content\/uploads\/2023\/04\/image-89.png\",\"width\":860,\"height\":452},{\"@type\":\"BreadcrumbList\",\"@id\":\"https:\/\/infoecos.com.ar\/index.php\/dejaron-en-libertad-al-joven-de-macachin-la-pampa-que-mato-a-la-ex-pareja-de-su-novia\/#breadcrumb\",\"itemListElement\":[{\"@type\":\"ListItem\",\"position\":1,\"name\":\"Portada\",\"item\":\"https:\/\/infoecos.com.ar\/\"},{\"@type\":\"ListItem\",\"position\":2,\"name\":\"Dejaron en libertad al joven de Macach\u00edn, La Pampa, que mat\u00f3 a la ex pareja de su novia\"}]},{\"@type\":\"WebSite\",\"@id\":\"https:\/\/infoecos.com.ar\/#website\",\"url\":\"https:\/\/infoecos.com.ar\/\",\"name\":\"Infoecos\",\"description\":\"Noticias de trenque lauquen y la zona\",\"publisher\":{\"@id\":\"https:\/\/infoecos.com.ar\/#organization\"},\"alternateName\":\"Noticias\",\"potentialAction\":[{\"@type\":\"SearchAction\",\"target\":{\"@type\":\"EntryPoint\",\"urlTemplate\":\"https:\/\/infoecos.com.ar\/?s={search_term_string}\"},\"query-input\":{\"@type\":\"PropertyValueSpecification\",\"valueRequired\":true,\"valueName\":\"search_term_string\"}}],\"inLanguage\":\"es\"},{\"@type\":\"Organization\",\"@id\":\"https:\/\/infoecos.com.ar\/#organization\",\"name\":\"Infoecos\",\"alternateName\":\"Noticias\",\"url\":\"https:\/\/infoecos.com.ar\/\",\"logo\":{\"@type\":\"ImageObject\",\"inLanguage\":\"es\",\"@id\":\"https:\/\/infoecos.com.ar\/#\/schema\/logo\/image\/\",\"url\":\"https:\/\/infoecos.com.ar\/wp-content\/uploads\/2024\/03\/cropped-logo.png\",\"contentUrl\":\"https:\/\/infoecos.com.ar\/wp-content\/uploads\/2024\/03\/cropped-logo.png\",\"width\":374,\"height\":90,\"caption\":\"Infoecos\"},\"image\":{\"@id\":\"https:\/\/infoecos.com.ar\/#\/schema\/logo\/image\/\"},\"sameAs\":[\"https:\/\/www.facebook.com\/profile.php?id=100063200290284\",\"https:\/\/x.com\/infoecos\"]},{\"@type\":\"Person\",\"@id\":\"https:\/\/infoecos.com.ar\/#\/schema\/person\/8f5ace5ce73b4b4aac4b7245aee6f191\",\"name\":\"Jorge Matheus\",\"url\":\"https:\/\/infoecos.com.ar\/index.php\/author\/jomatheus\/\"}]}<\/script>\n<!-- \/ Yoast SEO plugin. -->","yoast_head_json":{"title":"Dejaron en libertad al joven de Macach\u00edn, La Pampa, que mat\u00f3 a la ex pareja de su novia - Infoecos","robots":{"index":"index","follow":"follow","max-snippet":"max-snippet:-1","max-image-preview":"max-image-preview:large","max-video-preview":"max-video-preview:-1"},"canonical":"https:\/\/infoecos.com.ar\/index.php\/dejaron-en-libertad-al-joven-de-macachin-la-pampa-que-mato-a-la-ex-pareja-de-su-novia\/","og_locale":"es_ES","og_type":"article","og_title":"Dejaron en libertad al joven de Macach\u00edn, La Pampa, que mat\u00f3 a la ex pareja de su novia - Infoecos","og_description":"Ahora, el fiscal Sacco puede acusar a Herr\u00e1n por homicidio simple, imputarlo por exceso de leg\u00edtima defensa o pedir la absoluci\u00f3n por leg\u00edtima defensa","og_url":"https:\/\/infoecos.com.ar\/index.php\/dejaron-en-libertad-al-joven-de-macachin-la-pampa-que-mato-a-la-ex-pareja-de-su-novia\/","og_site_name":"Infoecos","article_publisher":"https:\/\/www.facebook.com\/profile.php?id=100063200290284","article_published_time":"2023-04-28T05:04:21+00:00","article_modified_time":"2023-04-28T05:04:22+00:00","og_image":[{"width":860,"height":452,"url":"https:\/\/infoecos.com.ar\/wp-content\/uploads\/2023\/04\/image-89.png","type":"image\/png"}],"author":"Jorge Matheus","twitter_card":"summary_large_image","twitter_creator":"@infoecos","twitter_site":"@infoecos","twitter_misc":{"Escrito por":"Jorge Matheus","Tiempo de lectura":"2 minutos"},"schema":{"@context":"https:\/\/schema.org","@graph":[{"@type":"Article","@id":"https:\/\/infoecos.com.ar\/index.php\/dejaron-en-libertad-al-joven-de-macachin-la-pampa-que-mato-a-la-ex-pareja-de-su-novia\/#article","isPartOf":{"@id":"https:\/\/infoecos.com.ar\/index.php\/dejaron-en-libertad-al-joven-de-macachin-la-pampa-que-mato-a-la-ex-pareja-de-su-novia\/"},"author":{"name":"Jorge Matheus","@id":"https:\/\/infoecos.com.ar\/#\/schema\/person\/8f5ace5ce73b4b4aac4b7245aee6f191"},"headline":"Dejaron en libertad al joven de Macach\u00edn, La Pampa, que mat\u00f3 a la ex pareja de su novia","datePublished":"2023-04-28T05:04:21+00:00","dateModified":"2023-04-28T05:04:22+00:00","mainEntityOfPage":{"@id":"https:\/\/infoecos.com.ar\/index.php\/dejaron-en-libertad-al-joven-de-macachin-la-pampa-que-mato-a-la-ex-pareja-de-su-novia\/"},"wordCount":286,"publisher":{"@id":"https:\/\/infoecos.com.ar\/#organization"},"image":{"@id":"https:\/\/infoecos.com.ar\/index.php\/dejaron-en-libertad-al-joven-de-macachin-la-pampa-que-mato-a-la-ex-pareja-de-su-novia\/#primaryimage"},"thumbnailUrl":"https:\/\/infoecos.com.ar\/wp-content\/uploads\/2023\/04\/image-89.png","keywords":["EL DIARIO DE LA PAMPA"],"articleSection":["Noticia Secundaria"],"inLanguage":"es"},{"@type":"WebPage","@id":"https:\/\/infoecos.com.ar\/index.php\/dejaron-en-libertad-al-joven-de-macachin-la-pampa-que-mato-a-la-ex-pareja-de-su-novia\/","url":"https:\/\/infoecos.com.ar\/index.php\/dejaron-en-libertad-al-joven-de-macachin-la-pampa-que-mato-a-la-ex-pareja-de-su-novia\/","name":"Dejaron en libertad al joven de Macach\u00edn, La Pampa, que mat\u00f3 a la ex pareja de su novia - Infoecos","isPartOf":{"@id":"https:\/\/infoecos.com.ar\/#website"},"primaryImageOfPage":{"@id":"https:\/\/infoecos.com.ar\/index.php\/dejaron-en-libertad-al-joven-de-macachin-la-pampa-que-mato-a-la-ex-pareja-de-su-novia\/#primaryimage"},"image":{"@id":"https:\/\/infoecos.com.ar\/index.php\/dejaron-en-libertad-al-joven-de-macachin-la-pampa-que-mato-a-la-ex-pareja-de-su-novia\/#primaryimage"},"thumbnailUrl":"https:\/\/infoecos.com.ar\/wp-content\/uploads\/2023\/04\/image-89.png","datePublished":"2023-04-28T05:04:21+00:00","dateModified":"2023-04-28T05:04:22+00:00","breadcrumb":{"@id":"https:\/\/infoecos.com.ar\/index.php\/dejaron-en-libertad-al-joven-de-macachin-la-pampa-que-mato-a-la-ex-pareja-de-su-novia\/#breadcrumb"},"inLanguage":"es","potentialAction":[{"@type":"ReadAction","target":["https:\/\/infoecos.com.ar\/index.php\/dejaron-en-libertad-al-joven-de-macachin-la-pampa-que-mato-a-la-ex-pareja-de-su-novia\/"]}]},{"@type":"ImageObject","inLanguage":"es","@id":"https:\/\/infoecos.com.ar\/index.php\/dejaron-en-libertad-al-joven-de-macachin-la-pampa-que-mato-a-la-ex-pareja-de-su-novia\/#primaryimage","url":"https:\/\/infoecos.com.ar\/wp-content\/uploads\/2023\/04\/image-89.png","contentUrl":"https:\/\/infoecos.com.ar\/wp-content\/uploads\/2023\/04\/image-89.png","width":860,"height":452},{"@type":"BreadcrumbList","@id":"https:\/\/infoecos.com.ar\/index.php\/dejaron-en-libertad-al-joven-de-macachin-la-pampa-que-mato-a-la-ex-pareja-de-su-novia\/#breadcrumb","itemListElement":[{"@type":"ListItem","position":1,"name":"Portada","item":"https:\/\/infoecos.com.ar\/"},{"@type":"ListItem","position":2,"name":"Dejaron en libertad al joven de Macach\u00edn, La Pampa, que mat\u00f3 a la ex pareja de su novia"}]},{"@type":"WebSite","@id":"https:\/\/infoecos.com.ar\/#website","url":"https:\/\/infoecos.com.ar\/","name":"Infoecos","description":"Noticias de trenque lauquen y la zona","publisher":{"@id":"https:\/\/infoecos.com.ar\/#organization"},"alternateName":"Noticias","potentialAction":[{"@type":"SearchAction","target":{"@type":"EntryPoint","urlTemplate":"https:\/\/infoecos.com.ar\/?s={search_term_string}"},"query-input":{"@type":"PropertyValueSpecification","valueRequired":true,"valueName":"search_term_string"}}],"inLanguage":"es"},{"@type":"Organization","@id":"https:\/\/infoecos.com.ar\/#organization","name":"Infoecos","alternateName":"Noticias","url":"https:\/\/infoecos.com.ar\/","logo":{"@type":"ImageObject","inLanguage":"es","@id":"https:\/\/infoecos.com.ar\/#\/schema\/logo\/image\/","url":"https:\/\/infoecos.com.ar\/wp-content\/uploads\/2024\/03\/cropped-logo.png","contentUrl":"https:\/\/infoecos.com.ar\/wp-content\/uploads\/2024\/03\/cropped-logo.png","width":374,"height":90,"caption":"Infoecos"},"image":{"@id":"https:\/\/infoecos.com.ar\/#\/schema\/logo\/image\/"},"sameAs":["https:\/\/www.facebook.com\/profile.php?id=100063200290284","https:\/\/x.com\/infoecos"]},{"@type":"Person","@id":"https:\/\/infoecos.com.ar\/#\/schema\/person\/8f5ace5ce73b4b4aac4b7245aee6f191","name":"Jorge Matheus","url":"https:\/\/infoecos.com.ar\/index.php\/author\/jomatheus\/"}]}},"featured_image_urls":{"full":["https:\/\/infoecos.com.ar\/wp-content\/uploads\/2023\/04\/image-89.png",860,452,false],"thumbnail":["https:\/\/infoecos.com.ar\/wp-content\/uploads\/2023\/04\/image-89-300x150.png",300,150,true],"medium":["https:\/\/infoecos.com.ar\/wp-content\/uploads\/2023\/04\/image-89-800x420.png",800,420,true],"medium_large":["https:\/\/infoecos.com.ar\/wp-content\/uploads\/2023\/04\/image-89-768x404.png",640,337,true],"large":["https:\/\/infoecos.com.ar\/wp-content\/uploads\/2023\/04\/image-89.png",640,336,false],"1536x1536":["https:\/\/infoecos.com.ar\/wp-content\/uploads\/2023\/04\/image-89.png",860,452,false],"2048x2048":["https:\/\/infoecos.com.ar\/wp-content\/uploads\/2023\/04\/image-89.png",860,452,false],"covernews-slider-full":["https:\/\/infoecos.com.ar\/wp-content\/uploads\/2023\/04\/image-89.png",860,452,false],"covernews-slider-center":["https:\/\/infoecos.com.ar\/wp-content\/uploads\/2023\/04\/image-89.png",800,420,false],"covernews-featured":["https:\/\/infoecos.com.ar\/wp-content\/uploads\/2023\/04\/image-89.png",860,452,false],"covernews-medium":["https:\/\/infoecos.com.ar\/wp-content\/uploads\/2023\/04\/image-89-720x380.png",540,285,true],"covernews-medium-square":["https:\/\/infoecos.com.ar\/wp-content\/uploads\/2023\/04\/image-89-675x450.png",375,250,true]},"author_info":{"info":["Jorge Matheus"]},"category_info":"<a href=\"https:\/\/infoecos.com.ar\/index.php\/category\/noticia-secundaria\/\" rel=\"category tag\">Noticia Secundaria<\/a>","tag_info":"Noticia Secundaria","comment_count":"0","_links":{"self":[{"href":"https:\/\/infoecos.com.ar\/index.php\/wp-json\/wp\/v2\/posts\/104388"}],"collection":[{"href":"https:\/\/infoecos.com.ar\/index.php\/wp-json\/wp\/v2\/posts"}],"about":[{"href":"https:\/\/infoecos.com.ar\/index.php\/wp-json\/wp\/v2\/types\/post"}],"author":[{"embeddable":true,"href":"https:\/\/infoecos.com.ar\/index.php\/wp-json\/wp\/v2\/users\/2"}],"replies":[{"embeddable":true,"href":"https:\/\/infoecos.com.ar\/index.php\/wp-json\/wp\/v2\/comments?post=104388"}],"version-history":[{"count":1,"href":"https:\/\/infoecos.com.ar\/index.php\/wp-json\/wp\/v2\/posts\/104388\/revisions"}],"predecessor-version":[{"id":104391,"href":"https:\/\/infoecos.com.ar\/index.php\/wp-json\/wp\/v2\/posts\/104388\/revisions\/104391"}],"wp:featuredmedia":[{"embeddable":true,"href":"https:\/\/infoecos.com.ar\/index.php\/wp-json\/wp\/v2\/media\/104389"}],"wp:attachment":[{"href":"https:\/\/infoecos.com.ar\/index.php\/wp-json\/wp\/v2\/media?parent=104388"}],"wp:term":[{"taxonomy":"category","embeddable":true,"href":"https:\/\/infoecos.com.ar\/index.php\/wp-json\/wp\/v2\/categories?post=104388"},{"taxonomy":"post_tag","embeddable":true,"href":"https:\/\/infoecos.com.ar\/index.php\/wp-json\/wp\/v2\/tags?post=104388"}],"curies":[{"name":"wp","href":"https:\/\/api.w.org\/{rel}","templated":true}]}}