{"id":104423,"date":"2023-04-28T03:42:57","date_gmt":"2023-04-28T06:42:57","guid":{"rendered":"https:\/\/infoecos.com.ar\/?p=104423"},"modified":"2023-05-02T03:28:40","modified_gmt":"2023-05-02T06:28:40","slug":"macri-critico-la-gestion-del-kirchnerismo-a-20-anos-del-triunfo-electoral-de-nestor","status":"publish","type":"post","link":"https:\/\/infoecos.com.ar\/index.php\/macri-critico-la-gestion-del-kirchnerismo-a-20-anos-del-triunfo-electoral-de-nestor\/","title":{"rendered":"Macri critic\u00f3 la gesti\u00f3n del kirchnerismo a 20 a\u00f1os del triunfo electoral de N\u00e9stor"},"content":{"rendered":"\n<p>El <strong>ex presidente de la Naci\u00f3n<\/strong>,&nbsp;<strong>Mauricio Macri<\/strong>&nbsp;public\u00f3 este jueves una dura carta que critic\u00f3 la gesti\u00f3n del kirchnerismo.<\/p>\n\n\n\n<figure class=\"wp-block-image alignright size-full is-resized\"><img loading=\"lazy\" decoding=\"async\" src=\"https:\/\/infoecos.com.ar\/wp-content\/uploads\/2023\/03\/929a5953-8729-461d-af45-2d83257d9b7f_16-9-discover-aspect-ratio_default_0.jpg\" alt=\"\" class=\"wp-image-103182\" width=\"362\" height=\"203\" srcset=\"https:\/\/infoecos.com.ar\/wp-content\/uploads\/2023\/03\/929a5953-8729-461d-af45-2d83257d9b7f_16-9-discover-aspect-ratio_default_0.jpg 1200w, https:\/\/infoecos.com.ar\/wp-content\/uploads\/2023\/03\/929a5953-8729-461d-af45-2d83257d9b7f_16-9-discover-aspect-ratio_default_0-800x450.jpg 800w, https:\/\/infoecos.com.ar\/wp-content\/uploads\/2023\/03\/929a5953-8729-461d-af45-2d83257d9b7f_16-9-discover-aspect-ratio_default_0-768x432.jpg 768w, https:\/\/infoecos.com.ar\/wp-content\/uploads\/2023\/03\/929a5953-8729-461d-af45-2d83257d9b7f_16-9-discover-aspect-ratio_default_0-1024x576.jpg 1024w\" sizes=\"(max-width: 362px) 100vw, 362px\" \/><\/figure>\n\n\n\n<p>\u201cEn lo pol\u00edtico, la victoria de&nbsp;<strong>Kirchner<\/strong>&nbsp;dio inicio a un estilo de gobierno que se fue haciendo cada vez m\u00e1s<strong>&nbsp;intolerante y manipulado<\/strong>r, el origen de lo que despu\u00e9s se llam\u00f3 la grieta\u201d, sentenci\u00f3&nbsp;<strong>Macri<\/strong>, en una jornada en la que el&nbsp;<strong>kirchnerismo<\/strong>&nbsp;celebr\u00f3 las dos d\u00e9cadas del triunfo del entonces Gobernador de&nbsp;<strong>Santa Cruz<\/strong>.<\/p>\n\n\n\n<p>Adem\u00e1s, el expresidente y l\u00edder del&nbsp;<strong>PRO<\/strong>,&nbsp;<strong>Macri<\/strong>&nbsp;record\u00f3 la etapa posterior al estallido de 2001 junto con la salida del plan de convertibilidad que marc\u00f3 al menemismo en la d\u00e9cada de los 90 y ponder\u00f3 la recuperaci\u00f3n de la Argentina en los a\u00f1os venideros.<\/p>\n\n\n\n<p>\u201cHab\u00edamos logrado salir de la peor crisis de nuestra historia y empez\u00e1bamos, despu\u00e9s de mucho dolor, a recuperarnos. Era un pa\u00eds empobrecido y sacudido, pero tambi\u00e9n con baja inflaci\u00f3n, un tipo de cambio razonable, las cuentas p\u00fablicas en orden (\u00a1con super\u00e1vit!), energ\u00eda abundante e infraestructura reciente\u201d, detall\u00f3&nbsp;<strong>Macri<\/strong>, a trav\u00e9s de su cuenta personal de Facebook<\/p>\n","protected":false},"excerpt":{"rendered":"<p>El ex presidente de la Naci\u00f3n,&nbsp;Mauricio Macri&nbsp;public\u00f3 este jueves una dura carta que critic\u00f3 la&#8230;<\/p>\n","protected":false},"author":2,"featured_media":103182,"comment_status":"closed","ping_status":"open","sticky":false,"template":"","format":"standard","meta":{"footnotes":""},"categories":[1614],"tags":[],"class_list":["post-104423","post","type-post","status-publish","format-standard","has-post-thumbnail","hentry","category-c2nota7"],"yoast_head":"<!-- This site is optimized with the Yoast SEO plugin v23.4 - https:\/\/yoast.com\/wordpress\/plugins\/seo\/ -->\n<title>Macri critic\u00f3 la gesti\u00f3n del kirchnerismo a 20 a\u00f1os del triunfo electoral de N\u00e9stor - Infoecos<\/title>\n<meta name=\"robots\" content=\"index, follow, max-snippet:-1, max-image-preview:large, max-video-preview:-1\" \/>\n<link rel=\"canonical\" href=\"https:\/\/infoecos.com.ar\/index.php\/macri-critico-la-gestion-del-kirchnerismo-a-20-anos-del-triunfo-electoral-de-nestor\/\" \/>\n<meta property=\"og:locale\" content=\"es_ES\" \/>\n<meta property=\"og:type\" content=\"article\" \/>\n<meta property=\"og:title\" content=\"Macri critic\u00f3 la gesti\u00f3n del kirchnerismo a 20 a\u00f1os del triunfo electoral de N\u00e9stor - Infoecos\" \/>\n<meta property=\"og:description\" content=\"El ex presidente de la Naci\u00f3n,&nbsp;Mauricio Macri&nbsp;public\u00f3 este jueves una dura carta que critic\u00f3 la...\" \/>\n<meta property=\"og:url\" content=\"https:\/\/infoecos.com.ar\/index.php\/macri-critico-la-gestion-del-kirchnerismo-a-20-anos-del-triunfo-electoral-de-nestor\/\" \/>\n<meta property=\"og:site_name\" content=\"Infoecos\" \/>\n<meta property=\"article:publisher\" content=\"https:\/\/www.facebook.com\/profile.php?id=100063200290284\" \/>\n<meta property=\"article:published_time\" content=\"2023-04-28T06:42:57+00:00\" \/>\n<meta property=\"article:modified_time\" content=\"2023-05-02T06:28:40+00:00\" \/>\n<meta property=\"og:image\" content=\"https:\/\/infoecos.com.ar\/wp-content\/uploads\/2023\/03\/929a5953-8729-461d-af45-2d83257d9b7f_16-9-discover-aspect-ratio_default_0.jpg\" \/>\n\t<meta property=\"og:image:width\" content=\"1200\" \/>\n\t<meta property=\"og:image:height\" content=\"675\" \/>\n\t<meta property=\"og:image:type\" content=\"image\/jpeg\" \/>\n<meta name=\"author\" content=\"Jorge Matheus\" \/>\n<meta name=\"twitter:card\" content=\"summary_large_image\" \/>\n<meta name=\"twitter:creator\" content=\"@infoecos\" \/>\n<meta name=\"twitter:site\" content=\"@infoecos\" \/>\n<meta name=\"twitter:label1\" content=\"Escrito por\" \/>\n\t<meta name=\"twitter:data1\" content=\"Jorge Matheus\" \/>\n\t<meta name=\"twitter:label2\" content=\"Tiempo de lectura\" \/>\n\t<meta name=\"twitter:data2\" content=\"2 minutos\" \/>\n<script type=\"application\/ld+json\" class=\"yoast-schema-graph\">{\"@context\":\"https:\/\/schema.org\",\"@graph\":[{\"@type\":\"Article\",\"@id\":\"https:\/\/infoecos.com.ar\/index.php\/macri-critico-la-gestion-del-kirchnerismo-a-20-anos-del-triunfo-electoral-de-nestor\/#article\",\"isPartOf\":{\"@id\":\"https:\/\/infoecos.com.ar\/index.php\/macri-critico-la-gestion-del-kirchnerismo-a-20-anos-del-triunfo-electoral-de-nestor\/\"},\"author\":{\"name\":\"Jorge Matheus\",\"@id\":\"https:\/\/infoecos.com.ar\/#\/schema\/person\/8f5ace5ce73b4b4aac4b7245aee6f191\"},\"headline\":\"Macri critic\u00f3 la gesti\u00f3n del kirchnerismo a 20 a\u00f1os del triunfo electoral de N\u00e9stor\",\"datePublished\":\"2023-04-28T06:42:57+00:00\",\"dateModified\":\"2023-05-02T06:28:40+00:00\",\"mainEntityOfPage\":{\"@id\":\"https:\/\/infoecos.com.ar\/index.php\/macri-critico-la-gestion-del-kirchnerismo-a-20-anos-del-triunfo-electoral-de-nestor\/\"},\"wordCount\":225,\"publisher\":{\"@id\":\"https:\/\/infoecos.com.ar\/#organization\"},\"image\":{\"@id\":\"https:\/\/infoecos.com.ar\/index.php\/macri-critico-la-gestion-del-kirchnerismo-a-20-anos-del-triunfo-electoral-de-nestor\/#primaryimage\"},\"thumbnailUrl\":\"https:\/\/infoecos.com.ar\/wp-content\/uploads\/2023\/03\/929a5953-8729-461d-af45-2d83257d9b7f_16-9-discover-aspect-ratio_default_0.jpg\",\"articleSection\":[\"C2 N7\"],\"inLanguage\":\"es\"},{\"@type\":\"WebPage\",\"@id\":\"https:\/\/infoecos.com.ar\/index.php\/macri-critico-la-gestion-del-kirchnerismo-a-20-anos-del-triunfo-electoral-de-nestor\/\",\"url\":\"https:\/\/infoecos.com.ar\/index.php\/macri-critico-la-gestion-del-kirchnerismo-a-20-anos-del-triunfo-electoral-de-nestor\/\",\"name\":\"Macri critic\u00f3 la gesti\u00f3n del kirchnerismo a 20 a\u00f1os del triunfo electoral de N\u00e9stor - Infoecos\",\"isPartOf\":{\"@id\":\"https:\/\/infoecos.com.ar\/#website\"},\"primaryImageOfPage\":{\"@id\":\"https:\/\/infoecos.com.ar\/index.php\/macri-critico-la-gestion-del-kirchnerismo-a-20-anos-del-triunfo-electoral-de-nestor\/#primaryimage\"},\"image\":{\"@id\":\"https:\/\/infoecos.com.ar\/index.php\/macri-critico-la-gestion-del-kirchnerismo-a-20-anos-del-triunfo-electoral-de-nestor\/#primaryimage\"},\"thumbnailUrl\":\"https:\/\/infoecos.com.ar\/wp-content\/uploads\/2023\/03\/929a5953-8729-461d-af45-2d83257d9b7f_16-9-discover-aspect-ratio_default_0.jpg\",\"datePublished\":\"2023-04-28T06:42:57+00:00\",\"dateModified\":\"2023-05-02T06:28:40+00:00\",\"breadcrumb\":{\"@id\":\"https:\/\/infoecos.com.ar\/index.php\/macri-critico-la-gestion-del-kirchnerismo-a-20-anos-del-triunfo-electoral-de-nestor\/#breadcrumb\"},\"inLanguage\":\"es\",\"potentialAction\":[{\"@type\":\"ReadAction\",\"target\":[\"https:\/\/infoecos.com.ar\/index.php\/macri-critico-la-gestion-del-kirchnerismo-a-20-anos-del-triunfo-electoral-de-nestor\/\"]}]},{\"@type\":\"ImageObject\",\"inLanguage\":\"es\",\"@id\":\"https:\/\/infoecos.com.ar\/index.php\/macri-critico-la-gestion-del-kirchnerismo-a-20-anos-del-triunfo-electoral-de-nestor\/#primaryimage\",\"url\":\"https:\/\/infoecos.com.ar\/wp-content\/uploads\/2023\/03\/929a5953-8729-461d-af45-2d83257d9b7f_16-9-discover-aspect-ratio_default_0.jpg\",\"contentUrl\":\"https:\/\/infoecos.com.ar\/wp-content\/uploads\/2023\/03\/929a5953-8729-461d-af45-2d83257d9b7f_16-9-discover-aspect-ratio_default_0.jpg\",\"width\":1200,\"height\":675},{\"@type\":\"BreadcrumbList\",\"@id\":\"https:\/\/infoecos.com.ar\/index.php\/macri-critico-la-gestion-del-kirchnerismo-a-20-anos-del-triunfo-electoral-de-nestor\/#breadcrumb\",\"itemListElement\":[{\"@type\":\"ListItem\",\"position\":1,\"name\":\"Portada\",\"item\":\"https:\/\/infoecos.com.ar\/\"},{\"@type\":\"ListItem\",\"position\":2,\"name\":\"Macri critic\u00f3 la gesti\u00f3n del kirchnerismo a 20 a\u00f1os del triunfo electoral de N\u00e9stor\"}]},{\"@type\":\"WebSite\",\"@id\":\"https:\/\/infoecos.com.ar\/#website\",\"url\":\"https:\/\/infoecos.com.ar\/\",\"name\":\"Infoecos\",\"description\":\"Noticias de trenque lauquen y la zona\",\"publisher\":{\"@id\":\"https:\/\/infoecos.com.ar\/#organization\"},\"alternateName\":\"Noticias\",\"potentialAction\":[{\"@type\":\"SearchAction\",\"target\":{\"@type\":\"EntryPoint\",\"urlTemplate\":\"https:\/\/infoecos.com.ar\/?s={search_term_string}\"},\"query-input\":{\"@type\":\"PropertyValueSpecification\",\"valueRequired\":true,\"valueName\":\"search_term_string\"}}],\"inLanguage\":\"es\"},{\"@type\":\"Organization\",\"@id\":\"https:\/\/infoecos.com.ar\/#organization\",\"name\":\"Infoecos\",\"alternateName\":\"Noticias\",\"url\":\"https:\/\/infoecos.com.ar\/\",\"logo\":{\"@type\":\"ImageObject\",\"inLanguage\":\"es\",\"@id\":\"https:\/\/infoecos.com.ar\/#\/schema\/logo\/image\/\",\"url\":\"https:\/\/infoecos.com.ar\/wp-content\/uploads\/2024\/03\/cropped-logo.png\",\"contentUrl\":\"https:\/\/infoecos.com.ar\/wp-content\/uploads\/2024\/03\/cropped-logo.png\",\"width\":374,\"height\":90,\"caption\":\"Infoecos\"},\"image\":{\"@id\":\"https:\/\/infoecos.com.ar\/#\/schema\/logo\/image\/\"},\"sameAs\":[\"https:\/\/www.facebook.com\/profile.php?id=100063200290284\",\"https:\/\/x.com\/infoecos\"]},{\"@type\":\"Person\",\"@id\":\"https:\/\/infoecos.com.ar\/#\/schema\/person\/8f5ace5ce73b4b4aac4b7245aee6f191\",\"name\":\"Jorge Matheus\",\"url\":\"https:\/\/infoecos.com.ar\/index.php\/author\/jomatheus\/\"}]}<\/script>\n<!-- \/ Yoast SEO plugin. -->","yoast_head_json":{"title":"Macri critic\u00f3 la gesti\u00f3n del kirchnerismo a 20 a\u00f1os del triunfo electoral de N\u00e9stor - Infoecos","robots":{"index":"index","follow":"follow","max-snippet":"max-snippet:-1","max-image-preview":"max-image-preview:large","max-video-preview":"max-video-preview:-1"},"canonical":"https:\/\/infoecos.com.ar\/index.php\/macri-critico-la-gestion-del-kirchnerismo-a-20-anos-del-triunfo-electoral-de-nestor\/","og_locale":"es_ES","og_type":"article","og_title":"Macri critic\u00f3 la gesti\u00f3n del kirchnerismo a 20 a\u00f1os del triunfo electoral de N\u00e9stor - Infoecos","og_description":"El ex presidente de la Naci\u00f3n,&nbsp;Mauricio Macri&nbsp;public\u00f3 este jueves una dura carta que critic\u00f3 la...","og_url":"https:\/\/infoecos.com.ar\/index.php\/macri-critico-la-gestion-del-kirchnerismo-a-20-anos-del-triunfo-electoral-de-nestor\/","og_site_name":"Infoecos","article_publisher":"https:\/\/www.facebook.com\/profile.php?id=100063200290284","article_published_time":"2023-04-28T06:42:57+00:00","article_modified_time":"2023-05-02T06:28:40+00:00","og_image":[{"width":1200,"height":675,"url":"https:\/\/infoecos.com.ar\/wp-content\/uploads\/2023\/03\/929a5953-8729-461d-af45-2d83257d9b7f_16-9-discover-aspect-ratio_default_0.jpg","type":"image\/jpeg"}],"author":"Jorge Matheus","twitter_card":"summary_large_image","twitter_creator":"@infoecos","twitter_site":"@infoecos","twitter_misc":{"Escrito por":"Jorge Matheus","Tiempo de lectura":"2 minutos"},"schema":{"@context":"https:\/\/schema.org","@graph":[{"@type":"Article","@id":"https:\/\/infoecos.com.ar\/index.php\/macri-critico-la-gestion-del-kirchnerismo-a-20-anos-del-triunfo-electoral-de-nestor\/#article","isPartOf":{"@id":"https:\/\/infoecos.com.ar\/index.php\/macri-critico-la-gestion-del-kirchnerismo-a-20-anos-del-triunfo-electoral-de-nestor\/"},"author":{"name":"Jorge Matheus","@id":"https:\/\/infoecos.com.ar\/#\/schema\/person\/8f5ace5ce73b4b4aac4b7245aee6f191"},"headline":"Macri critic\u00f3 la gesti\u00f3n del kirchnerismo a 20 a\u00f1os del triunfo electoral de N\u00e9stor","datePublished":"2023-04-28T06:42:57+00:00","dateModified":"2023-05-02T06:28:40+00:00","mainEntityOfPage":{"@id":"https:\/\/infoecos.com.ar\/index.php\/macri-critico-la-gestion-del-kirchnerismo-a-20-anos-del-triunfo-electoral-de-nestor\/"},"wordCount":225,"publisher":{"@id":"https:\/\/infoecos.com.ar\/#organization"},"image":{"@id":"https:\/\/infoecos.com.ar\/index.php\/macri-critico-la-gestion-del-kirchnerismo-a-20-anos-del-triunfo-electoral-de-nestor\/#primaryimage"},"thumbnailUrl":"https:\/\/infoecos.com.ar\/wp-content\/uploads\/2023\/03\/929a5953-8729-461d-af45-2d83257d9b7f_16-9-discover-aspect-ratio_default_0.jpg","articleSection":["C2 N7"],"inLanguage":"es"},{"@type":"WebPage","@id":"https:\/\/infoecos.com.ar\/index.php\/macri-critico-la-gestion-del-kirchnerismo-a-20-anos-del-triunfo-electoral-de-nestor\/","url":"https:\/\/infoecos.com.ar\/index.php\/macri-critico-la-gestion-del-kirchnerismo-a-20-anos-del-triunfo-electoral-de-nestor\/","name":"Macri critic\u00f3 la gesti\u00f3n del kirchnerismo a 20 a\u00f1os del triunfo electoral de N\u00e9stor - Infoecos","isPartOf":{"@id":"https:\/\/infoecos.com.ar\/#website"},"primaryImageOfPage":{"@id":"https:\/\/infoecos.com.ar\/index.php\/macri-critico-la-gestion-del-kirchnerismo-a-20-anos-del-triunfo-electoral-de-nestor\/#primaryimage"},"image":{"@id":"https:\/\/infoecos.com.ar\/index.php\/macri-critico-la-gestion-del-kirchnerismo-a-20-anos-del-triunfo-electoral-de-nestor\/#primaryimage"},"thumbnailUrl":"https:\/\/infoecos.com.ar\/wp-content\/uploads\/2023\/03\/929a5953-8729-461d-af45-2d83257d9b7f_16-9-discover-aspect-ratio_default_0.jpg","datePublished":"2023-04-28T06:42:57+00:00","dateModified":"2023-05-02T06:28:40+00:00","breadcrumb":{"@id":"https:\/\/infoecos.com.ar\/index.php\/macri-critico-la-gestion-del-kirchnerismo-a-20-anos-del-triunfo-electoral-de-nestor\/#breadcrumb"},"inLanguage":"es","potentialAction":[{"@type":"ReadAction","target":["https:\/\/infoecos.com.ar\/index.php\/macri-critico-la-gestion-del-kirchnerismo-a-20-anos-del-triunfo-electoral-de-nestor\/"]}]},{"@type":"ImageObject","inLanguage":"es","@id":"https:\/\/infoecos.com.ar\/index.php\/macri-critico-la-gestion-del-kirchnerismo-a-20-anos-del-triunfo-electoral-de-nestor\/#primaryimage","url":"https:\/\/infoecos.com.ar\/wp-content\/uploads\/2023\/03\/929a5953-8729-461d-af45-2d83257d9b7f_16-9-discover-aspect-ratio_default_0.jpg","contentUrl":"https:\/\/infoecos.com.ar\/wp-content\/uploads\/2023\/03\/929a5953-8729-461d-af45-2d83257d9b7f_16-9-discover-aspect-ratio_default_0.jpg","width":1200,"height":675},{"@type":"BreadcrumbList","@id":"https:\/\/infoecos.com.ar\/index.php\/macri-critico-la-gestion-del-kirchnerismo-a-20-anos-del-triunfo-electoral-de-nestor\/#breadcrumb","itemListElement":[{"@type":"ListItem","position":1,"name":"Portada","item":"https:\/\/infoecos.com.ar\/"},{"@type":"ListItem","position":2,"name":"Macri critic\u00f3 la gesti\u00f3n del kirchnerismo a 20 a\u00f1os del triunfo electoral de N\u00e9stor"}]},{"@type":"WebSite","@id":"https:\/\/infoecos.com.ar\/#website","url":"https:\/\/infoecos.com.ar\/","name":"Infoecos","description":"Noticias de trenque lauquen y la zona","publisher":{"@id":"https:\/\/infoecos.com.ar\/#organization"},"alternateName":"Noticias","potentialAction":[{"@type":"SearchAction","target":{"@type":"EntryPoint","urlTemplate":"https:\/\/infoecos.com.ar\/?s={search_term_string}"},"query-input":{"@type":"PropertyValueSpecification","valueRequired":true,"valueName":"search_term_string"}}],"inLanguage":"es"},{"@type":"Organization","@id":"https:\/\/infoecos.com.ar\/#organization","name":"Infoecos","alternateName":"Noticias","url":"https:\/\/infoecos.com.ar\/","logo":{"@type":"ImageObject","inLanguage":"es","@id":"https:\/\/infoecos.com.ar\/#\/schema\/logo\/image\/","url":"https:\/\/infoecos.com.ar\/wp-content\/uploads\/2024\/03\/cropped-logo.png","contentUrl":"https:\/\/infoecos.com.ar\/wp-content\/uploads\/2024\/03\/cropped-logo.png","width":374,"height":90,"caption":"Infoecos"},"image":{"@id":"https:\/\/infoecos.com.ar\/#\/schema\/logo\/image\/"},"sameAs":["https:\/\/www.facebook.com\/profile.php?id=100063200290284","https:\/\/x.com\/infoecos"]},{"@type":"Person","@id":"https:\/\/infoecos.com.ar\/#\/schema\/person\/8f5ace5ce73b4b4aac4b7245aee6f191","name":"Jorge Matheus","url":"https:\/\/infoecos.com.ar\/index.php\/author\/jomatheus\/"}]}},"featured_image_urls":{"full":["https:\/\/infoecos.com.ar\/wp-content\/uploads\/2023\/03\/929a5953-8729-461d-af45-2d83257d9b7f_16-9-discover-aspect-ratio_default_0.jpg",1200,675,false],"thumbnail":["https:\/\/infoecos.com.ar\/wp-content\/uploads\/2023\/03\/929a5953-8729-461d-af45-2d83257d9b7f_16-9-discover-aspect-ratio_default_0-300x150.jpg",300,150,true],"medium":["https:\/\/infoecos.com.ar\/wp-content\/uploads\/2023\/03\/929a5953-8729-461d-af45-2d83257d9b7f_16-9-discover-aspect-ratio_default_0-800x450.jpg",800,450,true],"medium_large":["https:\/\/infoecos.com.ar\/wp-content\/uploads\/2023\/03\/929a5953-8729-461d-af45-2d83257d9b7f_16-9-discover-aspect-ratio_default_0-768x432.jpg",640,360,true],"large":["https:\/\/infoecos.com.ar\/wp-content\/uploads\/2023\/03\/929a5953-8729-461d-af45-2d83257d9b7f_16-9-discover-aspect-ratio_default_0.jpg",640,360,false],"1536x1536":["https:\/\/infoecos.com.ar\/wp-content\/uploads\/2023\/03\/929a5953-8729-461d-af45-2d83257d9b7f_16-9-discover-aspect-ratio_default_0.jpg",1200,675,false],"2048x2048":["https:\/\/infoecos.com.ar\/wp-content\/uploads\/2023\/03\/929a5953-8729-461d-af45-2d83257d9b7f_16-9-discover-aspect-ratio_default_0.jpg",1200,675,false],"covernews-slider-full":["https:\/\/infoecos.com.ar\/wp-content\/uploads\/2023\/03\/929a5953-8729-461d-af45-2d83257d9b7f_16-9-discover-aspect-ratio_default_0.jpg",1115,627,false],"covernews-slider-center":["https:\/\/infoecos.com.ar\/wp-content\/uploads\/2023\/03\/929a5953-8729-461d-af45-2d83257d9b7f_16-9-discover-aspect-ratio_default_0-936x675.jpg",693,500,true],"covernews-featured":["https:\/\/infoecos.com.ar\/wp-content\/uploads\/2023\/03\/929a5953-8729-461d-af45-2d83257d9b7f_16-9-discover-aspect-ratio_default_0-1024x576.jpg",1024,576,true],"covernews-medium":["https:\/\/infoecos.com.ar\/wp-content\/uploads\/2023\/03\/929a5953-8729-461d-af45-2d83257d9b7f_16-9-discover-aspect-ratio_default_0-720x380.jpg",540,285,true],"covernews-medium-square":["https:\/\/infoecos.com.ar\/wp-content\/uploads\/2023\/03\/929a5953-8729-461d-af45-2d83257d9b7f_16-9-discover-aspect-ratio_default_0-675x450.jpg",375,250,true]},"author_info":{"info":["Jorge Matheus"]},"category_info":"<a href=\"https:\/\/infoecos.com.ar\/index.php\/category\/c2nota7\/\" rel=\"category tag\">C2 N7<\/a>","tag_info":"C2 N7","comment_count":"0","_links":{"self":[{"href":"https:\/\/infoecos.com.ar\/index.php\/wp-json\/wp\/v2\/posts\/104423"}],"collection":[{"href":"https:\/\/infoecos.com.ar\/index.php\/wp-json\/wp\/v2\/posts"}],"about":[{"href":"https:\/\/infoecos.com.ar\/index.php\/wp-json\/wp\/v2\/types\/post"}],"author":[{"embeddable":true,"href":"https:\/\/infoecos.com.ar\/index.php\/wp-json\/wp\/v2\/users\/2"}],"replies":[{"embeddable":true,"href":"https:\/\/infoecos.com.ar\/index.php\/wp-json\/wp\/v2\/comments?post=104423"}],"version-history":[{"count":2,"href":"https:\/\/infoecos.com.ar\/index.php\/wp-json\/wp\/v2\/posts\/104423\/revisions"}],"predecessor-version":[{"id":104427,"href":"https:\/\/infoecos.com.ar\/index.php\/wp-json\/wp\/v2\/posts\/104423\/revisions\/104427"}],"wp:featuredmedia":[{"embeddable":true,"href":"https:\/\/infoecos.com.ar\/index.php\/wp-json\/wp\/v2\/media\/103182"}],"wp:attachment":[{"href":"https:\/\/infoecos.com.ar\/index.php\/wp-json\/wp\/v2\/media?parent=104423"}],"wp:term":[{"taxonomy":"category","embeddable":true,"href":"https:\/\/infoecos.com.ar\/index.php\/wp-json\/wp\/v2\/categories?post=104423"},{"taxonomy":"post_tag","embeddable":true,"href":"https:\/\/infoecos.com.ar\/index.php\/wp-json\/wp\/v2\/tags?post=104423"}],"curies":[{"name":"wp","href":"https:\/\/api.w.org\/{rel}","templated":true}]}}