{"id":104461,"date":"2023-05-01T03:12:01","date_gmt":"2023-05-01T06:12:01","guid":{"rendered":"https:\/\/infoecos.com.ar\/?p=104461"},"modified":"2023-05-01T03:12:02","modified_gmt":"2023-05-01T06:12:02","slug":"medios-de-trenque-lauquen-sintesis-de-informacion-no-publicada-por-infoecos","status":"publish","type":"post","link":"https:\/\/infoecos.com.ar\/index.php\/medios-de-trenque-lauquen-sintesis-de-informacion-no-publicada-por-infoecos\/","title":{"rendered":"Medios de Trenque Lauquen: s\u00edntesis de informaci\u00f3n no publicada por Infoecos"},"content":{"rendered":"\n<p><strong><mark style=\"background-color:rgba(0, 0, 0, 0)\" class=\"has-inline-color has-black-color\">Publicado en www.oesteba.com.ar <\/mark><\/strong><\/p>\n\n\n\n<p><strong>Mar\u00eda Galiano se mete de lleno en el armado de Camino a la Victoria y se anota entre los candidatos del peronismo trenquelauquense<\/strong><\/p>\n\n\n\n<p><strong>Estos son los dos primeros p\u00e1rrafos de la informaci\u00f3n.<\/strong><\/p>\n\n\n\n<p><mark style=\"background-color:rgba(0, 0, 0, 0)\" class=\"has-inline-color has-vivid-red-color\">La inflaci\u00f3n, el valor descontrolado del d\u00f3lar y los signos de un estancamiento en la actividad econ\u00f3mica nacional representan un combo que impactar\u00e1 en los n\u00fameros de la Municipalidad de Trenque Lauquen, advirti\u00f3 el Secretario de Hacienda, Alfredo Zambiasio.<br>El funcionario que fue entrevistado en<strong> FM Tiempo 91.5<\/strong> enunci\u00f3 que al cierre del primer trimestre el Municipio cerr\u00f3 con un super\u00e1vit de 130 millones de pesos, pero eso no lo puso euf\u00f3rico, por el contrario, advirti\u00f3 en el corto plazo la Comuna debe hacer frente a incrementos salariales y aguinaldos, mientras que los ingresos se retraen por la ca\u00edda del consumo y la recaudaci\u00f3n que se coparticipa.<\/mark><\/p>\n\n\n\n<p><strong>Mar\u00eda Galiano se mete de lleno en el armado de Camino a la Victoria y se anota entre los candidatos del peronismo trenquelauquense<\/strong><\/p>\n\n\n\n<p><strong>Estos son los dos primeros p\u00e1rrafos de la informaci\u00f3n.<\/strong><\/p>\n\n\n\n<p><mark style=\"background-color:rgba(0, 0, 0, 0)\" class=\"has-inline-color has-vivid-red-color\">La concejal Mar\u00eda Galiano habl\u00f3 de su tarea en el espacio interno del FdT Camino a la Victoria que conduce la Ministra Victoria Tolosa Paz que se fortaleci\u00f3 en el \u00faltimo tiempo y que tiene a la titular de la cartera social nacional como una figura que ser\u00e1 clave en Provincia o Naci\u00f3n si el peronismo lograr acomodar sus movimientos internos.<br>Galiano habl\u00f3 de la cuesti\u00f3n social local, destac\u00f3 el trabajo militante que vienen realizando y dijo que quiere estar en la oferta electoral del 2023 del peronismo trenquelauquense.<\/mark><\/p>\n\n\n\n<p><strong>Publicado en www.datatrenque.com.ar<\/strong>. <\/p>\n\n\n\n<p><strong>ATAC\u00d3 A PIEDRAZOS A DOS MUJERES, PRETENDI\u00d3 ESCAPARSE DE LA POLIC\u00cdA CORTANDO POR UN CAMPO Y FUE ATRAPADO: TIENE VARIAS CAUSAS JUDICIALES<\/strong><\/p>\n\n\n\n<p><strong>Estos son los dos primeros p\u00e1rrafos de la informaci\u00f3n.<\/strong><\/p>\n\n\n\n<p><mark style=\"background-color:rgba(0, 0, 0, 0)\" class=\"has-inline-color has-vivid-red-color\">Un sujeto con antecedentes penales fue detenido cuando intentaba esconderse de una persecuci\u00f3n policial en medio de un campo luego de atacar a piedrazos a dos mujeres, sin motivo aparente.<\/mark><\/p>\n\n\n\n<p><mark style=\"background-color:rgba(0, 0, 0, 0)\" class=\"has-inline-color has-vivid-red-color\">De acuerdo a la informaci\u00f3n oficial, este jueves \u201cpersonal del Comando de Prevenci\u00f3n Rural de Trenque Lauquen y del Destacamento de Seguridad Vial Trenque Lauquen, son convocados a constituirse en ruta nacional N\u00b0 5 y camino vecinal, donde se halla emplazado el denominado \u201csantuario del Gauchito Gil\u201d.<\/mark><\/p>\n\n\n\n<p><strong>HAY 5 GANADORES DEL PRIMER SORTEO DE LOS PREMIOS EST\u00cdMULO DE LA MUNICIPALIDAD: CADA UNO CON $100 MIL EN ORDEN DE COMPRA<\/strong><\/p>\n\n\n\n<p>La municipalidad de Trenque Lauquen realiz\u00f3 esta ma\u00f1ana (viernes) en el auditorio del Centro C\u00edvico el primero de los tres sorteos del a\u00f1o de los Premios Est\u00edmulo -el monto total era de 1.000.000 de pesos-, resultando ganadores los titulares de cinco (5) de los diez (10) inmuebles favorecidos.<\/p>\n\n\n\n<p>Los vecinos\/as que resultaron beneficiados se llevar\u00e1n una orden de compra de 100.000 pesos cada uno, tras constatarse que se encuentran con las tasas municipales regularizadas (ABL, Agua y Red Vial).<\/p>\n","protected":false},"excerpt":{"rendered":"<p>Un espacio dedicado a brindar informaci\u00f3n que nuestra redacci\u00f3n no publica y que creemos es importante para la comunidad. Oesteba, datatrenque, La Opini\u00f3n, diariolider.medios.com.ar y diarionep<\/p>\n","protected":false},"author":2,"featured_media":50304,"comment_status":"closed","ping_status":"open","sticky":false,"template":"","format":"standard","meta":{"footnotes":""},"categories":[197],"tags":[7814],"class_list":["post-104461","post","type-post","status-publish","format-standard","has-post-thumbnail","hentry","category-c3nota4","tag-mas-y-mejores-noticias-para-t-lauquen"],"yoast_head":"<!-- This site is optimized with the Yoast SEO plugin v23.4 - https:\/\/yoast.com\/wordpress\/plugins\/seo\/ -->\n<title>Medios de Trenque Lauquen: s\u00edntesis de informaci\u00f3n no publicada por Infoecos - Infoecos<\/title>\n<meta name=\"robots\" content=\"index, follow, max-snippet:-1, max-image-preview:large, max-video-preview:-1\" \/>\n<link rel=\"canonical\" href=\"https:\/\/infoecos.com.ar\/index.php\/medios-de-trenque-lauquen-sintesis-de-informacion-no-publicada-por-infoecos\/\" \/>\n<meta property=\"og:locale\" content=\"es_ES\" \/>\n<meta property=\"og:type\" content=\"article\" \/>\n<meta property=\"og:title\" content=\"Medios de Trenque Lauquen: s\u00edntesis de informaci\u00f3n no publicada por Infoecos - Infoecos\" \/>\n<meta property=\"og:description\" content=\"Un espacio dedicado a brindar informaci\u00f3n que nuestra redacci\u00f3n no publica y que creemos es importante para la comunidad. Oesteba, datatrenque, La Opini\u00f3n, diariolider.medios.com.ar y diarionep\" \/>\n<meta property=\"og:url\" content=\"https:\/\/infoecos.com.ar\/index.php\/medios-de-trenque-lauquen-sintesis-de-informacion-no-publicada-por-infoecos\/\" \/>\n<meta property=\"og:site_name\" content=\"Infoecos\" \/>\n<meta property=\"article:publisher\" content=\"https:\/\/www.facebook.com\/profile.php?id=100063200290284\" \/>\n<meta property=\"article:published_time\" content=\"2023-05-01T06:12:01+00:00\" \/>\n<meta property=\"article:modified_time\" content=\"2023-05-01T06:12:02+00:00\" \/>\n<meta property=\"og:image\" content=\"https:\/\/infoecos.com.ar\/wp-content\/uploads\/cropped-b7Xa6P4.png\" \/>\n\t<meta property=\"og:image:width\" content=\"512\" \/>\n\t<meta property=\"og:image:height\" content=\"512\" \/>\n\t<meta property=\"og:image:type\" content=\"image\/png\" \/>\n<meta name=\"author\" content=\"Jorge Matheus\" \/>\n<meta name=\"twitter:card\" content=\"summary_large_image\" \/>\n<meta name=\"twitter:creator\" content=\"@infoecos\" \/>\n<meta name=\"twitter:site\" content=\"@infoecos\" \/>\n<meta name=\"twitter:label1\" content=\"Escrito por\" \/>\n\t<meta name=\"twitter:data1\" content=\"Jorge Matheus\" \/>\n\t<meta name=\"twitter:label2\" content=\"Tiempo de lectura\" \/>\n\t<meta name=\"twitter:data2\" content=\"3 minutos\" \/>\n<script type=\"application\/ld+json\" class=\"yoast-schema-graph\">{\"@context\":\"https:\/\/schema.org\",\"@graph\":[{\"@type\":\"Article\",\"@id\":\"https:\/\/infoecos.com.ar\/index.php\/medios-de-trenque-lauquen-sintesis-de-informacion-no-publicada-por-infoecos\/#article\",\"isPartOf\":{\"@id\":\"https:\/\/infoecos.com.ar\/index.php\/medios-de-trenque-lauquen-sintesis-de-informacion-no-publicada-por-infoecos\/\"},\"author\":{\"name\":\"Jorge Matheus\",\"@id\":\"https:\/\/infoecos.com.ar\/#\/schema\/person\/8f5ace5ce73b4b4aac4b7245aee6f191\"},\"headline\":\"Medios de Trenque Lauquen: s\u00edntesis de informaci\u00f3n no publicada por Infoecos\",\"datePublished\":\"2023-05-01T06:12:01+00:00\",\"dateModified\":\"2023-05-01T06:12:02+00:00\",\"mainEntityOfPage\":{\"@id\":\"https:\/\/infoecos.com.ar\/index.php\/medios-de-trenque-lauquen-sintesis-de-informacion-no-publicada-por-infoecos\/\"},\"wordCount\":514,\"publisher\":{\"@id\":\"https:\/\/infoecos.com.ar\/#organization\"},\"image\":{\"@id\":\"https:\/\/infoecos.com.ar\/index.php\/medios-de-trenque-lauquen-sintesis-de-informacion-no-publicada-por-infoecos\/#primaryimage\"},\"thumbnailUrl\":\"\",\"keywords\":[\"m\u00e1s y mejores noticias para T.Lauquen\"],\"articleSection\":[\"C3 N4\"],\"inLanguage\":\"es\"},{\"@type\":\"WebPage\",\"@id\":\"https:\/\/infoecos.com.ar\/index.php\/medios-de-trenque-lauquen-sintesis-de-informacion-no-publicada-por-infoecos\/\",\"url\":\"https:\/\/infoecos.com.ar\/index.php\/medios-de-trenque-lauquen-sintesis-de-informacion-no-publicada-por-infoecos\/\",\"name\":\"Medios de Trenque Lauquen: s\u00edntesis de informaci\u00f3n no publicada por Infoecos - Infoecos\",\"isPartOf\":{\"@id\":\"https:\/\/infoecos.com.ar\/#website\"},\"primaryImageOfPage\":{\"@id\":\"https:\/\/infoecos.com.ar\/index.php\/medios-de-trenque-lauquen-sintesis-de-informacion-no-publicada-por-infoecos\/#primaryimage\"},\"image\":{\"@id\":\"https:\/\/infoecos.com.ar\/index.php\/medios-de-trenque-lauquen-sintesis-de-informacion-no-publicada-por-infoecos\/#primaryimage\"},\"thumbnailUrl\":\"\",\"datePublished\":\"2023-05-01T06:12:01+00:00\",\"dateModified\":\"2023-05-01T06:12:02+00:00\",\"breadcrumb\":{\"@id\":\"https:\/\/infoecos.com.ar\/index.php\/medios-de-trenque-lauquen-sintesis-de-informacion-no-publicada-por-infoecos\/#breadcrumb\"},\"inLanguage\":\"es\",\"potentialAction\":[{\"@type\":\"ReadAction\",\"target\":[\"https:\/\/infoecos.com.ar\/index.php\/medios-de-trenque-lauquen-sintesis-de-informacion-no-publicada-por-infoecos\/\"]}]},{\"@type\":\"ImageObject\",\"inLanguage\":\"es\",\"@id\":\"https:\/\/infoecos.com.ar\/index.php\/medios-de-trenque-lauquen-sintesis-de-informacion-no-publicada-por-infoecos\/#primaryimage\",\"url\":\"\",\"contentUrl\":\"\"},{\"@type\":\"BreadcrumbList\",\"@id\":\"https:\/\/infoecos.com.ar\/index.php\/medios-de-trenque-lauquen-sintesis-de-informacion-no-publicada-por-infoecos\/#breadcrumb\",\"itemListElement\":[{\"@type\":\"ListItem\",\"position\":1,\"name\":\"Portada\",\"item\":\"https:\/\/infoecos.com.ar\/\"},{\"@type\":\"ListItem\",\"position\":2,\"name\":\"Medios de Trenque Lauquen: s\u00edntesis de informaci\u00f3n no publicada por Infoecos\"}]},{\"@type\":\"WebSite\",\"@id\":\"https:\/\/infoecos.com.ar\/#website\",\"url\":\"https:\/\/infoecos.com.ar\/\",\"name\":\"Infoecos\",\"description\":\"Noticias de trenque lauquen y la zona\",\"publisher\":{\"@id\":\"https:\/\/infoecos.com.ar\/#organization\"},\"alternateName\":\"Noticias\",\"potentialAction\":[{\"@type\":\"SearchAction\",\"target\":{\"@type\":\"EntryPoint\",\"urlTemplate\":\"https:\/\/infoecos.com.ar\/?s={search_term_string}\"},\"query-input\":{\"@type\":\"PropertyValueSpecification\",\"valueRequired\":true,\"valueName\":\"search_term_string\"}}],\"inLanguage\":\"es\"},{\"@type\":\"Organization\",\"@id\":\"https:\/\/infoecos.com.ar\/#organization\",\"name\":\"Infoecos\",\"alternateName\":\"Noticias\",\"url\":\"https:\/\/infoecos.com.ar\/\",\"logo\":{\"@type\":\"ImageObject\",\"inLanguage\":\"es\",\"@id\":\"https:\/\/infoecos.com.ar\/#\/schema\/logo\/image\/\",\"url\":\"https:\/\/infoecos.com.ar\/wp-content\/uploads\/2024\/03\/cropped-logo.png\",\"contentUrl\":\"https:\/\/infoecos.com.ar\/wp-content\/uploads\/2024\/03\/cropped-logo.png\",\"width\":374,\"height\":90,\"caption\":\"Infoecos\"},\"image\":{\"@id\":\"https:\/\/infoecos.com.ar\/#\/schema\/logo\/image\/\"},\"sameAs\":[\"https:\/\/www.facebook.com\/profile.php?id=100063200290284\",\"https:\/\/x.com\/infoecos\"]},{\"@type\":\"Person\",\"@id\":\"https:\/\/infoecos.com.ar\/#\/schema\/person\/8f5ace5ce73b4b4aac4b7245aee6f191\",\"name\":\"Jorge Matheus\",\"url\":\"https:\/\/infoecos.com.ar\/index.php\/author\/jomatheus\/\"}]}<\/script>\n<!-- \/ Yoast SEO plugin. -->","yoast_head_json":{"title":"Medios de Trenque Lauquen: s\u00edntesis de informaci\u00f3n no publicada por Infoecos - Infoecos","robots":{"index":"index","follow":"follow","max-snippet":"max-snippet:-1","max-image-preview":"max-image-preview:large","max-video-preview":"max-video-preview:-1"},"canonical":"https:\/\/infoecos.com.ar\/index.php\/medios-de-trenque-lauquen-sintesis-de-informacion-no-publicada-por-infoecos\/","og_locale":"es_ES","og_type":"article","og_title":"Medios de Trenque Lauquen: s\u00edntesis de informaci\u00f3n no publicada por Infoecos - Infoecos","og_description":"Un espacio dedicado a brindar informaci\u00f3n que nuestra redacci\u00f3n no publica y que creemos es importante para la comunidad. Oesteba, datatrenque, La Opini\u00f3n, diariolider.medios.com.ar y diarionep","og_url":"https:\/\/infoecos.com.ar\/index.php\/medios-de-trenque-lauquen-sintesis-de-informacion-no-publicada-por-infoecos\/","og_site_name":"Infoecos","article_publisher":"https:\/\/www.facebook.com\/profile.php?id=100063200290284","article_published_time":"2023-05-01T06:12:01+00:00","article_modified_time":"2023-05-01T06:12:02+00:00","og_image":[{"width":512,"height":512,"url":"https:\/\/infoecos.com.ar\/wp-content\/uploads\/cropped-b7Xa6P4.png","type":"image\/png"}],"author":"Jorge Matheus","twitter_card":"summary_large_image","twitter_creator":"@infoecos","twitter_site":"@infoecos","twitter_misc":{"Escrito por":"Jorge Matheus","Tiempo de lectura":"3 minutos"},"schema":{"@context":"https:\/\/schema.org","@graph":[{"@type":"Article","@id":"https:\/\/infoecos.com.ar\/index.php\/medios-de-trenque-lauquen-sintesis-de-informacion-no-publicada-por-infoecos\/#article","isPartOf":{"@id":"https:\/\/infoecos.com.ar\/index.php\/medios-de-trenque-lauquen-sintesis-de-informacion-no-publicada-por-infoecos\/"},"author":{"name":"Jorge Matheus","@id":"https:\/\/infoecos.com.ar\/#\/schema\/person\/8f5ace5ce73b4b4aac4b7245aee6f191"},"headline":"Medios de Trenque Lauquen: s\u00edntesis de informaci\u00f3n no publicada por Infoecos","datePublished":"2023-05-01T06:12:01+00:00","dateModified":"2023-05-01T06:12:02+00:00","mainEntityOfPage":{"@id":"https:\/\/infoecos.com.ar\/index.php\/medios-de-trenque-lauquen-sintesis-de-informacion-no-publicada-por-infoecos\/"},"wordCount":514,"publisher":{"@id":"https:\/\/infoecos.com.ar\/#organization"},"image":{"@id":"https:\/\/infoecos.com.ar\/index.php\/medios-de-trenque-lauquen-sintesis-de-informacion-no-publicada-por-infoecos\/#primaryimage"},"thumbnailUrl":"","keywords":["m\u00e1s y mejores noticias para T.Lauquen"],"articleSection":["C3 N4"],"inLanguage":"es"},{"@type":"WebPage","@id":"https:\/\/infoecos.com.ar\/index.php\/medios-de-trenque-lauquen-sintesis-de-informacion-no-publicada-por-infoecos\/","url":"https:\/\/infoecos.com.ar\/index.php\/medios-de-trenque-lauquen-sintesis-de-informacion-no-publicada-por-infoecos\/","name":"Medios de Trenque Lauquen: s\u00edntesis de informaci\u00f3n no publicada por Infoecos - Infoecos","isPartOf":{"@id":"https:\/\/infoecos.com.ar\/#website"},"primaryImageOfPage":{"@id":"https:\/\/infoecos.com.ar\/index.php\/medios-de-trenque-lauquen-sintesis-de-informacion-no-publicada-por-infoecos\/#primaryimage"},"image":{"@id":"https:\/\/infoecos.com.ar\/index.php\/medios-de-trenque-lauquen-sintesis-de-informacion-no-publicada-por-infoecos\/#primaryimage"},"thumbnailUrl":"","datePublished":"2023-05-01T06:12:01+00:00","dateModified":"2023-05-01T06:12:02+00:00","breadcrumb":{"@id":"https:\/\/infoecos.com.ar\/index.php\/medios-de-trenque-lauquen-sintesis-de-informacion-no-publicada-por-infoecos\/#breadcrumb"},"inLanguage":"es","potentialAction":[{"@type":"ReadAction","target":["https:\/\/infoecos.com.ar\/index.php\/medios-de-trenque-lauquen-sintesis-de-informacion-no-publicada-por-infoecos\/"]}]},{"@type":"ImageObject","inLanguage":"es","@id":"https:\/\/infoecos.com.ar\/index.php\/medios-de-trenque-lauquen-sintesis-de-informacion-no-publicada-por-infoecos\/#primaryimage","url":"","contentUrl":""},{"@type":"BreadcrumbList","@id":"https:\/\/infoecos.com.ar\/index.php\/medios-de-trenque-lauquen-sintesis-de-informacion-no-publicada-por-infoecos\/#breadcrumb","itemListElement":[{"@type":"ListItem","position":1,"name":"Portada","item":"https:\/\/infoecos.com.ar\/"},{"@type":"ListItem","position":2,"name":"Medios de Trenque Lauquen: s\u00edntesis de informaci\u00f3n no publicada por Infoecos"}]},{"@type":"WebSite","@id":"https:\/\/infoecos.com.ar\/#website","url":"https:\/\/infoecos.com.ar\/","name":"Infoecos","description":"Noticias de trenque lauquen y la zona","publisher":{"@id":"https:\/\/infoecos.com.ar\/#organization"},"alternateName":"Noticias","potentialAction":[{"@type":"SearchAction","target":{"@type":"EntryPoint","urlTemplate":"https:\/\/infoecos.com.ar\/?s={search_term_string}"},"query-input":{"@type":"PropertyValueSpecification","valueRequired":true,"valueName":"search_term_string"}}],"inLanguage":"es"},{"@type":"Organization","@id":"https:\/\/infoecos.com.ar\/#organization","name":"Infoecos","alternateName":"Noticias","url":"https:\/\/infoecos.com.ar\/","logo":{"@type":"ImageObject","inLanguage":"es","@id":"https:\/\/infoecos.com.ar\/#\/schema\/logo\/image\/","url":"https:\/\/infoecos.com.ar\/wp-content\/uploads\/2024\/03\/cropped-logo.png","contentUrl":"https:\/\/infoecos.com.ar\/wp-content\/uploads\/2024\/03\/cropped-logo.png","width":374,"height":90,"caption":"Infoecos"},"image":{"@id":"https:\/\/infoecos.com.ar\/#\/schema\/logo\/image\/"},"sameAs":["https:\/\/www.facebook.com\/profile.php?id=100063200290284","https:\/\/x.com\/infoecos"]},{"@type":"Person","@id":"https:\/\/infoecos.com.ar\/#\/schema\/person\/8f5ace5ce73b4b4aac4b7245aee6f191","name":"Jorge Matheus","url":"https:\/\/infoecos.com.ar\/index.php\/author\/jomatheus\/"}]}},"featured_image_urls":{"full":"","thumbnail":"","medium":"","medium_large":"","large":"","1536x1536":"","2048x2048":"","covernews-slider-full":"","covernews-slider-center":"","covernews-featured":"","covernews-medium":"","covernews-medium-square":""},"author_info":{"info":["Jorge Matheus"]},"category_info":"<a href=\"https:\/\/infoecos.com.ar\/index.php\/category\/c3nota4\/\" rel=\"category tag\">C3 N4<\/a>","tag_info":"C3 N4","comment_count":"0","_links":{"self":[{"href":"https:\/\/infoecos.com.ar\/index.php\/wp-json\/wp\/v2\/posts\/104461"}],"collection":[{"href":"https:\/\/infoecos.com.ar\/index.php\/wp-json\/wp\/v2\/posts"}],"about":[{"href":"https:\/\/infoecos.com.ar\/index.php\/wp-json\/wp\/v2\/types\/post"}],"author":[{"embeddable":true,"href":"https:\/\/infoecos.com.ar\/index.php\/wp-json\/wp\/v2\/users\/2"}],"replies":[{"embeddable":true,"href":"https:\/\/infoecos.com.ar\/index.php\/wp-json\/wp\/v2\/comments?post=104461"}],"version-history":[{"count":1,"href":"https:\/\/infoecos.com.ar\/index.php\/wp-json\/wp\/v2\/posts\/104461\/revisions"}],"predecessor-version":[{"id":104462,"href":"https:\/\/infoecos.com.ar\/index.php\/wp-json\/wp\/v2\/posts\/104461\/revisions\/104462"}],"wp:featuredmedia":[{"embeddable":true,"href":"https:\/\/infoecos.com.ar\/index.php\/wp-json\/"}],"wp:attachment":[{"href":"https:\/\/infoecos.com.ar\/index.php\/wp-json\/wp\/v2\/media?parent=104461"}],"wp:term":[{"taxonomy":"category","embeddable":true,"href":"https:\/\/infoecos.com.ar\/index.php\/wp-json\/wp\/v2\/categories?post=104461"},{"taxonomy":"post_tag","embeddable":true,"href":"https:\/\/infoecos.com.ar\/index.php\/wp-json\/wp\/v2\/tags?post=104461"}],"curies":[{"name":"wp","href":"https:\/\/api.w.org\/{rel}","templated":true}]}}