{"id":104474,"date":"2023-05-01T03:46:28","date_gmt":"2023-05-01T06:46:28","guid":{"rendered":"https:\/\/infoecos.com.ar\/?p=104474"},"modified":"2023-05-02T04:06:37","modified_gmt":"2023-05-02T07:06:37","slug":"un-camion-se-despisto-a-la-altura-de-banderalo-y-cayo-en-una-laguna","status":"publish","type":"post","link":"https:\/\/infoecos.com.ar\/index.php\/un-camion-se-despisto-a-la-altura-de-banderalo-y-cayo-en-una-laguna\/","title":{"rendered":"Un cami\u00f3n se despist\u00f3 a la altura de Banderal\u00f3 y cay\u00f3 en una laguna"},"content":{"rendered":"\n<p>Un cami\u00f3n de una empresa realiquense, cargado con hacienda, se despist\u00f3, volc\u00f3 y cay\u00f3 dentro de una laguna en la ruta nacional 188, entre las localidades de Banderal\u00f3 y General Villegas.&nbsp;<\/p>\n\n\n\n<figure class=\"wp-block-image aligncenter size-full\"><img loading=\"lazy\" decoding=\"async\" width=\"580\" height=\"481\" src=\"https:\/\/infoecos.com.ar\/wp-content\/uploads\/2023\/05\/image-1.png\" alt=\"\" class=\"wp-image-104475\"\/><\/figure>\n\n\n\n<p>Los conductores solo sufrieron algunos golpes y escoriaciones, pero est\u00e1n fuera de peligro. En tanto, los animales que viajaban en el semirremolque de dos pisos murieron.<\/p>\n\n\n\n<p>El siniestro vial tuvo este viernes por la anoche, en el noroeste de la provincia de Buenos Aires, sobre la ruta nacional 188, en un tramo conocido como \u00abEl Bajo de Las Alazanas\u00bb.<\/p>\n\n\n\n<p>Seg\u00fan detall\u00f3 el portal Distrito Interior, el cami\u00f3n frontal marca Iveco, cabina blanca, propiedad de la empresa \u00abTransporte Barrozo\u00bb, de Realic\u00f3, despist\u00f3 por causas a\u00fan no establecidas. Aparentemente, no habr\u00eda intervenido otro veh\u00edculo.<\/p>\n\n\n\n<figure class=\"wp-block-image aligncenter size-full\"><img loading=\"lazy\" decoding=\"async\" width=\"620\" height=\"300\" src=\"https:\/\/infoecos.com.ar\/wp-content\/uploads\/2023\/05\/image-2.png\" alt=\"\" class=\"wp-image-104476\"\/><\/figure>\n\n\n\n<p>Los dos conductores fueron trasladados al hospital con lesiones leves tras el fuerte golpe del rodado al sobrepasar los guardarra\u00edl y caer al agua. En tanto, los animales murieron algunos por el vuelco y otros ahogados.<\/p>\n\n\n\n<p>Este s\u00e1bado por la ma\u00f1ana lleg\u00f3 al lugar una gigantesca gr\u00faa telesc\u00f3pica para rescatar al veh\u00edculo que hab\u00eda quedado recostado sobre su lateral derecho, semienterrado dentro del barro y el agua.<\/p>\n\n\n\n<p><strong>Fuentes: distritointerior.com.ar y eldiariodelapampa.com.ar<\/strong><\/p>\n\n\n\n<p><\/p>\n","protected":false},"excerpt":{"rendered":"<p>El siniestro vial tuvo este viernes por la anoche, en el noroeste de la provincia de Buenos Aires, sobre la ruta nacional 188, en un tramo conocido como \u00abEl Bajo de Las Alazanas\u00bb<\/p>\n","protected":false},"author":2,"featured_media":104476,"comment_status":"closed","ping_status":"open","sticky":false,"template":"","format":"standard","meta":{"footnotes":""},"categories":[198],"tags":[7820],"class_list":["post-104474","post","type-post","status-publish","format-standard","has-post-thumbnail","hentry","category-c1nota5","tag-dos-heridos-leves"],"yoast_head":"<!-- This site is optimized with the Yoast SEO plugin v23.4 - https:\/\/yoast.com\/wordpress\/plugins\/seo\/ -->\n<title>Un cami\u00f3n se despist\u00f3 a la altura de Banderal\u00f3 y cay\u00f3 en una laguna - Infoecos<\/title>\n<meta name=\"robots\" content=\"index, follow, max-snippet:-1, max-image-preview:large, max-video-preview:-1\" \/>\n<link rel=\"canonical\" href=\"https:\/\/infoecos.com.ar\/index.php\/un-camion-se-despisto-a-la-altura-de-banderalo-y-cayo-en-una-laguna\/\" \/>\n<meta property=\"og:locale\" content=\"es_ES\" \/>\n<meta property=\"og:type\" content=\"article\" \/>\n<meta property=\"og:title\" content=\"Un cami\u00f3n se despist\u00f3 a la altura de Banderal\u00f3 y cay\u00f3 en una laguna - Infoecos\" \/>\n<meta property=\"og:description\" content=\"El siniestro vial tuvo este viernes por la anoche, en el noroeste de la provincia de Buenos Aires, sobre la ruta nacional 188, en un tramo conocido como &quot;El Bajo de Las Alazanas&quot;\" \/>\n<meta property=\"og:url\" content=\"https:\/\/infoecos.com.ar\/index.php\/un-camion-se-despisto-a-la-altura-de-banderalo-y-cayo-en-una-laguna\/\" \/>\n<meta property=\"og:site_name\" content=\"Infoecos\" \/>\n<meta property=\"article:publisher\" content=\"https:\/\/www.facebook.com\/profile.php?id=100063200290284\" \/>\n<meta property=\"article:published_time\" content=\"2023-05-01T06:46:28+00:00\" \/>\n<meta property=\"article:modified_time\" content=\"2023-05-02T07:06:37+00:00\" \/>\n<meta property=\"og:image\" content=\"https:\/\/infoecos.com.ar\/wp-content\/uploads\/2023\/05\/image-2.png\" \/>\n\t<meta property=\"og:image:width\" content=\"620\" \/>\n\t<meta property=\"og:image:height\" content=\"300\" \/>\n\t<meta property=\"og:image:type\" content=\"image\/png\" \/>\n<meta name=\"author\" content=\"Jorge Matheus\" \/>\n<meta name=\"twitter:card\" content=\"summary_large_image\" \/>\n<meta name=\"twitter:creator\" content=\"@infoecos\" \/>\n<meta name=\"twitter:site\" content=\"@infoecos\" \/>\n<meta name=\"twitter:label1\" content=\"Escrito por\" \/>\n\t<meta name=\"twitter:data1\" content=\"Jorge Matheus\" \/>\n\t<meta name=\"twitter:label2\" content=\"Tiempo de lectura\" \/>\n\t<meta name=\"twitter:data2\" content=\"2 minutos\" \/>\n<script type=\"application\/ld+json\" class=\"yoast-schema-graph\">{\"@context\":\"https:\/\/schema.org\",\"@graph\":[{\"@type\":\"Article\",\"@id\":\"https:\/\/infoecos.com.ar\/index.php\/un-camion-se-despisto-a-la-altura-de-banderalo-y-cayo-en-una-laguna\/#article\",\"isPartOf\":{\"@id\":\"https:\/\/infoecos.com.ar\/index.php\/un-camion-se-despisto-a-la-altura-de-banderalo-y-cayo-en-una-laguna\/\"},\"author\":{\"name\":\"Jorge Matheus\",\"@id\":\"https:\/\/infoecos.com.ar\/#\/schema\/person\/8f5ace5ce73b4b4aac4b7245aee6f191\"},\"headline\":\"Un cami\u00f3n se despist\u00f3 a la altura de Banderal\u00f3 y cay\u00f3 en una laguna\",\"datePublished\":\"2023-05-01T06:46:28+00:00\",\"dateModified\":\"2023-05-02T07:06:37+00:00\",\"mainEntityOfPage\":{\"@id\":\"https:\/\/infoecos.com.ar\/index.php\/un-camion-se-despisto-a-la-altura-de-banderalo-y-cayo-en-una-laguna\/\"},\"wordCount\":226,\"publisher\":{\"@id\":\"https:\/\/infoecos.com.ar\/#organization\"},\"image\":{\"@id\":\"https:\/\/infoecos.com.ar\/index.php\/un-camion-se-despisto-a-la-altura-de-banderalo-y-cayo-en-una-laguna\/#primaryimage\"},\"thumbnailUrl\":\"https:\/\/infoecos.com.ar\/wp-content\/uploads\/2023\/05\/image-2.png\",\"keywords\":[\"dos heridos leves\"],\"articleSection\":[\"C1 nota 5\"],\"inLanguage\":\"es\"},{\"@type\":\"WebPage\",\"@id\":\"https:\/\/infoecos.com.ar\/index.php\/un-camion-se-despisto-a-la-altura-de-banderalo-y-cayo-en-una-laguna\/\",\"url\":\"https:\/\/infoecos.com.ar\/index.php\/un-camion-se-despisto-a-la-altura-de-banderalo-y-cayo-en-una-laguna\/\",\"name\":\"Un cami\u00f3n se despist\u00f3 a la altura de Banderal\u00f3 y cay\u00f3 en una laguna - Infoecos\",\"isPartOf\":{\"@id\":\"https:\/\/infoecos.com.ar\/#website\"},\"primaryImageOfPage\":{\"@id\":\"https:\/\/infoecos.com.ar\/index.php\/un-camion-se-despisto-a-la-altura-de-banderalo-y-cayo-en-una-laguna\/#primaryimage\"},\"image\":{\"@id\":\"https:\/\/infoecos.com.ar\/index.php\/un-camion-se-despisto-a-la-altura-de-banderalo-y-cayo-en-una-laguna\/#primaryimage\"},\"thumbnailUrl\":\"https:\/\/infoecos.com.ar\/wp-content\/uploads\/2023\/05\/image-2.png\",\"datePublished\":\"2023-05-01T06:46:28+00:00\",\"dateModified\":\"2023-05-02T07:06:37+00:00\",\"breadcrumb\":{\"@id\":\"https:\/\/infoecos.com.ar\/index.php\/un-camion-se-despisto-a-la-altura-de-banderalo-y-cayo-en-una-laguna\/#breadcrumb\"},\"inLanguage\":\"es\",\"potentialAction\":[{\"@type\":\"ReadAction\",\"target\":[\"https:\/\/infoecos.com.ar\/index.php\/un-camion-se-despisto-a-la-altura-de-banderalo-y-cayo-en-una-laguna\/\"]}]},{\"@type\":\"ImageObject\",\"inLanguage\":\"es\",\"@id\":\"https:\/\/infoecos.com.ar\/index.php\/un-camion-se-despisto-a-la-altura-de-banderalo-y-cayo-en-una-laguna\/#primaryimage\",\"url\":\"https:\/\/infoecos.com.ar\/wp-content\/uploads\/2023\/05\/image-2.png\",\"contentUrl\":\"https:\/\/infoecos.com.ar\/wp-content\/uploads\/2023\/05\/image-2.png\",\"width\":620,\"height\":300},{\"@type\":\"BreadcrumbList\",\"@id\":\"https:\/\/infoecos.com.ar\/index.php\/un-camion-se-despisto-a-la-altura-de-banderalo-y-cayo-en-una-laguna\/#breadcrumb\",\"itemListElement\":[{\"@type\":\"ListItem\",\"position\":1,\"name\":\"Portada\",\"item\":\"https:\/\/infoecos.com.ar\/\"},{\"@type\":\"ListItem\",\"position\":2,\"name\":\"Un cami\u00f3n se despist\u00f3 a la altura de Banderal\u00f3 y cay\u00f3 en una laguna\"}]},{\"@type\":\"WebSite\",\"@id\":\"https:\/\/infoecos.com.ar\/#website\",\"url\":\"https:\/\/infoecos.com.ar\/\",\"name\":\"Infoecos\",\"description\":\"Noticias de trenque lauquen y la zona\",\"publisher\":{\"@id\":\"https:\/\/infoecos.com.ar\/#organization\"},\"alternateName\":\"Noticias\",\"potentialAction\":[{\"@type\":\"SearchAction\",\"target\":{\"@type\":\"EntryPoint\",\"urlTemplate\":\"https:\/\/infoecos.com.ar\/?s={search_term_string}\"},\"query-input\":{\"@type\":\"PropertyValueSpecification\",\"valueRequired\":true,\"valueName\":\"search_term_string\"}}],\"inLanguage\":\"es\"},{\"@type\":\"Organization\",\"@id\":\"https:\/\/infoecos.com.ar\/#organization\",\"name\":\"Infoecos\",\"alternateName\":\"Noticias\",\"url\":\"https:\/\/infoecos.com.ar\/\",\"logo\":{\"@type\":\"ImageObject\",\"inLanguage\":\"es\",\"@id\":\"https:\/\/infoecos.com.ar\/#\/schema\/logo\/image\/\",\"url\":\"https:\/\/infoecos.com.ar\/wp-content\/uploads\/2024\/03\/cropped-logo.png\",\"contentUrl\":\"https:\/\/infoecos.com.ar\/wp-content\/uploads\/2024\/03\/cropped-logo.png\",\"width\":374,\"height\":90,\"caption\":\"Infoecos\"},\"image\":{\"@id\":\"https:\/\/infoecos.com.ar\/#\/schema\/logo\/image\/\"},\"sameAs\":[\"https:\/\/www.facebook.com\/profile.php?id=100063200290284\",\"https:\/\/x.com\/infoecos\"]},{\"@type\":\"Person\",\"@id\":\"https:\/\/infoecos.com.ar\/#\/schema\/person\/8f5ace5ce73b4b4aac4b7245aee6f191\",\"name\":\"Jorge Matheus\",\"url\":\"https:\/\/infoecos.com.ar\/index.php\/author\/jomatheus\/\"}]}<\/script>\n<!-- \/ Yoast SEO plugin. -->","yoast_head_json":{"title":"Un cami\u00f3n se despist\u00f3 a la altura de Banderal\u00f3 y cay\u00f3 en una laguna - Infoecos","robots":{"index":"index","follow":"follow","max-snippet":"max-snippet:-1","max-image-preview":"max-image-preview:large","max-video-preview":"max-video-preview:-1"},"canonical":"https:\/\/infoecos.com.ar\/index.php\/un-camion-se-despisto-a-la-altura-de-banderalo-y-cayo-en-una-laguna\/","og_locale":"es_ES","og_type":"article","og_title":"Un cami\u00f3n se despist\u00f3 a la altura de Banderal\u00f3 y cay\u00f3 en una laguna - Infoecos","og_description":"El siniestro vial tuvo este viernes por la anoche, en el noroeste de la provincia de Buenos Aires, sobre la ruta nacional 188, en un tramo conocido como \"El Bajo de Las Alazanas\"","og_url":"https:\/\/infoecos.com.ar\/index.php\/un-camion-se-despisto-a-la-altura-de-banderalo-y-cayo-en-una-laguna\/","og_site_name":"Infoecos","article_publisher":"https:\/\/www.facebook.com\/profile.php?id=100063200290284","article_published_time":"2023-05-01T06:46:28+00:00","article_modified_time":"2023-05-02T07:06:37+00:00","og_image":[{"width":620,"height":300,"url":"https:\/\/infoecos.com.ar\/wp-content\/uploads\/2023\/05\/image-2.png","type":"image\/png"}],"author":"Jorge Matheus","twitter_card":"summary_large_image","twitter_creator":"@infoecos","twitter_site":"@infoecos","twitter_misc":{"Escrito por":"Jorge Matheus","Tiempo de lectura":"2 minutos"},"schema":{"@context":"https:\/\/schema.org","@graph":[{"@type":"Article","@id":"https:\/\/infoecos.com.ar\/index.php\/un-camion-se-despisto-a-la-altura-de-banderalo-y-cayo-en-una-laguna\/#article","isPartOf":{"@id":"https:\/\/infoecos.com.ar\/index.php\/un-camion-se-despisto-a-la-altura-de-banderalo-y-cayo-en-una-laguna\/"},"author":{"name":"Jorge Matheus","@id":"https:\/\/infoecos.com.ar\/#\/schema\/person\/8f5ace5ce73b4b4aac4b7245aee6f191"},"headline":"Un cami\u00f3n se despist\u00f3 a la altura de Banderal\u00f3 y cay\u00f3 en una laguna","datePublished":"2023-05-01T06:46:28+00:00","dateModified":"2023-05-02T07:06:37+00:00","mainEntityOfPage":{"@id":"https:\/\/infoecos.com.ar\/index.php\/un-camion-se-despisto-a-la-altura-de-banderalo-y-cayo-en-una-laguna\/"},"wordCount":226,"publisher":{"@id":"https:\/\/infoecos.com.ar\/#organization"},"image":{"@id":"https:\/\/infoecos.com.ar\/index.php\/un-camion-se-despisto-a-la-altura-de-banderalo-y-cayo-en-una-laguna\/#primaryimage"},"thumbnailUrl":"https:\/\/infoecos.com.ar\/wp-content\/uploads\/2023\/05\/image-2.png","keywords":["dos heridos leves"],"articleSection":["C1 nota 5"],"inLanguage":"es"},{"@type":"WebPage","@id":"https:\/\/infoecos.com.ar\/index.php\/un-camion-se-despisto-a-la-altura-de-banderalo-y-cayo-en-una-laguna\/","url":"https:\/\/infoecos.com.ar\/index.php\/un-camion-se-despisto-a-la-altura-de-banderalo-y-cayo-en-una-laguna\/","name":"Un cami\u00f3n se despist\u00f3 a la altura de Banderal\u00f3 y cay\u00f3 en una laguna - Infoecos","isPartOf":{"@id":"https:\/\/infoecos.com.ar\/#website"},"primaryImageOfPage":{"@id":"https:\/\/infoecos.com.ar\/index.php\/un-camion-se-despisto-a-la-altura-de-banderalo-y-cayo-en-una-laguna\/#primaryimage"},"image":{"@id":"https:\/\/infoecos.com.ar\/index.php\/un-camion-se-despisto-a-la-altura-de-banderalo-y-cayo-en-una-laguna\/#primaryimage"},"thumbnailUrl":"https:\/\/infoecos.com.ar\/wp-content\/uploads\/2023\/05\/image-2.png","datePublished":"2023-05-01T06:46:28+00:00","dateModified":"2023-05-02T07:06:37+00:00","breadcrumb":{"@id":"https:\/\/infoecos.com.ar\/index.php\/un-camion-se-despisto-a-la-altura-de-banderalo-y-cayo-en-una-laguna\/#breadcrumb"},"inLanguage":"es","potentialAction":[{"@type":"ReadAction","target":["https:\/\/infoecos.com.ar\/index.php\/un-camion-se-despisto-a-la-altura-de-banderalo-y-cayo-en-una-laguna\/"]}]},{"@type":"ImageObject","inLanguage":"es","@id":"https:\/\/infoecos.com.ar\/index.php\/un-camion-se-despisto-a-la-altura-de-banderalo-y-cayo-en-una-laguna\/#primaryimage","url":"https:\/\/infoecos.com.ar\/wp-content\/uploads\/2023\/05\/image-2.png","contentUrl":"https:\/\/infoecos.com.ar\/wp-content\/uploads\/2023\/05\/image-2.png","width":620,"height":300},{"@type":"BreadcrumbList","@id":"https:\/\/infoecos.com.ar\/index.php\/un-camion-se-despisto-a-la-altura-de-banderalo-y-cayo-en-una-laguna\/#breadcrumb","itemListElement":[{"@type":"ListItem","position":1,"name":"Portada","item":"https:\/\/infoecos.com.ar\/"},{"@type":"ListItem","position":2,"name":"Un cami\u00f3n se despist\u00f3 a la altura de Banderal\u00f3 y cay\u00f3 en una laguna"}]},{"@type":"WebSite","@id":"https:\/\/infoecos.com.ar\/#website","url":"https:\/\/infoecos.com.ar\/","name":"Infoecos","description":"Noticias de trenque lauquen y la zona","publisher":{"@id":"https:\/\/infoecos.com.ar\/#organization"},"alternateName":"Noticias","potentialAction":[{"@type":"SearchAction","target":{"@type":"EntryPoint","urlTemplate":"https:\/\/infoecos.com.ar\/?s={search_term_string}"},"query-input":{"@type":"PropertyValueSpecification","valueRequired":true,"valueName":"search_term_string"}}],"inLanguage":"es"},{"@type":"Organization","@id":"https:\/\/infoecos.com.ar\/#organization","name":"Infoecos","alternateName":"Noticias","url":"https:\/\/infoecos.com.ar\/","logo":{"@type":"ImageObject","inLanguage":"es","@id":"https:\/\/infoecos.com.ar\/#\/schema\/logo\/image\/","url":"https:\/\/infoecos.com.ar\/wp-content\/uploads\/2024\/03\/cropped-logo.png","contentUrl":"https:\/\/infoecos.com.ar\/wp-content\/uploads\/2024\/03\/cropped-logo.png","width":374,"height":90,"caption":"Infoecos"},"image":{"@id":"https:\/\/infoecos.com.ar\/#\/schema\/logo\/image\/"},"sameAs":["https:\/\/www.facebook.com\/profile.php?id=100063200290284","https:\/\/x.com\/infoecos"]},{"@type":"Person","@id":"https:\/\/infoecos.com.ar\/#\/schema\/person\/8f5ace5ce73b4b4aac4b7245aee6f191","name":"Jorge Matheus","url":"https:\/\/infoecos.com.ar\/index.php\/author\/jomatheus\/"}]}},"featured_image_urls":{"full":["https:\/\/infoecos.com.ar\/wp-content\/uploads\/2023\/05\/image-2.png",620,300,false],"thumbnail":["https:\/\/infoecos.com.ar\/wp-content\/uploads\/2023\/05\/image-2-300x150.png",300,150,true],"medium":["https:\/\/infoecos.com.ar\/wp-content\/uploads\/2023\/05\/image-2.png",620,300,false],"medium_large":["https:\/\/infoecos.com.ar\/wp-content\/uploads\/2023\/05\/image-2.png",620,300,false],"large":["https:\/\/infoecos.com.ar\/wp-content\/uploads\/2023\/05\/image-2.png",620,300,false],"1536x1536":["https:\/\/infoecos.com.ar\/wp-content\/uploads\/2023\/05\/image-2.png",620,300,false],"2048x2048":["https:\/\/infoecos.com.ar\/wp-content\/uploads\/2023\/05\/image-2.png",620,300,false],"covernews-slider-full":["https:\/\/infoecos.com.ar\/wp-content\/uploads\/2023\/05\/image-2.png",620,300,false],"covernews-slider-center":["https:\/\/infoecos.com.ar\/wp-content\/uploads\/2023\/05\/image-2.png",620,300,false],"covernews-featured":["https:\/\/infoecos.com.ar\/wp-content\/uploads\/2023\/05\/image-2.png",620,300,false],"covernews-medium":["https:\/\/infoecos.com.ar\/wp-content\/uploads\/2023\/05\/image-2.png",540,261,false],"covernews-medium-square":["https:\/\/infoecos.com.ar\/wp-content\/uploads\/2023\/05\/image-2.png",400,194,false]},"author_info":{"info":["Jorge Matheus"]},"category_info":"<a href=\"https:\/\/infoecos.com.ar\/index.php\/category\/c1nota5\/\" rel=\"category tag\">C1 nota 5<\/a>","tag_info":"C1 nota 5","comment_count":"0","_links":{"self":[{"href":"https:\/\/infoecos.com.ar\/index.php\/wp-json\/wp\/v2\/posts\/104474"}],"collection":[{"href":"https:\/\/infoecos.com.ar\/index.php\/wp-json\/wp\/v2\/posts"}],"about":[{"href":"https:\/\/infoecos.com.ar\/index.php\/wp-json\/wp\/v2\/types\/post"}],"author":[{"embeddable":true,"href":"https:\/\/infoecos.com.ar\/index.php\/wp-json\/wp\/v2\/users\/2"}],"replies":[{"embeddable":true,"href":"https:\/\/infoecos.com.ar\/index.php\/wp-json\/wp\/v2\/comments?post=104474"}],"version-history":[{"count":2,"href":"https:\/\/infoecos.com.ar\/index.php\/wp-json\/wp\/v2\/posts\/104474\/revisions"}],"predecessor-version":[{"id":104478,"href":"https:\/\/infoecos.com.ar\/index.php\/wp-json\/wp\/v2\/posts\/104474\/revisions\/104478"}],"wp:featuredmedia":[{"embeddable":true,"href":"https:\/\/infoecos.com.ar\/index.php\/wp-json\/wp\/v2\/media\/104476"}],"wp:attachment":[{"href":"https:\/\/infoecos.com.ar\/index.php\/wp-json\/wp\/v2\/media?parent=104474"}],"wp:term":[{"taxonomy":"category","embeddable":true,"href":"https:\/\/infoecos.com.ar\/index.php\/wp-json\/wp\/v2\/categories?post=104474"},{"taxonomy":"post_tag","embeddable":true,"href":"https:\/\/infoecos.com.ar\/index.php\/wp-json\/wp\/v2\/tags?post=104474"}],"curies":[{"name":"wp","href":"https:\/\/api.w.org\/{rel}","templated":true}]}}