{"id":104479,"date":"2023-05-01T03:59:29","date_gmt":"2023-05-01T06:59:29","guid":{"rendered":"https:\/\/infoecos.com.ar\/?p=104479"},"modified":"2023-05-03T01:41:21","modified_gmt":"2023-05-03T04:41:21","slug":"la-historia-de-iglesias-bonaerenses-dejadas-en-el-olvido-una-de-ellas-la-de-san-mauricio","status":"publish","type":"post","link":"https:\/\/infoecos.com.ar\/index.php\/la-historia-de-iglesias-bonaerenses-dejadas-en-el-olvido-una-de-ellas-la-de-san-mauricio\/","title":{"rendered":"La historia de Iglesias Bonaerenses dejadas en el olvido: una de ellas, la de San Mauricio"},"content":{"rendered":"\n<p><strong>Nota con foto en diarioderivera.com.ar<\/strong><\/p>\n\n\n\n<figure class=\"wp-block-image aligncenter size-full is-resized\"><img loading=\"lazy\" decoding=\"async\" src=\"https:\/\/infoecos.com.ar\/wp-content\/uploads\/2023\/05\/image-3.png\" alt=\"\" class=\"wp-image-104480\" width=\"435\" height=\"288\" srcset=\"https:\/\/infoecos.com.ar\/wp-content\/uploads\/2023\/05\/image-3.png 887w, https:\/\/infoecos.com.ar\/wp-content\/uploads\/2023\/05\/image-3-800x531.png 800w, https:\/\/infoecos.com.ar\/wp-content\/uploads\/2023\/05\/image-3-768x510.png 768w\" sizes=\"(max-width: 435px) 100vw, 435px\" \/><figcaption class=\"wp-element-caption\">Iglesia de San Mauricio <\/figcaption><\/figure>\n\n\n\n<p>En el partido de Rivadavia, m\u00e1s espec\u00edficamente en la localidad de San Mauricio, se encuentran las ruinas de la Capilla que supo llevar el mismo nombre que el lugar. El inmigrante italiano Mauricio Duva, la hizo construir y el 24 de diciembre de 1893 fue inaugurada. Sin embargo, la puerta de entrada, que a\u00fan se conserva, dice que fue fundada un a\u00f1o antes.<\/p>\n\n\n\n<p>De esta construcci\u00f3n solo queda la pared frontal, con dos ventanas y una puerta de madera.<\/p>\n\n\n\n<p>Dicen que la fe mueve monta\u00f1as, pero en estas&nbsp;iglesias y capillas&nbsp;qued\u00f3 detenida en el deterioro de sus paredes. A lo largo y ancho de la&nbsp;provincia de Buenos Aires, existen construcciones imponentes, de incre\u00edbles dise\u00f1os arquitect\u00f3nicos, que congregan miles y miles de fieles. Sin embargo, tambi\u00e9n&nbsp;existen algunas de ellas que quedaron detenidas en los tiempos de esperanza o mayor esplendor y hoy solo conservan algunas partes de su fachada, se\u00f1ala nota publicada en el sitio que mencionamos. <\/p>\n","protected":false},"excerpt":{"rendered":"<p>Diario de Rivera. De esta construcci\u00f3n solo queda la pared frontal, con dos ventanas y una puerta de madera<\/p>\n","protected":false},"author":2,"featured_media":104480,"comment_status":"closed","ping_status":"open","sticky":false,"template":"","format":"standard","meta":{"footnotes":""},"categories":[1341],"tags":[7519],"class_list":["post-104479","post","type-post","status-publish","format-standard","has-post-thumbnail","hentry","category-c1nota7","tag-distrito-de-rivadavia"],"yoast_head":"<!-- This site is optimized with the Yoast SEO plugin v23.4 - https:\/\/yoast.com\/wordpress\/plugins\/seo\/ -->\n<title>La historia de Iglesias Bonaerenses dejadas en el olvido: una de ellas, la de San Mauricio - Infoecos<\/title>\n<meta name=\"robots\" content=\"index, follow, max-snippet:-1, max-image-preview:large, max-video-preview:-1\" \/>\n<link rel=\"canonical\" href=\"https:\/\/infoecos.com.ar\/index.php\/la-historia-de-iglesias-bonaerenses-dejadas-en-el-olvido-una-de-ellas-la-de-san-mauricio\/\" \/>\n<meta property=\"og:locale\" content=\"es_ES\" \/>\n<meta property=\"og:type\" content=\"article\" \/>\n<meta property=\"og:title\" content=\"La historia de Iglesias Bonaerenses dejadas en el olvido: una de ellas, la de San Mauricio - Infoecos\" \/>\n<meta property=\"og:description\" content=\"Diario de Rivera. De esta construcci\u00f3n solo queda la pared frontal, con dos ventanas y una puerta de madera\" \/>\n<meta property=\"og:url\" content=\"https:\/\/infoecos.com.ar\/index.php\/la-historia-de-iglesias-bonaerenses-dejadas-en-el-olvido-una-de-ellas-la-de-san-mauricio\/\" \/>\n<meta property=\"og:site_name\" content=\"Infoecos\" \/>\n<meta property=\"article:publisher\" content=\"https:\/\/www.facebook.com\/profile.php?id=100063200290284\" \/>\n<meta property=\"article:published_time\" content=\"2023-05-01T06:59:29+00:00\" \/>\n<meta property=\"article:modified_time\" content=\"2023-05-03T04:41:21+00:00\" \/>\n<meta property=\"og:image\" content=\"https:\/\/infoecos.com.ar\/wp-content\/uploads\/2023\/05\/image-3.png\" \/>\n\t<meta property=\"og:image:width\" content=\"887\" \/>\n\t<meta property=\"og:image:height\" content=\"589\" \/>\n\t<meta property=\"og:image:type\" content=\"image\/png\" \/>\n<meta name=\"author\" content=\"Jorge Matheus\" \/>\n<meta name=\"twitter:card\" content=\"summary_large_image\" \/>\n<meta name=\"twitter:creator\" content=\"@infoecos\" \/>\n<meta name=\"twitter:site\" content=\"@infoecos\" \/>\n<meta name=\"twitter:label1\" content=\"Escrito por\" \/>\n\t<meta name=\"twitter:data1\" content=\"Jorge Matheus\" \/>\n\t<meta name=\"twitter:label2\" content=\"Tiempo de lectura\" \/>\n\t<meta name=\"twitter:data2\" content=\"1 minuto\" \/>\n<script type=\"application\/ld+json\" class=\"yoast-schema-graph\">{\"@context\":\"https:\/\/schema.org\",\"@graph\":[{\"@type\":\"Article\",\"@id\":\"https:\/\/infoecos.com.ar\/index.php\/la-historia-de-iglesias-bonaerenses-dejadas-en-el-olvido-una-de-ellas-la-de-san-mauricio\/#article\",\"isPartOf\":{\"@id\":\"https:\/\/infoecos.com.ar\/index.php\/la-historia-de-iglesias-bonaerenses-dejadas-en-el-olvido-una-de-ellas-la-de-san-mauricio\/\"},\"author\":{\"name\":\"Jorge Matheus\",\"@id\":\"https:\/\/infoecos.com.ar\/#\/schema\/person\/8f5ace5ce73b4b4aac4b7245aee6f191\"},\"headline\":\"La historia de Iglesias Bonaerenses dejadas en el olvido: una de ellas, la de San Mauricio\",\"datePublished\":\"2023-05-01T06:59:29+00:00\",\"dateModified\":\"2023-05-03T04:41:21+00:00\",\"mainEntityOfPage\":{\"@id\":\"https:\/\/infoecos.com.ar\/index.php\/la-historia-de-iglesias-bonaerenses-dejadas-en-el-olvido-una-de-ellas-la-de-san-mauricio\/\"},\"wordCount\":199,\"publisher\":{\"@id\":\"https:\/\/infoecos.com.ar\/#organization\"},\"image\":{\"@id\":\"https:\/\/infoecos.com.ar\/index.php\/la-historia-de-iglesias-bonaerenses-dejadas-en-el-olvido-una-de-ellas-la-de-san-mauricio\/#primaryimage\"},\"thumbnailUrl\":\"https:\/\/infoecos.com.ar\/wp-content\/uploads\/2023\/05\/image-3.png\",\"keywords\":[\"distrito de rivadavia\"],\"articleSection\":[\"C1 nota 7\"],\"inLanguage\":\"es\"},{\"@type\":\"WebPage\",\"@id\":\"https:\/\/infoecos.com.ar\/index.php\/la-historia-de-iglesias-bonaerenses-dejadas-en-el-olvido-una-de-ellas-la-de-san-mauricio\/\",\"url\":\"https:\/\/infoecos.com.ar\/index.php\/la-historia-de-iglesias-bonaerenses-dejadas-en-el-olvido-una-de-ellas-la-de-san-mauricio\/\",\"name\":\"La historia de Iglesias Bonaerenses dejadas en el olvido: una de ellas, la de San Mauricio - Infoecos\",\"isPartOf\":{\"@id\":\"https:\/\/infoecos.com.ar\/#website\"},\"primaryImageOfPage\":{\"@id\":\"https:\/\/infoecos.com.ar\/index.php\/la-historia-de-iglesias-bonaerenses-dejadas-en-el-olvido-una-de-ellas-la-de-san-mauricio\/#primaryimage\"},\"image\":{\"@id\":\"https:\/\/infoecos.com.ar\/index.php\/la-historia-de-iglesias-bonaerenses-dejadas-en-el-olvido-una-de-ellas-la-de-san-mauricio\/#primaryimage\"},\"thumbnailUrl\":\"https:\/\/infoecos.com.ar\/wp-content\/uploads\/2023\/05\/image-3.png\",\"datePublished\":\"2023-05-01T06:59:29+00:00\",\"dateModified\":\"2023-05-03T04:41:21+00:00\",\"breadcrumb\":{\"@id\":\"https:\/\/infoecos.com.ar\/index.php\/la-historia-de-iglesias-bonaerenses-dejadas-en-el-olvido-una-de-ellas-la-de-san-mauricio\/#breadcrumb\"},\"inLanguage\":\"es\",\"potentialAction\":[{\"@type\":\"ReadAction\",\"target\":[\"https:\/\/infoecos.com.ar\/index.php\/la-historia-de-iglesias-bonaerenses-dejadas-en-el-olvido-una-de-ellas-la-de-san-mauricio\/\"]}]},{\"@type\":\"ImageObject\",\"inLanguage\":\"es\",\"@id\":\"https:\/\/infoecos.com.ar\/index.php\/la-historia-de-iglesias-bonaerenses-dejadas-en-el-olvido-una-de-ellas-la-de-san-mauricio\/#primaryimage\",\"url\":\"https:\/\/infoecos.com.ar\/wp-content\/uploads\/2023\/05\/image-3.png\",\"contentUrl\":\"https:\/\/infoecos.com.ar\/wp-content\/uploads\/2023\/05\/image-3.png\",\"width\":887,\"height\":589},{\"@type\":\"BreadcrumbList\",\"@id\":\"https:\/\/infoecos.com.ar\/index.php\/la-historia-de-iglesias-bonaerenses-dejadas-en-el-olvido-una-de-ellas-la-de-san-mauricio\/#breadcrumb\",\"itemListElement\":[{\"@type\":\"ListItem\",\"position\":1,\"name\":\"Portada\",\"item\":\"https:\/\/infoecos.com.ar\/\"},{\"@type\":\"ListItem\",\"position\":2,\"name\":\"La historia de Iglesias Bonaerenses dejadas en el olvido: una de ellas, la de San Mauricio\"}]},{\"@type\":\"WebSite\",\"@id\":\"https:\/\/infoecos.com.ar\/#website\",\"url\":\"https:\/\/infoecos.com.ar\/\",\"name\":\"Infoecos\",\"description\":\"Noticias de trenque lauquen y la zona\",\"publisher\":{\"@id\":\"https:\/\/infoecos.com.ar\/#organization\"},\"alternateName\":\"Noticias\",\"potentialAction\":[{\"@type\":\"SearchAction\",\"target\":{\"@type\":\"EntryPoint\",\"urlTemplate\":\"https:\/\/infoecos.com.ar\/?s={search_term_string}\"},\"query-input\":{\"@type\":\"PropertyValueSpecification\",\"valueRequired\":true,\"valueName\":\"search_term_string\"}}],\"inLanguage\":\"es\"},{\"@type\":\"Organization\",\"@id\":\"https:\/\/infoecos.com.ar\/#organization\",\"name\":\"Infoecos\",\"alternateName\":\"Noticias\",\"url\":\"https:\/\/infoecos.com.ar\/\",\"logo\":{\"@type\":\"ImageObject\",\"inLanguage\":\"es\",\"@id\":\"https:\/\/infoecos.com.ar\/#\/schema\/logo\/image\/\",\"url\":\"https:\/\/infoecos.com.ar\/wp-content\/uploads\/2024\/03\/cropped-logo.png\",\"contentUrl\":\"https:\/\/infoecos.com.ar\/wp-content\/uploads\/2024\/03\/cropped-logo.png\",\"width\":374,\"height\":90,\"caption\":\"Infoecos\"},\"image\":{\"@id\":\"https:\/\/infoecos.com.ar\/#\/schema\/logo\/image\/\"},\"sameAs\":[\"https:\/\/www.facebook.com\/profile.php?id=100063200290284\",\"https:\/\/x.com\/infoecos\"]},{\"@type\":\"Person\",\"@id\":\"https:\/\/infoecos.com.ar\/#\/schema\/person\/8f5ace5ce73b4b4aac4b7245aee6f191\",\"name\":\"Jorge Matheus\",\"url\":\"https:\/\/infoecos.com.ar\/index.php\/author\/jomatheus\/\"}]}<\/script>\n<!-- \/ Yoast SEO plugin. -->","yoast_head_json":{"title":"La historia de Iglesias Bonaerenses dejadas en el olvido: una de ellas, la de San Mauricio - Infoecos","robots":{"index":"index","follow":"follow","max-snippet":"max-snippet:-1","max-image-preview":"max-image-preview:large","max-video-preview":"max-video-preview:-1"},"canonical":"https:\/\/infoecos.com.ar\/index.php\/la-historia-de-iglesias-bonaerenses-dejadas-en-el-olvido-una-de-ellas-la-de-san-mauricio\/","og_locale":"es_ES","og_type":"article","og_title":"La historia de Iglesias Bonaerenses dejadas en el olvido: una de ellas, la de San Mauricio - Infoecos","og_description":"Diario de Rivera. De esta construcci\u00f3n solo queda la pared frontal, con dos ventanas y una puerta de madera","og_url":"https:\/\/infoecos.com.ar\/index.php\/la-historia-de-iglesias-bonaerenses-dejadas-en-el-olvido-una-de-ellas-la-de-san-mauricio\/","og_site_name":"Infoecos","article_publisher":"https:\/\/www.facebook.com\/profile.php?id=100063200290284","article_published_time":"2023-05-01T06:59:29+00:00","article_modified_time":"2023-05-03T04:41:21+00:00","og_image":[{"width":887,"height":589,"url":"https:\/\/infoecos.com.ar\/wp-content\/uploads\/2023\/05\/image-3.png","type":"image\/png"}],"author":"Jorge Matheus","twitter_card":"summary_large_image","twitter_creator":"@infoecos","twitter_site":"@infoecos","twitter_misc":{"Escrito por":"Jorge Matheus","Tiempo de lectura":"1 minuto"},"schema":{"@context":"https:\/\/schema.org","@graph":[{"@type":"Article","@id":"https:\/\/infoecos.com.ar\/index.php\/la-historia-de-iglesias-bonaerenses-dejadas-en-el-olvido-una-de-ellas-la-de-san-mauricio\/#article","isPartOf":{"@id":"https:\/\/infoecos.com.ar\/index.php\/la-historia-de-iglesias-bonaerenses-dejadas-en-el-olvido-una-de-ellas-la-de-san-mauricio\/"},"author":{"name":"Jorge Matheus","@id":"https:\/\/infoecos.com.ar\/#\/schema\/person\/8f5ace5ce73b4b4aac4b7245aee6f191"},"headline":"La historia de Iglesias Bonaerenses dejadas en el olvido: una de ellas, la de San Mauricio","datePublished":"2023-05-01T06:59:29+00:00","dateModified":"2023-05-03T04:41:21+00:00","mainEntityOfPage":{"@id":"https:\/\/infoecos.com.ar\/index.php\/la-historia-de-iglesias-bonaerenses-dejadas-en-el-olvido-una-de-ellas-la-de-san-mauricio\/"},"wordCount":199,"publisher":{"@id":"https:\/\/infoecos.com.ar\/#organization"},"image":{"@id":"https:\/\/infoecos.com.ar\/index.php\/la-historia-de-iglesias-bonaerenses-dejadas-en-el-olvido-una-de-ellas-la-de-san-mauricio\/#primaryimage"},"thumbnailUrl":"https:\/\/infoecos.com.ar\/wp-content\/uploads\/2023\/05\/image-3.png","keywords":["distrito de rivadavia"],"articleSection":["C1 nota 7"],"inLanguage":"es"},{"@type":"WebPage","@id":"https:\/\/infoecos.com.ar\/index.php\/la-historia-de-iglesias-bonaerenses-dejadas-en-el-olvido-una-de-ellas-la-de-san-mauricio\/","url":"https:\/\/infoecos.com.ar\/index.php\/la-historia-de-iglesias-bonaerenses-dejadas-en-el-olvido-una-de-ellas-la-de-san-mauricio\/","name":"La historia de Iglesias Bonaerenses dejadas en el olvido: una de ellas, la de San Mauricio - Infoecos","isPartOf":{"@id":"https:\/\/infoecos.com.ar\/#website"},"primaryImageOfPage":{"@id":"https:\/\/infoecos.com.ar\/index.php\/la-historia-de-iglesias-bonaerenses-dejadas-en-el-olvido-una-de-ellas-la-de-san-mauricio\/#primaryimage"},"image":{"@id":"https:\/\/infoecos.com.ar\/index.php\/la-historia-de-iglesias-bonaerenses-dejadas-en-el-olvido-una-de-ellas-la-de-san-mauricio\/#primaryimage"},"thumbnailUrl":"https:\/\/infoecos.com.ar\/wp-content\/uploads\/2023\/05\/image-3.png","datePublished":"2023-05-01T06:59:29+00:00","dateModified":"2023-05-03T04:41:21+00:00","breadcrumb":{"@id":"https:\/\/infoecos.com.ar\/index.php\/la-historia-de-iglesias-bonaerenses-dejadas-en-el-olvido-una-de-ellas-la-de-san-mauricio\/#breadcrumb"},"inLanguage":"es","potentialAction":[{"@type":"ReadAction","target":["https:\/\/infoecos.com.ar\/index.php\/la-historia-de-iglesias-bonaerenses-dejadas-en-el-olvido-una-de-ellas-la-de-san-mauricio\/"]}]},{"@type":"ImageObject","inLanguage":"es","@id":"https:\/\/infoecos.com.ar\/index.php\/la-historia-de-iglesias-bonaerenses-dejadas-en-el-olvido-una-de-ellas-la-de-san-mauricio\/#primaryimage","url":"https:\/\/infoecos.com.ar\/wp-content\/uploads\/2023\/05\/image-3.png","contentUrl":"https:\/\/infoecos.com.ar\/wp-content\/uploads\/2023\/05\/image-3.png","width":887,"height":589},{"@type":"BreadcrumbList","@id":"https:\/\/infoecos.com.ar\/index.php\/la-historia-de-iglesias-bonaerenses-dejadas-en-el-olvido-una-de-ellas-la-de-san-mauricio\/#breadcrumb","itemListElement":[{"@type":"ListItem","position":1,"name":"Portada","item":"https:\/\/infoecos.com.ar\/"},{"@type":"ListItem","position":2,"name":"La historia de Iglesias Bonaerenses dejadas en el olvido: una de ellas, la de San Mauricio"}]},{"@type":"WebSite","@id":"https:\/\/infoecos.com.ar\/#website","url":"https:\/\/infoecos.com.ar\/","name":"Infoecos","description":"Noticias de trenque lauquen y la zona","publisher":{"@id":"https:\/\/infoecos.com.ar\/#organization"},"alternateName":"Noticias","potentialAction":[{"@type":"SearchAction","target":{"@type":"EntryPoint","urlTemplate":"https:\/\/infoecos.com.ar\/?s={search_term_string}"},"query-input":{"@type":"PropertyValueSpecification","valueRequired":true,"valueName":"search_term_string"}}],"inLanguage":"es"},{"@type":"Organization","@id":"https:\/\/infoecos.com.ar\/#organization","name":"Infoecos","alternateName":"Noticias","url":"https:\/\/infoecos.com.ar\/","logo":{"@type":"ImageObject","inLanguage":"es","@id":"https:\/\/infoecos.com.ar\/#\/schema\/logo\/image\/","url":"https:\/\/infoecos.com.ar\/wp-content\/uploads\/2024\/03\/cropped-logo.png","contentUrl":"https:\/\/infoecos.com.ar\/wp-content\/uploads\/2024\/03\/cropped-logo.png","width":374,"height":90,"caption":"Infoecos"},"image":{"@id":"https:\/\/infoecos.com.ar\/#\/schema\/logo\/image\/"},"sameAs":["https:\/\/www.facebook.com\/profile.php?id=100063200290284","https:\/\/x.com\/infoecos"]},{"@type":"Person","@id":"https:\/\/infoecos.com.ar\/#\/schema\/person\/8f5ace5ce73b4b4aac4b7245aee6f191","name":"Jorge Matheus","url":"https:\/\/infoecos.com.ar\/index.php\/author\/jomatheus\/"}]}},"featured_image_urls":{"full":["https:\/\/infoecos.com.ar\/wp-content\/uploads\/2023\/05\/image-3.png",887,589,false],"thumbnail":["https:\/\/infoecos.com.ar\/wp-content\/uploads\/2023\/05\/image-3-300x150.png",300,150,true],"medium":["https:\/\/infoecos.com.ar\/wp-content\/uploads\/2023\/05\/image-3-800x531.png",800,531,true],"medium_large":["https:\/\/infoecos.com.ar\/wp-content\/uploads\/2023\/05\/image-3-768x510.png",640,425,true],"large":["https:\/\/infoecos.com.ar\/wp-content\/uploads\/2023\/05\/image-3.png",640,425,false],"1536x1536":["https:\/\/infoecos.com.ar\/wp-content\/uploads\/2023\/05\/image-3.png",887,589,false],"2048x2048":["https:\/\/infoecos.com.ar\/wp-content\/uploads\/2023\/05\/image-3.png",887,589,false],"covernews-slider-full":["https:\/\/infoecos.com.ar\/wp-content\/uploads\/2023\/05\/image-3.png",887,589,false],"covernews-slider-center":["https:\/\/infoecos.com.ar\/wp-content\/uploads\/2023\/05\/image-3.png",753,500,false],"covernews-featured":["https:\/\/infoecos.com.ar\/wp-content\/uploads\/2023\/05\/image-3.png",887,589,false],"covernews-medium":["https:\/\/infoecos.com.ar\/wp-content\/uploads\/2023\/05\/image-3-720x380.png",540,285,true],"covernews-medium-square":["https:\/\/infoecos.com.ar\/wp-content\/uploads\/2023\/05\/image-3-675x450.png",375,250,true]},"author_info":{"info":["Jorge Matheus"]},"category_info":"<a href=\"https:\/\/infoecos.com.ar\/index.php\/category\/c1nota7\/\" rel=\"category tag\">C1 nota 7<\/a>","tag_info":"C1 nota 7","comment_count":"0","_links":{"self":[{"href":"https:\/\/infoecos.com.ar\/index.php\/wp-json\/wp\/v2\/posts\/104479"}],"collection":[{"href":"https:\/\/infoecos.com.ar\/index.php\/wp-json\/wp\/v2\/posts"}],"about":[{"href":"https:\/\/infoecos.com.ar\/index.php\/wp-json\/wp\/v2\/types\/post"}],"author":[{"embeddable":true,"href":"https:\/\/infoecos.com.ar\/index.php\/wp-json\/wp\/v2\/users\/2"}],"replies":[{"embeddable":true,"href":"https:\/\/infoecos.com.ar\/index.php\/wp-json\/wp\/v2\/comments?post=104479"}],"version-history":[{"count":2,"href":"https:\/\/infoecos.com.ar\/index.php\/wp-json\/wp\/v2\/posts\/104479\/revisions"}],"predecessor-version":[{"id":104571,"href":"https:\/\/infoecos.com.ar\/index.php\/wp-json\/wp\/v2\/posts\/104479\/revisions\/104571"}],"wp:featuredmedia":[{"embeddable":true,"href":"https:\/\/infoecos.com.ar\/index.php\/wp-json\/wp\/v2\/media\/104480"}],"wp:attachment":[{"href":"https:\/\/infoecos.com.ar\/index.php\/wp-json\/wp\/v2\/media?parent=104479"}],"wp:term":[{"taxonomy":"category","embeddable":true,"href":"https:\/\/infoecos.com.ar\/index.php\/wp-json\/wp\/v2\/categories?post=104479"},{"taxonomy":"post_tag","embeddable":true,"href":"https:\/\/infoecos.com.ar\/index.php\/wp-json\/wp\/v2\/tags?post=104479"}],"curies":[{"name":"wp","href":"https:\/\/api.w.org\/{rel}","templated":true}]}}