{"id":104482,"date":"2023-05-01T04:06:28","date_gmt":"2023-05-01T07:06:28","guid":{"rendered":"https:\/\/infoecos.com.ar\/?p=104482"},"modified":"2023-05-03T01:39:07","modified_gmt":"2023-05-03T04:39:07","slug":"el-concejo-deliberante-de-tres-lomas-apoya-el-proyecto-de-mecenazgo-deportivo","status":"publish","type":"post","link":"https:\/\/infoecos.com.ar\/index.php\/el-concejo-deliberante-de-tres-lomas-apoya-el-proyecto-de-mecenazgo-deportivo\/","title":{"rendered":"El Concejo Deliberante de Tres Lomas apoya el proyecto de mecenazgo deportivo"},"content":{"rendered":"\n<p>El proyecto de mecenazgo deportivo que impulsan el diputado provincial de Juntos, Valent\u00edn Miranda y el ex atleta ol\u00edmpico Germ\u00e1n Lauro, y que apunta a crear un r\u00e9gimen especial para incentivar el deporte amateur, sigue obteniendo respaldos en distintos puntos de la provincia, ahora con el apoyo por unanimidad del Concejo Deliberante del distrito de Tres Lomas, donde fue aprobada por unanimidad una iniciativa para solicitarle a la Legislatura que trate y apruebe el texto.<\/p>\n\n\n\n<figure class=\"wp-block-image aligncenter size-full is-resized\"><img loading=\"lazy\" decoding=\"async\" src=\"https:\/\/infoecos.com.ar\/wp-content\/uploads\/2023\/05\/Imagen-de-WhatsApp-2023-04-29-a-las-23.26.09.jpg\" alt=\"\" class=\"wp-image-104484\" width=\"575\" height=\"357\" srcset=\"https:\/\/infoecos.com.ar\/wp-content\/uploads\/2023\/05\/Imagen-de-WhatsApp-2023-04-29-a-las-23.26.09.jpg 1024w, https:\/\/infoecos.com.ar\/wp-content\/uploads\/2023\/05\/Imagen-de-WhatsApp-2023-04-29-a-las-23.26.09-800x498.jpg 800w, https:\/\/infoecos.com.ar\/wp-content\/uploads\/2023\/05\/Imagen-de-WhatsApp-2023-04-29-a-las-23.26.09-768x478.jpg 768w\" sizes=\"(max-width: 575px) 100vw, 575px\" \/><\/figure>\n\n\n\n<p>Justamente este viernes, Miranda y Lauro visitaron Tres Lomas para reunirse con los concejales de ese distrito para profundizar los conceptos que abarca el proyecto y seguir tomando nota de ideas y propuestas que puedan enriquecerlo.<\/p>\n\n\n\n<p>En ese sentido, se realiz\u00f3 una presentaci\u00f3n formal en el recinto con el acompa\u00f1amiento de la Presidente del Concejo Deliberante Lujan Ponce y Concejales de todos los partidos. El encuentro surgi\u00f3 a partir de la iniciativa del presidente del bloque de Juntos, Luciano Spinolo que viene trabajando junto a Miranda y Lauro en distintas iniciativas.<\/p>\n\n\n\n<figure class=\"wp-block-image aligncenter size-full is-resized\"><img loading=\"lazy\" decoding=\"async\" src=\"https:\/\/infoecos.com.ar\/wp-content\/uploads\/2023\/05\/Imagen-de-WhatsApp-2023-04-29-a-las-23.25.44.jpg\" alt=\"\" class=\"wp-image-104485\" width=\"579\" height=\"399\" srcset=\"https:\/\/infoecos.com.ar\/wp-content\/uploads\/2023\/05\/Imagen-de-WhatsApp-2023-04-29-a-las-23.25.44.jpg 1024w, https:\/\/infoecos.com.ar\/wp-content\/uploads\/2023\/05\/Imagen-de-WhatsApp-2023-04-29-a-las-23.25.44-800x552.jpg 800w, https:\/\/infoecos.com.ar\/wp-content\/uploads\/2023\/05\/Imagen-de-WhatsApp-2023-04-29-a-las-23.25.44-768x530.jpg 768w\" sizes=\"(max-width: 579px) 100vw, 579px\" \/><\/figure>\n\n\n\n<p>El proyecto ya fue difundido mediante esta modalidad en cerca de 20 distritos del amplio territorio bonaerense con la presencia de Lauro y Miranda, donde tambi\u00e9n hubo contacto directo con instituciones deportivas que fueron realizando sus aportes y brindando sus miradas para darle mayor volumen a la idea plasmada en el proyecto que ingres\u00f3 por la C\u00e1mara de Diputados provincial.<\/p>\n\n\n\n<p>En este caso, el encuentro en Tres Lomas conto con miembros de variadas disciplinas deportivas y sirvi\u00f3 para enfocar algunas de las herramientas que crea el proyecto en las necesidades de los clubes e instituciones de nuestro interior provincial, que tienen un abordaje diferente a los de las grandes ciudades. De esta manera, la iniciativa se sigue fortaleciendo e incluye una perspectiva diversa, tal como el territorio de la provincia.<\/p>\n","protected":false},"excerpt":{"rendered":"<p>Se busca crear un r\u00e9gimen provincial \u201cpara incentivar, estimular, facilitar y sustentar la pr\u00e1ctica deportiva amateur\u201d<\/p>\n","protected":false},"author":2,"featured_media":104484,"comment_status":"closed","ping_status":"open","sticky":false,"template":"","format":"standard","meta":{"footnotes":""},"categories":[51],"tags":[7821],"class_list":["post-104482","post","type-post","status-publish","format-standard","has-post-thumbnail","hentry","category-c2nota4","tag-diputado-miranda-y-german-lauro"],"yoast_head":"<!-- This site is optimized with the Yoast SEO plugin v23.4 - https:\/\/yoast.com\/wordpress\/plugins\/seo\/ -->\n<title>El Concejo Deliberante de Tres Lomas apoya el proyecto de mecenazgo deportivo - Infoecos<\/title>\n<meta name=\"robots\" content=\"index, follow, max-snippet:-1, max-image-preview:large, max-video-preview:-1\" \/>\n<link rel=\"canonical\" href=\"https:\/\/infoecos.com.ar\/index.php\/el-concejo-deliberante-de-tres-lomas-apoya-el-proyecto-de-mecenazgo-deportivo\/\" \/>\n<meta property=\"og:locale\" content=\"es_ES\" \/>\n<meta property=\"og:type\" content=\"article\" \/>\n<meta property=\"og:title\" content=\"El Concejo Deliberante de Tres Lomas apoya el proyecto de mecenazgo deportivo - Infoecos\" \/>\n<meta property=\"og:description\" content=\"Se busca crear un r\u00e9gimen provincial \u201cpara incentivar, estimular, facilitar y sustentar la pr\u00e1ctica deportiva amateur\u201d\" \/>\n<meta property=\"og:url\" content=\"https:\/\/infoecos.com.ar\/index.php\/el-concejo-deliberante-de-tres-lomas-apoya-el-proyecto-de-mecenazgo-deportivo\/\" \/>\n<meta property=\"og:site_name\" content=\"Infoecos\" \/>\n<meta property=\"article:publisher\" content=\"https:\/\/www.facebook.com\/profile.php?id=100063200290284\" \/>\n<meta property=\"article:published_time\" content=\"2023-05-01T07:06:28+00:00\" \/>\n<meta property=\"article:modified_time\" content=\"2023-05-03T04:39:07+00:00\" \/>\n<meta property=\"og:image\" content=\"https:\/\/infoecos.com.ar\/wp-content\/uploads\/2023\/05\/Imagen-de-WhatsApp-2023-04-29-a-las-23.26.09.jpg\" \/>\n\t<meta property=\"og:image:width\" content=\"1024\" \/>\n\t<meta property=\"og:image:height\" content=\"637\" \/>\n\t<meta property=\"og:image:type\" content=\"image\/jpeg\" \/>\n<meta name=\"author\" content=\"Jorge Matheus\" \/>\n<meta name=\"twitter:card\" content=\"summary_large_image\" \/>\n<meta name=\"twitter:creator\" content=\"@infoecos\" \/>\n<meta name=\"twitter:site\" content=\"@infoecos\" \/>\n<meta name=\"twitter:label1\" content=\"Escrito por\" \/>\n\t<meta name=\"twitter:data1\" content=\"Jorge Matheus\" \/>\n\t<meta name=\"twitter:label2\" content=\"Tiempo de lectura\" \/>\n\t<meta name=\"twitter:data2\" content=\"2 minutos\" \/>\n<script type=\"application\/ld+json\" class=\"yoast-schema-graph\">{\"@context\":\"https:\/\/schema.org\",\"@graph\":[{\"@type\":\"Article\",\"@id\":\"https:\/\/infoecos.com.ar\/index.php\/el-concejo-deliberante-de-tres-lomas-apoya-el-proyecto-de-mecenazgo-deportivo\/#article\",\"isPartOf\":{\"@id\":\"https:\/\/infoecos.com.ar\/index.php\/el-concejo-deliberante-de-tres-lomas-apoya-el-proyecto-de-mecenazgo-deportivo\/\"},\"author\":{\"name\":\"Jorge Matheus\",\"@id\":\"https:\/\/infoecos.com.ar\/#\/schema\/person\/8f5ace5ce73b4b4aac4b7245aee6f191\"},\"headline\":\"El Concejo Deliberante de Tres Lomas apoya el proyecto de mecenazgo deportivo\",\"datePublished\":\"2023-05-01T07:06:28+00:00\",\"dateModified\":\"2023-05-03T04:39:07+00:00\",\"mainEntityOfPage\":{\"@id\":\"https:\/\/infoecos.com.ar\/index.php\/el-concejo-deliberante-de-tres-lomas-apoya-el-proyecto-de-mecenazgo-deportivo\/\"},\"wordCount\":315,\"publisher\":{\"@id\":\"https:\/\/infoecos.com.ar\/#organization\"},\"image\":{\"@id\":\"https:\/\/infoecos.com.ar\/index.php\/el-concejo-deliberante-de-tres-lomas-apoya-el-proyecto-de-mecenazgo-deportivo\/#primaryimage\"},\"thumbnailUrl\":\"https:\/\/infoecos.com.ar\/wp-content\/uploads\/2023\/05\/Imagen-de-WhatsApp-2023-04-29-a-las-23.26.09.jpg\",\"keywords\":[\"diputado miranda y germ\u00e1n lauro\"],\"articleSection\":[\"C2 N4\"],\"inLanguage\":\"es\"},{\"@type\":\"WebPage\",\"@id\":\"https:\/\/infoecos.com.ar\/index.php\/el-concejo-deliberante-de-tres-lomas-apoya-el-proyecto-de-mecenazgo-deportivo\/\",\"url\":\"https:\/\/infoecos.com.ar\/index.php\/el-concejo-deliberante-de-tres-lomas-apoya-el-proyecto-de-mecenazgo-deportivo\/\",\"name\":\"El Concejo Deliberante de Tres Lomas apoya el proyecto de mecenazgo deportivo - Infoecos\",\"isPartOf\":{\"@id\":\"https:\/\/infoecos.com.ar\/#website\"},\"primaryImageOfPage\":{\"@id\":\"https:\/\/infoecos.com.ar\/index.php\/el-concejo-deliberante-de-tres-lomas-apoya-el-proyecto-de-mecenazgo-deportivo\/#primaryimage\"},\"image\":{\"@id\":\"https:\/\/infoecos.com.ar\/index.php\/el-concejo-deliberante-de-tres-lomas-apoya-el-proyecto-de-mecenazgo-deportivo\/#primaryimage\"},\"thumbnailUrl\":\"https:\/\/infoecos.com.ar\/wp-content\/uploads\/2023\/05\/Imagen-de-WhatsApp-2023-04-29-a-las-23.26.09.jpg\",\"datePublished\":\"2023-05-01T07:06:28+00:00\",\"dateModified\":\"2023-05-03T04:39:07+00:00\",\"breadcrumb\":{\"@id\":\"https:\/\/infoecos.com.ar\/index.php\/el-concejo-deliberante-de-tres-lomas-apoya-el-proyecto-de-mecenazgo-deportivo\/#breadcrumb\"},\"inLanguage\":\"es\",\"potentialAction\":[{\"@type\":\"ReadAction\",\"target\":[\"https:\/\/infoecos.com.ar\/index.php\/el-concejo-deliberante-de-tres-lomas-apoya-el-proyecto-de-mecenazgo-deportivo\/\"]}]},{\"@type\":\"ImageObject\",\"inLanguage\":\"es\",\"@id\":\"https:\/\/infoecos.com.ar\/index.php\/el-concejo-deliberante-de-tres-lomas-apoya-el-proyecto-de-mecenazgo-deportivo\/#primaryimage\",\"url\":\"https:\/\/infoecos.com.ar\/wp-content\/uploads\/2023\/05\/Imagen-de-WhatsApp-2023-04-29-a-las-23.26.09.jpg\",\"contentUrl\":\"https:\/\/infoecos.com.ar\/wp-content\/uploads\/2023\/05\/Imagen-de-WhatsApp-2023-04-29-a-las-23.26.09.jpg\",\"width\":1024,\"height\":637},{\"@type\":\"BreadcrumbList\",\"@id\":\"https:\/\/infoecos.com.ar\/index.php\/el-concejo-deliberante-de-tres-lomas-apoya-el-proyecto-de-mecenazgo-deportivo\/#breadcrumb\",\"itemListElement\":[{\"@type\":\"ListItem\",\"position\":1,\"name\":\"Portada\",\"item\":\"https:\/\/infoecos.com.ar\/\"},{\"@type\":\"ListItem\",\"position\":2,\"name\":\"El Concejo Deliberante de Tres Lomas apoya el proyecto de mecenazgo deportivo\"}]},{\"@type\":\"WebSite\",\"@id\":\"https:\/\/infoecos.com.ar\/#website\",\"url\":\"https:\/\/infoecos.com.ar\/\",\"name\":\"Infoecos\",\"description\":\"Noticias de trenque lauquen y la zona\",\"publisher\":{\"@id\":\"https:\/\/infoecos.com.ar\/#organization\"},\"alternateName\":\"Noticias\",\"potentialAction\":[{\"@type\":\"SearchAction\",\"target\":{\"@type\":\"EntryPoint\",\"urlTemplate\":\"https:\/\/infoecos.com.ar\/?s={search_term_string}\"},\"query-input\":{\"@type\":\"PropertyValueSpecification\",\"valueRequired\":true,\"valueName\":\"search_term_string\"}}],\"inLanguage\":\"es\"},{\"@type\":\"Organization\",\"@id\":\"https:\/\/infoecos.com.ar\/#organization\",\"name\":\"Infoecos\",\"alternateName\":\"Noticias\",\"url\":\"https:\/\/infoecos.com.ar\/\",\"logo\":{\"@type\":\"ImageObject\",\"inLanguage\":\"es\",\"@id\":\"https:\/\/infoecos.com.ar\/#\/schema\/logo\/image\/\",\"url\":\"https:\/\/infoecos.com.ar\/wp-content\/uploads\/2024\/03\/cropped-logo.png\",\"contentUrl\":\"https:\/\/infoecos.com.ar\/wp-content\/uploads\/2024\/03\/cropped-logo.png\",\"width\":374,\"height\":90,\"caption\":\"Infoecos\"},\"image\":{\"@id\":\"https:\/\/infoecos.com.ar\/#\/schema\/logo\/image\/\"},\"sameAs\":[\"https:\/\/www.facebook.com\/profile.php?id=100063200290284\",\"https:\/\/x.com\/infoecos\"]},{\"@type\":\"Person\",\"@id\":\"https:\/\/infoecos.com.ar\/#\/schema\/person\/8f5ace5ce73b4b4aac4b7245aee6f191\",\"name\":\"Jorge Matheus\",\"url\":\"https:\/\/infoecos.com.ar\/index.php\/author\/jomatheus\/\"}]}<\/script>\n<!-- \/ Yoast SEO plugin. -->","yoast_head_json":{"title":"El Concejo Deliberante de Tres Lomas apoya el proyecto de mecenazgo deportivo - Infoecos","robots":{"index":"index","follow":"follow","max-snippet":"max-snippet:-1","max-image-preview":"max-image-preview:large","max-video-preview":"max-video-preview:-1"},"canonical":"https:\/\/infoecos.com.ar\/index.php\/el-concejo-deliberante-de-tres-lomas-apoya-el-proyecto-de-mecenazgo-deportivo\/","og_locale":"es_ES","og_type":"article","og_title":"El Concejo Deliberante de Tres Lomas apoya el proyecto de mecenazgo deportivo - Infoecos","og_description":"Se busca crear un r\u00e9gimen provincial \u201cpara incentivar, estimular, facilitar y sustentar la pr\u00e1ctica deportiva amateur\u201d","og_url":"https:\/\/infoecos.com.ar\/index.php\/el-concejo-deliberante-de-tres-lomas-apoya-el-proyecto-de-mecenazgo-deportivo\/","og_site_name":"Infoecos","article_publisher":"https:\/\/www.facebook.com\/profile.php?id=100063200290284","article_published_time":"2023-05-01T07:06:28+00:00","article_modified_time":"2023-05-03T04:39:07+00:00","og_image":[{"width":1024,"height":637,"url":"https:\/\/infoecos.com.ar\/wp-content\/uploads\/2023\/05\/Imagen-de-WhatsApp-2023-04-29-a-las-23.26.09.jpg","type":"image\/jpeg"}],"author":"Jorge Matheus","twitter_card":"summary_large_image","twitter_creator":"@infoecos","twitter_site":"@infoecos","twitter_misc":{"Escrito por":"Jorge Matheus","Tiempo de lectura":"2 minutos"},"schema":{"@context":"https:\/\/schema.org","@graph":[{"@type":"Article","@id":"https:\/\/infoecos.com.ar\/index.php\/el-concejo-deliberante-de-tres-lomas-apoya-el-proyecto-de-mecenazgo-deportivo\/#article","isPartOf":{"@id":"https:\/\/infoecos.com.ar\/index.php\/el-concejo-deliberante-de-tres-lomas-apoya-el-proyecto-de-mecenazgo-deportivo\/"},"author":{"name":"Jorge Matheus","@id":"https:\/\/infoecos.com.ar\/#\/schema\/person\/8f5ace5ce73b4b4aac4b7245aee6f191"},"headline":"El Concejo Deliberante de Tres Lomas apoya el proyecto de mecenazgo deportivo","datePublished":"2023-05-01T07:06:28+00:00","dateModified":"2023-05-03T04:39:07+00:00","mainEntityOfPage":{"@id":"https:\/\/infoecos.com.ar\/index.php\/el-concejo-deliberante-de-tres-lomas-apoya-el-proyecto-de-mecenazgo-deportivo\/"},"wordCount":315,"publisher":{"@id":"https:\/\/infoecos.com.ar\/#organization"},"image":{"@id":"https:\/\/infoecos.com.ar\/index.php\/el-concejo-deliberante-de-tres-lomas-apoya-el-proyecto-de-mecenazgo-deportivo\/#primaryimage"},"thumbnailUrl":"https:\/\/infoecos.com.ar\/wp-content\/uploads\/2023\/05\/Imagen-de-WhatsApp-2023-04-29-a-las-23.26.09.jpg","keywords":["diputado miranda y germ\u00e1n lauro"],"articleSection":["C2 N4"],"inLanguage":"es"},{"@type":"WebPage","@id":"https:\/\/infoecos.com.ar\/index.php\/el-concejo-deliberante-de-tres-lomas-apoya-el-proyecto-de-mecenazgo-deportivo\/","url":"https:\/\/infoecos.com.ar\/index.php\/el-concejo-deliberante-de-tres-lomas-apoya-el-proyecto-de-mecenazgo-deportivo\/","name":"El Concejo Deliberante de Tres Lomas apoya el proyecto de mecenazgo deportivo - Infoecos","isPartOf":{"@id":"https:\/\/infoecos.com.ar\/#website"},"primaryImageOfPage":{"@id":"https:\/\/infoecos.com.ar\/index.php\/el-concejo-deliberante-de-tres-lomas-apoya-el-proyecto-de-mecenazgo-deportivo\/#primaryimage"},"image":{"@id":"https:\/\/infoecos.com.ar\/index.php\/el-concejo-deliberante-de-tres-lomas-apoya-el-proyecto-de-mecenazgo-deportivo\/#primaryimage"},"thumbnailUrl":"https:\/\/infoecos.com.ar\/wp-content\/uploads\/2023\/05\/Imagen-de-WhatsApp-2023-04-29-a-las-23.26.09.jpg","datePublished":"2023-05-01T07:06:28+00:00","dateModified":"2023-05-03T04:39:07+00:00","breadcrumb":{"@id":"https:\/\/infoecos.com.ar\/index.php\/el-concejo-deliberante-de-tres-lomas-apoya-el-proyecto-de-mecenazgo-deportivo\/#breadcrumb"},"inLanguage":"es","potentialAction":[{"@type":"ReadAction","target":["https:\/\/infoecos.com.ar\/index.php\/el-concejo-deliberante-de-tres-lomas-apoya-el-proyecto-de-mecenazgo-deportivo\/"]}]},{"@type":"ImageObject","inLanguage":"es","@id":"https:\/\/infoecos.com.ar\/index.php\/el-concejo-deliberante-de-tres-lomas-apoya-el-proyecto-de-mecenazgo-deportivo\/#primaryimage","url":"https:\/\/infoecos.com.ar\/wp-content\/uploads\/2023\/05\/Imagen-de-WhatsApp-2023-04-29-a-las-23.26.09.jpg","contentUrl":"https:\/\/infoecos.com.ar\/wp-content\/uploads\/2023\/05\/Imagen-de-WhatsApp-2023-04-29-a-las-23.26.09.jpg","width":1024,"height":637},{"@type":"BreadcrumbList","@id":"https:\/\/infoecos.com.ar\/index.php\/el-concejo-deliberante-de-tres-lomas-apoya-el-proyecto-de-mecenazgo-deportivo\/#breadcrumb","itemListElement":[{"@type":"ListItem","position":1,"name":"Portada","item":"https:\/\/infoecos.com.ar\/"},{"@type":"ListItem","position":2,"name":"El Concejo Deliberante de Tres Lomas apoya el proyecto de mecenazgo deportivo"}]},{"@type":"WebSite","@id":"https:\/\/infoecos.com.ar\/#website","url":"https:\/\/infoecos.com.ar\/","name":"Infoecos","description":"Noticias de trenque lauquen y la zona","publisher":{"@id":"https:\/\/infoecos.com.ar\/#organization"},"alternateName":"Noticias","potentialAction":[{"@type":"SearchAction","target":{"@type":"EntryPoint","urlTemplate":"https:\/\/infoecos.com.ar\/?s={search_term_string}"},"query-input":{"@type":"PropertyValueSpecification","valueRequired":true,"valueName":"search_term_string"}}],"inLanguage":"es"},{"@type":"Organization","@id":"https:\/\/infoecos.com.ar\/#organization","name":"Infoecos","alternateName":"Noticias","url":"https:\/\/infoecos.com.ar\/","logo":{"@type":"ImageObject","inLanguage":"es","@id":"https:\/\/infoecos.com.ar\/#\/schema\/logo\/image\/","url":"https:\/\/infoecos.com.ar\/wp-content\/uploads\/2024\/03\/cropped-logo.png","contentUrl":"https:\/\/infoecos.com.ar\/wp-content\/uploads\/2024\/03\/cropped-logo.png","width":374,"height":90,"caption":"Infoecos"},"image":{"@id":"https:\/\/infoecos.com.ar\/#\/schema\/logo\/image\/"},"sameAs":["https:\/\/www.facebook.com\/profile.php?id=100063200290284","https:\/\/x.com\/infoecos"]},{"@type":"Person","@id":"https:\/\/infoecos.com.ar\/#\/schema\/person\/8f5ace5ce73b4b4aac4b7245aee6f191","name":"Jorge Matheus","url":"https:\/\/infoecos.com.ar\/index.php\/author\/jomatheus\/"}]}},"featured_image_urls":{"full":["https:\/\/infoecos.com.ar\/wp-content\/uploads\/2023\/05\/Imagen-de-WhatsApp-2023-04-29-a-las-23.26.09.jpg",1024,637,false],"thumbnail":["https:\/\/infoecos.com.ar\/wp-content\/uploads\/2023\/05\/Imagen-de-WhatsApp-2023-04-29-a-las-23.26.09-300x150.jpg",300,150,true],"medium":["https:\/\/infoecos.com.ar\/wp-content\/uploads\/2023\/05\/Imagen-de-WhatsApp-2023-04-29-a-las-23.26.09-800x498.jpg",800,498,true],"medium_large":["https:\/\/infoecos.com.ar\/wp-content\/uploads\/2023\/05\/Imagen-de-WhatsApp-2023-04-29-a-las-23.26.09-768x478.jpg",640,398,true],"large":["https:\/\/infoecos.com.ar\/wp-content\/uploads\/2023\/05\/Imagen-de-WhatsApp-2023-04-29-a-las-23.26.09.jpg",640,398,false],"1536x1536":["https:\/\/infoecos.com.ar\/wp-content\/uploads\/2023\/05\/Imagen-de-WhatsApp-2023-04-29-a-las-23.26.09.jpg",1024,637,false],"2048x2048":["https:\/\/infoecos.com.ar\/wp-content\/uploads\/2023\/05\/Imagen-de-WhatsApp-2023-04-29-a-las-23.26.09.jpg",1024,637,false],"covernews-slider-full":["https:\/\/infoecos.com.ar\/wp-content\/uploads\/2023\/05\/Imagen-de-WhatsApp-2023-04-29-a-las-23.26.09.jpg",1024,637,false],"covernews-slider-center":["https:\/\/infoecos.com.ar\/wp-content\/uploads\/2023\/05\/Imagen-de-WhatsApp-2023-04-29-a-las-23.26.09-936x637.jpg",735,500,true],"covernews-featured":["https:\/\/infoecos.com.ar\/wp-content\/uploads\/2023\/05\/Imagen-de-WhatsApp-2023-04-29-a-las-23.26.09.jpg",1024,637,false],"covernews-medium":["https:\/\/infoecos.com.ar\/wp-content\/uploads\/2023\/05\/Imagen-de-WhatsApp-2023-04-29-a-las-23.26.09-720x380.jpg",540,285,true],"covernews-medium-square":["https:\/\/infoecos.com.ar\/wp-content\/uploads\/2023\/05\/Imagen-de-WhatsApp-2023-04-29-a-las-23.26.09-675x450.jpg",375,250,true]},"author_info":{"info":["Jorge Matheus"]},"category_info":"<a href=\"https:\/\/infoecos.com.ar\/index.php\/category\/c2nota4\/\" rel=\"category tag\">C2 N4<\/a>","tag_info":"C2 N4","comment_count":"0","_links":{"self":[{"href":"https:\/\/infoecos.com.ar\/index.php\/wp-json\/wp\/v2\/posts\/104482"}],"collection":[{"href":"https:\/\/infoecos.com.ar\/index.php\/wp-json\/wp\/v2\/posts"}],"about":[{"href":"https:\/\/infoecos.com.ar\/index.php\/wp-json\/wp\/v2\/types\/post"}],"author":[{"embeddable":true,"href":"https:\/\/infoecos.com.ar\/index.php\/wp-json\/wp\/v2\/users\/2"}],"replies":[{"embeddable":true,"href":"https:\/\/infoecos.com.ar\/index.php\/wp-json\/wp\/v2\/comments?post=104482"}],"version-history":[{"count":1,"href":"https:\/\/infoecos.com.ar\/index.php\/wp-json\/wp\/v2\/posts\/104482\/revisions"}],"predecessor-version":[{"id":104486,"href":"https:\/\/infoecos.com.ar\/index.php\/wp-json\/wp\/v2\/posts\/104482\/revisions\/104486"}],"wp:featuredmedia":[{"embeddable":true,"href":"https:\/\/infoecos.com.ar\/index.php\/wp-json\/wp\/v2\/media\/104484"}],"wp:attachment":[{"href":"https:\/\/infoecos.com.ar\/index.php\/wp-json\/wp\/v2\/media?parent=104482"}],"wp:term":[{"taxonomy":"category","embeddable":true,"href":"https:\/\/infoecos.com.ar\/index.php\/wp-json\/wp\/v2\/categories?post=104482"},{"taxonomy":"post_tag","embeddable":true,"href":"https:\/\/infoecos.com.ar\/index.php\/wp-json\/wp\/v2\/tags?post=104482"}],"curies":[{"name":"wp","href":"https:\/\/api.w.org\/{rel}","templated":true}]}}