{"id":104509,"date":"2023-05-02T04:25:51","date_gmt":"2023-05-02T07:25:51","guid":{"rendered":"https:\/\/infoecos.com.ar\/?p=104509"},"modified":"2023-05-02T04:25:52","modified_gmt":"2023-05-02T07:25:52","slug":"grave-accidente-de-una-gremialista-de-la-pampa-a-la-altura-de-carlos-casares","status":"publish","type":"post","link":"https:\/\/infoecos.com.ar\/index.php\/grave-accidente-de-una-gremialista-de-la-pampa-a-la-altura-de-carlos-casares\/","title":{"rendered":"Grave accidente de una gremialista de La Pampa a la altura de Carlos Casares"},"content":{"rendered":"\n<p>La secretaria general de la filial La Pampa del Sindicato de Trabajadores Pasteleros, Silvia Villaverde, protagoniz\u00f3 un grave siniestro vial en la ruta nacional 5, a la altura de Carlos Casares. Su veh\u00edculo, un Citro\u00ebn Aircross colision\u00f3 contra un cami\u00f3n con acoplado que transportaba trigo.<\/p>\n\n\n\n<figure class=\"wp-block-image alignright size-full is-resized\"><img loading=\"lazy\" decoding=\"async\" src=\"https:\/\/infoecos.com.ar\/wp-content\/uploads\/2023\/05\/image-6.png\" alt=\"\" class=\"wp-image-104510\" width=\"524\" height=\"296\" srcset=\"https:\/\/infoecos.com.ar\/wp-content\/uploads\/2023\/05\/image-6.png 1121w, https:\/\/infoecos.com.ar\/wp-content\/uploads\/2023\/05\/image-6-800x452.png 800w, https:\/\/infoecos.com.ar\/wp-content\/uploads\/2023\/05\/image-6-768x434.png 768w, https:\/\/infoecos.com.ar\/wp-content\/uploads\/2023\/05\/image-6-1024x578.png 1024w\" sizes=\"(max-width: 524px) 100vw, 524px\" \/><\/figure>\n\n\n\n<p>La secretaria general de la filial La Pampa del Sindicato de Trabajadores Pasteleros, Silvia Villaverde, protagoniz\u00f3 un grave siniestro vial en la ruta nacional 5, a la altura de Carlos Casares. Su veh\u00edculo, un Citro\u00ebn Aircross colision\u00f3 contra un cami\u00f3n con acoplado que transportaba trigo.<\/p>\n\n\n\n<p>El choque ocurri\u00f3 cerca de las 18. El reporte del sitio de noticias \u00abcasares.online\u00bb indica que el auto choc\u00f3 contra una de las ruedas del cami\u00f3n y termin\u00f3 con su parte delantera destrozada y los airbags explotados.<\/p>\n\n\n\n<p>El transporte finaliz\u00f3 su recorrido a unos 100 metros del auto, con el acoplado volcado sobre la ruta y el cami\u00f3n -que no volc\u00f3- en la banquina. Producto de la colisi\u00f3n, el trigo que estaba en el acoplado termin\u00f3 esparcido sobre la ruta.<\/p>\n\n\n\n<figure class=\"wp-block-image alignright size-full is-resized\"><img loading=\"lazy\" decoding=\"async\" src=\"https:\/\/infoecos.com.ar\/wp-content\/uploads\/2023\/05\/image-7.png\" alt=\"\" class=\"wp-image-104511\" width=\"521\" height=\"293\" srcset=\"https:\/\/infoecos.com.ar\/wp-content\/uploads\/2023\/05\/image-7.png 777w, https:\/\/infoecos.com.ar\/wp-content\/uploads\/2023\/05\/image-7-768x432.png 768w\" sizes=\"(max-width: 521px) 100vw, 521px\" \/><\/figure>\n\n\n\n<p>La dirigente gremial fue atendida en forma inmediata por otros automovilistas que detuvieron su marcha al ver el choque. Luego, lleg\u00f3 una ambulancia que la traslad\u00f3 hasta el hospital de Carlos Casares donde fue atendida. Testigos citados por \u00abcasares.online\u00bb aseguraron que Villaverde estaba consciente cuando fue subida en la ambulancia. <\/p>\n\n\n\n<p>El choque ocurri\u00f3 cerca de las 18. El reporte del sitio de noticias \u00abcasares.online\u00bb indica que el auto choc\u00f3 contra una de las ruedas del cami\u00f3n y termin\u00f3 con su parte delantera destrozada y los airbags explotados.<\/p>\n\n\n\n<p>El transporte finaliz\u00f3 su recorrido a unos 100 metros del auto, con el acoplado volcado sobre la ruta y el cami\u00f3n -que no volc\u00f3- en la banquina. Producto de la colisi\u00f3n, el trigo que estaba en el acoplado termin\u00f3 esparcido sobre la ruta.<\/p>\n\n\n\n<p>La dirigente gremial fue atendida en forma inmediata por otros automovilistas que detuvieron su marcha al ver el choque. Luego, lleg\u00f3 una ambulancia que la traslad\u00f3 hasta el hospital de Carlos Casares donde fue atendida. Testigos citados por \u00abcasares.online\u00bb aseguraron que Villaverde estaba consciente cuando fue subida en la ambulancia. Allegados a la titular del gremio de pasteleros indicaron a este diario que la dirigente sufri\u00f3 heridas leves.<\/p>\n\n\n\n<p><strong>Fuentes: laarena.com.ar y casaresonline.com.ar<\/strong><\/p>\n","protected":false},"excerpt":{"rendered":"<p>La secretaria general de la filial La Pampa del Sindicato de Trabajadores Pasteleros, Silvia Villaverde,&#8230;<\/p>\n","protected":false},"author":2,"featured_media":104510,"comment_status":"closed","ping_status":"open","sticky":false,"template":"","format":"standard","meta":{"footnotes":""},"categories":[197],"tags":[7827],"class_list":["post-104509","post","type-post","status-publish","format-standard","has-post-thumbnail","hentry","category-c3nota4","tag-ruta-5"],"yoast_head":"<!-- This site is optimized with the Yoast SEO plugin v23.4 - https:\/\/yoast.com\/wordpress\/plugins\/seo\/ -->\n<title>Grave accidente de una gremialista de La Pampa a la altura de Carlos Casares - Infoecos<\/title>\n<meta name=\"robots\" content=\"index, follow, max-snippet:-1, max-image-preview:large, max-video-preview:-1\" \/>\n<link rel=\"canonical\" href=\"https:\/\/infoecos.com.ar\/index.php\/grave-accidente-de-una-gremialista-de-la-pampa-a-la-altura-de-carlos-casares\/\" \/>\n<meta property=\"og:locale\" content=\"es_ES\" \/>\n<meta property=\"og:type\" content=\"article\" \/>\n<meta property=\"og:title\" content=\"Grave accidente de una gremialista de La Pampa a la altura de Carlos Casares - Infoecos\" \/>\n<meta property=\"og:description\" content=\"La secretaria general de la filial La Pampa del Sindicato de Trabajadores Pasteleros, Silvia Villaverde,...\" \/>\n<meta property=\"og:url\" content=\"https:\/\/infoecos.com.ar\/index.php\/grave-accidente-de-una-gremialista-de-la-pampa-a-la-altura-de-carlos-casares\/\" \/>\n<meta property=\"og:site_name\" content=\"Infoecos\" \/>\n<meta property=\"article:publisher\" content=\"https:\/\/www.facebook.com\/profile.php?id=100063200290284\" \/>\n<meta property=\"article:published_time\" content=\"2023-05-02T07:25:51+00:00\" \/>\n<meta property=\"article:modified_time\" content=\"2023-05-02T07:25:52+00:00\" \/>\n<meta property=\"og:image\" content=\"https:\/\/infoecos.com.ar\/wp-content\/uploads\/2023\/05\/image-6.png\" \/>\n\t<meta property=\"og:image:width\" content=\"1121\" \/>\n\t<meta property=\"og:image:height\" content=\"633\" \/>\n\t<meta property=\"og:image:type\" content=\"image\/png\" \/>\n<meta name=\"author\" content=\"Jorge Matheus\" \/>\n<meta name=\"twitter:card\" content=\"summary_large_image\" \/>\n<meta name=\"twitter:creator\" content=\"@infoecos\" \/>\n<meta name=\"twitter:site\" content=\"@infoecos\" \/>\n<meta name=\"twitter:label1\" content=\"Escrito por\" \/>\n\t<meta name=\"twitter:data1\" content=\"Jorge Matheus\" \/>\n\t<meta name=\"twitter:label2\" content=\"Tiempo de lectura\" \/>\n\t<meta name=\"twitter:data2\" content=\"3 minutos\" \/>\n<script type=\"application\/ld+json\" class=\"yoast-schema-graph\">{\"@context\":\"https:\/\/schema.org\",\"@graph\":[{\"@type\":\"Article\",\"@id\":\"https:\/\/infoecos.com.ar\/index.php\/grave-accidente-de-una-gremialista-de-la-pampa-a-la-altura-de-carlos-casares\/#article\",\"isPartOf\":{\"@id\":\"https:\/\/infoecos.com.ar\/index.php\/grave-accidente-de-una-gremialista-de-la-pampa-a-la-altura-de-carlos-casares\/\"},\"author\":{\"name\":\"Jorge Matheus\",\"@id\":\"https:\/\/infoecos.com.ar\/#\/schema\/person\/8f5ace5ce73b4b4aac4b7245aee6f191\"},\"headline\":\"Grave accidente de una gremialista de La Pampa a la altura de Carlos Casares\",\"datePublished\":\"2023-05-02T07:25:51+00:00\",\"dateModified\":\"2023-05-02T07:25:52+00:00\",\"mainEntityOfPage\":{\"@id\":\"https:\/\/infoecos.com.ar\/index.php\/grave-accidente-de-una-gremialista-de-la-pampa-a-la-altura-de-carlos-casares\/\"},\"wordCount\":402,\"publisher\":{\"@id\":\"https:\/\/infoecos.com.ar\/#organization\"},\"image\":{\"@id\":\"https:\/\/infoecos.com.ar\/index.php\/grave-accidente-de-una-gremialista-de-la-pampa-a-la-altura-de-carlos-casares\/#primaryimage\"},\"thumbnailUrl\":\"https:\/\/infoecos.com.ar\/wp-content\/uploads\/2023\/05\/image-6.png\",\"keywords\":[\"RUTA 5\"],\"articleSection\":[\"C3 N4\"],\"inLanguage\":\"es\"},{\"@type\":\"WebPage\",\"@id\":\"https:\/\/infoecos.com.ar\/index.php\/grave-accidente-de-una-gremialista-de-la-pampa-a-la-altura-de-carlos-casares\/\",\"url\":\"https:\/\/infoecos.com.ar\/index.php\/grave-accidente-de-una-gremialista-de-la-pampa-a-la-altura-de-carlos-casares\/\",\"name\":\"Grave accidente de una gremialista de La Pampa a la altura de Carlos Casares - Infoecos\",\"isPartOf\":{\"@id\":\"https:\/\/infoecos.com.ar\/#website\"},\"primaryImageOfPage\":{\"@id\":\"https:\/\/infoecos.com.ar\/index.php\/grave-accidente-de-una-gremialista-de-la-pampa-a-la-altura-de-carlos-casares\/#primaryimage\"},\"image\":{\"@id\":\"https:\/\/infoecos.com.ar\/index.php\/grave-accidente-de-una-gremialista-de-la-pampa-a-la-altura-de-carlos-casares\/#primaryimage\"},\"thumbnailUrl\":\"https:\/\/infoecos.com.ar\/wp-content\/uploads\/2023\/05\/image-6.png\",\"datePublished\":\"2023-05-02T07:25:51+00:00\",\"dateModified\":\"2023-05-02T07:25:52+00:00\",\"breadcrumb\":{\"@id\":\"https:\/\/infoecos.com.ar\/index.php\/grave-accidente-de-una-gremialista-de-la-pampa-a-la-altura-de-carlos-casares\/#breadcrumb\"},\"inLanguage\":\"es\",\"potentialAction\":[{\"@type\":\"ReadAction\",\"target\":[\"https:\/\/infoecos.com.ar\/index.php\/grave-accidente-de-una-gremialista-de-la-pampa-a-la-altura-de-carlos-casares\/\"]}]},{\"@type\":\"ImageObject\",\"inLanguage\":\"es\",\"@id\":\"https:\/\/infoecos.com.ar\/index.php\/grave-accidente-de-una-gremialista-de-la-pampa-a-la-altura-de-carlos-casares\/#primaryimage\",\"url\":\"https:\/\/infoecos.com.ar\/wp-content\/uploads\/2023\/05\/image-6.png\",\"contentUrl\":\"https:\/\/infoecos.com.ar\/wp-content\/uploads\/2023\/05\/image-6.png\",\"width\":1121,\"height\":633},{\"@type\":\"BreadcrumbList\",\"@id\":\"https:\/\/infoecos.com.ar\/index.php\/grave-accidente-de-una-gremialista-de-la-pampa-a-la-altura-de-carlos-casares\/#breadcrumb\",\"itemListElement\":[{\"@type\":\"ListItem\",\"position\":1,\"name\":\"Portada\",\"item\":\"https:\/\/infoecos.com.ar\/\"},{\"@type\":\"ListItem\",\"position\":2,\"name\":\"Grave accidente de una gremialista de La Pampa a la altura de Carlos Casares\"}]},{\"@type\":\"WebSite\",\"@id\":\"https:\/\/infoecos.com.ar\/#website\",\"url\":\"https:\/\/infoecos.com.ar\/\",\"name\":\"Infoecos\",\"description\":\"Noticias de trenque lauquen y la zona\",\"publisher\":{\"@id\":\"https:\/\/infoecos.com.ar\/#organization\"},\"alternateName\":\"Noticias\",\"potentialAction\":[{\"@type\":\"SearchAction\",\"target\":{\"@type\":\"EntryPoint\",\"urlTemplate\":\"https:\/\/infoecos.com.ar\/?s={search_term_string}\"},\"query-input\":{\"@type\":\"PropertyValueSpecification\",\"valueRequired\":true,\"valueName\":\"search_term_string\"}}],\"inLanguage\":\"es\"},{\"@type\":\"Organization\",\"@id\":\"https:\/\/infoecos.com.ar\/#organization\",\"name\":\"Infoecos\",\"alternateName\":\"Noticias\",\"url\":\"https:\/\/infoecos.com.ar\/\",\"logo\":{\"@type\":\"ImageObject\",\"inLanguage\":\"es\",\"@id\":\"https:\/\/infoecos.com.ar\/#\/schema\/logo\/image\/\",\"url\":\"https:\/\/infoecos.com.ar\/wp-content\/uploads\/2024\/03\/cropped-logo.png\",\"contentUrl\":\"https:\/\/infoecos.com.ar\/wp-content\/uploads\/2024\/03\/cropped-logo.png\",\"width\":374,\"height\":90,\"caption\":\"Infoecos\"},\"image\":{\"@id\":\"https:\/\/infoecos.com.ar\/#\/schema\/logo\/image\/\"},\"sameAs\":[\"https:\/\/www.facebook.com\/profile.php?id=100063200290284\",\"https:\/\/x.com\/infoecos\"]},{\"@type\":\"Person\",\"@id\":\"https:\/\/infoecos.com.ar\/#\/schema\/person\/8f5ace5ce73b4b4aac4b7245aee6f191\",\"name\":\"Jorge Matheus\",\"url\":\"https:\/\/infoecos.com.ar\/index.php\/author\/jomatheus\/\"}]}<\/script>\n<!-- \/ Yoast SEO plugin. -->","yoast_head_json":{"title":"Grave accidente de una gremialista de La Pampa a la altura de Carlos Casares - Infoecos","robots":{"index":"index","follow":"follow","max-snippet":"max-snippet:-1","max-image-preview":"max-image-preview:large","max-video-preview":"max-video-preview:-1"},"canonical":"https:\/\/infoecos.com.ar\/index.php\/grave-accidente-de-una-gremialista-de-la-pampa-a-la-altura-de-carlos-casares\/","og_locale":"es_ES","og_type":"article","og_title":"Grave accidente de una gremialista de La Pampa a la altura de Carlos Casares - Infoecos","og_description":"La secretaria general de la filial La Pampa del Sindicato de Trabajadores Pasteleros, Silvia Villaverde,...","og_url":"https:\/\/infoecos.com.ar\/index.php\/grave-accidente-de-una-gremialista-de-la-pampa-a-la-altura-de-carlos-casares\/","og_site_name":"Infoecos","article_publisher":"https:\/\/www.facebook.com\/profile.php?id=100063200290284","article_published_time":"2023-05-02T07:25:51+00:00","article_modified_time":"2023-05-02T07:25:52+00:00","og_image":[{"width":1121,"height":633,"url":"https:\/\/infoecos.com.ar\/wp-content\/uploads\/2023\/05\/image-6.png","type":"image\/png"}],"author":"Jorge Matheus","twitter_card":"summary_large_image","twitter_creator":"@infoecos","twitter_site":"@infoecos","twitter_misc":{"Escrito por":"Jorge Matheus","Tiempo de lectura":"3 minutos"},"schema":{"@context":"https:\/\/schema.org","@graph":[{"@type":"Article","@id":"https:\/\/infoecos.com.ar\/index.php\/grave-accidente-de-una-gremialista-de-la-pampa-a-la-altura-de-carlos-casares\/#article","isPartOf":{"@id":"https:\/\/infoecos.com.ar\/index.php\/grave-accidente-de-una-gremialista-de-la-pampa-a-la-altura-de-carlos-casares\/"},"author":{"name":"Jorge Matheus","@id":"https:\/\/infoecos.com.ar\/#\/schema\/person\/8f5ace5ce73b4b4aac4b7245aee6f191"},"headline":"Grave accidente de una gremialista de La Pampa a la altura de Carlos Casares","datePublished":"2023-05-02T07:25:51+00:00","dateModified":"2023-05-02T07:25:52+00:00","mainEntityOfPage":{"@id":"https:\/\/infoecos.com.ar\/index.php\/grave-accidente-de-una-gremialista-de-la-pampa-a-la-altura-de-carlos-casares\/"},"wordCount":402,"publisher":{"@id":"https:\/\/infoecos.com.ar\/#organization"},"image":{"@id":"https:\/\/infoecos.com.ar\/index.php\/grave-accidente-de-una-gremialista-de-la-pampa-a-la-altura-de-carlos-casares\/#primaryimage"},"thumbnailUrl":"https:\/\/infoecos.com.ar\/wp-content\/uploads\/2023\/05\/image-6.png","keywords":["RUTA 5"],"articleSection":["C3 N4"],"inLanguage":"es"},{"@type":"WebPage","@id":"https:\/\/infoecos.com.ar\/index.php\/grave-accidente-de-una-gremialista-de-la-pampa-a-la-altura-de-carlos-casares\/","url":"https:\/\/infoecos.com.ar\/index.php\/grave-accidente-de-una-gremialista-de-la-pampa-a-la-altura-de-carlos-casares\/","name":"Grave accidente de una gremialista de La Pampa a la altura de Carlos Casares - Infoecos","isPartOf":{"@id":"https:\/\/infoecos.com.ar\/#website"},"primaryImageOfPage":{"@id":"https:\/\/infoecos.com.ar\/index.php\/grave-accidente-de-una-gremialista-de-la-pampa-a-la-altura-de-carlos-casares\/#primaryimage"},"image":{"@id":"https:\/\/infoecos.com.ar\/index.php\/grave-accidente-de-una-gremialista-de-la-pampa-a-la-altura-de-carlos-casares\/#primaryimage"},"thumbnailUrl":"https:\/\/infoecos.com.ar\/wp-content\/uploads\/2023\/05\/image-6.png","datePublished":"2023-05-02T07:25:51+00:00","dateModified":"2023-05-02T07:25:52+00:00","breadcrumb":{"@id":"https:\/\/infoecos.com.ar\/index.php\/grave-accidente-de-una-gremialista-de-la-pampa-a-la-altura-de-carlos-casares\/#breadcrumb"},"inLanguage":"es","potentialAction":[{"@type":"ReadAction","target":["https:\/\/infoecos.com.ar\/index.php\/grave-accidente-de-una-gremialista-de-la-pampa-a-la-altura-de-carlos-casares\/"]}]},{"@type":"ImageObject","inLanguage":"es","@id":"https:\/\/infoecos.com.ar\/index.php\/grave-accidente-de-una-gremialista-de-la-pampa-a-la-altura-de-carlos-casares\/#primaryimage","url":"https:\/\/infoecos.com.ar\/wp-content\/uploads\/2023\/05\/image-6.png","contentUrl":"https:\/\/infoecos.com.ar\/wp-content\/uploads\/2023\/05\/image-6.png","width":1121,"height":633},{"@type":"BreadcrumbList","@id":"https:\/\/infoecos.com.ar\/index.php\/grave-accidente-de-una-gremialista-de-la-pampa-a-la-altura-de-carlos-casares\/#breadcrumb","itemListElement":[{"@type":"ListItem","position":1,"name":"Portada","item":"https:\/\/infoecos.com.ar\/"},{"@type":"ListItem","position":2,"name":"Grave accidente de una gremialista de La Pampa a la altura de Carlos Casares"}]},{"@type":"WebSite","@id":"https:\/\/infoecos.com.ar\/#website","url":"https:\/\/infoecos.com.ar\/","name":"Infoecos","description":"Noticias de trenque lauquen y la zona","publisher":{"@id":"https:\/\/infoecos.com.ar\/#organization"},"alternateName":"Noticias","potentialAction":[{"@type":"SearchAction","target":{"@type":"EntryPoint","urlTemplate":"https:\/\/infoecos.com.ar\/?s={search_term_string}"},"query-input":{"@type":"PropertyValueSpecification","valueRequired":true,"valueName":"search_term_string"}}],"inLanguage":"es"},{"@type":"Organization","@id":"https:\/\/infoecos.com.ar\/#organization","name":"Infoecos","alternateName":"Noticias","url":"https:\/\/infoecos.com.ar\/","logo":{"@type":"ImageObject","inLanguage":"es","@id":"https:\/\/infoecos.com.ar\/#\/schema\/logo\/image\/","url":"https:\/\/infoecos.com.ar\/wp-content\/uploads\/2024\/03\/cropped-logo.png","contentUrl":"https:\/\/infoecos.com.ar\/wp-content\/uploads\/2024\/03\/cropped-logo.png","width":374,"height":90,"caption":"Infoecos"},"image":{"@id":"https:\/\/infoecos.com.ar\/#\/schema\/logo\/image\/"},"sameAs":["https:\/\/www.facebook.com\/profile.php?id=100063200290284","https:\/\/x.com\/infoecos"]},{"@type":"Person","@id":"https:\/\/infoecos.com.ar\/#\/schema\/person\/8f5ace5ce73b4b4aac4b7245aee6f191","name":"Jorge Matheus","url":"https:\/\/infoecos.com.ar\/index.php\/author\/jomatheus\/"}]}},"featured_image_urls":{"full":["https:\/\/infoecos.com.ar\/wp-content\/uploads\/2023\/05\/image-6.png",1121,633,false],"thumbnail":["https:\/\/infoecos.com.ar\/wp-content\/uploads\/2023\/05\/image-6-300x150.png",300,150,true],"medium":["https:\/\/infoecos.com.ar\/wp-content\/uploads\/2023\/05\/image-6-800x452.png",800,452,true],"medium_large":["https:\/\/infoecos.com.ar\/wp-content\/uploads\/2023\/05\/image-6-768x434.png",640,362,true],"large":["https:\/\/infoecos.com.ar\/wp-content\/uploads\/2023\/05\/image-6.png",640,361,false],"1536x1536":["https:\/\/infoecos.com.ar\/wp-content\/uploads\/2023\/05\/image-6.png",1121,633,false],"2048x2048":["https:\/\/infoecos.com.ar\/wp-content\/uploads\/2023\/05\/image-6.png",1121,633,false],"covernews-slider-full":["https:\/\/infoecos.com.ar\/wp-content\/uploads\/2023\/05\/image-6.png",1115,630,false],"covernews-slider-center":["https:\/\/infoecos.com.ar\/wp-content\/uploads\/2023\/05\/image-6-936x633.png",739,500,true],"covernews-featured":["https:\/\/infoecos.com.ar\/wp-content\/uploads\/2023\/05\/image-6-1024x578.png",1024,578,true],"covernews-medium":["https:\/\/infoecos.com.ar\/wp-content\/uploads\/2023\/05\/image-6-720x380.png",540,285,true],"covernews-medium-square":["https:\/\/infoecos.com.ar\/wp-content\/uploads\/2023\/05\/image-6-675x450.png",375,250,true]},"author_info":{"info":["Jorge Matheus"]},"category_info":"<a href=\"https:\/\/infoecos.com.ar\/index.php\/category\/c3nota4\/\" rel=\"category tag\">C3 N4<\/a>","tag_info":"C3 N4","comment_count":"0","_links":{"self":[{"href":"https:\/\/infoecos.com.ar\/index.php\/wp-json\/wp\/v2\/posts\/104509"}],"collection":[{"href":"https:\/\/infoecos.com.ar\/index.php\/wp-json\/wp\/v2\/posts"}],"about":[{"href":"https:\/\/infoecos.com.ar\/index.php\/wp-json\/wp\/v2\/types\/post"}],"author":[{"embeddable":true,"href":"https:\/\/infoecos.com.ar\/index.php\/wp-json\/wp\/v2\/users\/2"}],"replies":[{"embeddable":true,"href":"https:\/\/infoecos.com.ar\/index.php\/wp-json\/wp\/v2\/comments?post=104509"}],"version-history":[{"count":1,"href":"https:\/\/infoecos.com.ar\/index.php\/wp-json\/wp\/v2\/posts\/104509\/revisions"}],"predecessor-version":[{"id":104512,"href":"https:\/\/infoecos.com.ar\/index.php\/wp-json\/wp\/v2\/posts\/104509\/revisions\/104512"}],"wp:featuredmedia":[{"embeddable":true,"href":"https:\/\/infoecos.com.ar\/index.php\/wp-json\/wp\/v2\/media\/104510"}],"wp:attachment":[{"href":"https:\/\/infoecos.com.ar\/index.php\/wp-json\/wp\/v2\/media?parent=104509"}],"wp:term":[{"taxonomy":"category","embeddable":true,"href":"https:\/\/infoecos.com.ar\/index.php\/wp-json\/wp\/v2\/categories?post=104509"},{"taxonomy":"post_tag","embeddable":true,"href":"https:\/\/infoecos.com.ar\/index.php\/wp-json\/wp\/v2\/tags?post=104509"}],"curies":[{"name":"wp","href":"https:\/\/api.w.org\/{rel}","templated":true}]}}