{"id":104518,"date":"2023-05-02T12:48:53","date_gmt":"2023-05-02T15:48:53","guid":{"rendered":"https:\/\/infoecos.com.ar\/?p=104518"},"modified":"2023-05-03T00:40:21","modified_gmt":"2023-05-03T03:40:21","slug":"una-medida-a-imitar-prohiben-el-uso-de-celulares-en-todos-los-cursos","status":"publish","type":"post","link":"https:\/\/infoecos.com.ar\/index.php\/una-medida-a-imitar-prohiben-el-uso-de-celulares-en-todos-los-cursos\/","title":{"rendered":"Una medida a imitar: proh\u00edben el uso de celulares en todos los cursos"},"content":{"rendered":"\n<p>El Wenlock School, un colegio ubicado en la comuna de Las Condes, sector oriente de la capital de Santiago de Chile, decidi\u00f3 prohibir el uso de celulares para todos sus cursos, excepto cuando se necesiten con fines pedag\u00f3gicos.<\/p>\n\n\n\n<figure class=\"wp-block-image alignright size-full is-resized\"><img loading=\"lazy\" decoding=\"async\" src=\"https:\/\/infoecos.com.ar\/wp-content\/uploads\/celulares.jpg\" alt=\"\" class=\"wp-image-16053\" width=\"278\" height=\"216\"\/><figcaption class=\"wp-element-caption\">Tel\u00e9fonos Celulares<\/figcaption><\/figure>\n\n\n\n<p>Desde s\u00e9ptimo b\u00e1sico, los estudiantes ya no podr\u00e1n llevar sus tel\u00e9fonos al establecimiento educacional y quienes a\u00fan lo lleven deber\u00e1n entregarlos a su profesor jefe al comienzo de la jornada escolar. Estos se mantendr\u00e1n dentro de una caja hasta el final del d\u00eda y solo se les permitir\u00e1 su uso en caso de ser requeridos en las clases.<\/p>\n\n\n\n<p>Carolina P\u00e9rez Stephens, educadora de p\u00e1rvulos y m\u00e1ster en educaci\u00f3n de la Universidad de Harvard, afirm\u00f3 a LUN que esta medida logr\u00f3 que \u00ablos ni\u00f1os de s\u00e9ptimo b\u00e1sico hacia arriba, que antes pasaban pegados a sus celulares durante los recreos, ahora vuelvan a jugar y conversar como ni\u00f1os\u00bb.<\/p>\n\n\n\n<p>La experta sostuvo que \u00abtenemos ni\u00f1os adictos (a los smartphones) y muchos pap\u00e1s y profesores que tiraron la toalla\u00bb.<\/p>\n","protected":false},"excerpt":{"rendered":"<p>Desde s\u00e9ptimo b\u00e1sico, los estudiantes ya no podr\u00e1n llevar sus tel\u00e9fonos al establecimiento educacional y quienes a\u00fan lo lleven deber\u00e1n entregarlos a su profesor jefe al comienzo de la jornada escolar<\/p>\n","protected":false},"author":2,"featured_media":16053,"comment_status":"closed","ping_status":"open","sticky":false,"template":"","format":"standard","meta":{"footnotes":""},"categories":[25],"tags":[7828],"class_list":["post-104518","post","type-post","status-publish","format-standard","has-post-thumbnail","hentry","category-c3nota1","tag-en-colegio-chileno"],"yoast_head":"<!-- This site is optimized with the Yoast SEO plugin v23.4 - https:\/\/yoast.com\/wordpress\/plugins\/seo\/ -->\n<title>Una medida a imitar: proh\u00edben el uso de celulares en todos los cursos - Infoecos<\/title>\n<meta name=\"robots\" content=\"index, follow, max-snippet:-1, max-image-preview:large, max-video-preview:-1\" \/>\n<link rel=\"canonical\" href=\"https:\/\/infoecos.com.ar\/index.php\/una-medida-a-imitar-prohiben-el-uso-de-celulares-en-todos-los-cursos\/\" \/>\n<meta property=\"og:locale\" content=\"es_ES\" \/>\n<meta property=\"og:type\" content=\"article\" \/>\n<meta property=\"og:title\" content=\"Una medida a imitar: proh\u00edben el uso de celulares en todos los cursos - Infoecos\" \/>\n<meta property=\"og:description\" content=\"Desde s\u00e9ptimo b\u00e1sico, los estudiantes ya no podr\u00e1n llevar sus tel\u00e9fonos al establecimiento educacional y quienes a\u00fan lo lleven deber\u00e1n entregarlos a su profesor jefe al comienzo de la jornada escolar\" \/>\n<meta property=\"og:url\" content=\"https:\/\/infoecos.com.ar\/index.php\/una-medida-a-imitar-prohiben-el-uso-de-celulares-en-todos-los-cursos\/\" \/>\n<meta property=\"og:site_name\" content=\"Infoecos\" \/>\n<meta property=\"article:publisher\" content=\"https:\/\/www.facebook.com\/profile.php?id=100063200290284\" \/>\n<meta property=\"article:published_time\" content=\"2023-05-02T15:48:53+00:00\" \/>\n<meta property=\"article:modified_time\" content=\"2023-05-03T03:40:21+00:00\" \/>\n<meta property=\"og:image\" content=\"https:\/\/infoecos.com.ar\/wp-content\/uploads\/celulares.jpg\" \/>\n\t<meta property=\"og:image:width\" content=\"255\" \/>\n\t<meta property=\"og:image:height\" content=\"198\" \/>\n\t<meta property=\"og:image:type\" content=\"image\/jpeg\" \/>\n<meta name=\"author\" content=\"Jorge Matheus\" \/>\n<meta name=\"twitter:card\" content=\"summary_large_image\" \/>\n<meta name=\"twitter:creator\" content=\"@infoecos\" \/>\n<meta name=\"twitter:site\" content=\"@infoecos\" \/>\n<meta name=\"twitter:label1\" content=\"Escrito por\" \/>\n\t<meta name=\"twitter:data1\" content=\"Jorge Matheus\" \/>\n\t<meta name=\"twitter:label2\" content=\"Tiempo de lectura\" \/>\n\t<meta name=\"twitter:data2\" content=\"1 minuto\" \/>\n<script type=\"application\/ld+json\" class=\"yoast-schema-graph\">{\"@context\":\"https:\/\/schema.org\",\"@graph\":[{\"@type\":\"Article\",\"@id\":\"https:\/\/infoecos.com.ar\/index.php\/una-medida-a-imitar-prohiben-el-uso-de-celulares-en-todos-los-cursos\/#article\",\"isPartOf\":{\"@id\":\"https:\/\/infoecos.com.ar\/index.php\/una-medida-a-imitar-prohiben-el-uso-de-celulares-en-todos-los-cursos\/\"},\"author\":{\"name\":\"Jorge Matheus\",\"@id\":\"https:\/\/infoecos.com.ar\/#\/schema\/person\/8f5ace5ce73b4b4aac4b7245aee6f191\"},\"headline\":\"Una medida a imitar: proh\u00edben el uso de celulares en todos los cursos\",\"datePublished\":\"2023-05-02T15:48:53+00:00\",\"dateModified\":\"2023-05-03T03:40:21+00:00\",\"mainEntityOfPage\":{\"@id\":\"https:\/\/infoecos.com.ar\/index.php\/una-medida-a-imitar-prohiben-el-uso-de-celulares-en-todos-los-cursos\/\"},\"wordCount\":199,\"publisher\":{\"@id\":\"https:\/\/infoecos.com.ar\/#organization\"},\"image\":{\"@id\":\"https:\/\/infoecos.com.ar\/index.php\/una-medida-a-imitar-prohiben-el-uso-de-celulares-en-todos-los-cursos\/#primaryimage\"},\"thumbnailUrl\":\"\",\"keywords\":[\"EN COLEGIO CHILENO\"],\"articleSection\":[\"C3 N1\"],\"inLanguage\":\"es\"},{\"@type\":\"WebPage\",\"@id\":\"https:\/\/infoecos.com.ar\/index.php\/una-medida-a-imitar-prohiben-el-uso-de-celulares-en-todos-los-cursos\/\",\"url\":\"https:\/\/infoecos.com.ar\/index.php\/una-medida-a-imitar-prohiben-el-uso-de-celulares-en-todos-los-cursos\/\",\"name\":\"Una medida a imitar: proh\u00edben el uso de celulares en todos los cursos - Infoecos\",\"isPartOf\":{\"@id\":\"https:\/\/infoecos.com.ar\/#website\"},\"primaryImageOfPage\":{\"@id\":\"https:\/\/infoecos.com.ar\/index.php\/una-medida-a-imitar-prohiben-el-uso-de-celulares-en-todos-los-cursos\/#primaryimage\"},\"image\":{\"@id\":\"https:\/\/infoecos.com.ar\/index.php\/una-medida-a-imitar-prohiben-el-uso-de-celulares-en-todos-los-cursos\/#primaryimage\"},\"thumbnailUrl\":\"\",\"datePublished\":\"2023-05-02T15:48:53+00:00\",\"dateModified\":\"2023-05-03T03:40:21+00:00\",\"breadcrumb\":{\"@id\":\"https:\/\/infoecos.com.ar\/index.php\/una-medida-a-imitar-prohiben-el-uso-de-celulares-en-todos-los-cursos\/#breadcrumb\"},\"inLanguage\":\"es\",\"potentialAction\":[{\"@type\":\"ReadAction\",\"target\":[\"https:\/\/infoecos.com.ar\/index.php\/una-medida-a-imitar-prohiben-el-uso-de-celulares-en-todos-los-cursos\/\"]}]},{\"@type\":\"ImageObject\",\"inLanguage\":\"es\",\"@id\":\"https:\/\/infoecos.com.ar\/index.php\/una-medida-a-imitar-prohiben-el-uso-de-celulares-en-todos-los-cursos\/#primaryimage\",\"url\":\"\",\"contentUrl\":\"\"},{\"@type\":\"BreadcrumbList\",\"@id\":\"https:\/\/infoecos.com.ar\/index.php\/una-medida-a-imitar-prohiben-el-uso-de-celulares-en-todos-los-cursos\/#breadcrumb\",\"itemListElement\":[{\"@type\":\"ListItem\",\"position\":1,\"name\":\"Portada\",\"item\":\"https:\/\/infoecos.com.ar\/\"},{\"@type\":\"ListItem\",\"position\":2,\"name\":\"Una medida a imitar: proh\u00edben el uso de celulares en todos los cursos\"}]},{\"@type\":\"WebSite\",\"@id\":\"https:\/\/infoecos.com.ar\/#website\",\"url\":\"https:\/\/infoecos.com.ar\/\",\"name\":\"Infoecos\",\"description\":\"Noticias de trenque lauquen y la zona\",\"publisher\":{\"@id\":\"https:\/\/infoecos.com.ar\/#organization\"},\"alternateName\":\"Noticias\",\"potentialAction\":[{\"@type\":\"SearchAction\",\"target\":{\"@type\":\"EntryPoint\",\"urlTemplate\":\"https:\/\/infoecos.com.ar\/?s={search_term_string}\"},\"query-input\":{\"@type\":\"PropertyValueSpecification\",\"valueRequired\":true,\"valueName\":\"search_term_string\"}}],\"inLanguage\":\"es\"},{\"@type\":\"Organization\",\"@id\":\"https:\/\/infoecos.com.ar\/#organization\",\"name\":\"Infoecos\",\"alternateName\":\"Noticias\",\"url\":\"https:\/\/infoecos.com.ar\/\",\"logo\":{\"@type\":\"ImageObject\",\"inLanguage\":\"es\",\"@id\":\"https:\/\/infoecos.com.ar\/#\/schema\/logo\/image\/\",\"url\":\"https:\/\/infoecos.com.ar\/wp-content\/uploads\/2024\/03\/cropped-logo.png\",\"contentUrl\":\"https:\/\/infoecos.com.ar\/wp-content\/uploads\/2024\/03\/cropped-logo.png\",\"width\":374,\"height\":90,\"caption\":\"Infoecos\"},\"image\":{\"@id\":\"https:\/\/infoecos.com.ar\/#\/schema\/logo\/image\/\"},\"sameAs\":[\"https:\/\/www.facebook.com\/profile.php?id=100063200290284\",\"https:\/\/x.com\/infoecos\"]},{\"@type\":\"Person\",\"@id\":\"https:\/\/infoecos.com.ar\/#\/schema\/person\/8f5ace5ce73b4b4aac4b7245aee6f191\",\"name\":\"Jorge Matheus\",\"url\":\"https:\/\/infoecos.com.ar\/index.php\/author\/jomatheus\/\"}]}<\/script>\n<!-- \/ Yoast SEO plugin. -->","yoast_head_json":{"title":"Una medida a imitar: proh\u00edben el uso de celulares en todos los cursos - Infoecos","robots":{"index":"index","follow":"follow","max-snippet":"max-snippet:-1","max-image-preview":"max-image-preview:large","max-video-preview":"max-video-preview:-1"},"canonical":"https:\/\/infoecos.com.ar\/index.php\/una-medida-a-imitar-prohiben-el-uso-de-celulares-en-todos-los-cursos\/","og_locale":"es_ES","og_type":"article","og_title":"Una medida a imitar: proh\u00edben el uso de celulares en todos los cursos - Infoecos","og_description":"Desde s\u00e9ptimo b\u00e1sico, los estudiantes ya no podr\u00e1n llevar sus tel\u00e9fonos al establecimiento educacional y quienes a\u00fan lo lleven deber\u00e1n entregarlos a su profesor jefe al comienzo de la jornada escolar","og_url":"https:\/\/infoecos.com.ar\/index.php\/una-medida-a-imitar-prohiben-el-uso-de-celulares-en-todos-los-cursos\/","og_site_name":"Infoecos","article_publisher":"https:\/\/www.facebook.com\/profile.php?id=100063200290284","article_published_time":"2023-05-02T15:48:53+00:00","article_modified_time":"2023-05-03T03:40:21+00:00","og_image":[{"width":255,"height":198,"url":"https:\/\/infoecos.com.ar\/wp-content\/uploads\/celulares.jpg","type":"image\/jpeg"}],"author":"Jorge Matheus","twitter_card":"summary_large_image","twitter_creator":"@infoecos","twitter_site":"@infoecos","twitter_misc":{"Escrito por":"Jorge Matheus","Tiempo de lectura":"1 minuto"},"schema":{"@context":"https:\/\/schema.org","@graph":[{"@type":"Article","@id":"https:\/\/infoecos.com.ar\/index.php\/una-medida-a-imitar-prohiben-el-uso-de-celulares-en-todos-los-cursos\/#article","isPartOf":{"@id":"https:\/\/infoecos.com.ar\/index.php\/una-medida-a-imitar-prohiben-el-uso-de-celulares-en-todos-los-cursos\/"},"author":{"name":"Jorge Matheus","@id":"https:\/\/infoecos.com.ar\/#\/schema\/person\/8f5ace5ce73b4b4aac4b7245aee6f191"},"headline":"Una medida a imitar: proh\u00edben el uso de celulares en todos los cursos","datePublished":"2023-05-02T15:48:53+00:00","dateModified":"2023-05-03T03:40:21+00:00","mainEntityOfPage":{"@id":"https:\/\/infoecos.com.ar\/index.php\/una-medida-a-imitar-prohiben-el-uso-de-celulares-en-todos-los-cursos\/"},"wordCount":199,"publisher":{"@id":"https:\/\/infoecos.com.ar\/#organization"},"image":{"@id":"https:\/\/infoecos.com.ar\/index.php\/una-medida-a-imitar-prohiben-el-uso-de-celulares-en-todos-los-cursos\/#primaryimage"},"thumbnailUrl":"","keywords":["EN COLEGIO CHILENO"],"articleSection":["C3 N1"],"inLanguage":"es"},{"@type":"WebPage","@id":"https:\/\/infoecos.com.ar\/index.php\/una-medida-a-imitar-prohiben-el-uso-de-celulares-en-todos-los-cursos\/","url":"https:\/\/infoecos.com.ar\/index.php\/una-medida-a-imitar-prohiben-el-uso-de-celulares-en-todos-los-cursos\/","name":"Una medida a imitar: proh\u00edben el uso de celulares en todos los cursos - Infoecos","isPartOf":{"@id":"https:\/\/infoecos.com.ar\/#website"},"primaryImageOfPage":{"@id":"https:\/\/infoecos.com.ar\/index.php\/una-medida-a-imitar-prohiben-el-uso-de-celulares-en-todos-los-cursos\/#primaryimage"},"image":{"@id":"https:\/\/infoecos.com.ar\/index.php\/una-medida-a-imitar-prohiben-el-uso-de-celulares-en-todos-los-cursos\/#primaryimage"},"thumbnailUrl":"","datePublished":"2023-05-02T15:48:53+00:00","dateModified":"2023-05-03T03:40:21+00:00","breadcrumb":{"@id":"https:\/\/infoecos.com.ar\/index.php\/una-medida-a-imitar-prohiben-el-uso-de-celulares-en-todos-los-cursos\/#breadcrumb"},"inLanguage":"es","potentialAction":[{"@type":"ReadAction","target":["https:\/\/infoecos.com.ar\/index.php\/una-medida-a-imitar-prohiben-el-uso-de-celulares-en-todos-los-cursos\/"]}]},{"@type":"ImageObject","inLanguage":"es","@id":"https:\/\/infoecos.com.ar\/index.php\/una-medida-a-imitar-prohiben-el-uso-de-celulares-en-todos-los-cursos\/#primaryimage","url":"","contentUrl":""},{"@type":"BreadcrumbList","@id":"https:\/\/infoecos.com.ar\/index.php\/una-medida-a-imitar-prohiben-el-uso-de-celulares-en-todos-los-cursos\/#breadcrumb","itemListElement":[{"@type":"ListItem","position":1,"name":"Portada","item":"https:\/\/infoecos.com.ar\/"},{"@type":"ListItem","position":2,"name":"Una medida a imitar: proh\u00edben el uso de celulares en todos los cursos"}]},{"@type":"WebSite","@id":"https:\/\/infoecos.com.ar\/#website","url":"https:\/\/infoecos.com.ar\/","name":"Infoecos","description":"Noticias de trenque lauquen y la zona","publisher":{"@id":"https:\/\/infoecos.com.ar\/#organization"},"alternateName":"Noticias","potentialAction":[{"@type":"SearchAction","target":{"@type":"EntryPoint","urlTemplate":"https:\/\/infoecos.com.ar\/?s={search_term_string}"},"query-input":{"@type":"PropertyValueSpecification","valueRequired":true,"valueName":"search_term_string"}}],"inLanguage":"es"},{"@type":"Organization","@id":"https:\/\/infoecos.com.ar\/#organization","name":"Infoecos","alternateName":"Noticias","url":"https:\/\/infoecos.com.ar\/","logo":{"@type":"ImageObject","inLanguage":"es","@id":"https:\/\/infoecos.com.ar\/#\/schema\/logo\/image\/","url":"https:\/\/infoecos.com.ar\/wp-content\/uploads\/2024\/03\/cropped-logo.png","contentUrl":"https:\/\/infoecos.com.ar\/wp-content\/uploads\/2024\/03\/cropped-logo.png","width":374,"height":90,"caption":"Infoecos"},"image":{"@id":"https:\/\/infoecos.com.ar\/#\/schema\/logo\/image\/"},"sameAs":["https:\/\/www.facebook.com\/profile.php?id=100063200290284","https:\/\/x.com\/infoecos"]},{"@type":"Person","@id":"https:\/\/infoecos.com.ar\/#\/schema\/person\/8f5ace5ce73b4b4aac4b7245aee6f191","name":"Jorge Matheus","url":"https:\/\/infoecos.com.ar\/index.php\/author\/jomatheus\/"}]}},"featured_image_urls":{"full":"","thumbnail":"","medium":"","medium_large":"","large":"","1536x1536":"","2048x2048":"","covernews-slider-full":"","covernews-slider-center":"","covernews-featured":"","covernews-medium":"","covernews-medium-square":""},"author_info":{"info":["Jorge Matheus"]},"category_info":"<a href=\"https:\/\/infoecos.com.ar\/index.php\/category\/c3nota1\/\" rel=\"category tag\">C3 N1<\/a>","tag_info":"C3 N1","comment_count":"0","_links":{"self":[{"href":"https:\/\/infoecos.com.ar\/index.php\/wp-json\/wp\/v2\/posts\/104518"}],"collection":[{"href":"https:\/\/infoecos.com.ar\/index.php\/wp-json\/wp\/v2\/posts"}],"about":[{"href":"https:\/\/infoecos.com.ar\/index.php\/wp-json\/wp\/v2\/types\/post"}],"author":[{"embeddable":true,"href":"https:\/\/infoecos.com.ar\/index.php\/wp-json\/wp\/v2\/users\/2"}],"replies":[{"embeddable":true,"href":"https:\/\/infoecos.com.ar\/index.php\/wp-json\/wp\/v2\/comments?post=104518"}],"version-history":[{"count":1,"href":"https:\/\/infoecos.com.ar\/index.php\/wp-json\/wp\/v2\/posts\/104518\/revisions"}],"predecessor-version":[{"id":104519,"href":"https:\/\/infoecos.com.ar\/index.php\/wp-json\/wp\/v2\/posts\/104518\/revisions\/104519"}],"wp:featuredmedia":[{"embeddable":true,"href":"https:\/\/infoecos.com.ar\/index.php\/wp-json\/"}],"wp:attachment":[{"href":"https:\/\/infoecos.com.ar\/index.php\/wp-json\/wp\/v2\/media?parent=104518"}],"wp:term":[{"taxonomy":"category","embeddable":true,"href":"https:\/\/infoecos.com.ar\/index.php\/wp-json\/wp\/v2\/categories?post=104518"},{"taxonomy":"post_tag","embeddable":true,"href":"https:\/\/infoecos.com.ar\/index.php\/wp-json\/wp\/v2\/tags?post=104518"}],"curies":[{"name":"wp","href":"https:\/\/api.w.org\/{rel}","templated":true}]}}