{"id":104523,"date":"2023-05-02T13:18:01","date_gmt":"2023-05-02T16:18:01","guid":{"rendered":"https:\/\/infoecos.com.ar\/?p=104523"},"modified":"2023-05-03T00:37:14","modified_gmt":"2023-05-03T03:37:14","slug":"masternews-de-america-da-cuenta-de-un-accidente-que-podria-haber-sido-tragedia","status":"publish","type":"post","link":"https:\/\/infoecos.com.ar\/index.php\/masternews-de-america-da-cuenta-de-un-accidente-que-podria-haber-sido-tragedia\/","title":{"rendered":"Masternews de Am\u00e9rica da cuenta de un accidente que podr\u00eda haber sido tragedia"},"content":{"rendered":"\n<p>El autom\u00f3vil, un Volkswagen Bora perteneciente a Remis Escorpio circulaba en direcci\u00f3n Villegas \u2013 Am\u00e9rica detr\u00e1s de un cami\u00f3n al servicio de YPF, de General Pico, La Pampa, cuando a \u00e9ste se le parti\u00f3 una llanta desprendi\u00e9ndose parte del material que se clav\u00f3 directamente en el parabrisas.<\/p>\n\n\n\n<figure class=\"wp-block-image aligncenter size-full\"><img loading=\"lazy\" decoding=\"async\" width=\"615\" height=\"296\" src=\"https:\/\/infoecos.com.ar\/wp-content\/uploads\/2023\/05\/image-11.png\" alt=\"\" class=\"wp-image-104524\"\/><\/figure>\n\n\n\n<p>\u00abDe no haber sido porque qued\u00f3 incrustado en el parabrisas pudo haber sido una tragedia\u00bb, explic\u00f3 Toledo a Distrito Interior (General Villegas) que trasladaba a una persona quien entr\u00f3 en shock producto de la situaci\u00f3n.<\/p>\n\n\n\n<figure class=\"wp-block-image aligncenter size-full\"><img loading=\"lazy\" decoding=\"async\" width=\"648\" height=\"482\" src=\"https:\/\/infoecos.com.ar\/wp-content\/uploads\/2023\/05\/image-12.png\" alt=\"\" class=\"wp-image-104525\"\/><\/figure>\n\n\n\n<p>El conductor y propietario de la firma villeguense sostuvo que aparentemente el peso de lo transportado por el rodado pudo haber producido la rotura de la llanta, no habr\u00eda sido a causa del estado de la ruta en este caso, seg\u00fan sus expresiones.<\/p>\n\n\n\n<figure class=\"wp-block-image aligncenter size-full\"><img loading=\"lazy\" decoding=\"async\" width=\"643\" height=\"482\" src=\"https:\/\/infoecos.com.ar\/wp-content\/uploads\/2023\/05\/image-13.png\" alt=\"\" class=\"wp-image-104526\"\/><\/figure>\n\n\n\n<p>Pasadas las 9:30 hs, estando todos en el lugar, analizan el regreso a Villegas o reparaci\u00f3n de los da\u00f1os ocasionados.<\/p>\n","protected":false},"excerpt":{"rendered":"<p>\u00abDe no haber sido porque qued\u00f3 incrustado en el parabrisas pudo haber sido una tragedia\u00bb, explic\u00f3 Toledo a Distrito Interior (General Villegas) que trasladaba a una persona quien entr\u00f3 en shock producto de la situaci\u00f3n<\/p>\n","protected":false},"author":2,"featured_media":104526,"comment_status":"closed","ping_status":"open","sticky":false,"template":"","format":"standard","meta":{"footnotes":""},"categories":[28],"tags":[7830],"class_list":["post-104523","post","type-post","status-publish","format-standard","has-post-thumbnail","hentry","category-c1nota1","tag-entre-villegas-y-america"],"yoast_head":"<!-- This site is optimized with the Yoast SEO plugin v23.4 - https:\/\/yoast.com\/wordpress\/plugins\/seo\/ -->\n<title>Masternews de Am\u00e9rica da cuenta de un accidente que podr\u00eda haber sido tragedia - Infoecos<\/title>\n<meta name=\"robots\" content=\"index, follow, max-snippet:-1, max-image-preview:large, max-video-preview:-1\" \/>\n<link rel=\"canonical\" href=\"https:\/\/infoecos.com.ar\/index.php\/masternews-de-america-da-cuenta-de-un-accidente-que-podria-haber-sido-tragedia\/\" \/>\n<meta property=\"og:locale\" content=\"es_ES\" \/>\n<meta property=\"og:type\" content=\"article\" \/>\n<meta property=\"og:title\" content=\"Masternews de Am\u00e9rica da cuenta de un accidente que podr\u00eda haber sido tragedia - Infoecos\" \/>\n<meta property=\"og:description\" content=\"\u00abDe no haber sido porque qued\u00f3 incrustado en el parabrisas pudo haber sido una tragedia\u00bb, explic\u00f3 Toledo a Distrito Interior (General Villegas) que trasladaba a una persona quien entr\u00f3 en shock producto de la situaci\u00f3n\" \/>\n<meta property=\"og:url\" content=\"https:\/\/infoecos.com.ar\/index.php\/masternews-de-america-da-cuenta-de-un-accidente-que-podria-haber-sido-tragedia\/\" \/>\n<meta property=\"og:site_name\" content=\"Infoecos\" \/>\n<meta property=\"article:publisher\" content=\"https:\/\/www.facebook.com\/profile.php?id=100063200290284\" \/>\n<meta property=\"article:published_time\" content=\"2023-05-02T16:18:01+00:00\" \/>\n<meta property=\"article:modified_time\" content=\"2023-05-03T03:37:14+00:00\" \/>\n<meta property=\"og:image\" content=\"https:\/\/infoecos.com.ar\/wp-content\/uploads\/2023\/05\/image-13.png\" \/>\n\t<meta property=\"og:image:width\" content=\"643\" \/>\n\t<meta property=\"og:image:height\" content=\"482\" \/>\n\t<meta property=\"og:image:type\" content=\"image\/png\" \/>\n<meta name=\"author\" content=\"Jorge Matheus\" \/>\n<meta name=\"twitter:card\" content=\"summary_large_image\" \/>\n<meta name=\"twitter:creator\" content=\"@infoecos\" \/>\n<meta name=\"twitter:site\" content=\"@infoecos\" \/>\n<meta name=\"twitter:label1\" content=\"Escrito por\" \/>\n\t<meta name=\"twitter:data1\" content=\"Jorge Matheus\" \/>\n\t<meta name=\"twitter:label2\" content=\"Tiempo de lectura\" \/>\n\t<meta name=\"twitter:data2\" content=\"2 minutos\" \/>\n<script type=\"application\/ld+json\" class=\"yoast-schema-graph\">{\"@context\":\"https:\/\/schema.org\",\"@graph\":[{\"@type\":\"Article\",\"@id\":\"https:\/\/infoecos.com.ar\/index.php\/masternews-de-america-da-cuenta-de-un-accidente-que-podria-haber-sido-tragedia\/#article\",\"isPartOf\":{\"@id\":\"https:\/\/infoecos.com.ar\/index.php\/masternews-de-america-da-cuenta-de-un-accidente-que-podria-haber-sido-tragedia\/\"},\"author\":{\"name\":\"Jorge Matheus\",\"@id\":\"https:\/\/infoecos.com.ar\/#\/schema\/person\/8f5ace5ce73b4b4aac4b7245aee6f191\"},\"headline\":\"Masternews de Am\u00e9rica da cuenta de un accidente que podr\u00eda haber sido tragedia\",\"datePublished\":\"2023-05-02T16:18:01+00:00\",\"dateModified\":\"2023-05-03T03:37:14+00:00\",\"mainEntityOfPage\":{\"@id\":\"https:\/\/infoecos.com.ar\/index.php\/masternews-de-america-da-cuenta-de-un-accidente-que-podria-haber-sido-tragedia\/\"},\"wordCount\":169,\"publisher\":{\"@id\":\"https:\/\/infoecos.com.ar\/#organization\"},\"image\":{\"@id\":\"https:\/\/infoecos.com.ar\/index.php\/masternews-de-america-da-cuenta-de-un-accidente-que-podria-haber-sido-tragedia\/#primaryimage\"},\"thumbnailUrl\":\"https:\/\/infoecos.com.ar\/wp-content\/uploads\/2023\/05\/image-13.png\",\"keywords\":[\"entre villegas y am\u00e9rica\"],\"articleSection\":[\"C1 N1\"],\"inLanguage\":\"es\"},{\"@type\":\"WebPage\",\"@id\":\"https:\/\/infoecos.com.ar\/index.php\/masternews-de-america-da-cuenta-de-un-accidente-que-podria-haber-sido-tragedia\/\",\"url\":\"https:\/\/infoecos.com.ar\/index.php\/masternews-de-america-da-cuenta-de-un-accidente-que-podria-haber-sido-tragedia\/\",\"name\":\"Masternews de Am\u00e9rica da cuenta de un accidente que podr\u00eda haber sido tragedia - Infoecos\",\"isPartOf\":{\"@id\":\"https:\/\/infoecos.com.ar\/#website\"},\"primaryImageOfPage\":{\"@id\":\"https:\/\/infoecos.com.ar\/index.php\/masternews-de-america-da-cuenta-de-un-accidente-que-podria-haber-sido-tragedia\/#primaryimage\"},\"image\":{\"@id\":\"https:\/\/infoecos.com.ar\/index.php\/masternews-de-america-da-cuenta-de-un-accidente-que-podria-haber-sido-tragedia\/#primaryimage\"},\"thumbnailUrl\":\"https:\/\/infoecos.com.ar\/wp-content\/uploads\/2023\/05\/image-13.png\",\"datePublished\":\"2023-05-02T16:18:01+00:00\",\"dateModified\":\"2023-05-03T03:37:14+00:00\",\"breadcrumb\":{\"@id\":\"https:\/\/infoecos.com.ar\/index.php\/masternews-de-america-da-cuenta-de-un-accidente-que-podria-haber-sido-tragedia\/#breadcrumb\"},\"inLanguage\":\"es\",\"potentialAction\":[{\"@type\":\"ReadAction\",\"target\":[\"https:\/\/infoecos.com.ar\/index.php\/masternews-de-america-da-cuenta-de-un-accidente-que-podria-haber-sido-tragedia\/\"]}]},{\"@type\":\"ImageObject\",\"inLanguage\":\"es\",\"@id\":\"https:\/\/infoecos.com.ar\/index.php\/masternews-de-america-da-cuenta-de-un-accidente-que-podria-haber-sido-tragedia\/#primaryimage\",\"url\":\"https:\/\/infoecos.com.ar\/wp-content\/uploads\/2023\/05\/image-13.png\",\"contentUrl\":\"https:\/\/infoecos.com.ar\/wp-content\/uploads\/2023\/05\/image-13.png\",\"width\":643,\"height\":482},{\"@type\":\"BreadcrumbList\",\"@id\":\"https:\/\/infoecos.com.ar\/index.php\/masternews-de-america-da-cuenta-de-un-accidente-que-podria-haber-sido-tragedia\/#breadcrumb\",\"itemListElement\":[{\"@type\":\"ListItem\",\"position\":1,\"name\":\"Portada\",\"item\":\"https:\/\/infoecos.com.ar\/\"},{\"@type\":\"ListItem\",\"position\":2,\"name\":\"Masternews de Am\u00e9rica da cuenta de un accidente que podr\u00eda haber sido tragedia\"}]},{\"@type\":\"WebSite\",\"@id\":\"https:\/\/infoecos.com.ar\/#website\",\"url\":\"https:\/\/infoecos.com.ar\/\",\"name\":\"Infoecos\",\"description\":\"Noticias de trenque lauquen y la zona\",\"publisher\":{\"@id\":\"https:\/\/infoecos.com.ar\/#organization\"},\"alternateName\":\"Noticias\",\"potentialAction\":[{\"@type\":\"SearchAction\",\"target\":{\"@type\":\"EntryPoint\",\"urlTemplate\":\"https:\/\/infoecos.com.ar\/?s={search_term_string}\"},\"query-input\":{\"@type\":\"PropertyValueSpecification\",\"valueRequired\":true,\"valueName\":\"search_term_string\"}}],\"inLanguage\":\"es\"},{\"@type\":\"Organization\",\"@id\":\"https:\/\/infoecos.com.ar\/#organization\",\"name\":\"Infoecos\",\"alternateName\":\"Noticias\",\"url\":\"https:\/\/infoecos.com.ar\/\",\"logo\":{\"@type\":\"ImageObject\",\"inLanguage\":\"es\",\"@id\":\"https:\/\/infoecos.com.ar\/#\/schema\/logo\/image\/\",\"url\":\"https:\/\/infoecos.com.ar\/wp-content\/uploads\/2024\/03\/cropped-logo.png\",\"contentUrl\":\"https:\/\/infoecos.com.ar\/wp-content\/uploads\/2024\/03\/cropped-logo.png\",\"width\":374,\"height\":90,\"caption\":\"Infoecos\"},\"image\":{\"@id\":\"https:\/\/infoecos.com.ar\/#\/schema\/logo\/image\/\"},\"sameAs\":[\"https:\/\/www.facebook.com\/profile.php?id=100063200290284\",\"https:\/\/x.com\/infoecos\"]},{\"@type\":\"Person\",\"@id\":\"https:\/\/infoecos.com.ar\/#\/schema\/person\/8f5ace5ce73b4b4aac4b7245aee6f191\",\"name\":\"Jorge Matheus\",\"url\":\"https:\/\/infoecos.com.ar\/index.php\/author\/jomatheus\/\"}]}<\/script>\n<!-- \/ Yoast SEO plugin. -->","yoast_head_json":{"title":"Masternews de Am\u00e9rica da cuenta de un accidente que podr\u00eda haber sido tragedia - Infoecos","robots":{"index":"index","follow":"follow","max-snippet":"max-snippet:-1","max-image-preview":"max-image-preview:large","max-video-preview":"max-video-preview:-1"},"canonical":"https:\/\/infoecos.com.ar\/index.php\/masternews-de-america-da-cuenta-de-un-accidente-que-podria-haber-sido-tragedia\/","og_locale":"es_ES","og_type":"article","og_title":"Masternews de Am\u00e9rica da cuenta de un accidente que podr\u00eda haber sido tragedia - Infoecos","og_description":"\u00abDe no haber sido porque qued\u00f3 incrustado en el parabrisas pudo haber sido una tragedia\u00bb, explic\u00f3 Toledo a Distrito Interior (General Villegas) que trasladaba a una persona quien entr\u00f3 en shock producto de la situaci\u00f3n","og_url":"https:\/\/infoecos.com.ar\/index.php\/masternews-de-america-da-cuenta-de-un-accidente-que-podria-haber-sido-tragedia\/","og_site_name":"Infoecos","article_publisher":"https:\/\/www.facebook.com\/profile.php?id=100063200290284","article_published_time":"2023-05-02T16:18:01+00:00","article_modified_time":"2023-05-03T03:37:14+00:00","og_image":[{"width":643,"height":482,"url":"https:\/\/infoecos.com.ar\/wp-content\/uploads\/2023\/05\/image-13.png","type":"image\/png"}],"author":"Jorge Matheus","twitter_card":"summary_large_image","twitter_creator":"@infoecos","twitter_site":"@infoecos","twitter_misc":{"Escrito por":"Jorge Matheus","Tiempo de lectura":"2 minutos"},"schema":{"@context":"https:\/\/schema.org","@graph":[{"@type":"Article","@id":"https:\/\/infoecos.com.ar\/index.php\/masternews-de-america-da-cuenta-de-un-accidente-que-podria-haber-sido-tragedia\/#article","isPartOf":{"@id":"https:\/\/infoecos.com.ar\/index.php\/masternews-de-america-da-cuenta-de-un-accidente-que-podria-haber-sido-tragedia\/"},"author":{"name":"Jorge Matheus","@id":"https:\/\/infoecos.com.ar\/#\/schema\/person\/8f5ace5ce73b4b4aac4b7245aee6f191"},"headline":"Masternews de Am\u00e9rica da cuenta de un accidente que podr\u00eda haber sido tragedia","datePublished":"2023-05-02T16:18:01+00:00","dateModified":"2023-05-03T03:37:14+00:00","mainEntityOfPage":{"@id":"https:\/\/infoecos.com.ar\/index.php\/masternews-de-america-da-cuenta-de-un-accidente-que-podria-haber-sido-tragedia\/"},"wordCount":169,"publisher":{"@id":"https:\/\/infoecos.com.ar\/#organization"},"image":{"@id":"https:\/\/infoecos.com.ar\/index.php\/masternews-de-america-da-cuenta-de-un-accidente-que-podria-haber-sido-tragedia\/#primaryimage"},"thumbnailUrl":"https:\/\/infoecos.com.ar\/wp-content\/uploads\/2023\/05\/image-13.png","keywords":["entre villegas y am\u00e9rica"],"articleSection":["C1 N1"],"inLanguage":"es"},{"@type":"WebPage","@id":"https:\/\/infoecos.com.ar\/index.php\/masternews-de-america-da-cuenta-de-un-accidente-que-podria-haber-sido-tragedia\/","url":"https:\/\/infoecos.com.ar\/index.php\/masternews-de-america-da-cuenta-de-un-accidente-que-podria-haber-sido-tragedia\/","name":"Masternews de Am\u00e9rica da cuenta de un accidente que podr\u00eda haber sido tragedia - Infoecos","isPartOf":{"@id":"https:\/\/infoecos.com.ar\/#website"},"primaryImageOfPage":{"@id":"https:\/\/infoecos.com.ar\/index.php\/masternews-de-america-da-cuenta-de-un-accidente-que-podria-haber-sido-tragedia\/#primaryimage"},"image":{"@id":"https:\/\/infoecos.com.ar\/index.php\/masternews-de-america-da-cuenta-de-un-accidente-que-podria-haber-sido-tragedia\/#primaryimage"},"thumbnailUrl":"https:\/\/infoecos.com.ar\/wp-content\/uploads\/2023\/05\/image-13.png","datePublished":"2023-05-02T16:18:01+00:00","dateModified":"2023-05-03T03:37:14+00:00","breadcrumb":{"@id":"https:\/\/infoecos.com.ar\/index.php\/masternews-de-america-da-cuenta-de-un-accidente-que-podria-haber-sido-tragedia\/#breadcrumb"},"inLanguage":"es","potentialAction":[{"@type":"ReadAction","target":["https:\/\/infoecos.com.ar\/index.php\/masternews-de-america-da-cuenta-de-un-accidente-que-podria-haber-sido-tragedia\/"]}]},{"@type":"ImageObject","inLanguage":"es","@id":"https:\/\/infoecos.com.ar\/index.php\/masternews-de-america-da-cuenta-de-un-accidente-que-podria-haber-sido-tragedia\/#primaryimage","url":"https:\/\/infoecos.com.ar\/wp-content\/uploads\/2023\/05\/image-13.png","contentUrl":"https:\/\/infoecos.com.ar\/wp-content\/uploads\/2023\/05\/image-13.png","width":643,"height":482},{"@type":"BreadcrumbList","@id":"https:\/\/infoecos.com.ar\/index.php\/masternews-de-america-da-cuenta-de-un-accidente-que-podria-haber-sido-tragedia\/#breadcrumb","itemListElement":[{"@type":"ListItem","position":1,"name":"Portada","item":"https:\/\/infoecos.com.ar\/"},{"@type":"ListItem","position":2,"name":"Masternews de Am\u00e9rica da cuenta de un accidente que podr\u00eda haber sido tragedia"}]},{"@type":"WebSite","@id":"https:\/\/infoecos.com.ar\/#website","url":"https:\/\/infoecos.com.ar\/","name":"Infoecos","description":"Noticias de trenque lauquen y la zona","publisher":{"@id":"https:\/\/infoecos.com.ar\/#organization"},"alternateName":"Noticias","potentialAction":[{"@type":"SearchAction","target":{"@type":"EntryPoint","urlTemplate":"https:\/\/infoecos.com.ar\/?s={search_term_string}"},"query-input":{"@type":"PropertyValueSpecification","valueRequired":true,"valueName":"search_term_string"}}],"inLanguage":"es"},{"@type":"Organization","@id":"https:\/\/infoecos.com.ar\/#organization","name":"Infoecos","alternateName":"Noticias","url":"https:\/\/infoecos.com.ar\/","logo":{"@type":"ImageObject","inLanguage":"es","@id":"https:\/\/infoecos.com.ar\/#\/schema\/logo\/image\/","url":"https:\/\/infoecos.com.ar\/wp-content\/uploads\/2024\/03\/cropped-logo.png","contentUrl":"https:\/\/infoecos.com.ar\/wp-content\/uploads\/2024\/03\/cropped-logo.png","width":374,"height":90,"caption":"Infoecos"},"image":{"@id":"https:\/\/infoecos.com.ar\/#\/schema\/logo\/image\/"},"sameAs":["https:\/\/www.facebook.com\/profile.php?id=100063200290284","https:\/\/x.com\/infoecos"]},{"@type":"Person","@id":"https:\/\/infoecos.com.ar\/#\/schema\/person\/8f5ace5ce73b4b4aac4b7245aee6f191","name":"Jorge Matheus","url":"https:\/\/infoecos.com.ar\/index.php\/author\/jomatheus\/"}]}},"featured_image_urls":{"full":["https:\/\/infoecos.com.ar\/wp-content\/uploads\/2023\/05\/image-13.png",643,482,false],"thumbnail":["https:\/\/infoecos.com.ar\/wp-content\/uploads\/2023\/05\/image-13-300x150.png",300,150,true],"medium":["https:\/\/infoecos.com.ar\/wp-content\/uploads\/2023\/05\/image-13.png",643,482,false],"medium_large":["https:\/\/infoecos.com.ar\/wp-content\/uploads\/2023\/05\/image-13.png",640,480,false],"large":["https:\/\/infoecos.com.ar\/wp-content\/uploads\/2023\/05\/image-13.png",640,480,false],"1536x1536":["https:\/\/infoecos.com.ar\/wp-content\/uploads\/2023\/05\/image-13.png",643,482,false],"2048x2048":["https:\/\/infoecos.com.ar\/wp-content\/uploads\/2023\/05\/image-13.png",643,482,false],"covernews-slider-full":["https:\/\/infoecos.com.ar\/wp-content\/uploads\/2023\/05\/image-13.png",643,482,false],"covernews-slider-center":["https:\/\/infoecos.com.ar\/wp-content\/uploads\/2023\/05\/image-13.png",643,482,false],"covernews-featured":["https:\/\/infoecos.com.ar\/wp-content\/uploads\/2023\/05\/image-13.png",643,482,false],"covernews-medium":["https:\/\/infoecos.com.ar\/wp-content\/uploads\/2023\/05\/image-13-643x380.png",540,319,true],"covernews-medium-square":["https:\/\/infoecos.com.ar\/wp-content\/uploads\/2023\/05\/image-13-643x450.png",357,250,true]},"author_info":{"info":["Jorge Matheus"]},"category_info":"<a href=\"https:\/\/infoecos.com.ar\/index.php\/category\/c1nota1\/\" rel=\"category tag\">C1 N1<\/a>","tag_info":"C1 N1","comment_count":"0","_links":{"self":[{"href":"https:\/\/infoecos.com.ar\/index.php\/wp-json\/wp\/v2\/posts\/104523"}],"collection":[{"href":"https:\/\/infoecos.com.ar\/index.php\/wp-json\/wp\/v2\/posts"}],"about":[{"href":"https:\/\/infoecos.com.ar\/index.php\/wp-json\/wp\/v2\/types\/post"}],"author":[{"embeddable":true,"href":"https:\/\/infoecos.com.ar\/index.php\/wp-json\/wp\/v2\/users\/2"}],"replies":[{"embeddable":true,"href":"https:\/\/infoecos.com.ar\/index.php\/wp-json\/wp\/v2\/comments?post=104523"}],"version-history":[{"count":1,"href":"https:\/\/infoecos.com.ar\/index.php\/wp-json\/wp\/v2\/posts\/104523\/revisions"}],"predecessor-version":[{"id":104527,"href":"https:\/\/infoecos.com.ar\/index.php\/wp-json\/wp\/v2\/posts\/104523\/revisions\/104527"}],"wp:featuredmedia":[{"embeddable":true,"href":"https:\/\/infoecos.com.ar\/index.php\/wp-json\/wp\/v2\/media\/104526"}],"wp:attachment":[{"href":"https:\/\/infoecos.com.ar\/index.php\/wp-json\/wp\/v2\/media?parent=104523"}],"wp:term":[{"taxonomy":"category","embeddable":true,"href":"https:\/\/infoecos.com.ar\/index.php\/wp-json\/wp\/v2\/categories?post=104523"},{"taxonomy":"post_tag","embeddable":true,"href":"https:\/\/infoecos.com.ar\/index.php\/wp-json\/wp\/v2\/tags?post=104523"}],"curies":[{"name":"wp","href":"https:\/\/api.w.org\/{rel}","templated":true}]}}