{"id":104529,"date":"2023-05-02T18:26:14","date_gmt":"2023-05-02T21:26:14","guid":{"rendered":"https:\/\/infoecos.com.ar\/?p=104529"},"modified":"2023-05-03T23:32:58","modified_gmt":"2023-05-04T02:32:58","slug":"infinidad-de-casos-sin-resolver-y-por-los-que-se-ha-pedido-celeridad-la-fiscalia-asegura-tener-el-autor-del-crimen-de-anita","status":"publish","type":"post","link":"https:\/\/infoecos.com.ar\/index.php\/infinidad-de-casos-sin-resolver-y-por-los-que-se-ha-pedido-celeridad-la-fiscalia-asegura-tener-el-autor-del-crimen-de-anita\/","title":{"rendered":"La Justicia local asegura tener el autor del crimen de Anita"},"content":{"rendered":"\n<p>La informaci\u00f3n dada conocer a trav\u00e9s de un solo medio de Trenque Lauquen, cuando el tema gener\u00f3 una marcada preocupaci\u00f3n en toda la comunidad, la que afanosamente esperaba tener datos el fin de semana, despu\u00e9s de la aprehensi\u00f3n del vecino Mario Luis Pereyra, el ministerio P\u00fablico Fiscal comunic\u00f3 que hab\u00eda sido acusado por el asesinato de Ana Mar\u00eda Aristimu\u00f1o (Anita), ocurrido hace poco m\u00e1s de diez d\u00edas. <\/p>\n\n\n\n<figure class=\"wp-block-image aligncenter size-full is-resized\"><img loading=\"lazy\" decoding=\"async\" src=\"https:\/\/infoecos.com.ar\/wp-content\/uploads\/fiscalias_trenque_lauquen.jpg\" alt=\"\" class=\"wp-image-62267\" width=\"533\" height=\"278\" srcset=\"https:\/\/infoecos.com.ar\/wp-content\/uploads\/fiscalias_trenque_lauquen.jpg 787w, https:\/\/infoecos.com.ar\/wp-content\/uploads\/fiscalias_trenque_lauquen-460x240.jpg 460w, https:\/\/infoecos.com.ar\/wp-content\/uploads\/fiscalias_trenque_lauquen-768x400.jpg 768w\" sizes=\"(max-width: 533px) 100vw, 533px\" \/><\/figure>\n\n\n\n<p>El viernes se hizo publico a traves de LU 91 TV Canal 12 que la aprehensi\u00f3n se convertir\u00eda en detenci\u00f3n. Se realiz\u00f3 la solicitud a la Justicia de Garant\u00edas, la que acept\u00f3 el pedido que se le formulara. A las pocas horas trascendi\u00f3 que Pereyra hab\u00eda sido trasladado a la Comisar\u00eda de Am\u00e9rica. Un medio de esa comunidad, donde toda la sociedad se conoce, lo public\u00f3 y nuestro sitio se hizo eco, mientras los investigadores se\u00f1alaban que no pod\u00edan aportar absolutamente nada por el secreto de sumario existente en esta causa que conmociona a todos los habitantes. <\/p>\n\n\n\n<p>El sitio datatrenque.com.ar que no podr\u00e1 jactarse de tener buena informaci\u00f3n, sino de ser privilegiado por las Fiscal\u00edas de Trenque Lauquen, por razones que l\u00f3gicamente desconocemos, durante el fin de semana no se dedic\u00f3 a ning\u00fan tema. Estuvo sin actualizar. Pareciera que sus periodistas o redactores llegaron este martes y se llevaron el \u00abbot\u00edn\u00bb period\u00edstico. <\/p>\n\n\n\n<p>En una sociedad relativamente tranquila y habida cuenta de la trascendencia que el hecho tom\u00f3, por las formas en que fue protagonizado, las virtudes personales de Anita, su vinculaci\u00f3n con distintas \u00e1reas de la vida institucional, no se trata de tener la primicia. Se trata de ser ecu\u00e1nime y prudente, actitud que han mantenido el resto de los medios. Infoecos y el resto de los colegas no son el motivo de la informaci\u00f3n, pero imposible ignorar este destrato que pareciera tener el prop\u00f3sito de ignorarnos, gener\u00e1ndonos da\u00f1o moral en la sociedad. Lo l\u00f3gico ante la connotaci\u00f3n del suceso, hubiese sido una <strong>CONFERENCIA DE PRENSA. <\/strong><\/p>\n\n\n\n<figure class=\"wp-block-image aligncenter size-full is-resized\"><img loading=\"lazy\" decoding=\"async\" src=\"https:\/\/infoecos.com.ar\/wp-content\/uploads\/2023\/04\/asesinatoanaaristimuno.jpg\" alt=\"\" class=\"wp-image-104266\" width=\"606\" height=\"268\" srcset=\"https:\/\/infoecos.com.ar\/wp-content\/uploads\/2023\/04\/asesinatoanaaristimuno.jpg 1074w, https:\/\/infoecos.com.ar\/wp-content\/uploads\/2023\/04\/asesinatoanaaristimuno-800x355.jpg 800w, https:\/\/infoecos.com.ar\/wp-content\/uploads\/2023\/04\/asesinatoanaaristimuno-768x340.jpg 768w, https:\/\/infoecos.com.ar\/wp-content\/uploads\/2023\/04\/asesinatoanaaristimuno-1024x454.jpg 1024w\" sizes=\"(max-width: 606px) 100vw, 606px\" \/><\/figure>\n\n\n\n<p><strong>Lo publicado por datatrenque.com.ar en rojo:<\/strong><\/p>\n\n\n\n<p><strong><mark style=\"background-color:rgba(0, 0, 0, 0)\" class=\"has-inline-color has-vivid-red-color\">La informaci\u00f3n publicada por datatrenquelauquen.com.ar puntualiza que el \u00fanico sospechoso del crimen de la docente Ana Mar\u00eda Aristimu\u00f1o, Mario Luis Pereyra, fue formalmente detenido por la Justicia de Garant\u00edas tras la solicitud elevada por el Ministerio P\u00fablico Fiscal, que incorpor\u00f3 una serie de indicios y elementos que lo se\u00f1alan como el posible autor del aberrante delito que conmueve a nuestra comunidad<\/mark><\/strong>. <strong><mark style=\"background-color:rgba(0, 0, 0, 0)\" class=\"has-inline-color has-vivid-red-color\">El nombre mencionado no hab\u00eda sido mencionado hasta ahora, salvo una publicaci\u00f3n de su pareja en la red Facebook, que en nuestro caso no quisimos subir. <\/mark><\/strong><\/p>\n\n\n\n<p><strong><mark style=\"background-color:rgba(0, 0, 0, 0)\" class=\"has-inline-color has-vivid-red-color\">La magistrada Ana Bajlec, que subroga el Juzgado de Garant\u00edas N\u00b0 1, calific\u00f3 el hecho como femicidio <\/mark><\/strong><mark style=\"background-color:rgba(0, 0, 0, 0)\" class=\"has-inline-color has-black-color\"><strong>(NdR<\/strong>: <strong>asesinato intencional de una mujer por el hecho de ser mujer<\/strong><\/mark><strong>)<mark style=\"background-color:rgba(0, 0, 0, 0)\" class=\"has-inline-color has-vivid-red-color\">, utilizando la figura del inciso 11 del art\u00edculo 80 del C\u00f3digo Penal que agrava una eventual pena por el homicidio de la docente.<\/mark><\/strong><\/p>\n\n\n\n<p><strong><mark style=\"background-color:rgba(0, 0, 0, 0)\" class=\"has-inline-color has-vivid-red-color\">En tanto, en la resoluci\u00f3n, la jueza entendi\u00f3 que a\u00fan resta que confluyan una serie de elementos probatorios para avanzar sobre la investigaci\u00f3n de \u201ccriminis causae\u201d, como pretend\u00eda la Fiscal\u00eda, dado que se aguardan resultados de una serie de estudios periciales que se podr\u00e1n valorar posteriormente.<\/mark><\/strong><\/p>\n\n\n\n<p><strong><mark style=\"background-color:rgba(0, 0, 0, 0)\" class=\"has-inline-color has-vivid-red-color\">Sin embargo, y con el expediente a la vista, la magistrada consider\u00f3 que en este primer estadio procesal existen elementos para ordenar la detenci\u00f3n, algo que ya fue comunicado v\u00eda exhorto a las autoridades judiciales y policiales.<\/mark><\/strong><\/p>\n\n\n\n<p><strong><mark style=\"background-color:rgba(0, 0, 0, 0)\" class=\"has-inline-color has-vivid-red-color\">Cabe la posibilidad que Pereyra, de 39 a\u00f1os de edad, pueda ser trasladado de su actual alojamiento en el Comisar\u00eda del distrito de Rivadavia a una Unidad Penal que disponga el Servicio Penitenciario Bonaerense.<\/mark><\/strong><\/p>\n\n\n\n<p><strong><mark style=\"background-color:rgba(0, 0, 0, 0)\" class=\"has-inline-color has-vivid-red-color\">De esta manera, y a entender de la Justicia, en esta etapa del proceso hay suficientes elementos incorporados en el expediente por parte del equipo investigativo que encabeza la fiscal Karina Talarico, titular de la UFI N\u00b0 4, para dictar la detenci\u00f3n.<\/mark><\/strong><\/p>\n\n\n\n<p><mark style=\"background-color:rgba(0, 0, 0, 0)\" class=\"has-inline-color has-vivid-red-color\"><strong>Al mismo tiempo, ahora se abre una nueva ventana de tiempo para profundizar la hip\u00f3tesis de la pesquisa y sumar nuevos elementos, indicios y pruebas: Ser\u00e1n 15 d\u00edas m\u00e1s, prorrogables por otros 15 (en total un mes), para elevar el pedido de prisi\u00f3n preventiva que encamine el caso a un futuro juicio oral.<\/strong><\/mark><\/p>\n\n\n\n<p>Las Fiscal\u00edas de Trenque Lauquen, consideradas eficientes en su tarea y de buena relaci\u00f3n con el poder pol\u00edtico en general, tienen a\u00fan otras respuestas que dar:<\/p>\n\n\n\n<p><em><strong>Porque Pereyra puede haber cometido tan atroz asesinato ? <\/strong><\/em><\/p>\n\n\n\n<p><strong><em>Que lo movi\u00f3 a ello si no fueron intenciones de robo ? <\/em><\/strong><\/p>\n\n\n\n<p><strong><em>El femicidio se da por el hecho de ser mujer ? <\/em><\/strong><\/p>\n\n\n\n<p><strong><em>Lo vieron merodear, en los d\u00edas previos, en cercan\u00edas de la casa ubicada en la calle Carlos Casares ?<\/em><\/strong><\/p>\n\n\n\n<p><strong><em>Ten\u00eda acceso a la vivienda de la esquina que se encuentra abandonada y por la que se puede pasar al resto de los patios ?<\/em><\/strong><\/p>\n\n\n\n<p><strong><em>Como hizo el autor del mismo para ingresar a la vivienda que ocupaba la inocente vecina, sin alertar a los perros del vecindario ? <\/em><\/strong><\/p>\n\n\n\n<p><strong><em>Anita era docente. Pereyra tiene hijos y su pareja tambi\u00e9n. Iban a la escuela donde dictaba clases la se\u00f1ora asesinada ?<\/em><\/strong><\/p>\n\n\n\n<p><strong><em>Hay alg\u00fan indicio que pueda estar relacionado con su detenci\u00f3n cuando ten\u00eda 18 a\u00f1os por un caso similar  ?<\/em><\/strong><\/p>\n\n\n\n<p><strong><em>Se conoc\u00edan la pobre Anita y Pereyra ?<\/em><\/strong><\/p>\n\n\n\n<p>(En funci\u00f3n del anterior interrogante). <strong><em>Podr\u00eda haber una venganza ?<\/em><\/strong><\/p>\n\n\n\n<p><em><strong>Porque la Jueza de Garant\u00edas no hizo lugar a investigar sobre lo solicitado por la fiscal\u00eda en torno a la criminis causae ? <\/strong><\/em><\/p>\n\n\n\n<p><strong><em>Porque no se convoca a la totalidad de los medios. Porque no hay respuestas para estas preguntas y otras dudas que puedan presentarse  ?<\/em><\/strong><\/p>\n\n\n\n<p>Las otras respuesta que las Fiscal\u00edas deben dar, donde pareciera que hay resignaci\u00f3n y no es as\u00ed. Las muertes de varios vecinos, en los \u00faltimos a\u00f1os, que siguen sin ser esclarecidos. <\/p>\n\n\n\n<p><\/p>\n","protected":false},"excerpt":{"rendered":"<p>Las Fiscal\u00edas de Trenque Lauquen, consideradas eficientes en su tarea y de buena relaci\u00f3n con el poder pol\u00edtico en general, tienen a\u00fan otras respuestas que dar<\/p>\n","protected":false},"author":2,"featured_media":62267,"comment_status":"closed","ping_status":"open","sticky":false,"template":"","format":"standard","meta":{"footnotes":""},"categories":[1341],"tags":[7841],"class_list":["post-104529","post","type-post","status-publish","format-standard","has-post-thumbnail","hentry","category-c1nota7","tag-el-crimen-de-la-docente-2"],"yoast_head":"<!-- This site is optimized with the Yoast SEO plugin v23.4 - https:\/\/yoast.com\/wordpress\/plugins\/seo\/ -->\n<title>La Justicia local asegura tener el autor del crimen de Anita - Infoecos<\/title>\n<meta name=\"robots\" content=\"index, follow, max-snippet:-1, max-image-preview:large, max-video-preview:-1\" \/>\n<link rel=\"canonical\" href=\"https:\/\/infoecos.com.ar\/index.php\/infinidad-de-casos-sin-resolver-y-por-los-que-se-ha-pedido-celeridad-la-fiscalia-asegura-tener-el-autor-del-crimen-de-anita\/\" \/>\n<meta property=\"og:locale\" content=\"es_ES\" \/>\n<meta property=\"og:type\" content=\"article\" \/>\n<meta property=\"og:title\" content=\"La Justicia local asegura tener el autor del crimen de Anita - Infoecos\" \/>\n<meta property=\"og:description\" content=\"Las Fiscal\u00edas de Trenque Lauquen, consideradas eficientes en su tarea y de buena relaci\u00f3n con el poder pol\u00edtico en general, tienen a\u00fan otras respuestas que dar\" \/>\n<meta property=\"og:url\" content=\"https:\/\/infoecos.com.ar\/index.php\/infinidad-de-casos-sin-resolver-y-por-los-que-se-ha-pedido-celeridad-la-fiscalia-asegura-tener-el-autor-del-crimen-de-anita\/\" \/>\n<meta property=\"og:site_name\" content=\"Infoecos\" \/>\n<meta property=\"article:publisher\" content=\"https:\/\/www.facebook.com\/profile.php?id=100063200290284\" \/>\n<meta property=\"article:published_time\" content=\"2023-05-02T21:26:14+00:00\" \/>\n<meta property=\"article:modified_time\" content=\"2023-05-04T02:32:58+00:00\" \/>\n<meta property=\"og:image\" content=\"https:\/\/infoecos.com.ar\/wp-content\/uploads\/fiscalias_trenque_lauquen.jpg\" \/>\n\t<meta property=\"og:image:width\" content=\"787\" \/>\n\t<meta property=\"og:image:height\" content=\"410\" \/>\n\t<meta property=\"og:image:type\" content=\"image\/jpeg\" \/>\n<meta name=\"author\" content=\"Jorge Matheus\" \/>\n<meta name=\"twitter:card\" content=\"summary_large_image\" \/>\n<meta name=\"twitter:creator\" content=\"@infoecos\" \/>\n<meta name=\"twitter:site\" content=\"@infoecos\" \/>\n<meta name=\"twitter:label1\" content=\"Escrito por\" \/>\n\t<meta name=\"twitter:data1\" content=\"Jorge Matheus\" \/>\n\t<meta name=\"twitter:label2\" content=\"Tiempo de lectura\" \/>\n\t<meta name=\"twitter:data2\" content=\"5 minutos\" \/>\n<script type=\"application\/ld+json\" class=\"yoast-schema-graph\">{\"@context\":\"https:\/\/schema.org\",\"@graph\":[{\"@type\":\"Article\",\"@id\":\"https:\/\/infoecos.com.ar\/index.php\/infinidad-de-casos-sin-resolver-y-por-los-que-se-ha-pedido-celeridad-la-fiscalia-asegura-tener-el-autor-del-crimen-de-anita\/#article\",\"isPartOf\":{\"@id\":\"https:\/\/infoecos.com.ar\/index.php\/infinidad-de-casos-sin-resolver-y-por-los-que-se-ha-pedido-celeridad-la-fiscalia-asegura-tener-el-autor-del-crimen-de-anita\/\"},\"author\":{\"name\":\"Jorge Matheus\",\"@id\":\"https:\/\/infoecos.com.ar\/#\/schema\/person\/8f5ace5ce73b4b4aac4b7245aee6f191\"},\"headline\":\"La Justicia local asegura tener el autor del crimen de Anita\",\"datePublished\":\"2023-05-02T21:26:14+00:00\",\"dateModified\":\"2023-05-04T02:32:58+00:00\",\"mainEntityOfPage\":{\"@id\":\"https:\/\/infoecos.com.ar\/index.php\/infinidad-de-casos-sin-resolver-y-por-los-que-se-ha-pedido-celeridad-la-fiscalia-asegura-tener-el-autor-del-crimen-de-anita\/\"},\"wordCount\":1019,\"publisher\":{\"@id\":\"https:\/\/infoecos.com.ar\/#organization\"},\"image\":{\"@id\":\"https:\/\/infoecos.com.ar\/index.php\/infinidad-de-casos-sin-resolver-y-por-los-que-se-ha-pedido-celeridad-la-fiscalia-asegura-tener-el-autor-del-crimen-de-anita\/#primaryimage\"},\"thumbnailUrl\":\"https:\/\/infoecos.com.ar\/wp-content\/uploads\/fiscalias_trenque_lauquen.jpg\",\"keywords\":[\"EL CRIMEN DE LA DOCENTE\"],\"articleSection\":[\"C1 nota 7\"],\"inLanguage\":\"es\"},{\"@type\":\"WebPage\",\"@id\":\"https:\/\/infoecos.com.ar\/index.php\/infinidad-de-casos-sin-resolver-y-por-los-que-se-ha-pedido-celeridad-la-fiscalia-asegura-tener-el-autor-del-crimen-de-anita\/\",\"url\":\"https:\/\/infoecos.com.ar\/index.php\/infinidad-de-casos-sin-resolver-y-por-los-que-se-ha-pedido-celeridad-la-fiscalia-asegura-tener-el-autor-del-crimen-de-anita\/\",\"name\":\"La Justicia local asegura tener el autor del crimen de Anita - Infoecos\",\"isPartOf\":{\"@id\":\"https:\/\/infoecos.com.ar\/#website\"},\"primaryImageOfPage\":{\"@id\":\"https:\/\/infoecos.com.ar\/index.php\/infinidad-de-casos-sin-resolver-y-por-los-que-se-ha-pedido-celeridad-la-fiscalia-asegura-tener-el-autor-del-crimen-de-anita\/#primaryimage\"},\"image\":{\"@id\":\"https:\/\/infoecos.com.ar\/index.php\/infinidad-de-casos-sin-resolver-y-por-los-que-se-ha-pedido-celeridad-la-fiscalia-asegura-tener-el-autor-del-crimen-de-anita\/#primaryimage\"},\"thumbnailUrl\":\"https:\/\/infoecos.com.ar\/wp-content\/uploads\/fiscalias_trenque_lauquen.jpg\",\"datePublished\":\"2023-05-02T21:26:14+00:00\",\"dateModified\":\"2023-05-04T02:32:58+00:00\",\"breadcrumb\":{\"@id\":\"https:\/\/infoecos.com.ar\/index.php\/infinidad-de-casos-sin-resolver-y-por-los-que-se-ha-pedido-celeridad-la-fiscalia-asegura-tener-el-autor-del-crimen-de-anita\/#breadcrumb\"},\"inLanguage\":\"es\",\"potentialAction\":[{\"@type\":\"ReadAction\",\"target\":[\"https:\/\/infoecos.com.ar\/index.php\/infinidad-de-casos-sin-resolver-y-por-los-que-se-ha-pedido-celeridad-la-fiscalia-asegura-tener-el-autor-del-crimen-de-anita\/\"]}]},{\"@type\":\"ImageObject\",\"inLanguage\":\"es\",\"@id\":\"https:\/\/infoecos.com.ar\/index.php\/infinidad-de-casos-sin-resolver-y-por-los-que-se-ha-pedido-celeridad-la-fiscalia-asegura-tener-el-autor-del-crimen-de-anita\/#primaryimage\",\"url\":\"https:\/\/infoecos.com.ar\/wp-content\/uploads\/fiscalias_trenque_lauquen.jpg\",\"contentUrl\":\"https:\/\/infoecos.com.ar\/wp-content\/uploads\/fiscalias_trenque_lauquen.jpg\",\"width\":787,\"height\":410},{\"@type\":\"BreadcrumbList\",\"@id\":\"https:\/\/infoecos.com.ar\/index.php\/infinidad-de-casos-sin-resolver-y-por-los-que-se-ha-pedido-celeridad-la-fiscalia-asegura-tener-el-autor-del-crimen-de-anita\/#breadcrumb\",\"itemListElement\":[{\"@type\":\"ListItem\",\"position\":1,\"name\":\"Portada\",\"item\":\"https:\/\/infoecos.com.ar\/\"},{\"@type\":\"ListItem\",\"position\":2,\"name\":\"La Justicia local asegura tener el autor del crimen de Anita\"}]},{\"@type\":\"WebSite\",\"@id\":\"https:\/\/infoecos.com.ar\/#website\",\"url\":\"https:\/\/infoecos.com.ar\/\",\"name\":\"Infoecos\",\"description\":\"Noticias de trenque lauquen y la zona\",\"publisher\":{\"@id\":\"https:\/\/infoecos.com.ar\/#organization\"},\"alternateName\":\"Noticias\",\"potentialAction\":[{\"@type\":\"SearchAction\",\"target\":{\"@type\":\"EntryPoint\",\"urlTemplate\":\"https:\/\/infoecos.com.ar\/?s={search_term_string}\"},\"query-input\":{\"@type\":\"PropertyValueSpecification\",\"valueRequired\":true,\"valueName\":\"search_term_string\"}}],\"inLanguage\":\"es\"},{\"@type\":\"Organization\",\"@id\":\"https:\/\/infoecos.com.ar\/#organization\",\"name\":\"Infoecos\",\"alternateName\":\"Noticias\",\"url\":\"https:\/\/infoecos.com.ar\/\",\"logo\":{\"@type\":\"ImageObject\",\"inLanguage\":\"es\",\"@id\":\"https:\/\/infoecos.com.ar\/#\/schema\/logo\/image\/\",\"url\":\"https:\/\/infoecos.com.ar\/wp-content\/uploads\/2024\/03\/cropped-logo.png\",\"contentUrl\":\"https:\/\/infoecos.com.ar\/wp-content\/uploads\/2024\/03\/cropped-logo.png\",\"width\":374,\"height\":90,\"caption\":\"Infoecos\"},\"image\":{\"@id\":\"https:\/\/infoecos.com.ar\/#\/schema\/logo\/image\/\"},\"sameAs\":[\"https:\/\/www.facebook.com\/profile.php?id=100063200290284\",\"https:\/\/x.com\/infoecos\"]},{\"@type\":\"Person\",\"@id\":\"https:\/\/infoecos.com.ar\/#\/schema\/person\/8f5ace5ce73b4b4aac4b7245aee6f191\",\"name\":\"Jorge Matheus\",\"url\":\"https:\/\/infoecos.com.ar\/index.php\/author\/jomatheus\/\"}]}<\/script>\n<!-- \/ Yoast SEO plugin. -->","yoast_head_json":{"title":"La Justicia local asegura tener el autor del crimen de Anita - Infoecos","robots":{"index":"index","follow":"follow","max-snippet":"max-snippet:-1","max-image-preview":"max-image-preview:large","max-video-preview":"max-video-preview:-1"},"canonical":"https:\/\/infoecos.com.ar\/index.php\/infinidad-de-casos-sin-resolver-y-por-los-que-se-ha-pedido-celeridad-la-fiscalia-asegura-tener-el-autor-del-crimen-de-anita\/","og_locale":"es_ES","og_type":"article","og_title":"La Justicia local asegura tener el autor del crimen de Anita - Infoecos","og_description":"Las Fiscal\u00edas de Trenque Lauquen, consideradas eficientes en su tarea y de buena relaci\u00f3n con el poder pol\u00edtico en general, tienen a\u00fan otras respuestas que dar","og_url":"https:\/\/infoecos.com.ar\/index.php\/infinidad-de-casos-sin-resolver-y-por-los-que-se-ha-pedido-celeridad-la-fiscalia-asegura-tener-el-autor-del-crimen-de-anita\/","og_site_name":"Infoecos","article_publisher":"https:\/\/www.facebook.com\/profile.php?id=100063200290284","article_published_time":"2023-05-02T21:26:14+00:00","article_modified_time":"2023-05-04T02:32:58+00:00","og_image":[{"width":787,"height":410,"url":"https:\/\/infoecos.com.ar\/wp-content\/uploads\/fiscalias_trenque_lauquen.jpg","type":"image\/jpeg"}],"author":"Jorge Matheus","twitter_card":"summary_large_image","twitter_creator":"@infoecos","twitter_site":"@infoecos","twitter_misc":{"Escrito por":"Jorge Matheus","Tiempo de lectura":"5 minutos"},"schema":{"@context":"https:\/\/schema.org","@graph":[{"@type":"Article","@id":"https:\/\/infoecos.com.ar\/index.php\/infinidad-de-casos-sin-resolver-y-por-los-que-se-ha-pedido-celeridad-la-fiscalia-asegura-tener-el-autor-del-crimen-de-anita\/#article","isPartOf":{"@id":"https:\/\/infoecos.com.ar\/index.php\/infinidad-de-casos-sin-resolver-y-por-los-que-se-ha-pedido-celeridad-la-fiscalia-asegura-tener-el-autor-del-crimen-de-anita\/"},"author":{"name":"Jorge Matheus","@id":"https:\/\/infoecos.com.ar\/#\/schema\/person\/8f5ace5ce73b4b4aac4b7245aee6f191"},"headline":"La Justicia local asegura tener el autor del crimen de Anita","datePublished":"2023-05-02T21:26:14+00:00","dateModified":"2023-05-04T02:32:58+00:00","mainEntityOfPage":{"@id":"https:\/\/infoecos.com.ar\/index.php\/infinidad-de-casos-sin-resolver-y-por-los-que-se-ha-pedido-celeridad-la-fiscalia-asegura-tener-el-autor-del-crimen-de-anita\/"},"wordCount":1019,"publisher":{"@id":"https:\/\/infoecos.com.ar\/#organization"},"image":{"@id":"https:\/\/infoecos.com.ar\/index.php\/infinidad-de-casos-sin-resolver-y-por-los-que-se-ha-pedido-celeridad-la-fiscalia-asegura-tener-el-autor-del-crimen-de-anita\/#primaryimage"},"thumbnailUrl":"https:\/\/infoecos.com.ar\/wp-content\/uploads\/fiscalias_trenque_lauquen.jpg","keywords":["EL CRIMEN DE LA DOCENTE"],"articleSection":["C1 nota 7"],"inLanguage":"es"},{"@type":"WebPage","@id":"https:\/\/infoecos.com.ar\/index.php\/infinidad-de-casos-sin-resolver-y-por-los-que-se-ha-pedido-celeridad-la-fiscalia-asegura-tener-el-autor-del-crimen-de-anita\/","url":"https:\/\/infoecos.com.ar\/index.php\/infinidad-de-casos-sin-resolver-y-por-los-que-se-ha-pedido-celeridad-la-fiscalia-asegura-tener-el-autor-del-crimen-de-anita\/","name":"La Justicia local asegura tener el autor del crimen de Anita - Infoecos","isPartOf":{"@id":"https:\/\/infoecos.com.ar\/#website"},"primaryImageOfPage":{"@id":"https:\/\/infoecos.com.ar\/index.php\/infinidad-de-casos-sin-resolver-y-por-los-que-se-ha-pedido-celeridad-la-fiscalia-asegura-tener-el-autor-del-crimen-de-anita\/#primaryimage"},"image":{"@id":"https:\/\/infoecos.com.ar\/index.php\/infinidad-de-casos-sin-resolver-y-por-los-que-se-ha-pedido-celeridad-la-fiscalia-asegura-tener-el-autor-del-crimen-de-anita\/#primaryimage"},"thumbnailUrl":"https:\/\/infoecos.com.ar\/wp-content\/uploads\/fiscalias_trenque_lauquen.jpg","datePublished":"2023-05-02T21:26:14+00:00","dateModified":"2023-05-04T02:32:58+00:00","breadcrumb":{"@id":"https:\/\/infoecos.com.ar\/index.php\/infinidad-de-casos-sin-resolver-y-por-los-que-se-ha-pedido-celeridad-la-fiscalia-asegura-tener-el-autor-del-crimen-de-anita\/#breadcrumb"},"inLanguage":"es","potentialAction":[{"@type":"ReadAction","target":["https:\/\/infoecos.com.ar\/index.php\/infinidad-de-casos-sin-resolver-y-por-los-que-se-ha-pedido-celeridad-la-fiscalia-asegura-tener-el-autor-del-crimen-de-anita\/"]}]},{"@type":"ImageObject","inLanguage":"es","@id":"https:\/\/infoecos.com.ar\/index.php\/infinidad-de-casos-sin-resolver-y-por-los-que-se-ha-pedido-celeridad-la-fiscalia-asegura-tener-el-autor-del-crimen-de-anita\/#primaryimage","url":"https:\/\/infoecos.com.ar\/wp-content\/uploads\/fiscalias_trenque_lauquen.jpg","contentUrl":"https:\/\/infoecos.com.ar\/wp-content\/uploads\/fiscalias_trenque_lauquen.jpg","width":787,"height":410},{"@type":"BreadcrumbList","@id":"https:\/\/infoecos.com.ar\/index.php\/infinidad-de-casos-sin-resolver-y-por-los-que-se-ha-pedido-celeridad-la-fiscalia-asegura-tener-el-autor-del-crimen-de-anita\/#breadcrumb","itemListElement":[{"@type":"ListItem","position":1,"name":"Portada","item":"https:\/\/infoecos.com.ar\/"},{"@type":"ListItem","position":2,"name":"La Justicia local asegura tener el autor del crimen de Anita"}]},{"@type":"WebSite","@id":"https:\/\/infoecos.com.ar\/#website","url":"https:\/\/infoecos.com.ar\/","name":"Infoecos","description":"Noticias de trenque lauquen y la zona","publisher":{"@id":"https:\/\/infoecos.com.ar\/#organization"},"alternateName":"Noticias","potentialAction":[{"@type":"SearchAction","target":{"@type":"EntryPoint","urlTemplate":"https:\/\/infoecos.com.ar\/?s={search_term_string}"},"query-input":{"@type":"PropertyValueSpecification","valueRequired":true,"valueName":"search_term_string"}}],"inLanguage":"es"},{"@type":"Organization","@id":"https:\/\/infoecos.com.ar\/#organization","name":"Infoecos","alternateName":"Noticias","url":"https:\/\/infoecos.com.ar\/","logo":{"@type":"ImageObject","inLanguage":"es","@id":"https:\/\/infoecos.com.ar\/#\/schema\/logo\/image\/","url":"https:\/\/infoecos.com.ar\/wp-content\/uploads\/2024\/03\/cropped-logo.png","contentUrl":"https:\/\/infoecos.com.ar\/wp-content\/uploads\/2024\/03\/cropped-logo.png","width":374,"height":90,"caption":"Infoecos"},"image":{"@id":"https:\/\/infoecos.com.ar\/#\/schema\/logo\/image\/"},"sameAs":["https:\/\/www.facebook.com\/profile.php?id=100063200290284","https:\/\/x.com\/infoecos"]},{"@type":"Person","@id":"https:\/\/infoecos.com.ar\/#\/schema\/person\/8f5ace5ce73b4b4aac4b7245aee6f191","name":"Jorge Matheus","url":"https:\/\/infoecos.com.ar\/index.php\/author\/jomatheus\/"}]}},"featured_image_urls":{"full":["https:\/\/infoecos.com.ar\/wp-content\/uploads\/fiscalias_trenque_lauquen.jpg",787,410,false],"thumbnail":["https:\/\/infoecos.com.ar\/wp-content\/uploads\/fiscalias_trenque_lauquen-150x150.jpg",150,150,true],"medium":["https:\/\/infoecos.com.ar\/wp-content\/uploads\/fiscalias_trenque_lauquen-460x240.jpg",460,240,true],"medium_large":["https:\/\/infoecos.com.ar\/wp-content\/uploads\/fiscalias_trenque_lauquen-768x400.jpg",640,333,true],"large":["https:\/\/infoecos.com.ar\/wp-content\/uploads\/fiscalias_trenque_lauquen.jpg",640,333,false],"1536x1536":["https:\/\/infoecos.com.ar\/wp-content\/uploads\/fiscalias_trenque_lauquen.jpg",787,410,false],"2048x2048":["https:\/\/infoecos.com.ar\/wp-content\/uploads\/fiscalias_trenque_lauquen.jpg",787,410,false],"covernews-slider-full":["https:\/\/infoecos.com.ar\/wp-content\/uploads\/fiscalias_trenque_lauquen.jpg",787,410,false],"covernews-slider-center":["https:\/\/infoecos.com.ar\/wp-content\/uploads\/fiscalias_trenque_lauquen.jpg",787,410,false],"covernews-featured":["https:\/\/infoecos.com.ar\/wp-content\/uploads\/fiscalias_trenque_lauquen.jpg",787,410,false],"covernews-medium":["https:\/\/infoecos.com.ar\/wp-content\/uploads\/fiscalias_trenque_lauquen-720x380.jpg",540,285,true],"covernews-medium-square":["https:\/\/infoecos.com.ar\/wp-content\/uploads\/fiscalias_trenque_lauquen-675x410.jpg",400,243,true]},"author_info":{"info":["Jorge Matheus"]},"category_info":"<a href=\"https:\/\/infoecos.com.ar\/index.php\/category\/c1nota7\/\" rel=\"category tag\">C1 nota 7<\/a>","tag_info":"C1 nota 7","comment_count":"0","_links":{"self":[{"href":"https:\/\/infoecos.com.ar\/index.php\/wp-json\/wp\/v2\/posts\/104529"}],"collection":[{"href":"https:\/\/infoecos.com.ar\/index.php\/wp-json\/wp\/v2\/posts"}],"about":[{"href":"https:\/\/infoecos.com.ar\/index.php\/wp-json\/wp\/v2\/types\/post"}],"author":[{"embeddable":true,"href":"https:\/\/infoecos.com.ar\/index.php\/wp-json\/wp\/v2\/users\/2"}],"replies":[{"embeddable":true,"href":"https:\/\/infoecos.com.ar\/index.php\/wp-json\/wp\/v2\/comments?post=104529"}],"version-history":[{"count":5,"href":"https:\/\/infoecos.com.ar\/index.php\/wp-json\/wp\/v2\/posts\/104529\/revisions"}],"predecessor-version":[{"id":104587,"href":"https:\/\/infoecos.com.ar\/index.php\/wp-json\/wp\/v2\/posts\/104529\/revisions\/104587"}],"wp:featuredmedia":[{"embeddable":true,"href":"https:\/\/infoecos.com.ar\/index.php\/wp-json\/wp\/v2\/media\/62267"}],"wp:attachment":[{"href":"https:\/\/infoecos.com.ar\/index.php\/wp-json\/wp\/v2\/media?parent=104529"}],"wp:term":[{"taxonomy":"category","embeddable":true,"href":"https:\/\/infoecos.com.ar\/index.php\/wp-json\/wp\/v2\/categories?post=104529"},{"taxonomy":"post_tag","embeddable":true,"href":"https:\/\/infoecos.com.ar\/index.php\/wp-json\/wp\/v2\/tags?post=104529"}],"curies":[{"name":"wp","href":"https:\/\/api.w.org\/{rel}","templated":true}]}}