{"id":104550,"date":"2023-05-03T01:01:26","date_gmt":"2023-05-03T04:01:26","guid":{"rendered":"https:\/\/infoecos.com.ar\/?p=104550"},"modified":"2023-05-03T01:02:25","modified_gmt":"2023-05-03T04:02:25","slug":"vecino-de-trenque-lauquen-internado-en-terapia-intensiva-por-grave-accidente","status":"publish","type":"post","link":"https:\/\/infoecos.com.ar\/index.php\/vecino-de-trenque-lauquen-internado-en-terapia-intensiva-por-grave-accidente\/","title":{"rendered":"Vecino de Trenque Lauquen internado en Terapia Intensiva por grave accidente"},"content":{"rendered":"\n<p>Grave accidente se produjo en la tarde de ayer en la intersecci\u00f3n de las calles Uribarri y Ameghino de Trenque Lauquen.<\/p>\n\n\n\n<figure class=\"wp-block-image aligncenter size-full is-resized\"><img loading=\"lazy\" decoding=\"async\" src=\"https:\/\/infoecos.com.ar\/wp-content\/uploads\/2023\/05\/WhatsApp-Image-2023-05-02-at-20.43.30-1.jpeg\" alt=\"\" class=\"wp-image-104551\" width=\"513\" height=\"288\" srcset=\"https:\/\/infoecos.com.ar\/wp-content\/uploads\/2023\/05\/WhatsApp-Image-2023-05-02-at-20.43.30-1.jpeg 1280w, https:\/\/infoecos.com.ar\/wp-content\/uploads\/2023\/05\/WhatsApp-Image-2023-05-02-at-20.43.30-1-800x450.jpeg 800w, https:\/\/infoecos.com.ar\/wp-content\/uploads\/2023\/05\/WhatsApp-Image-2023-05-02-at-20.43.30-1-768x432.jpeg 768w, https:\/\/infoecos.com.ar\/wp-content\/uploads\/2023\/05\/WhatsApp-Image-2023-05-02-at-20.43.30-1-1024x576.jpeg 1024w\" sizes=\"(max-width: 513px) 100vw, 513px\" \/><figcaption class=\"wp-element-caption\">Accidente Ameghino y Uribarri <\/figcaption><\/figure>\n\n\n\n<p>La Polic\u00eda inform\u00f3 que colisionaron un autom\u00f3vil marca Fiat, modelo Cronos, conducido por Elba Marisa Recoulat de 58 a\u00f1os y una bicicleta &#8211; tipo playera &#8211; color verde, conducida por Jorge Emilio Mart\u00ednez de 77 a\u00f1os.<\/p>\n\n\n\n<p>Producto de la colisi\u00f3n el ciclista fue trasladado hasta el hospital de Trenque Lauquen. Qued\u00f3 internado en la Unidad de Terapia Intensiva, por padecer hemorragia cerebral.<\/p>\n\n\n\n<figure class=\"wp-block-image aligncenter size-full is-resized\"><img loading=\"lazy\" decoding=\"async\" src=\"https:\/\/infoecos.com.ar\/wp-content\/uploads\/2023\/05\/WhatsApp-Image-2023-05-02-at-20.43.30.jpeg\" alt=\"\" class=\"wp-image-104552\" width=\"513\" height=\"288\" srcset=\"https:\/\/infoecos.com.ar\/wp-content\/uploads\/2023\/05\/WhatsApp-Image-2023-05-02-at-20.43.30.jpeg 1280w, https:\/\/infoecos.com.ar\/wp-content\/uploads\/2023\/05\/WhatsApp-Image-2023-05-02-at-20.43.30-800x450.jpeg 800w, https:\/\/infoecos.com.ar\/wp-content\/uploads\/2023\/05\/WhatsApp-Image-2023-05-02-at-20.43.30-768x432.jpeg 768w, https:\/\/infoecos.com.ar\/wp-content\/uploads\/2023\/05\/WhatsApp-Image-2023-05-02-at-20.43.30-1024x576.jpeg 1024w\" sizes=\"(max-width: 513px) 100vw, 513px\" \/><figcaption class=\"wp-element-caption\">Accidente Ameghino y Uribarri <\/figcaption><\/figure>\n\n\n\n<p>Se instruye causa penal caratulada Lesiones Graves Culposas, en las que toma intervencion la UFI N\u00b0 05 Departamental.<\/p>\n","protected":false},"excerpt":{"rendered":"<p>La Polic\u00eda inform\u00f3 que colisionaron un autom\u00f3vil marca Fiat, modelo Cronos, conducido por Elba Marisa Recoulat de 58 a\u00f1os y una bicicleta &#8211; tipo playera &#8211; color verde, conducida por Jorge Emilio Mart\u00ednez de 77 a\u00f1os<\/p>\n","protected":false},"author":2,"featured_media":104552,"comment_status":"closed","ping_status":"open","sticky":false,"template":"","format":"standard","meta":{"footnotes":""},"categories":[46],"tags":[7835],"class_list":["post-104550","post","type-post","status-publish","format-standard","has-post-thumbnail","hentry","category-c2nota2","tag-uribarri-y-ameghino"],"yoast_head":"<!-- This site is optimized with the Yoast SEO plugin v23.4 - https:\/\/yoast.com\/wordpress\/plugins\/seo\/ -->\n<title>Vecino de Trenque Lauquen internado en Terapia Intensiva por grave accidente - Infoecos<\/title>\n<meta name=\"robots\" content=\"index, follow, max-snippet:-1, max-image-preview:large, max-video-preview:-1\" \/>\n<link rel=\"canonical\" href=\"https:\/\/infoecos.com.ar\/index.php\/vecino-de-trenque-lauquen-internado-en-terapia-intensiva-por-grave-accidente\/\" \/>\n<meta property=\"og:locale\" content=\"es_ES\" \/>\n<meta property=\"og:type\" content=\"article\" \/>\n<meta property=\"og:title\" content=\"Vecino de Trenque Lauquen internado en Terapia Intensiva por grave accidente - Infoecos\" \/>\n<meta property=\"og:description\" content=\"La Polic\u00eda inform\u00f3 que colisionaron un autom\u00f3vil marca Fiat, modelo Cronos, conducido por Elba Marisa Recoulat de 58 a\u00f1os y una bicicleta - tipo playera - color verde, conducida por Jorge Emilio Mart\u00ednez de 77 a\u00f1os\" \/>\n<meta property=\"og:url\" content=\"https:\/\/infoecos.com.ar\/index.php\/vecino-de-trenque-lauquen-internado-en-terapia-intensiva-por-grave-accidente\/\" \/>\n<meta property=\"og:site_name\" content=\"Infoecos\" \/>\n<meta property=\"article:publisher\" content=\"https:\/\/www.facebook.com\/profile.php?id=100063200290284\" \/>\n<meta property=\"article:published_time\" content=\"2023-05-03T04:01:26+00:00\" \/>\n<meta property=\"article:modified_time\" content=\"2023-05-03T04:02:25+00:00\" \/>\n<meta property=\"og:image\" content=\"https:\/\/infoecos.com.ar\/wp-content\/uploads\/2023\/05\/WhatsApp-Image-2023-05-02-at-20.43.30.jpeg\" \/>\n\t<meta property=\"og:image:width\" content=\"1280\" \/>\n\t<meta property=\"og:image:height\" content=\"720\" \/>\n\t<meta property=\"og:image:type\" content=\"image\/jpeg\" \/>\n<meta name=\"author\" content=\"Jorge Matheus\" \/>\n<meta name=\"twitter:card\" content=\"summary_large_image\" \/>\n<meta name=\"twitter:creator\" content=\"@infoecos\" \/>\n<meta name=\"twitter:site\" content=\"@infoecos\" \/>\n<meta name=\"twitter:label1\" content=\"Escrito por\" \/>\n\t<meta name=\"twitter:data1\" content=\"Jorge Matheus\" \/>\n\t<meta name=\"twitter:label2\" content=\"Tiempo de lectura\" \/>\n\t<meta name=\"twitter:data2\" content=\"1 minuto\" \/>\n<script type=\"application\/ld+json\" class=\"yoast-schema-graph\">{\"@context\":\"https:\/\/schema.org\",\"@graph\":[{\"@type\":\"Article\",\"@id\":\"https:\/\/infoecos.com.ar\/index.php\/vecino-de-trenque-lauquen-internado-en-terapia-intensiva-por-grave-accidente\/#article\",\"isPartOf\":{\"@id\":\"https:\/\/infoecos.com.ar\/index.php\/vecino-de-trenque-lauquen-internado-en-terapia-intensiva-por-grave-accidente\/\"},\"author\":{\"name\":\"Jorge Matheus\",\"@id\":\"https:\/\/infoecos.com.ar\/#\/schema\/person\/8f5ace5ce73b4b4aac4b7245aee6f191\"},\"headline\":\"Vecino de Trenque Lauquen internado en Terapia Intensiva por grave accidente\",\"datePublished\":\"2023-05-03T04:01:26+00:00\",\"dateModified\":\"2023-05-03T04:02:25+00:00\",\"mainEntityOfPage\":{\"@id\":\"https:\/\/infoecos.com.ar\/index.php\/vecino-de-trenque-lauquen-internado-en-terapia-intensiva-por-grave-accidente\/\"},\"wordCount\":124,\"publisher\":{\"@id\":\"https:\/\/infoecos.com.ar\/#organization\"},\"image\":{\"@id\":\"https:\/\/infoecos.com.ar\/index.php\/vecino-de-trenque-lauquen-internado-en-terapia-intensiva-por-grave-accidente\/#primaryimage\"},\"thumbnailUrl\":\"https:\/\/infoecos.com.ar\/wp-content\/uploads\/2023\/05\/WhatsApp-Image-2023-05-02-at-20.43.30.jpeg\",\"keywords\":[\"uribarri y ameghino\"],\"articleSection\":[\"C2 N2\"],\"inLanguage\":\"es\"},{\"@type\":\"WebPage\",\"@id\":\"https:\/\/infoecos.com.ar\/index.php\/vecino-de-trenque-lauquen-internado-en-terapia-intensiva-por-grave-accidente\/\",\"url\":\"https:\/\/infoecos.com.ar\/index.php\/vecino-de-trenque-lauquen-internado-en-terapia-intensiva-por-grave-accidente\/\",\"name\":\"Vecino de Trenque Lauquen internado en Terapia Intensiva por grave accidente - Infoecos\",\"isPartOf\":{\"@id\":\"https:\/\/infoecos.com.ar\/#website\"},\"primaryImageOfPage\":{\"@id\":\"https:\/\/infoecos.com.ar\/index.php\/vecino-de-trenque-lauquen-internado-en-terapia-intensiva-por-grave-accidente\/#primaryimage\"},\"image\":{\"@id\":\"https:\/\/infoecos.com.ar\/index.php\/vecino-de-trenque-lauquen-internado-en-terapia-intensiva-por-grave-accidente\/#primaryimage\"},\"thumbnailUrl\":\"https:\/\/infoecos.com.ar\/wp-content\/uploads\/2023\/05\/WhatsApp-Image-2023-05-02-at-20.43.30.jpeg\",\"datePublished\":\"2023-05-03T04:01:26+00:00\",\"dateModified\":\"2023-05-03T04:02:25+00:00\",\"breadcrumb\":{\"@id\":\"https:\/\/infoecos.com.ar\/index.php\/vecino-de-trenque-lauquen-internado-en-terapia-intensiva-por-grave-accidente\/#breadcrumb\"},\"inLanguage\":\"es\",\"potentialAction\":[{\"@type\":\"ReadAction\",\"target\":[\"https:\/\/infoecos.com.ar\/index.php\/vecino-de-trenque-lauquen-internado-en-terapia-intensiva-por-grave-accidente\/\"]}]},{\"@type\":\"ImageObject\",\"inLanguage\":\"es\",\"@id\":\"https:\/\/infoecos.com.ar\/index.php\/vecino-de-trenque-lauquen-internado-en-terapia-intensiva-por-grave-accidente\/#primaryimage\",\"url\":\"https:\/\/infoecos.com.ar\/wp-content\/uploads\/2023\/05\/WhatsApp-Image-2023-05-02-at-20.43.30.jpeg\",\"contentUrl\":\"https:\/\/infoecos.com.ar\/wp-content\/uploads\/2023\/05\/WhatsApp-Image-2023-05-02-at-20.43.30.jpeg\",\"width\":1280,\"height\":720},{\"@type\":\"BreadcrumbList\",\"@id\":\"https:\/\/infoecos.com.ar\/index.php\/vecino-de-trenque-lauquen-internado-en-terapia-intensiva-por-grave-accidente\/#breadcrumb\",\"itemListElement\":[{\"@type\":\"ListItem\",\"position\":1,\"name\":\"Portada\",\"item\":\"https:\/\/infoecos.com.ar\/\"},{\"@type\":\"ListItem\",\"position\":2,\"name\":\"Vecino de Trenque Lauquen internado en Terapia Intensiva por grave accidente\"}]},{\"@type\":\"WebSite\",\"@id\":\"https:\/\/infoecos.com.ar\/#website\",\"url\":\"https:\/\/infoecos.com.ar\/\",\"name\":\"Infoecos\",\"description\":\"Noticias de trenque lauquen y la zona\",\"publisher\":{\"@id\":\"https:\/\/infoecos.com.ar\/#organization\"},\"alternateName\":\"Noticias\",\"potentialAction\":[{\"@type\":\"SearchAction\",\"target\":{\"@type\":\"EntryPoint\",\"urlTemplate\":\"https:\/\/infoecos.com.ar\/?s={search_term_string}\"},\"query-input\":{\"@type\":\"PropertyValueSpecification\",\"valueRequired\":true,\"valueName\":\"search_term_string\"}}],\"inLanguage\":\"es\"},{\"@type\":\"Organization\",\"@id\":\"https:\/\/infoecos.com.ar\/#organization\",\"name\":\"Infoecos\",\"alternateName\":\"Noticias\",\"url\":\"https:\/\/infoecos.com.ar\/\",\"logo\":{\"@type\":\"ImageObject\",\"inLanguage\":\"es\",\"@id\":\"https:\/\/infoecos.com.ar\/#\/schema\/logo\/image\/\",\"url\":\"https:\/\/infoecos.com.ar\/wp-content\/uploads\/2024\/03\/cropped-logo.png\",\"contentUrl\":\"https:\/\/infoecos.com.ar\/wp-content\/uploads\/2024\/03\/cropped-logo.png\",\"width\":374,\"height\":90,\"caption\":\"Infoecos\"},\"image\":{\"@id\":\"https:\/\/infoecos.com.ar\/#\/schema\/logo\/image\/\"},\"sameAs\":[\"https:\/\/www.facebook.com\/profile.php?id=100063200290284\",\"https:\/\/x.com\/infoecos\"]},{\"@type\":\"Person\",\"@id\":\"https:\/\/infoecos.com.ar\/#\/schema\/person\/8f5ace5ce73b4b4aac4b7245aee6f191\",\"name\":\"Jorge Matheus\",\"url\":\"https:\/\/infoecos.com.ar\/index.php\/author\/jomatheus\/\"}]}<\/script>\n<!-- \/ Yoast SEO plugin. -->","yoast_head_json":{"title":"Vecino de Trenque Lauquen internado en Terapia Intensiva por grave accidente - Infoecos","robots":{"index":"index","follow":"follow","max-snippet":"max-snippet:-1","max-image-preview":"max-image-preview:large","max-video-preview":"max-video-preview:-1"},"canonical":"https:\/\/infoecos.com.ar\/index.php\/vecino-de-trenque-lauquen-internado-en-terapia-intensiva-por-grave-accidente\/","og_locale":"es_ES","og_type":"article","og_title":"Vecino de Trenque Lauquen internado en Terapia Intensiva por grave accidente - Infoecos","og_description":"La Polic\u00eda inform\u00f3 que colisionaron un autom\u00f3vil marca Fiat, modelo Cronos, conducido por Elba Marisa Recoulat de 58 a\u00f1os y una bicicleta - tipo playera - color verde, conducida por Jorge Emilio Mart\u00ednez de 77 a\u00f1os","og_url":"https:\/\/infoecos.com.ar\/index.php\/vecino-de-trenque-lauquen-internado-en-terapia-intensiva-por-grave-accidente\/","og_site_name":"Infoecos","article_publisher":"https:\/\/www.facebook.com\/profile.php?id=100063200290284","article_published_time":"2023-05-03T04:01:26+00:00","article_modified_time":"2023-05-03T04:02:25+00:00","og_image":[{"width":1280,"height":720,"url":"https:\/\/infoecos.com.ar\/wp-content\/uploads\/2023\/05\/WhatsApp-Image-2023-05-02-at-20.43.30.jpeg","type":"image\/jpeg"}],"author":"Jorge Matheus","twitter_card":"summary_large_image","twitter_creator":"@infoecos","twitter_site":"@infoecos","twitter_misc":{"Escrito por":"Jorge Matheus","Tiempo de lectura":"1 minuto"},"schema":{"@context":"https:\/\/schema.org","@graph":[{"@type":"Article","@id":"https:\/\/infoecos.com.ar\/index.php\/vecino-de-trenque-lauquen-internado-en-terapia-intensiva-por-grave-accidente\/#article","isPartOf":{"@id":"https:\/\/infoecos.com.ar\/index.php\/vecino-de-trenque-lauquen-internado-en-terapia-intensiva-por-grave-accidente\/"},"author":{"name":"Jorge Matheus","@id":"https:\/\/infoecos.com.ar\/#\/schema\/person\/8f5ace5ce73b4b4aac4b7245aee6f191"},"headline":"Vecino de Trenque Lauquen internado en Terapia Intensiva por grave accidente","datePublished":"2023-05-03T04:01:26+00:00","dateModified":"2023-05-03T04:02:25+00:00","mainEntityOfPage":{"@id":"https:\/\/infoecos.com.ar\/index.php\/vecino-de-trenque-lauquen-internado-en-terapia-intensiva-por-grave-accidente\/"},"wordCount":124,"publisher":{"@id":"https:\/\/infoecos.com.ar\/#organization"},"image":{"@id":"https:\/\/infoecos.com.ar\/index.php\/vecino-de-trenque-lauquen-internado-en-terapia-intensiva-por-grave-accidente\/#primaryimage"},"thumbnailUrl":"https:\/\/infoecos.com.ar\/wp-content\/uploads\/2023\/05\/WhatsApp-Image-2023-05-02-at-20.43.30.jpeg","keywords":["uribarri y ameghino"],"articleSection":["C2 N2"],"inLanguage":"es"},{"@type":"WebPage","@id":"https:\/\/infoecos.com.ar\/index.php\/vecino-de-trenque-lauquen-internado-en-terapia-intensiva-por-grave-accidente\/","url":"https:\/\/infoecos.com.ar\/index.php\/vecino-de-trenque-lauquen-internado-en-terapia-intensiva-por-grave-accidente\/","name":"Vecino de Trenque Lauquen internado en Terapia Intensiva por grave accidente - Infoecos","isPartOf":{"@id":"https:\/\/infoecos.com.ar\/#website"},"primaryImageOfPage":{"@id":"https:\/\/infoecos.com.ar\/index.php\/vecino-de-trenque-lauquen-internado-en-terapia-intensiva-por-grave-accidente\/#primaryimage"},"image":{"@id":"https:\/\/infoecos.com.ar\/index.php\/vecino-de-trenque-lauquen-internado-en-terapia-intensiva-por-grave-accidente\/#primaryimage"},"thumbnailUrl":"https:\/\/infoecos.com.ar\/wp-content\/uploads\/2023\/05\/WhatsApp-Image-2023-05-02-at-20.43.30.jpeg","datePublished":"2023-05-03T04:01:26+00:00","dateModified":"2023-05-03T04:02:25+00:00","breadcrumb":{"@id":"https:\/\/infoecos.com.ar\/index.php\/vecino-de-trenque-lauquen-internado-en-terapia-intensiva-por-grave-accidente\/#breadcrumb"},"inLanguage":"es","potentialAction":[{"@type":"ReadAction","target":["https:\/\/infoecos.com.ar\/index.php\/vecino-de-trenque-lauquen-internado-en-terapia-intensiva-por-grave-accidente\/"]}]},{"@type":"ImageObject","inLanguage":"es","@id":"https:\/\/infoecos.com.ar\/index.php\/vecino-de-trenque-lauquen-internado-en-terapia-intensiva-por-grave-accidente\/#primaryimage","url":"https:\/\/infoecos.com.ar\/wp-content\/uploads\/2023\/05\/WhatsApp-Image-2023-05-02-at-20.43.30.jpeg","contentUrl":"https:\/\/infoecos.com.ar\/wp-content\/uploads\/2023\/05\/WhatsApp-Image-2023-05-02-at-20.43.30.jpeg","width":1280,"height":720},{"@type":"BreadcrumbList","@id":"https:\/\/infoecos.com.ar\/index.php\/vecino-de-trenque-lauquen-internado-en-terapia-intensiva-por-grave-accidente\/#breadcrumb","itemListElement":[{"@type":"ListItem","position":1,"name":"Portada","item":"https:\/\/infoecos.com.ar\/"},{"@type":"ListItem","position":2,"name":"Vecino de Trenque Lauquen internado en Terapia Intensiva por grave accidente"}]},{"@type":"WebSite","@id":"https:\/\/infoecos.com.ar\/#website","url":"https:\/\/infoecos.com.ar\/","name":"Infoecos","description":"Noticias de trenque lauquen y la zona","publisher":{"@id":"https:\/\/infoecos.com.ar\/#organization"},"alternateName":"Noticias","potentialAction":[{"@type":"SearchAction","target":{"@type":"EntryPoint","urlTemplate":"https:\/\/infoecos.com.ar\/?s={search_term_string}"},"query-input":{"@type":"PropertyValueSpecification","valueRequired":true,"valueName":"search_term_string"}}],"inLanguage":"es"},{"@type":"Organization","@id":"https:\/\/infoecos.com.ar\/#organization","name":"Infoecos","alternateName":"Noticias","url":"https:\/\/infoecos.com.ar\/","logo":{"@type":"ImageObject","inLanguage":"es","@id":"https:\/\/infoecos.com.ar\/#\/schema\/logo\/image\/","url":"https:\/\/infoecos.com.ar\/wp-content\/uploads\/2024\/03\/cropped-logo.png","contentUrl":"https:\/\/infoecos.com.ar\/wp-content\/uploads\/2024\/03\/cropped-logo.png","width":374,"height":90,"caption":"Infoecos"},"image":{"@id":"https:\/\/infoecos.com.ar\/#\/schema\/logo\/image\/"},"sameAs":["https:\/\/www.facebook.com\/profile.php?id=100063200290284","https:\/\/x.com\/infoecos"]},{"@type":"Person","@id":"https:\/\/infoecos.com.ar\/#\/schema\/person\/8f5ace5ce73b4b4aac4b7245aee6f191","name":"Jorge Matheus","url":"https:\/\/infoecos.com.ar\/index.php\/author\/jomatheus\/"}]}},"featured_image_urls":{"full":["https:\/\/infoecos.com.ar\/wp-content\/uploads\/2023\/05\/WhatsApp-Image-2023-05-02-at-20.43.30.jpeg",1280,720,false],"thumbnail":["https:\/\/infoecos.com.ar\/wp-content\/uploads\/2023\/05\/WhatsApp-Image-2023-05-02-at-20.43.30-300x150.jpeg",300,150,true],"medium":["https:\/\/infoecos.com.ar\/wp-content\/uploads\/2023\/05\/WhatsApp-Image-2023-05-02-at-20.43.30-800x450.jpeg",800,450,true],"medium_large":["https:\/\/infoecos.com.ar\/wp-content\/uploads\/2023\/05\/WhatsApp-Image-2023-05-02-at-20.43.30-768x432.jpeg",640,360,true],"large":["https:\/\/infoecos.com.ar\/wp-content\/uploads\/2023\/05\/WhatsApp-Image-2023-05-02-at-20.43.30.jpeg",640,360,false],"1536x1536":["https:\/\/infoecos.com.ar\/wp-content\/uploads\/2023\/05\/WhatsApp-Image-2023-05-02-at-20.43.30.jpeg",1280,720,false],"2048x2048":["https:\/\/infoecos.com.ar\/wp-content\/uploads\/2023\/05\/WhatsApp-Image-2023-05-02-at-20.43.30.jpeg",1280,720,false],"covernews-slider-full":["https:\/\/infoecos.com.ar\/wp-content\/uploads\/2023\/05\/WhatsApp-Image-2023-05-02-at-20.43.30.jpeg",1115,627,false],"covernews-slider-center":["https:\/\/infoecos.com.ar\/wp-content\/uploads\/2023\/05\/WhatsApp-Image-2023-05-02-at-20.43.30-936x720.jpeg",650,500,true],"covernews-featured":["https:\/\/infoecos.com.ar\/wp-content\/uploads\/2023\/05\/WhatsApp-Image-2023-05-02-at-20.43.30-1024x576.jpeg",1024,576,true],"covernews-medium":["https:\/\/infoecos.com.ar\/wp-content\/uploads\/2023\/05\/WhatsApp-Image-2023-05-02-at-20.43.30-720x380.jpeg",540,285,true],"covernews-medium-square":["https:\/\/infoecos.com.ar\/wp-content\/uploads\/2023\/05\/WhatsApp-Image-2023-05-02-at-20.43.30-675x450.jpeg",375,250,true]},"author_info":{"info":["Jorge Matheus"]},"category_info":"<a href=\"https:\/\/infoecos.com.ar\/index.php\/category\/c2nota2\/\" rel=\"category tag\">C2 N2<\/a>","tag_info":"C2 N2","comment_count":"0","_links":{"self":[{"href":"https:\/\/infoecos.com.ar\/index.php\/wp-json\/wp\/v2\/posts\/104550"}],"collection":[{"href":"https:\/\/infoecos.com.ar\/index.php\/wp-json\/wp\/v2\/posts"}],"about":[{"href":"https:\/\/infoecos.com.ar\/index.php\/wp-json\/wp\/v2\/types\/post"}],"author":[{"embeddable":true,"href":"https:\/\/infoecos.com.ar\/index.php\/wp-json\/wp\/v2\/users\/2"}],"replies":[{"embeddable":true,"href":"https:\/\/infoecos.com.ar\/index.php\/wp-json\/wp\/v2\/comments?post=104550"}],"version-history":[{"count":1,"href":"https:\/\/infoecos.com.ar\/index.php\/wp-json\/wp\/v2\/posts\/104550\/revisions"}],"predecessor-version":[{"id":104553,"href":"https:\/\/infoecos.com.ar\/index.php\/wp-json\/wp\/v2\/posts\/104550\/revisions\/104553"}],"wp:featuredmedia":[{"embeddable":true,"href":"https:\/\/infoecos.com.ar\/index.php\/wp-json\/wp\/v2\/media\/104552"}],"wp:attachment":[{"href":"https:\/\/infoecos.com.ar\/index.php\/wp-json\/wp\/v2\/media?parent=104550"}],"wp:term":[{"taxonomy":"category","embeddable":true,"href":"https:\/\/infoecos.com.ar\/index.php\/wp-json\/wp\/v2\/categories?post=104550"},{"taxonomy":"post_tag","embeddable":true,"href":"https:\/\/infoecos.com.ar\/index.php\/wp-json\/wp\/v2\/tags?post=104550"}],"curies":[{"name":"wp","href":"https:\/\/api.w.org\/{rel}","templated":true}]}}