{"id":104554,"date":"2023-05-03T01:17:31","date_gmt":"2023-05-03T04:17:31","guid":{"rendered":"https:\/\/infoecos.com.ar\/?p=104554"},"modified":"2023-05-03T01:19:29","modified_gmt":"2023-05-03T04:19:29","slug":"104554","status":"publish","type":"post","link":"https:\/\/infoecos.com.ar\/index.php\/104554\/","title":{"rendered":"En el d\u00eda de ayer, Bomberos Voluntarios de Trenque Lauquen fue convocado a dos incendios"},"content":{"rendered":"\n<p>Bomberos Voluntarios de Trenque Lauquen debi\u00f3 asistir a dos incendios en el d\u00eda de ayer. Uno se registr\u00f3 en una cosechadora que se encontraba en un campo. Acudieron dos dotaciones. <\/p>\n\n\n\n<p>Se inform\u00f3 que a las 15.50 lleg\u00f3 al cuartel el propietario de un campo que inform\u00f3 sobre el incendio. <\/p>\n\n\n\n<p>Al lugar acudieron dos dotaciones a cargo del sub oficial sub ayudante Fortunoff Facundo.<\/p>\n\n\n\n<p>Al arribo de la dotacion se observa cosechadora con un principio de incendio.<\/p>\n\n\n\n<p>Se procedi\u00f3 a realizar inspecci\u00f3n ocular y se realizaron tareas de enfriamiento en la maquinaria destinada a la cosecha.<\/p>\n\n\n\n<figure class=\"wp-block-image aligncenter size-full is-resized\"><img loading=\"lazy\" decoding=\"async\" src=\"https:\/\/infoecos.com.ar\/wp-content\/uploads\/2023\/05\/cosechadora.jpeg\" alt=\"\" class=\"wp-image-104555\" width=\"448\" height=\"797\" srcset=\"https:\/\/infoecos.com.ar\/wp-content\/uploads\/2023\/05\/cosechadora.jpeg 720w, https:\/\/infoecos.com.ar\/wp-content\/uploads\/2023\/05\/cosechadora-450x800.jpeg 450w\" sizes=\"(max-width: 448px) 100vw, 448px\" \/><figcaption class=\"wp-element-caption\">Cosechadora incendiada en el campo <strong>\u00abOjo de Agua\u00bb<\/strong> del distrito de Rivadavia  publicada por el sitio rivadaviaonline.com.ar <\/figcaption><\/figure>\n\n\n\n<p>A las 16.30 se los convoc\u00f3 por el incendio de una camioneta ubicada en Carlos Casares 160.<\/p>\n\n\n\n<p>De inmediato se da aviso al personal que se encontraba en el cuartel y al lugar acudi\u00f3 una unidad de rapida intervenci\u00f3n a cargo del segundo jefe Bentrovato Sebastian.<\/p>\n\n\n\n<p>Se observaron residuos en la parte trasera de una camioneta. El proceso igneo hab\u00eda sido controlado por vecinos que se encontraban en el lugar.<\/p>\n\n\n\n<p>No se proporcionaron fotograf\u00edas en la p\u00e1gina de la entidad. <\/p>\n","protected":false},"excerpt":{"rendered":"<p>Cosechadora incendiada en el campo \u00abOjo de Agua\u00bb del distrito de Rivadavia  publicada por el sitio rivadaviaonline.com.ar<\/p>\n","protected":false},"author":2,"featured_media":104555,"comment_status":"closed","ping_status":"open","sticky":false,"template":"","format":"standard","meta":{"footnotes":""},"categories":[47],"tags":[7837],"class_list":["post-104554","post","type-post","status-publish","format-standard","has-post-thumbnail","hentry","category-c3nota2","tag-una-cosechadora-y-una-camioneta"],"yoast_head":"<!-- This site is optimized with the Yoast SEO plugin v23.4 - https:\/\/yoast.com\/wordpress\/plugins\/seo\/ -->\n<title>En el d\u00eda de ayer, Bomberos Voluntarios de Trenque Lauquen fue convocado a dos incendios - Infoecos<\/title>\n<meta name=\"robots\" content=\"index, follow, max-snippet:-1, max-image-preview:large, max-video-preview:-1\" \/>\n<link rel=\"canonical\" href=\"https:\/\/infoecos.com.ar\/index.php\/104554\/\" \/>\n<meta property=\"og:locale\" content=\"es_ES\" \/>\n<meta property=\"og:type\" content=\"article\" \/>\n<meta property=\"og:title\" content=\"En el d\u00eda de ayer, Bomberos Voluntarios de Trenque Lauquen fue convocado a dos incendios - Infoecos\" \/>\n<meta property=\"og:description\" content=\"Cosechadora incendiada en el campo \u00abOjo de Agua\u00bb del distrito de Rivadavia publicada por el sitio rivadaviaonline.com.ar\" \/>\n<meta property=\"og:url\" content=\"https:\/\/infoecos.com.ar\/index.php\/104554\/\" \/>\n<meta property=\"og:site_name\" content=\"Infoecos\" \/>\n<meta property=\"article:publisher\" content=\"https:\/\/www.facebook.com\/profile.php?id=100063200290284\" \/>\n<meta property=\"article:published_time\" content=\"2023-05-03T04:17:31+00:00\" \/>\n<meta property=\"article:modified_time\" content=\"2023-05-03T04:19:29+00:00\" \/>\n<meta property=\"og:image\" content=\"https:\/\/infoecos.com.ar\/wp-content\/uploads\/2023\/05\/cosechadora.jpeg\" \/>\n\t<meta property=\"og:image:width\" content=\"720\" \/>\n\t<meta property=\"og:image:height\" content=\"1280\" \/>\n\t<meta property=\"og:image:type\" content=\"image\/jpeg\" \/>\n<meta name=\"author\" content=\"Jorge Matheus\" \/>\n<meta name=\"twitter:card\" content=\"summary_large_image\" \/>\n<meta name=\"twitter:creator\" content=\"@infoecos\" \/>\n<meta name=\"twitter:site\" content=\"@infoecos\" \/>\n<meta name=\"twitter:label1\" content=\"Escrito por\" \/>\n\t<meta name=\"twitter:data1\" content=\"Jorge Matheus\" \/>\n\t<meta name=\"twitter:label2\" content=\"Tiempo de lectura\" \/>\n\t<meta name=\"twitter:data2\" content=\"2 minutos\" \/>\n<script type=\"application\/ld+json\" class=\"yoast-schema-graph\">{\"@context\":\"https:\/\/schema.org\",\"@graph\":[{\"@type\":\"Article\",\"@id\":\"https:\/\/infoecos.com.ar\/index.php\/104554\/#article\",\"isPartOf\":{\"@id\":\"https:\/\/infoecos.com.ar\/index.php\/104554\/\"},\"author\":{\"name\":\"Jorge Matheus\",\"@id\":\"https:\/\/infoecos.com.ar\/#\/schema\/person\/8f5ace5ce73b4b4aac4b7245aee6f191\"},\"headline\":\"En el d\u00eda de ayer, Bomberos Voluntarios de Trenque Lauquen fue convocado a dos incendios\",\"datePublished\":\"2023-05-03T04:17:31+00:00\",\"dateModified\":\"2023-05-03T04:19:29+00:00\",\"mainEntityOfPage\":{\"@id\":\"https:\/\/infoecos.com.ar\/index.php\/104554\/\"},\"wordCount\":213,\"publisher\":{\"@id\":\"https:\/\/infoecos.com.ar\/#organization\"},\"image\":{\"@id\":\"https:\/\/infoecos.com.ar\/index.php\/104554\/#primaryimage\"},\"thumbnailUrl\":\"https:\/\/infoecos.com.ar\/wp-content\/uploads\/2023\/05\/cosechadora.jpeg\",\"keywords\":[\"una cosechadora y una camioneta\"],\"articleSection\":[\"C3 N2\"],\"inLanguage\":\"es\"},{\"@type\":\"WebPage\",\"@id\":\"https:\/\/infoecos.com.ar\/index.php\/104554\/\",\"url\":\"https:\/\/infoecos.com.ar\/index.php\/104554\/\",\"name\":\"En el d\u00eda de ayer, Bomberos Voluntarios de Trenque Lauquen fue convocado a dos incendios - Infoecos\",\"isPartOf\":{\"@id\":\"https:\/\/infoecos.com.ar\/#website\"},\"primaryImageOfPage\":{\"@id\":\"https:\/\/infoecos.com.ar\/index.php\/104554\/#primaryimage\"},\"image\":{\"@id\":\"https:\/\/infoecos.com.ar\/index.php\/104554\/#primaryimage\"},\"thumbnailUrl\":\"https:\/\/infoecos.com.ar\/wp-content\/uploads\/2023\/05\/cosechadora.jpeg\",\"datePublished\":\"2023-05-03T04:17:31+00:00\",\"dateModified\":\"2023-05-03T04:19:29+00:00\",\"breadcrumb\":{\"@id\":\"https:\/\/infoecos.com.ar\/index.php\/104554\/#breadcrumb\"},\"inLanguage\":\"es\",\"potentialAction\":[{\"@type\":\"ReadAction\",\"target\":[\"https:\/\/infoecos.com.ar\/index.php\/104554\/\"]}]},{\"@type\":\"ImageObject\",\"inLanguage\":\"es\",\"@id\":\"https:\/\/infoecos.com.ar\/index.php\/104554\/#primaryimage\",\"url\":\"https:\/\/infoecos.com.ar\/wp-content\/uploads\/2023\/05\/cosechadora.jpeg\",\"contentUrl\":\"https:\/\/infoecos.com.ar\/wp-content\/uploads\/2023\/05\/cosechadora.jpeg\",\"width\":720,\"height\":1280},{\"@type\":\"BreadcrumbList\",\"@id\":\"https:\/\/infoecos.com.ar\/index.php\/104554\/#breadcrumb\",\"itemListElement\":[{\"@type\":\"ListItem\",\"position\":1,\"name\":\"Portada\",\"item\":\"https:\/\/infoecos.com.ar\/\"},{\"@type\":\"ListItem\",\"position\":2,\"name\":\"En el d\u00eda de ayer, Bomberos Voluntarios de Trenque Lauquen fue convocado a dos incendios\"}]},{\"@type\":\"WebSite\",\"@id\":\"https:\/\/infoecos.com.ar\/#website\",\"url\":\"https:\/\/infoecos.com.ar\/\",\"name\":\"Infoecos\",\"description\":\"Noticias de trenque lauquen y la zona\",\"publisher\":{\"@id\":\"https:\/\/infoecos.com.ar\/#organization\"},\"alternateName\":\"Noticias\",\"potentialAction\":[{\"@type\":\"SearchAction\",\"target\":{\"@type\":\"EntryPoint\",\"urlTemplate\":\"https:\/\/infoecos.com.ar\/?s={search_term_string}\"},\"query-input\":{\"@type\":\"PropertyValueSpecification\",\"valueRequired\":true,\"valueName\":\"search_term_string\"}}],\"inLanguage\":\"es\"},{\"@type\":\"Organization\",\"@id\":\"https:\/\/infoecos.com.ar\/#organization\",\"name\":\"Infoecos\",\"alternateName\":\"Noticias\",\"url\":\"https:\/\/infoecos.com.ar\/\",\"logo\":{\"@type\":\"ImageObject\",\"inLanguage\":\"es\",\"@id\":\"https:\/\/infoecos.com.ar\/#\/schema\/logo\/image\/\",\"url\":\"https:\/\/infoecos.com.ar\/wp-content\/uploads\/2024\/03\/cropped-logo.png\",\"contentUrl\":\"https:\/\/infoecos.com.ar\/wp-content\/uploads\/2024\/03\/cropped-logo.png\",\"width\":374,\"height\":90,\"caption\":\"Infoecos\"},\"image\":{\"@id\":\"https:\/\/infoecos.com.ar\/#\/schema\/logo\/image\/\"},\"sameAs\":[\"https:\/\/www.facebook.com\/profile.php?id=100063200290284\",\"https:\/\/x.com\/infoecos\"]},{\"@type\":\"Person\",\"@id\":\"https:\/\/infoecos.com.ar\/#\/schema\/person\/8f5ace5ce73b4b4aac4b7245aee6f191\",\"name\":\"Jorge Matheus\",\"url\":\"https:\/\/infoecos.com.ar\/index.php\/author\/jomatheus\/\"}]}<\/script>\n<!-- \/ Yoast SEO plugin. -->","yoast_head_json":{"title":"En el d\u00eda de ayer, Bomberos Voluntarios de Trenque Lauquen fue convocado a dos incendios - Infoecos","robots":{"index":"index","follow":"follow","max-snippet":"max-snippet:-1","max-image-preview":"max-image-preview:large","max-video-preview":"max-video-preview:-1"},"canonical":"https:\/\/infoecos.com.ar\/index.php\/104554\/","og_locale":"es_ES","og_type":"article","og_title":"En el d\u00eda de ayer, Bomberos Voluntarios de Trenque Lauquen fue convocado a dos incendios - Infoecos","og_description":"Cosechadora incendiada en el campo \u00abOjo de Agua\u00bb del distrito de Rivadavia publicada por el sitio rivadaviaonline.com.ar","og_url":"https:\/\/infoecos.com.ar\/index.php\/104554\/","og_site_name":"Infoecos","article_publisher":"https:\/\/www.facebook.com\/profile.php?id=100063200290284","article_published_time":"2023-05-03T04:17:31+00:00","article_modified_time":"2023-05-03T04:19:29+00:00","og_image":[{"width":720,"height":1280,"url":"https:\/\/infoecos.com.ar\/wp-content\/uploads\/2023\/05\/cosechadora.jpeg","type":"image\/jpeg"}],"author":"Jorge Matheus","twitter_card":"summary_large_image","twitter_creator":"@infoecos","twitter_site":"@infoecos","twitter_misc":{"Escrito por":"Jorge Matheus","Tiempo de lectura":"2 minutos"},"schema":{"@context":"https:\/\/schema.org","@graph":[{"@type":"Article","@id":"https:\/\/infoecos.com.ar\/index.php\/104554\/#article","isPartOf":{"@id":"https:\/\/infoecos.com.ar\/index.php\/104554\/"},"author":{"name":"Jorge Matheus","@id":"https:\/\/infoecos.com.ar\/#\/schema\/person\/8f5ace5ce73b4b4aac4b7245aee6f191"},"headline":"En el d\u00eda de ayer, Bomberos Voluntarios de Trenque Lauquen fue convocado a dos incendios","datePublished":"2023-05-03T04:17:31+00:00","dateModified":"2023-05-03T04:19:29+00:00","mainEntityOfPage":{"@id":"https:\/\/infoecos.com.ar\/index.php\/104554\/"},"wordCount":213,"publisher":{"@id":"https:\/\/infoecos.com.ar\/#organization"},"image":{"@id":"https:\/\/infoecos.com.ar\/index.php\/104554\/#primaryimage"},"thumbnailUrl":"https:\/\/infoecos.com.ar\/wp-content\/uploads\/2023\/05\/cosechadora.jpeg","keywords":["una cosechadora y una camioneta"],"articleSection":["C3 N2"],"inLanguage":"es"},{"@type":"WebPage","@id":"https:\/\/infoecos.com.ar\/index.php\/104554\/","url":"https:\/\/infoecos.com.ar\/index.php\/104554\/","name":"En el d\u00eda de ayer, Bomberos Voluntarios de Trenque Lauquen fue convocado a dos incendios - Infoecos","isPartOf":{"@id":"https:\/\/infoecos.com.ar\/#website"},"primaryImageOfPage":{"@id":"https:\/\/infoecos.com.ar\/index.php\/104554\/#primaryimage"},"image":{"@id":"https:\/\/infoecos.com.ar\/index.php\/104554\/#primaryimage"},"thumbnailUrl":"https:\/\/infoecos.com.ar\/wp-content\/uploads\/2023\/05\/cosechadora.jpeg","datePublished":"2023-05-03T04:17:31+00:00","dateModified":"2023-05-03T04:19:29+00:00","breadcrumb":{"@id":"https:\/\/infoecos.com.ar\/index.php\/104554\/#breadcrumb"},"inLanguage":"es","potentialAction":[{"@type":"ReadAction","target":["https:\/\/infoecos.com.ar\/index.php\/104554\/"]}]},{"@type":"ImageObject","inLanguage":"es","@id":"https:\/\/infoecos.com.ar\/index.php\/104554\/#primaryimage","url":"https:\/\/infoecos.com.ar\/wp-content\/uploads\/2023\/05\/cosechadora.jpeg","contentUrl":"https:\/\/infoecos.com.ar\/wp-content\/uploads\/2023\/05\/cosechadora.jpeg","width":720,"height":1280},{"@type":"BreadcrumbList","@id":"https:\/\/infoecos.com.ar\/index.php\/104554\/#breadcrumb","itemListElement":[{"@type":"ListItem","position":1,"name":"Portada","item":"https:\/\/infoecos.com.ar\/"},{"@type":"ListItem","position":2,"name":"En el d\u00eda de ayer, Bomberos Voluntarios de Trenque Lauquen fue convocado a dos incendios"}]},{"@type":"WebSite","@id":"https:\/\/infoecos.com.ar\/#website","url":"https:\/\/infoecos.com.ar\/","name":"Infoecos","description":"Noticias de trenque lauquen y la zona","publisher":{"@id":"https:\/\/infoecos.com.ar\/#organization"},"alternateName":"Noticias","potentialAction":[{"@type":"SearchAction","target":{"@type":"EntryPoint","urlTemplate":"https:\/\/infoecos.com.ar\/?s={search_term_string}"},"query-input":{"@type":"PropertyValueSpecification","valueRequired":true,"valueName":"search_term_string"}}],"inLanguage":"es"},{"@type":"Organization","@id":"https:\/\/infoecos.com.ar\/#organization","name":"Infoecos","alternateName":"Noticias","url":"https:\/\/infoecos.com.ar\/","logo":{"@type":"ImageObject","inLanguage":"es","@id":"https:\/\/infoecos.com.ar\/#\/schema\/logo\/image\/","url":"https:\/\/infoecos.com.ar\/wp-content\/uploads\/2024\/03\/cropped-logo.png","contentUrl":"https:\/\/infoecos.com.ar\/wp-content\/uploads\/2024\/03\/cropped-logo.png","width":374,"height":90,"caption":"Infoecos"},"image":{"@id":"https:\/\/infoecos.com.ar\/#\/schema\/logo\/image\/"},"sameAs":["https:\/\/www.facebook.com\/profile.php?id=100063200290284","https:\/\/x.com\/infoecos"]},{"@type":"Person","@id":"https:\/\/infoecos.com.ar\/#\/schema\/person\/8f5ace5ce73b4b4aac4b7245aee6f191","name":"Jorge Matheus","url":"https:\/\/infoecos.com.ar\/index.php\/author\/jomatheus\/"}]}},"featured_image_urls":{"full":["https:\/\/infoecos.com.ar\/wp-content\/uploads\/2023\/05\/cosechadora.jpeg",720,1280,false],"thumbnail":["https:\/\/infoecos.com.ar\/wp-content\/uploads\/2023\/05\/cosechadora-300x150.jpeg",300,150,true],"medium":["https:\/\/infoecos.com.ar\/wp-content\/uploads\/2023\/05\/cosechadora-450x800.jpeg",450,800,true],"medium_large":["https:\/\/infoecos.com.ar\/wp-content\/uploads\/2023\/05\/cosechadora.jpeg",640,1138,false],"large":["https:\/\/infoecos.com.ar\/wp-content\/uploads\/2023\/05\/cosechadora.jpeg",640,1138,false],"1536x1536":["https:\/\/infoecos.com.ar\/wp-content\/uploads\/2023\/05\/cosechadora.jpeg",720,1280,false],"2048x2048":["https:\/\/infoecos.com.ar\/wp-content\/uploads\/2023\/05\/cosechadora.jpeg",720,1280,false],"covernews-slider-full":["https:\/\/infoecos.com.ar\/wp-content\/uploads\/2023\/05\/cosechadora-720x1020.jpeg",505,715,true],"covernews-slider-center":["https:\/\/infoecos.com.ar\/wp-content\/uploads\/2023\/05\/cosechadora-720x897.jpeg",401,500,true],"covernews-featured":["https:\/\/infoecos.com.ar\/wp-content\/uploads\/2023\/05\/cosechadora.jpeg",720,1280,false],"covernews-medium":["https:\/\/infoecos.com.ar\/wp-content\/uploads\/2023\/05\/cosechadora-720x380.jpeg",540,285,true],"covernews-medium-square":["https:\/\/infoecos.com.ar\/wp-content\/uploads\/2023\/05\/cosechadora-675x450.jpeg",375,250,true]},"author_info":{"info":["Jorge Matheus"]},"category_info":"<a href=\"https:\/\/infoecos.com.ar\/index.php\/category\/c3nota2\/\" rel=\"category tag\">C3 N2<\/a>","tag_info":"C3 N2","comment_count":"0","_links":{"self":[{"href":"https:\/\/infoecos.com.ar\/index.php\/wp-json\/wp\/v2\/posts\/104554"}],"collection":[{"href":"https:\/\/infoecos.com.ar\/index.php\/wp-json\/wp\/v2\/posts"}],"about":[{"href":"https:\/\/infoecos.com.ar\/index.php\/wp-json\/wp\/v2\/types\/post"}],"author":[{"embeddable":true,"href":"https:\/\/infoecos.com.ar\/index.php\/wp-json\/wp\/v2\/users\/2"}],"replies":[{"embeddable":true,"href":"https:\/\/infoecos.com.ar\/index.php\/wp-json\/wp\/v2\/comments?post=104554"}],"version-history":[{"count":3,"href":"https:\/\/infoecos.com.ar\/index.php\/wp-json\/wp\/v2\/posts\/104554\/revisions"}],"predecessor-version":[{"id":104559,"href":"https:\/\/infoecos.com.ar\/index.php\/wp-json\/wp\/v2\/posts\/104554\/revisions\/104559"}],"wp:featuredmedia":[{"embeddable":true,"href":"https:\/\/infoecos.com.ar\/index.php\/wp-json\/wp\/v2\/media\/104555"}],"wp:attachment":[{"href":"https:\/\/infoecos.com.ar\/index.php\/wp-json\/wp\/v2\/media?parent=104554"}],"wp:term":[{"taxonomy":"category","embeddable":true,"href":"https:\/\/infoecos.com.ar\/index.php\/wp-json\/wp\/v2\/categories?post=104554"},{"taxonomy":"post_tag","embeddable":true,"href":"https:\/\/infoecos.com.ar\/index.php\/wp-json\/wp\/v2\/tags?post=104554"}],"curies":[{"name":"wp","href":"https:\/\/api.w.org\/{rel}","templated":true}]}}