{"id":104573,"date":"2023-05-03T01:58:10","date_gmt":"2023-05-03T04:58:10","guid":{"rendered":"https:\/\/infoecos.com.ar\/?p=104573"},"modified":"2023-05-04T01:23:05","modified_gmt":"2023-05-04T04:23:05","slug":"lula-recibio-a-fernandez-y-senalo-que-estamos-dispuestos-a-ayudar-a-la-argentina","status":"publish","type":"post","link":"https:\/\/infoecos.com.ar\/index.php\/lula-recibio-a-fernandez-y-senalo-que-estamos-dispuestos-a-ayudar-a-la-argentina\/","title":{"rendered":"Lula recibi\u00f3 a Fern\u00e1ndez y se\u00f1al\u00f3 que \u00abestamos dispuestos a ayudar a la Argentina\u00bb"},"content":{"rendered":"\n<p>El presidente Alberto Fern\u00e1ndez celebr\u00f3 ayer el apoyo del mandatario brasilero Lula da Silva, quien anunci\u00f3 que su pa\u00eds est\u00e1 \u00abdispuesto a ayudar a la Argentina a encontrar una soluci\u00f3n\u00bb y va a interceder ante el FMI \u00abpara sacar el cuchillo del cuello\u00bb.<\/p>\n\n\n\n<figure class=\"wp-block-image aligncenter size-full is-resized\"><img loading=\"lazy\" decoding=\"async\" src=\"https:\/\/infoecos.com.ar\/wp-content\/uploads\/2023\/05\/image-19.png\" alt=\"\" class=\"wp-image-104574\" width=\"534\" height=\"300\" srcset=\"https:\/\/infoecos.com.ar\/wp-content\/uploads\/2023\/05\/image-19.png 807w, https:\/\/infoecos.com.ar\/wp-content\/uploads\/2023\/05\/image-19-800x450.png 800w, https:\/\/infoecos.com.ar\/wp-content\/uploads\/2023\/05\/image-19-768x432.png 768w\" sizes=\"(max-width: 534px) 100vw, 534px\" \/><figcaption class=\"wp-element-caption\">Lula y Fern\u00e1ndez <\/figcaption><\/figure>\n\n\n\n<p>As\u00ed lo manifestaron ambos mandatarios anoche en una rueda de prensa conjunta realizada en Brasilia, luego de una reuni\u00f3n bilateral que dur\u00f3 cerca de cuatro horas.<\/p>\n\n\n\n<p>El presidente Alberto Fern\u00e1ndez celebr\u00f3 y valor\u00f3 \u00abel apoyo explicito que el presidente Lula nos ha dado como pa\u00eds y como gobierno\u00bb.<\/p>\n\n\n\n<p>\u00abHan tomado la decisi\u00f3n de ayudar a que las empresas de Brasil sigan exportando a la Argentina y nos hab\u00edan pedido algunos deberes que hemos hecho, tienen que ver con las garant\u00edas necesarias para que Brasil pueda favorecer esos cr\u00e9ditos\u00bb, afirm\u00f3 el Presidente argentino.<\/p>\n\n\n\n<p>En tanto, Lula da Silva dijo que su pa\u00eds va a interceder ante el FMI para \u00absacar el cuchillo del cuello\u00bb de la Argentina en la cuesti\u00f3n de la deuda externa porque \u00absabe como se endeud\u00f3 y a qui\u00e9n le prest\u00f3 el dinero\u00bb y por lo tanto \u00abno puede seguir presionando a un pa\u00eds que solo quiere crecer, generar empleos y mejorar la vida del pueblo\u00bb.<\/p>\n\n\n\n<p>\u00abEstamos dispuestos a ayudar a la Argentina a encontrar una soluci\u00f3n\u00bb, indic\u00f3 Lula, quien revel\u00f3 que adem\u00e1s est\u00e1 hablando con los integrantes del bloque Brics (Brasil, Rusia, India, China y Sud\u00e1frica).<\/p>\n\n\n\n<p><\/p>\n","protected":false},"excerpt":{"rendered":"<p>El presidente Alberto Fern\u00e1ndez celebr\u00f3 y valor\u00f3 \u00abel apoyo explicito que el presidente Lula nos ha dado como pa\u00eds y como gobierno\u00bb<\/p>\n","protected":false},"author":2,"featured_media":104574,"comment_status":"closed","ping_status":"open","sticky":false,"template":"","format":"standard","meta":{"footnotes":""},"categories":[43],"tags":[7838],"class_list":["post-104573","post","type-post","status-publish","format-standard","has-post-thumbnail","hentry","category-inferior4","tag-rueda-de-prensa-de-ambos-mandatarios"],"yoast_head":"<!-- This site is optimized with the Yoast SEO plugin v23.4 - https:\/\/yoast.com\/wordpress\/plugins\/seo\/ -->\n<title>Lula recibi\u00f3 a Fern\u00e1ndez y se\u00f1al\u00f3 que &quot;estamos dispuestos a ayudar a la Argentina&quot; - Infoecos<\/title>\n<meta name=\"robots\" content=\"index, follow, max-snippet:-1, max-image-preview:large, max-video-preview:-1\" \/>\n<link rel=\"canonical\" href=\"https:\/\/infoecos.com.ar\/index.php\/lula-recibio-a-fernandez-y-senalo-que-estamos-dispuestos-a-ayudar-a-la-argentina\/\" \/>\n<meta property=\"og:locale\" content=\"es_ES\" \/>\n<meta property=\"og:type\" content=\"article\" \/>\n<meta property=\"og:title\" content=\"Lula recibi\u00f3 a Fern\u00e1ndez y se\u00f1al\u00f3 que &quot;estamos dispuestos a ayudar a la Argentina&quot; - Infoecos\" \/>\n<meta property=\"og:description\" content=\"El presidente Alberto Fern\u00e1ndez celebr\u00f3 y valor\u00f3 &quot;el apoyo explicito que el presidente Lula nos ha dado como pa\u00eds y como gobierno&quot;\" \/>\n<meta property=\"og:url\" content=\"https:\/\/infoecos.com.ar\/index.php\/lula-recibio-a-fernandez-y-senalo-que-estamos-dispuestos-a-ayudar-a-la-argentina\/\" \/>\n<meta property=\"og:site_name\" content=\"Infoecos\" \/>\n<meta property=\"article:publisher\" content=\"https:\/\/www.facebook.com\/profile.php?id=100063200290284\" \/>\n<meta property=\"article:published_time\" content=\"2023-05-03T04:58:10+00:00\" \/>\n<meta property=\"article:modified_time\" content=\"2023-05-04T04:23:05+00:00\" \/>\n<meta property=\"og:image\" content=\"https:\/\/infoecos.com.ar\/wp-content\/uploads\/2023\/05\/image-19.png\" \/>\n\t<meta property=\"og:image:width\" content=\"807\" \/>\n\t<meta property=\"og:image:height\" content=\"454\" \/>\n\t<meta property=\"og:image:type\" content=\"image\/png\" \/>\n<meta name=\"author\" content=\"Jorge Matheus\" \/>\n<meta name=\"twitter:card\" content=\"summary_large_image\" \/>\n<meta name=\"twitter:creator\" content=\"@infoecos\" \/>\n<meta name=\"twitter:site\" content=\"@infoecos\" \/>\n<meta name=\"twitter:label1\" content=\"Escrito por\" \/>\n\t<meta name=\"twitter:data1\" content=\"Jorge Matheus\" \/>\n\t<meta name=\"twitter:label2\" content=\"Tiempo de lectura\" \/>\n\t<meta name=\"twitter:data2\" content=\"2 minutos\" \/>\n<script type=\"application\/ld+json\" class=\"yoast-schema-graph\">{\"@context\":\"https:\/\/schema.org\",\"@graph\":[{\"@type\":\"Article\",\"@id\":\"https:\/\/infoecos.com.ar\/index.php\/lula-recibio-a-fernandez-y-senalo-que-estamos-dispuestos-a-ayudar-a-la-argentina\/#article\",\"isPartOf\":{\"@id\":\"https:\/\/infoecos.com.ar\/index.php\/lula-recibio-a-fernandez-y-senalo-que-estamos-dispuestos-a-ayudar-a-la-argentina\/\"},\"author\":{\"name\":\"Jorge Matheus\",\"@id\":\"https:\/\/infoecos.com.ar\/#\/schema\/person\/8f5ace5ce73b4b4aac4b7245aee6f191\"},\"headline\":\"Lula recibi\u00f3 a Fern\u00e1ndez y se\u00f1al\u00f3 que \u00abestamos dispuestos a ayudar a la Argentina\u00bb\",\"datePublished\":\"2023-05-03T04:58:10+00:00\",\"dateModified\":\"2023-05-04T04:23:05+00:00\",\"mainEntityOfPage\":{\"@id\":\"https:\/\/infoecos.com.ar\/index.php\/lula-recibio-a-fernandez-y-senalo-que-estamos-dispuestos-a-ayudar-a-la-argentina\/\"},\"wordCount\":269,\"publisher\":{\"@id\":\"https:\/\/infoecos.com.ar\/#organization\"},\"image\":{\"@id\":\"https:\/\/infoecos.com.ar\/index.php\/lula-recibio-a-fernandez-y-senalo-que-estamos-dispuestos-a-ayudar-a-la-argentina\/#primaryimage\"},\"thumbnailUrl\":\"https:\/\/infoecos.com.ar\/wp-content\/uploads\/2023\/05\/image-19.png\",\"keywords\":[\"RUEDA DE PRENSA DE AMBOS MANDATARIOS\"],\"articleSection\":[\"Bloque inferior - 4\"],\"inLanguage\":\"es\"},{\"@type\":\"WebPage\",\"@id\":\"https:\/\/infoecos.com.ar\/index.php\/lula-recibio-a-fernandez-y-senalo-que-estamos-dispuestos-a-ayudar-a-la-argentina\/\",\"url\":\"https:\/\/infoecos.com.ar\/index.php\/lula-recibio-a-fernandez-y-senalo-que-estamos-dispuestos-a-ayudar-a-la-argentina\/\",\"name\":\"Lula recibi\u00f3 a Fern\u00e1ndez y se\u00f1al\u00f3 que \\\"estamos dispuestos a ayudar a la Argentina\\\" - Infoecos\",\"isPartOf\":{\"@id\":\"https:\/\/infoecos.com.ar\/#website\"},\"primaryImageOfPage\":{\"@id\":\"https:\/\/infoecos.com.ar\/index.php\/lula-recibio-a-fernandez-y-senalo-que-estamos-dispuestos-a-ayudar-a-la-argentina\/#primaryimage\"},\"image\":{\"@id\":\"https:\/\/infoecos.com.ar\/index.php\/lula-recibio-a-fernandez-y-senalo-que-estamos-dispuestos-a-ayudar-a-la-argentina\/#primaryimage\"},\"thumbnailUrl\":\"https:\/\/infoecos.com.ar\/wp-content\/uploads\/2023\/05\/image-19.png\",\"datePublished\":\"2023-05-03T04:58:10+00:00\",\"dateModified\":\"2023-05-04T04:23:05+00:00\",\"breadcrumb\":{\"@id\":\"https:\/\/infoecos.com.ar\/index.php\/lula-recibio-a-fernandez-y-senalo-que-estamos-dispuestos-a-ayudar-a-la-argentina\/#breadcrumb\"},\"inLanguage\":\"es\",\"potentialAction\":[{\"@type\":\"ReadAction\",\"target\":[\"https:\/\/infoecos.com.ar\/index.php\/lula-recibio-a-fernandez-y-senalo-que-estamos-dispuestos-a-ayudar-a-la-argentina\/\"]}]},{\"@type\":\"ImageObject\",\"inLanguage\":\"es\",\"@id\":\"https:\/\/infoecos.com.ar\/index.php\/lula-recibio-a-fernandez-y-senalo-que-estamos-dispuestos-a-ayudar-a-la-argentina\/#primaryimage\",\"url\":\"https:\/\/infoecos.com.ar\/wp-content\/uploads\/2023\/05\/image-19.png\",\"contentUrl\":\"https:\/\/infoecos.com.ar\/wp-content\/uploads\/2023\/05\/image-19.png\",\"width\":807,\"height\":454},{\"@type\":\"BreadcrumbList\",\"@id\":\"https:\/\/infoecos.com.ar\/index.php\/lula-recibio-a-fernandez-y-senalo-que-estamos-dispuestos-a-ayudar-a-la-argentina\/#breadcrumb\",\"itemListElement\":[{\"@type\":\"ListItem\",\"position\":1,\"name\":\"Portada\",\"item\":\"https:\/\/infoecos.com.ar\/\"},{\"@type\":\"ListItem\",\"position\":2,\"name\":\"Lula recibi\u00f3 a Fern\u00e1ndez y se\u00f1al\u00f3 que \u00abestamos dispuestos a ayudar a la Argentina\u00bb\"}]},{\"@type\":\"WebSite\",\"@id\":\"https:\/\/infoecos.com.ar\/#website\",\"url\":\"https:\/\/infoecos.com.ar\/\",\"name\":\"Infoecos\",\"description\":\"Noticias de trenque lauquen y la zona\",\"publisher\":{\"@id\":\"https:\/\/infoecos.com.ar\/#organization\"},\"alternateName\":\"Noticias\",\"potentialAction\":[{\"@type\":\"SearchAction\",\"target\":{\"@type\":\"EntryPoint\",\"urlTemplate\":\"https:\/\/infoecos.com.ar\/?s={search_term_string}\"},\"query-input\":{\"@type\":\"PropertyValueSpecification\",\"valueRequired\":true,\"valueName\":\"search_term_string\"}}],\"inLanguage\":\"es\"},{\"@type\":\"Organization\",\"@id\":\"https:\/\/infoecos.com.ar\/#organization\",\"name\":\"Infoecos\",\"alternateName\":\"Noticias\",\"url\":\"https:\/\/infoecos.com.ar\/\",\"logo\":{\"@type\":\"ImageObject\",\"inLanguage\":\"es\",\"@id\":\"https:\/\/infoecos.com.ar\/#\/schema\/logo\/image\/\",\"url\":\"https:\/\/infoecos.com.ar\/wp-content\/uploads\/2024\/03\/cropped-logo.png\",\"contentUrl\":\"https:\/\/infoecos.com.ar\/wp-content\/uploads\/2024\/03\/cropped-logo.png\",\"width\":374,\"height\":90,\"caption\":\"Infoecos\"},\"image\":{\"@id\":\"https:\/\/infoecos.com.ar\/#\/schema\/logo\/image\/\"},\"sameAs\":[\"https:\/\/www.facebook.com\/profile.php?id=100063200290284\",\"https:\/\/x.com\/infoecos\"]},{\"@type\":\"Person\",\"@id\":\"https:\/\/infoecos.com.ar\/#\/schema\/person\/8f5ace5ce73b4b4aac4b7245aee6f191\",\"name\":\"Jorge Matheus\",\"url\":\"https:\/\/infoecos.com.ar\/index.php\/author\/jomatheus\/\"}]}<\/script>\n<!-- \/ Yoast SEO plugin. -->","yoast_head_json":{"title":"Lula recibi\u00f3 a Fern\u00e1ndez y se\u00f1al\u00f3 que \"estamos dispuestos a ayudar a la Argentina\" - Infoecos","robots":{"index":"index","follow":"follow","max-snippet":"max-snippet:-1","max-image-preview":"max-image-preview:large","max-video-preview":"max-video-preview:-1"},"canonical":"https:\/\/infoecos.com.ar\/index.php\/lula-recibio-a-fernandez-y-senalo-que-estamos-dispuestos-a-ayudar-a-la-argentina\/","og_locale":"es_ES","og_type":"article","og_title":"Lula recibi\u00f3 a Fern\u00e1ndez y se\u00f1al\u00f3 que \"estamos dispuestos a ayudar a la Argentina\" - Infoecos","og_description":"El presidente Alberto Fern\u00e1ndez celebr\u00f3 y valor\u00f3 \"el apoyo explicito que el presidente Lula nos ha dado como pa\u00eds y como gobierno\"","og_url":"https:\/\/infoecos.com.ar\/index.php\/lula-recibio-a-fernandez-y-senalo-que-estamos-dispuestos-a-ayudar-a-la-argentina\/","og_site_name":"Infoecos","article_publisher":"https:\/\/www.facebook.com\/profile.php?id=100063200290284","article_published_time":"2023-05-03T04:58:10+00:00","article_modified_time":"2023-05-04T04:23:05+00:00","og_image":[{"width":807,"height":454,"url":"https:\/\/infoecos.com.ar\/wp-content\/uploads\/2023\/05\/image-19.png","type":"image\/png"}],"author":"Jorge Matheus","twitter_card":"summary_large_image","twitter_creator":"@infoecos","twitter_site":"@infoecos","twitter_misc":{"Escrito por":"Jorge Matheus","Tiempo de lectura":"2 minutos"},"schema":{"@context":"https:\/\/schema.org","@graph":[{"@type":"Article","@id":"https:\/\/infoecos.com.ar\/index.php\/lula-recibio-a-fernandez-y-senalo-que-estamos-dispuestos-a-ayudar-a-la-argentina\/#article","isPartOf":{"@id":"https:\/\/infoecos.com.ar\/index.php\/lula-recibio-a-fernandez-y-senalo-que-estamos-dispuestos-a-ayudar-a-la-argentina\/"},"author":{"name":"Jorge Matheus","@id":"https:\/\/infoecos.com.ar\/#\/schema\/person\/8f5ace5ce73b4b4aac4b7245aee6f191"},"headline":"Lula recibi\u00f3 a Fern\u00e1ndez y se\u00f1al\u00f3 que \u00abestamos dispuestos a ayudar a la Argentina\u00bb","datePublished":"2023-05-03T04:58:10+00:00","dateModified":"2023-05-04T04:23:05+00:00","mainEntityOfPage":{"@id":"https:\/\/infoecos.com.ar\/index.php\/lula-recibio-a-fernandez-y-senalo-que-estamos-dispuestos-a-ayudar-a-la-argentina\/"},"wordCount":269,"publisher":{"@id":"https:\/\/infoecos.com.ar\/#organization"},"image":{"@id":"https:\/\/infoecos.com.ar\/index.php\/lula-recibio-a-fernandez-y-senalo-que-estamos-dispuestos-a-ayudar-a-la-argentina\/#primaryimage"},"thumbnailUrl":"https:\/\/infoecos.com.ar\/wp-content\/uploads\/2023\/05\/image-19.png","keywords":["RUEDA DE PRENSA DE AMBOS MANDATARIOS"],"articleSection":["Bloque inferior - 4"],"inLanguage":"es"},{"@type":"WebPage","@id":"https:\/\/infoecos.com.ar\/index.php\/lula-recibio-a-fernandez-y-senalo-que-estamos-dispuestos-a-ayudar-a-la-argentina\/","url":"https:\/\/infoecos.com.ar\/index.php\/lula-recibio-a-fernandez-y-senalo-que-estamos-dispuestos-a-ayudar-a-la-argentina\/","name":"Lula recibi\u00f3 a Fern\u00e1ndez y se\u00f1al\u00f3 que \"estamos dispuestos a ayudar a la Argentina\" - Infoecos","isPartOf":{"@id":"https:\/\/infoecos.com.ar\/#website"},"primaryImageOfPage":{"@id":"https:\/\/infoecos.com.ar\/index.php\/lula-recibio-a-fernandez-y-senalo-que-estamos-dispuestos-a-ayudar-a-la-argentina\/#primaryimage"},"image":{"@id":"https:\/\/infoecos.com.ar\/index.php\/lula-recibio-a-fernandez-y-senalo-que-estamos-dispuestos-a-ayudar-a-la-argentina\/#primaryimage"},"thumbnailUrl":"https:\/\/infoecos.com.ar\/wp-content\/uploads\/2023\/05\/image-19.png","datePublished":"2023-05-03T04:58:10+00:00","dateModified":"2023-05-04T04:23:05+00:00","breadcrumb":{"@id":"https:\/\/infoecos.com.ar\/index.php\/lula-recibio-a-fernandez-y-senalo-que-estamos-dispuestos-a-ayudar-a-la-argentina\/#breadcrumb"},"inLanguage":"es","potentialAction":[{"@type":"ReadAction","target":["https:\/\/infoecos.com.ar\/index.php\/lula-recibio-a-fernandez-y-senalo-que-estamos-dispuestos-a-ayudar-a-la-argentina\/"]}]},{"@type":"ImageObject","inLanguage":"es","@id":"https:\/\/infoecos.com.ar\/index.php\/lula-recibio-a-fernandez-y-senalo-que-estamos-dispuestos-a-ayudar-a-la-argentina\/#primaryimage","url":"https:\/\/infoecos.com.ar\/wp-content\/uploads\/2023\/05\/image-19.png","contentUrl":"https:\/\/infoecos.com.ar\/wp-content\/uploads\/2023\/05\/image-19.png","width":807,"height":454},{"@type":"BreadcrumbList","@id":"https:\/\/infoecos.com.ar\/index.php\/lula-recibio-a-fernandez-y-senalo-que-estamos-dispuestos-a-ayudar-a-la-argentina\/#breadcrumb","itemListElement":[{"@type":"ListItem","position":1,"name":"Portada","item":"https:\/\/infoecos.com.ar\/"},{"@type":"ListItem","position":2,"name":"Lula recibi\u00f3 a Fern\u00e1ndez y se\u00f1al\u00f3 que \u00abestamos dispuestos a ayudar a la Argentina\u00bb"}]},{"@type":"WebSite","@id":"https:\/\/infoecos.com.ar\/#website","url":"https:\/\/infoecos.com.ar\/","name":"Infoecos","description":"Noticias de trenque lauquen y la zona","publisher":{"@id":"https:\/\/infoecos.com.ar\/#organization"},"alternateName":"Noticias","potentialAction":[{"@type":"SearchAction","target":{"@type":"EntryPoint","urlTemplate":"https:\/\/infoecos.com.ar\/?s={search_term_string}"},"query-input":{"@type":"PropertyValueSpecification","valueRequired":true,"valueName":"search_term_string"}}],"inLanguage":"es"},{"@type":"Organization","@id":"https:\/\/infoecos.com.ar\/#organization","name":"Infoecos","alternateName":"Noticias","url":"https:\/\/infoecos.com.ar\/","logo":{"@type":"ImageObject","inLanguage":"es","@id":"https:\/\/infoecos.com.ar\/#\/schema\/logo\/image\/","url":"https:\/\/infoecos.com.ar\/wp-content\/uploads\/2024\/03\/cropped-logo.png","contentUrl":"https:\/\/infoecos.com.ar\/wp-content\/uploads\/2024\/03\/cropped-logo.png","width":374,"height":90,"caption":"Infoecos"},"image":{"@id":"https:\/\/infoecos.com.ar\/#\/schema\/logo\/image\/"},"sameAs":["https:\/\/www.facebook.com\/profile.php?id=100063200290284","https:\/\/x.com\/infoecos"]},{"@type":"Person","@id":"https:\/\/infoecos.com.ar\/#\/schema\/person\/8f5ace5ce73b4b4aac4b7245aee6f191","name":"Jorge Matheus","url":"https:\/\/infoecos.com.ar\/index.php\/author\/jomatheus\/"}]}},"featured_image_urls":{"full":["https:\/\/infoecos.com.ar\/wp-content\/uploads\/2023\/05\/image-19.png",807,454,false],"thumbnail":["https:\/\/infoecos.com.ar\/wp-content\/uploads\/2023\/05\/image-19-300x150.png",300,150,true],"medium":["https:\/\/infoecos.com.ar\/wp-content\/uploads\/2023\/05\/image-19-800x450.png",800,450,true],"medium_large":["https:\/\/infoecos.com.ar\/wp-content\/uploads\/2023\/05\/image-19-768x432.png",640,360,true],"large":["https:\/\/infoecos.com.ar\/wp-content\/uploads\/2023\/05\/image-19.png",640,360,false],"1536x1536":["https:\/\/infoecos.com.ar\/wp-content\/uploads\/2023\/05\/image-19.png",807,454,false],"2048x2048":["https:\/\/infoecos.com.ar\/wp-content\/uploads\/2023\/05\/image-19.png",807,454,false],"covernews-slider-full":["https:\/\/infoecos.com.ar\/wp-content\/uploads\/2023\/05\/image-19.png",807,454,false],"covernews-slider-center":["https:\/\/infoecos.com.ar\/wp-content\/uploads\/2023\/05\/image-19.png",800,450,false],"covernews-featured":["https:\/\/infoecos.com.ar\/wp-content\/uploads\/2023\/05\/image-19.png",807,454,false],"covernews-medium":["https:\/\/infoecos.com.ar\/wp-content\/uploads\/2023\/05\/image-19-720x380.png",540,285,true],"covernews-medium-square":["https:\/\/infoecos.com.ar\/wp-content\/uploads\/2023\/05\/image-19-675x450.png",375,250,true]},"author_info":{"info":["Jorge Matheus"]},"category_info":"<a href=\"https:\/\/infoecos.com.ar\/index.php\/category\/inferior4\/\" rel=\"category tag\">Bloque inferior - 4<\/a>","tag_info":"Bloque inferior - 4","comment_count":"0","_links":{"self":[{"href":"https:\/\/infoecos.com.ar\/index.php\/wp-json\/wp\/v2\/posts\/104573"}],"collection":[{"href":"https:\/\/infoecos.com.ar\/index.php\/wp-json\/wp\/v2\/posts"}],"about":[{"href":"https:\/\/infoecos.com.ar\/index.php\/wp-json\/wp\/v2\/types\/post"}],"author":[{"embeddable":true,"href":"https:\/\/infoecos.com.ar\/index.php\/wp-json\/wp\/v2\/users\/2"}],"replies":[{"embeddable":true,"href":"https:\/\/infoecos.com.ar\/index.php\/wp-json\/wp\/v2\/comments?post=104573"}],"version-history":[{"count":1,"href":"https:\/\/infoecos.com.ar\/index.php\/wp-json\/wp\/v2\/posts\/104573\/revisions"}],"predecessor-version":[{"id":104575,"href":"https:\/\/infoecos.com.ar\/index.php\/wp-json\/wp\/v2\/posts\/104573\/revisions\/104575"}],"wp:featuredmedia":[{"embeddable":true,"href":"https:\/\/infoecos.com.ar\/index.php\/wp-json\/wp\/v2\/media\/104574"}],"wp:attachment":[{"href":"https:\/\/infoecos.com.ar\/index.php\/wp-json\/wp\/v2\/media?parent=104573"}],"wp:term":[{"taxonomy":"category","embeddable":true,"href":"https:\/\/infoecos.com.ar\/index.php\/wp-json\/wp\/v2\/categories?post=104573"},{"taxonomy":"post_tag","embeddable":true,"href":"https:\/\/infoecos.com.ar\/index.php\/wp-json\/wp\/v2\/tags?post=104573"}],"curies":[{"name":"wp","href":"https:\/\/api.w.org\/{rel}","templated":true}]}}