{"id":104591,"date":"2023-05-03T23:59:46","date_gmt":"2023-05-04T02:59:46","guid":{"rendered":"https:\/\/infoecos.com.ar\/?p=104591"},"modified":"2023-05-03T23:59:48","modified_gmt":"2023-05-04T02:59:48","slug":"los-convocados-por-javier-mascherano-para-la-seleccion-argentina-sub-20","status":"publish","type":"post","link":"https:\/\/infoecos.com.ar\/index.php\/los-convocados-por-javier-mascherano-para-la-seleccion-argentina-sub-20\/","title":{"rendered":"Los convocados por Javier Mascherano para la Selecci\u00f3n Argentina Sub 20"},"content":{"rendered":"\n<p>El Mundial Sub 20 se realizar\u00e1 en la Argentina del 20 de mayo al 11 de junio. Javier Mascherano, dio a conocer a sus 21 elegidos. Uno de ellos es Ignacio Miram\u00f3n que juega en Gimnasia y Esgrima de La Plata, nativo de Bol\u00edvar. <\/p>\n\n\n\n<figure class=\"wp-block-image aligncenter size-full\"><img loading=\"lazy\" decoding=\"async\" width=\"610\" height=\"400\" src=\"https:\/\/infoecos.com.ar\/wp-content\/uploads\/2023\/05\/image-23.png\" alt=\"\" class=\"wp-image-104592\"\/><\/figure>\n\n\n\n<p>Miram\u00f3n es profesional desde el 2021. Tiene 19 a\u00f1os y mide casi un metro ochenta. Ya lo han querido comprar desde el exterior, pero se ha negado el club y a \u00e9l tampoco le interesa. Juega como mediocampista ofensivo. Hizo su debut no oficial en un amistoso con San Lorenzo el 30 de septiembre de 2020. Despu\u00e9s de haber jugado m\u00e1s en la pretemporada, Miram\u00f3n estuvo en el banquillo oficial en ocho ocasiones. durante la Copa de la Liga Profesional 2020. Tras quedar sin uso en la primera jornada de la Copa de la Liga Profesional 2021 ante Boca Juniors, Miram\u00f3n hizo su debut absoluto el 19 de febrero de 2021. <\/p>\n\n\n\n<figure class=\"wp-block-embed is-type-rich is-provider-twitter wp-block-embed-twitter\"><div class=\"wp-block-embed__wrapper\">\nhttps:\/\/twitter.com\/Argentina\/status\/1653880270028775425\n<\/div><\/figure>\n","protected":false},"excerpt":{"rendered":"<p>Juega como mediocampista ofensivo. Hizo su debut no oficial en un amistoso con San Lorenzo el 30 de septiembre de 2020. Despu\u00e9s de haber jugado m\u00e1s en la pretemporada, Miram\u00f3n estuvo en el banquillo oficial en ocho ocasiones. durante la Copa de la Liga Profesional 2020<\/p>\n","protected":false},"author":2,"featured_media":104592,"comment_status":"closed","ping_status":"open","sticky":false,"template":"","format":"standard","meta":{"footnotes":""},"categories":[1613],"tags":[7843],"class_list":["post-104591","post","type-post","status-publish","format-standard","has-post-thumbnail","hentry","category-noticia-secundaria","tag-un-convocado-es-de-bolivar"],"yoast_head":"<!-- This site is optimized with the Yoast SEO plugin v23.4 - https:\/\/yoast.com\/wordpress\/plugins\/seo\/ -->\n<title>Los convocados por Javier Mascherano para la Selecci\u00f3n Argentina Sub 20 - Infoecos<\/title>\n<meta name=\"robots\" content=\"index, follow, max-snippet:-1, max-image-preview:large, max-video-preview:-1\" \/>\n<link rel=\"canonical\" href=\"https:\/\/infoecos.com.ar\/index.php\/los-convocados-por-javier-mascherano-para-la-seleccion-argentina-sub-20\/\" \/>\n<meta property=\"og:locale\" content=\"es_ES\" \/>\n<meta property=\"og:type\" content=\"article\" \/>\n<meta property=\"og:title\" content=\"Los convocados por Javier Mascherano para la Selecci\u00f3n Argentina Sub 20 - Infoecos\" \/>\n<meta property=\"og:description\" content=\"Juega como mediocampista ofensivo. Hizo su debut no oficial en un amistoso con San Lorenzo el 30 de septiembre de 2020. Despu\u00e9s de haber jugado m\u00e1s en la pretemporada, Miram\u00f3n estuvo en el banquillo oficial en ocho ocasiones. durante la Copa de la Liga Profesional 2020\" \/>\n<meta property=\"og:url\" content=\"https:\/\/infoecos.com.ar\/index.php\/los-convocados-por-javier-mascherano-para-la-seleccion-argentina-sub-20\/\" \/>\n<meta property=\"og:site_name\" content=\"Infoecos\" \/>\n<meta property=\"article:publisher\" content=\"https:\/\/www.facebook.com\/profile.php?id=100063200290284\" \/>\n<meta property=\"article:published_time\" content=\"2023-05-04T02:59:46+00:00\" \/>\n<meta property=\"article:modified_time\" content=\"2023-05-04T02:59:48+00:00\" \/>\n<meta property=\"og:image\" content=\"https:\/\/infoecos.com.ar\/wp-content\/uploads\/2023\/05\/image-23.png\" \/>\n\t<meta property=\"og:image:width\" content=\"610\" \/>\n\t<meta property=\"og:image:height\" content=\"400\" \/>\n\t<meta property=\"og:image:type\" content=\"image\/png\" \/>\n<meta name=\"author\" content=\"Jorge Matheus\" \/>\n<meta name=\"twitter:card\" content=\"summary_large_image\" \/>\n<meta name=\"twitter:creator\" content=\"@infoecos\" \/>\n<meta name=\"twitter:site\" content=\"@infoecos\" \/>\n<meta name=\"twitter:label1\" content=\"Escrito por\" \/>\n\t<meta name=\"twitter:data1\" content=\"Jorge Matheus\" \/>\n\t<meta name=\"twitter:label2\" content=\"Tiempo de lectura\" \/>\n\t<meta name=\"twitter:data2\" content=\"1 minuto\" \/>\n<script type=\"application\/ld+json\" class=\"yoast-schema-graph\">{\"@context\":\"https:\/\/schema.org\",\"@graph\":[{\"@type\":\"Article\",\"@id\":\"https:\/\/infoecos.com.ar\/index.php\/los-convocados-por-javier-mascherano-para-la-seleccion-argentina-sub-20\/#article\",\"isPartOf\":{\"@id\":\"https:\/\/infoecos.com.ar\/index.php\/los-convocados-por-javier-mascherano-para-la-seleccion-argentina-sub-20\/\"},\"author\":{\"name\":\"Jorge Matheus\",\"@id\":\"https:\/\/infoecos.com.ar\/#\/schema\/person\/8f5ace5ce73b4b4aac4b7245aee6f191\"},\"headline\":\"Los convocados por Javier Mascherano para la Selecci\u00f3n Argentina Sub 20\",\"datePublished\":\"2023-05-04T02:59:46+00:00\",\"dateModified\":\"2023-05-04T02:59:48+00:00\",\"mainEntityOfPage\":{\"@id\":\"https:\/\/infoecos.com.ar\/index.php\/los-convocados-por-javier-mascherano-para-la-seleccion-argentina-sub-20\/\"},\"wordCount\":167,\"publisher\":{\"@id\":\"https:\/\/infoecos.com.ar\/#organization\"},\"image\":{\"@id\":\"https:\/\/infoecos.com.ar\/index.php\/los-convocados-por-javier-mascherano-para-la-seleccion-argentina-sub-20\/#primaryimage\"},\"thumbnailUrl\":\"https:\/\/infoecos.com.ar\/wp-content\/uploads\/2023\/05\/image-23.png\",\"keywords\":[\"UN CONVOCADO ES DE BOL\u00cdVAR\"],\"articleSection\":[\"Noticia Secundaria\"],\"inLanguage\":\"es\"},{\"@type\":\"WebPage\",\"@id\":\"https:\/\/infoecos.com.ar\/index.php\/los-convocados-por-javier-mascherano-para-la-seleccion-argentina-sub-20\/\",\"url\":\"https:\/\/infoecos.com.ar\/index.php\/los-convocados-por-javier-mascherano-para-la-seleccion-argentina-sub-20\/\",\"name\":\"Los convocados por Javier Mascherano para la Selecci\u00f3n Argentina Sub 20 - Infoecos\",\"isPartOf\":{\"@id\":\"https:\/\/infoecos.com.ar\/#website\"},\"primaryImageOfPage\":{\"@id\":\"https:\/\/infoecos.com.ar\/index.php\/los-convocados-por-javier-mascherano-para-la-seleccion-argentina-sub-20\/#primaryimage\"},\"image\":{\"@id\":\"https:\/\/infoecos.com.ar\/index.php\/los-convocados-por-javier-mascherano-para-la-seleccion-argentina-sub-20\/#primaryimage\"},\"thumbnailUrl\":\"https:\/\/infoecos.com.ar\/wp-content\/uploads\/2023\/05\/image-23.png\",\"datePublished\":\"2023-05-04T02:59:46+00:00\",\"dateModified\":\"2023-05-04T02:59:48+00:00\",\"breadcrumb\":{\"@id\":\"https:\/\/infoecos.com.ar\/index.php\/los-convocados-por-javier-mascherano-para-la-seleccion-argentina-sub-20\/#breadcrumb\"},\"inLanguage\":\"es\",\"potentialAction\":[{\"@type\":\"ReadAction\",\"target\":[\"https:\/\/infoecos.com.ar\/index.php\/los-convocados-por-javier-mascherano-para-la-seleccion-argentina-sub-20\/\"]}]},{\"@type\":\"ImageObject\",\"inLanguage\":\"es\",\"@id\":\"https:\/\/infoecos.com.ar\/index.php\/los-convocados-por-javier-mascherano-para-la-seleccion-argentina-sub-20\/#primaryimage\",\"url\":\"https:\/\/infoecos.com.ar\/wp-content\/uploads\/2023\/05\/image-23.png\",\"contentUrl\":\"https:\/\/infoecos.com.ar\/wp-content\/uploads\/2023\/05\/image-23.png\",\"width\":610,\"height\":400},{\"@type\":\"BreadcrumbList\",\"@id\":\"https:\/\/infoecos.com.ar\/index.php\/los-convocados-por-javier-mascherano-para-la-seleccion-argentina-sub-20\/#breadcrumb\",\"itemListElement\":[{\"@type\":\"ListItem\",\"position\":1,\"name\":\"Portada\",\"item\":\"https:\/\/infoecos.com.ar\/\"},{\"@type\":\"ListItem\",\"position\":2,\"name\":\"Los convocados por Javier Mascherano para la Selecci\u00f3n Argentina Sub 20\"}]},{\"@type\":\"WebSite\",\"@id\":\"https:\/\/infoecos.com.ar\/#website\",\"url\":\"https:\/\/infoecos.com.ar\/\",\"name\":\"Infoecos\",\"description\":\"Noticias de trenque lauquen y la zona\",\"publisher\":{\"@id\":\"https:\/\/infoecos.com.ar\/#organization\"},\"alternateName\":\"Noticias\",\"potentialAction\":[{\"@type\":\"SearchAction\",\"target\":{\"@type\":\"EntryPoint\",\"urlTemplate\":\"https:\/\/infoecos.com.ar\/?s={search_term_string}\"},\"query-input\":{\"@type\":\"PropertyValueSpecification\",\"valueRequired\":true,\"valueName\":\"search_term_string\"}}],\"inLanguage\":\"es\"},{\"@type\":\"Organization\",\"@id\":\"https:\/\/infoecos.com.ar\/#organization\",\"name\":\"Infoecos\",\"alternateName\":\"Noticias\",\"url\":\"https:\/\/infoecos.com.ar\/\",\"logo\":{\"@type\":\"ImageObject\",\"inLanguage\":\"es\",\"@id\":\"https:\/\/infoecos.com.ar\/#\/schema\/logo\/image\/\",\"url\":\"https:\/\/infoecos.com.ar\/wp-content\/uploads\/2024\/03\/cropped-logo.png\",\"contentUrl\":\"https:\/\/infoecos.com.ar\/wp-content\/uploads\/2024\/03\/cropped-logo.png\",\"width\":374,\"height\":90,\"caption\":\"Infoecos\"},\"image\":{\"@id\":\"https:\/\/infoecos.com.ar\/#\/schema\/logo\/image\/\"},\"sameAs\":[\"https:\/\/www.facebook.com\/profile.php?id=100063200290284\",\"https:\/\/x.com\/infoecos\"]},{\"@type\":\"Person\",\"@id\":\"https:\/\/infoecos.com.ar\/#\/schema\/person\/8f5ace5ce73b4b4aac4b7245aee6f191\",\"name\":\"Jorge Matheus\",\"url\":\"https:\/\/infoecos.com.ar\/index.php\/author\/jomatheus\/\"}]}<\/script>\n<!-- \/ Yoast SEO plugin. -->","yoast_head_json":{"title":"Los convocados por Javier Mascherano para la Selecci\u00f3n Argentina Sub 20 - Infoecos","robots":{"index":"index","follow":"follow","max-snippet":"max-snippet:-1","max-image-preview":"max-image-preview:large","max-video-preview":"max-video-preview:-1"},"canonical":"https:\/\/infoecos.com.ar\/index.php\/los-convocados-por-javier-mascherano-para-la-seleccion-argentina-sub-20\/","og_locale":"es_ES","og_type":"article","og_title":"Los convocados por Javier Mascherano para la Selecci\u00f3n Argentina Sub 20 - Infoecos","og_description":"Juega como mediocampista ofensivo. Hizo su debut no oficial en un amistoso con San Lorenzo el 30 de septiembre de 2020. Despu\u00e9s de haber jugado m\u00e1s en la pretemporada, Miram\u00f3n estuvo en el banquillo oficial en ocho ocasiones. durante la Copa de la Liga Profesional 2020","og_url":"https:\/\/infoecos.com.ar\/index.php\/los-convocados-por-javier-mascherano-para-la-seleccion-argentina-sub-20\/","og_site_name":"Infoecos","article_publisher":"https:\/\/www.facebook.com\/profile.php?id=100063200290284","article_published_time":"2023-05-04T02:59:46+00:00","article_modified_time":"2023-05-04T02:59:48+00:00","og_image":[{"width":610,"height":400,"url":"https:\/\/infoecos.com.ar\/wp-content\/uploads\/2023\/05\/image-23.png","type":"image\/png"}],"author":"Jorge Matheus","twitter_card":"summary_large_image","twitter_creator":"@infoecos","twitter_site":"@infoecos","twitter_misc":{"Escrito por":"Jorge Matheus","Tiempo de lectura":"1 minuto"},"schema":{"@context":"https:\/\/schema.org","@graph":[{"@type":"Article","@id":"https:\/\/infoecos.com.ar\/index.php\/los-convocados-por-javier-mascherano-para-la-seleccion-argentina-sub-20\/#article","isPartOf":{"@id":"https:\/\/infoecos.com.ar\/index.php\/los-convocados-por-javier-mascherano-para-la-seleccion-argentina-sub-20\/"},"author":{"name":"Jorge Matheus","@id":"https:\/\/infoecos.com.ar\/#\/schema\/person\/8f5ace5ce73b4b4aac4b7245aee6f191"},"headline":"Los convocados por Javier Mascherano para la Selecci\u00f3n Argentina Sub 20","datePublished":"2023-05-04T02:59:46+00:00","dateModified":"2023-05-04T02:59:48+00:00","mainEntityOfPage":{"@id":"https:\/\/infoecos.com.ar\/index.php\/los-convocados-por-javier-mascherano-para-la-seleccion-argentina-sub-20\/"},"wordCount":167,"publisher":{"@id":"https:\/\/infoecos.com.ar\/#organization"},"image":{"@id":"https:\/\/infoecos.com.ar\/index.php\/los-convocados-por-javier-mascherano-para-la-seleccion-argentina-sub-20\/#primaryimage"},"thumbnailUrl":"https:\/\/infoecos.com.ar\/wp-content\/uploads\/2023\/05\/image-23.png","keywords":["UN CONVOCADO ES DE BOL\u00cdVAR"],"articleSection":["Noticia Secundaria"],"inLanguage":"es"},{"@type":"WebPage","@id":"https:\/\/infoecos.com.ar\/index.php\/los-convocados-por-javier-mascherano-para-la-seleccion-argentina-sub-20\/","url":"https:\/\/infoecos.com.ar\/index.php\/los-convocados-por-javier-mascherano-para-la-seleccion-argentina-sub-20\/","name":"Los convocados por Javier Mascherano para la Selecci\u00f3n Argentina Sub 20 - Infoecos","isPartOf":{"@id":"https:\/\/infoecos.com.ar\/#website"},"primaryImageOfPage":{"@id":"https:\/\/infoecos.com.ar\/index.php\/los-convocados-por-javier-mascherano-para-la-seleccion-argentina-sub-20\/#primaryimage"},"image":{"@id":"https:\/\/infoecos.com.ar\/index.php\/los-convocados-por-javier-mascherano-para-la-seleccion-argentina-sub-20\/#primaryimage"},"thumbnailUrl":"https:\/\/infoecos.com.ar\/wp-content\/uploads\/2023\/05\/image-23.png","datePublished":"2023-05-04T02:59:46+00:00","dateModified":"2023-05-04T02:59:48+00:00","breadcrumb":{"@id":"https:\/\/infoecos.com.ar\/index.php\/los-convocados-por-javier-mascherano-para-la-seleccion-argentina-sub-20\/#breadcrumb"},"inLanguage":"es","potentialAction":[{"@type":"ReadAction","target":["https:\/\/infoecos.com.ar\/index.php\/los-convocados-por-javier-mascherano-para-la-seleccion-argentina-sub-20\/"]}]},{"@type":"ImageObject","inLanguage":"es","@id":"https:\/\/infoecos.com.ar\/index.php\/los-convocados-por-javier-mascherano-para-la-seleccion-argentina-sub-20\/#primaryimage","url":"https:\/\/infoecos.com.ar\/wp-content\/uploads\/2023\/05\/image-23.png","contentUrl":"https:\/\/infoecos.com.ar\/wp-content\/uploads\/2023\/05\/image-23.png","width":610,"height":400},{"@type":"BreadcrumbList","@id":"https:\/\/infoecos.com.ar\/index.php\/los-convocados-por-javier-mascherano-para-la-seleccion-argentina-sub-20\/#breadcrumb","itemListElement":[{"@type":"ListItem","position":1,"name":"Portada","item":"https:\/\/infoecos.com.ar\/"},{"@type":"ListItem","position":2,"name":"Los convocados por Javier Mascherano para la Selecci\u00f3n Argentina Sub 20"}]},{"@type":"WebSite","@id":"https:\/\/infoecos.com.ar\/#website","url":"https:\/\/infoecos.com.ar\/","name":"Infoecos","description":"Noticias de trenque lauquen y la zona","publisher":{"@id":"https:\/\/infoecos.com.ar\/#organization"},"alternateName":"Noticias","potentialAction":[{"@type":"SearchAction","target":{"@type":"EntryPoint","urlTemplate":"https:\/\/infoecos.com.ar\/?s={search_term_string}"},"query-input":{"@type":"PropertyValueSpecification","valueRequired":true,"valueName":"search_term_string"}}],"inLanguage":"es"},{"@type":"Organization","@id":"https:\/\/infoecos.com.ar\/#organization","name":"Infoecos","alternateName":"Noticias","url":"https:\/\/infoecos.com.ar\/","logo":{"@type":"ImageObject","inLanguage":"es","@id":"https:\/\/infoecos.com.ar\/#\/schema\/logo\/image\/","url":"https:\/\/infoecos.com.ar\/wp-content\/uploads\/2024\/03\/cropped-logo.png","contentUrl":"https:\/\/infoecos.com.ar\/wp-content\/uploads\/2024\/03\/cropped-logo.png","width":374,"height":90,"caption":"Infoecos"},"image":{"@id":"https:\/\/infoecos.com.ar\/#\/schema\/logo\/image\/"},"sameAs":["https:\/\/www.facebook.com\/profile.php?id=100063200290284","https:\/\/x.com\/infoecos"]},{"@type":"Person","@id":"https:\/\/infoecos.com.ar\/#\/schema\/person\/8f5ace5ce73b4b4aac4b7245aee6f191","name":"Jorge Matheus","url":"https:\/\/infoecos.com.ar\/index.php\/author\/jomatheus\/"}]}},"featured_image_urls":{"full":["https:\/\/infoecos.com.ar\/wp-content\/uploads\/2023\/05\/image-23.png",610,400,false],"thumbnail":["https:\/\/infoecos.com.ar\/wp-content\/uploads\/2023\/05\/image-23-300x150.png",300,150,true],"medium":["https:\/\/infoecos.com.ar\/wp-content\/uploads\/2023\/05\/image-23.png",610,400,false],"medium_large":["https:\/\/infoecos.com.ar\/wp-content\/uploads\/2023\/05\/image-23.png",610,400,false],"large":["https:\/\/infoecos.com.ar\/wp-content\/uploads\/2023\/05\/image-23.png",610,400,false],"1536x1536":["https:\/\/infoecos.com.ar\/wp-content\/uploads\/2023\/05\/image-23.png",610,400,false],"2048x2048":["https:\/\/infoecos.com.ar\/wp-content\/uploads\/2023\/05\/image-23.png",610,400,false],"covernews-slider-full":["https:\/\/infoecos.com.ar\/wp-content\/uploads\/2023\/05\/image-23.png",610,400,false],"covernews-slider-center":["https:\/\/infoecos.com.ar\/wp-content\/uploads\/2023\/05\/image-23.png",610,400,false],"covernews-featured":["https:\/\/infoecos.com.ar\/wp-content\/uploads\/2023\/05\/image-23.png",610,400,false],"covernews-medium":["https:\/\/infoecos.com.ar\/wp-content\/uploads\/2023\/05\/image-23-610x380.png",540,336,true],"covernews-medium-square":["https:\/\/infoecos.com.ar\/wp-content\/uploads\/2023\/05\/image-23.png",381,250,false]},"author_info":{"info":["Jorge Matheus"]},"category_info":"<a href=\"https:\/\/infoecos.com.ar\/index.php\/category\/noticia-secundaria\/\" rel=\"category tag\">Noticia Secundaria<\/a>","tag_info":"Noticia Secundaria","comment_count":"0","_links":{"self":[{"href":"https:\/\/infoecos.com.ar\/index.php\/wp-json\/wp\/v2\/posts\/104591"}],"collection":[{"href":"https:\/\/infoecos.com.ar\/index.php\/wp-json\/wp\/v2\/posts"}],"about":[{"href":"https:\/\/infoecos.com.ar\/index.php\/wp-json\/wp\/v2\/types\/post"}],"author":[{"embeddable":true,"href":"https:\/\/infoecos.com.ar\/index.php\/wp-json\/wp\/v2\/users\/2"}],"replies":[{"embeddable":true,"href":"https:\/\/infoecos.com.ar\/index.php\/wp-json\/wp\/v2\/comments?post=104591"}],"version-history":[{"count":1,"href":"https:\/\/infoecos.com.ar\/index.php\/wp-json\/wp\/v2\/posts\/104591\/revisions"}],"predecessor-version":[{"id":104593,"href":"https:\/\/infoecos.com.ar\/index.php\/wp-json\/wp\/v2\/posts\/104591\/revisions\/104593"}],"wp:featuredmedia":[{"embeddable":true,"href":"https:\/\/infoecos.com.ar\/index.php\/wp-json\/wp\/v2\/media\/104592"}],"wp:attachment":[{"href":"https:\/\/infoecos.com.ar\/index.php\/wp-json\/wp\/v2\/media?parent=104591"}],"wp:term":[{"taxonomy":"category","embeddable":true,"href":"https:\/\/infoecos.com.ar\/index.php\/wp-json\/wp\/v2\/categories?post=104591"},{"taxonomy":"post_tag","embeddable":true,"href":"https:\/\/infoecos.com.ar\/index.php\/wp-json\/wp\/v2\/tags?post=104591"}],"curies":[{"name":"wp","href":"https:\/\/api.w.org\/{rel}","templated":true}]}}