{"id":104609,"date":"2023-05-04T01:54:24","date_gmt":"2023-05-04T04:54:24","guid":{"rendered":"https:\/\/infoecos.com.ar\/?p=104609"},"modified":"2023-05-07T16:50:12","modified_gmt":"2023-05-07T19:50:12","slug":"el-poder-ejecutivo-nacional-promulgo-la-ley-lucio","status":"publish","type":"post","link":"https:\/\/infoecos.com.ar\/index.php\/el-poder-ejecutivo-nacional-promulgo-la-ley-lucio\/","title":{"rendered":"El Poder Ejecutivo Nacional promulg\u00f3 la Ley Lucio"},"content":{"rendered":"\n<p>Luego de que ambas c\u00e1maras del Congreso le dieran el visto bueno, la llamada Ley Lucio fue aprobada por el Poder Ejecutivo y&nbsp;<strong>promulgada en el Bolet\u00edn Oficial<\/strong>&nbsp;el mi\u00e9rcoles 3 de mayo. Da lugar para luchar contra la violencia infantil&nbsp;<strong>en memoria de Lucio Dupuy&nbsp;<\/strong>y de todas las v\u00edctimas menores de edad.<\/p>\n\n\n\n<figure class=\"wp-block-image aligncenter size-full is-resized\"><img loading=\"lazy\" decoding=\"async\" src=\"https:\/\/infoecos.com.ar\/wp-content\/uploads\/2023\/01\/image-169.png\" alt=\"\" class=\"wp-image-100888\" width=\"522\" height=\"551\" srcset=\"https:\/\/infoecos.com.ar\/wp-content\/uploads\/2023\/01\/image-169.png 1000w, https:\/\/infoecos.com.ar\/wp-content\/uploads\/2023\/01\/image-169-756x800.png 756w\" sizes=\"(max-width: 522px) 100vw, 522px\" \/><\/figure>\n\n\n\n<p>En noviembre del 2022, los diputados le dieron media sanci\u00f3n a esta iniciativa, y el pasado jueves 13 de abril fueron los senadores los que le otorgaron la luz verde para que se env\u00ede a la \u00faltima instancia. De este modo, el Gobierno nacional&nbsp;<strong>public\u00f3 la disposici\u00f3n 27709<\/strong>.<\/p>\n\n\n\n<p>Se trata de la&nbsp;<strong>Ley de Creaci\u00f3n del plan federal de capacitaci\u00f3n sobre derechos de ni\u00f1as, ni\u00f1os y adolescentes<\/strong>, promovida por el diputado provincial del PRO, Mart\u00edn Maquieyra&nbsp;en nombre de Lucio Dupuy, el peque\u00f1o pampeano de 5 a\u00f1os asesinado por su progenitora y la pareja de ella.<\/p>\n\n\n\n<figure class=\"wp-block-image aligncenter size-full is-resized\"><img loading=\"lazy\" decoding=\"async\" src=\"https:\/\/infoecos.com.ar\/wp-content\/uploads\/2023\/05\/image-27.png\" alt=\"\" class=\"wp-image-104610\" width=\"546\" height=\"356\" srcset=\"https:\/\/infoecos.com.ar\/wp-content\/uploads\/2023\/05\/image-27.png 980w, https:\/\/infoecos.com.ar\/wp-content\/uploads\/2023\/05\/image-27-800x522.png 800w, https:\/\/infoecos.com.ar\/wp-content\/uploads\/2023\/05\/image-27-768x502.png 768w\" sizes=\"(max-width: 546px) 100vw, 546px\" \/><figcaption class=\"wp-element-caption\">Lucio Dupuy<\/figcaption><\/figure>\n\n\n\n<p>Y es que&nbsp;<strong>su muerte pudo haber sido evitada<\/strong>, si no se hubiesen pasado por alto los innumerables indicios de violencia infantil que presentaba. Por el homicidio se le otorg\u00f3 cadena perpetua a Magdalena Esp\u00f3sito Valenti y su madre Abigail P\u00e1ez. &nbsp;<\/p>\n","protected":false},"excerpt":{"rendered":"<p>Da lugar para luchar contra la violencia infantil\u00a0en memoria de Lucio Dupuy\u00a0y de todas las v\u00edctimas menores de edad<\/p>\n","protected":false},"author":2,"featured_media":104610,"comment_status":"closed","ping_status":"open","sticky":false,"template":"","format":"standard","meta":{"footnotes":""},"categories":[41],"tags":[7846],"class_list":["post-104609","post","type-post","status-publish","format-standard","has-post-thumbnail","hentry","category-inferior2","tag-contra-la-violencia-infantil"],"yoast_head":"<!-- This site is optimized with the Yoast SEO plugin v23.4 - https:\/\/yoast.com\/wordpress\/plugins\/seo\/ -->\n<title>El Poder Ejecutivo Nacional promulg\u00f3 la Ley Lucio - Infoecos<\/title>\n<meta name=\"robots\" content=\"index, follow, max-snippet:-1, max-image-preview:large, max-video-preview:-1\" \/>\n<link rel=\"canonical\" href=\"https:\/\/infoecos.com.ar\/index.php\/el-poder-ejecutivo-nacional-promulgo-la-ley-lucio\/\" \/>\n<meta property=\"og:locale\" content=\"es_ES\" \/>\n<meta property=\"og:type\" content=\"article\" \/>\n<meta property=\"og:title\" content=\"El Poder Ejecutivo Nacional promulg\u00f3 la Ley Lucio - Infoecos\" \/>\n<meta property=\"og:description\" content=\"Da lugar para luchar contra la violencia infantil\u00a0en memoria de Lucio Dupuy\u00a0y de todas las v\u00edctimas menores de edad\" \/>\n<meta property=\"og:url\" content=\"https:\/\/infoecos.com.ar\/index.php\/el-poder-ejecutivo-nacional-promulgo-la-ley-lucio\/\" \/>\n<meta property=\"og:site_name\" content=\"Infoecos\" \/>\n<meta property=\"article:publisher\" content=\"https:\/\/www.facebook.com\/profile.php?id=100063200290284\" \/>\n<meta property=\"article:published_time\" content=\"2023-05-04T04:54:24+00:00\" \/>\n<meta property=\"article:modified_time\" content=\"2023-05-07T19:50:12+00:00\" \/>\n<meta property=\"og:image\" content=\"https:\/\/infoecos.com.ar\/wp-content\/uploads\/2023\/05\/image-27.png\" \/>\n\t<meta property=\"og:image:width\" content=\"980\" \/>\n\t<meta property=\"og:image:height\" content=\"640\" \/>\n\t<meta property=\"og:image:type\" content=\"image\/png\" \/>\n<meta name=\"author\" content=\"Jorge Matheus\" \/>\n<meta name=\"twitter:card\" content=\"summary_large_image\" \/>\n<meta name=\"twitter:creator\" content=\"@infoecos\" \/>\n<meta name=\"twitter:site\" content=\"@infoecos\" \/>\n<meta name=\"twitter:label1\" content=\"Escrito por\" \/>\n\t<meta name=\"twitter:data1\" content=\"Jorge Matheus\" \/>\n\t<meta name=\"twitter:label2\" content=\"Tiempo de lectura\" \/>\n\t<meta name=\"twitter:data2\" content=\"2 minutos\" \/>\n<script type=\"application\/ld+json\" class=\"yoast-schema-graph\">{\"@context\":\"https:\/\/schema.org\",\"@graph\":[{\"@type\":\"Article\",\"@id\":\"https:\/\/infoecos.com.ar\/index.php\/el-poder-ejecutivo-nacional-promulgo-la-ley-lucio\/#article\",\"isPartOf\":{\"@id\":\"https:\/\/infoecos.com.ar\/index.php\/el-poder-ejecutivo-nacional-promulgo-la-ley-lucio\/\"},\"author\":{\"name\":\"Jorge Matheus\",\"@id\":\"https:\/\/infoecos.com.ar\/#\/schema\/person\/8f5ace5ce73b4b4aac4b7245aee6f191\"},\"headline\":\"El Poder Ejecutivo Nacional promulg\u00f3 la Ley Lucio\",\"datePublished\":\"2023-05-04T04:54:24+00:00\",\"dateModified\":\"2023-05-07T19:50:12+00:00\",\"mainEntityOfPage\":{\"@id\":\"https:\/\/infoecos.com.ar\/index.php\/el-poder-ejecutivo-nacional-promulgo-la-ley-lucio\/\"},\"wordCount\":221,\"publisher\":{\"@id\":\"https:\/\/infoecos.com.ar\/#organization\"},\"image\":{\"@id\":\"https:\/\/infoecos.com.ar\/index.php\/el-poder-ejecutivo-nacional-promulgo-la-ley-lucio\/#primaryimage\"},\"thumbnailUrl\":\"https:\/\/infoecos.com.ar\/wp-content\/uploads\/2023\/05\/image-27.png\",\"keywords\":[\"contra la violencia infantil\"],\"articleSection\":[\"Bloque inferior - 2\"],\"inLanguage\":\"es\"},{\"@type\":\"WebPage\",\"@id\":\"https:\/\/infoecos.com.ar\/index.php\/el-poder-ejecutivo-nacional-promulgo-la-ley-lucio\/\",\"url\":\"https:\/\/infoecos.com.ar\/index.php\/el-poder-ejecutivo-nacional-promulgo-la-ley-lucio\/\",\"name\":\"El Poder Ejecutivo Nacional promulg\u00f3 la Ley Lucio - Infoecos\",\"isPartOf\":{\"@id\":\"https:\/\/infoecos.com.ar\/#website\"},\"primaryImageOfPage\":{\"@id\":\"https:\/\/infoecos.com.ar\/index.php\/el-poder-ejecutivo-nacional-promulgo-la-ley-lucio\/#primaryimage\"},\"image\":{\"@id\":\"https:\/\/infoecos.com.ar\/index.php\/el-poder-ejecutivo-nacional-promulgo-la-ley-lucio\/#primaryimage\"},\"thumbnailUrl\":\"https:\/\/infoecos.com.ar\/wp-content\/uploads\/2023\/05\/image-27.png\",\"datePublished\":\"2023-05-04T04:54:24+00:00\",\"dateModified\":\"2023-05-07T19:50:12+00:00\",\"breadcrumb\":{\"@id\":\"https:\/\/infoecos.com.ar\/index.php\/el-poder-ejecutivo-nacional-promulgo-la-ley-lucio\/#breadcrumb\"},\"inLanguage\":\"es\",\"potentialAction\":[{\"@type\":\"ReadAction\",\"target\":[\"https:\/\/infoecos.com.ar\/index.php\/el-poder-ejecutivo-nacional-promulgo-la-ley-lucio\/\"]}]},{\"@type\":\"ImageObject\",\"inLanguage\":\"es\",\"@id\":\"https:\/\/infoecos.com.ar\/index.php\/el-poder-ejecutivo-nacional-promulgo-la-ley-lucio\/#primaryimage\",\"url\":\"https:\/\/infoecos.com.ar\/wp-content\/uploads\/2023\/05\/image-27.png\",\"contentUrl\":\"https:\/\/infoecos.com.ar\/wp-content\/uploads\/2023\/05\/image-27.png\",\"width\":980,\"height\":640},{\"@type\":\"BreadcrumbList\",\"@id\":\"https:\/\/infoecos.com.ar\/index.php\/el-poder-ejecutivo-nacional-promulgo-la-ley-lucio\/#breadcrumb\",\"itemListElement\":[{\"@type\":\"ListItem\",\"position\":1,\"name\":\"Portada\",\"item\":\"https:\/\/infoecos.com.ar\/\"},{\"@type\":\"ListItem\",\"position\":2,\"name\":\"El Poder Ejecutivo Nacional promulg\u00f3 la Ley Lucio\"}]},{\"@type\":\"WebSite\",\"@id\":\"https:\/\/infoecos.com.ar\/#website\",\"url\":\"https:\/\/infoecos.com.ar\/\",\"name\":\"Infoecos\",\"description\":\"Noticias de trenque lauquen y la zona\",\"publisher\":{\"@id\":\"https:\/\/infoecos.com.ar\/#organization\"},\"alternateName\":\"Noticias\",\"potentialAction\":[{\"@type\":\"SearchAction\",\"target\":{\"@type\":\"EntryPoint\",\"urlTemplate\":\"https:\/\/infoecos.com.ar\/?s={search_term_string}\"},\"query-input\":{\"@type\":\"PropertyValueSpecification\",\"valueRequired\":true,\"valueName\":\"search_term_string\"}}],\"inLanguage\":\"es\"},{\"@type\":\"Organization\",\"@id\":\"https:\/\/infoecos.com.ar\/#organization\",\"name\":\"Infoecos\",\"alternateName\":\"Noticias\",\"url\":\"https:\/\/infoecos.com.ar\/\",\"logo\":{\"@type\":\"ImageObject\",\"inLanguage\":\"es\",\"@id\":\"https:\/\/infoecos.com.ar\/#\/schema\/logo\/image\/\",\"url\":\"https:\/\/infoecos.com.ar\/wp-content\/uploads\/2024\/03\/cropped-logo.png\",\"contentUrl\":\"https:\/\/infoecos.com.ar\/wp-content\/uploads\/2024\/03\/cropped-logo.png\",\"width\":374,\"height\":90,\"caption\":\"Infoecos\"},\"image\":{\"@id\":\"https:\/\/infoecos.com.ar\/#\/schema\/logo\/image\/\"},\"sameAs\":[\"https:\/\/www.facebook.com\/profile.php?id=100063200290284\",\"https:\/\/x.com\/infoecos\"]},{\"@type\":\"Person\",\"@id\":\"https:\/\/infoecos.com.ar\/#\/schema\/person\/8f5ace5ce73b4b4aac4b7245aee6f191\",\"name\":\"Jorge Matheus\",\"url\":\"https:\/\/infoecos.com.ar\/index.php\/author\/jomatheus\/\"}]}<\/script>\n<!-- \/ Yoast SEO plugin. -->","yoast_head_json":{"title":"El Poder Ejecutivo Nacional promulg\u00f3 la Ley Lucio - Infoecos","robots":{"index":"index","follow":"follow","max-snippet":"max-snippet:-1","max-image-preview":"max-image-preview:large","max-video-preview":"max-video-preview:-1"},"canonical":"https:\/\/infoecos.com.ar\/index.php\/el-poder-ejecutivo-nacional-promulgo-la-ley-lucio\/","og_locale":"es_ES","og_type":"article","og_title":"El Poder Ejecutivo Nacional promulg\u00f3 la Ley Lucio - Infoecos","og_description":"Da lugar para luchar contra la violencia infantil\u00a0en memoria de Lucio Dupuy\u00a0y de todas las v\u00edctimas menores de edad","og_url":"https:\/\/infoecos.com.ar\/index.php\/el-poder-ejecutivo-nacional-promulgo-la-ley-lucio\/","og_site_name":"Infoecos","article_publisher":"https:\/\/www.facebook.com\/profile.php?id=100063200290284","article_published_time":"2023-05-04T04:54:24+00:00","article_modified_time":"2023-05-07T19:50:12+00:00","og_image":[{"width":980,"height":640,"url":"https:\/\/infoecos.com.ar\/wp-content\/uploads\/2023\/05\/image-27.png","type":"image\/png"}],"author":"Jorge Matheus","twitter_card":"summary_large_image","twitter_creator":"@infoecos","twitter_site":"@infoecos","twitter_misc":{"Escrito por":"Jorge Matheus","Tiempo de lectura":"2 minutos"},"schema":{"@context":"https:\/\/schema.org","@graph":[{"@type":"Article","@id":"https:\/\/infoecos.com.ar\/index.php\/el-poder-ejecutivo-nacional-promulgo-la-ley-lucio\/#article","isPartOf":{"@id":"https:\/\/infoecos.com.ar\/index.php\/el-poder-ejecutivo-nacional-promulgo-la-ley-lucio\/"},"author":{"name":"Jorge Matheus","@id":"https:\/\/infoecos.com.ar\/#\/schema\/person\/8f5ace5ce73b4b4aac4b7245aee6f191"},"headline":"El Poder Ejecutivo Nacional promulg\u00f3 la Ley Lucio","datePublished":"2023-05-04T04:54:24+00:00","dateModified":"2023-05-07T19:50:12+00:00","mainEntityOfPage":{"@id":"https:\/\/infoecos.com.ar\/index.php\/el-poder-ejecutivo-nacional-promulgo-la-ley-lucio\/"},"wordCount":221,"publisher":{"@id":"https:\/\/infoecos.com.ar\/#organization"},"image":{"@id":"https:\/\/infoecos.com.ar\/index.php\/el-poder-ejecutivo-nacional-promulgo-la-ley-lucio\/#primaryimage"},"thumbnailUrl":"https:\/\/infoecos.com.ar\/wp-content\/uploads\/2023\/05\/image-27.png","keywords":["contra la violencia infantil"],"articleSection":["Bloque inferior - 2"],"inLanguage":"es"},{"@type":"WebPage","@id":"https:\/\/infoecos.com.ar\/index.php\/el-poder-ejecutivo-nacional-promulgo-la-ley-lucio\/","url":"https:\/\/infoecos.com.ar\/index.php\/el-poder-ejecutivo-nacional-promulgo-la-ley-lucio\/","name":"El Poder Ejecutivo Nacional promulg\u00f3 la Ley Lucio - Infoecos","isPartOf":{"@id":"https:\/\/infoecos.com.ar\/#website"},"primaryImageOfPage":{"@id":"https:\/\/infoecos.com.ar\/index.php\/el-poder-ejecutivo-nacional-promulgo-la-ley-lucio\/#primaryimage"},"image":{"@id":"https:\/\/infoecos.com.ar\/index.php\/el-poder-ejecutivo-nacional-promulgo-la-ley-lucio\/#primaryimage"},"thumbnailUrl":"https:\/\/infoecos.com.ar\/wp-content\/uploads\/2023\/05\/image-27.png","datePublished":"2023-05-04T04:54:24+00:00","dateModified":"2023-05-07T19:50:12+00:00","breadcrumb":{"@id":"https:\/\/infoecos.com.ar\/index.php\/el-poder-ejecutivo-nacional-promulgo-la-ley-lucio\/#breadcrumb"},"inLanguage":"es","potentialAction":[{"@type":"ReadAction","target":["https:\/\/infoecos.com.ar\/index.php\/el-poder-ejecutivo-nacional-promulgo-la-ley-lucio\/"]}]},{"@type":"ImageObject","inLanguage":"es","@id":"https:\/\/infoecos.com.ar\/index.php\/el-poder-ejecutivo-nacional-promulgo-la-ley-lucio\/#primaryimage","url":"https:\/\/infoecos.com.ar\/wp-content\/uploads\/2023\/05\/image-27.png","contentUrl":"https:\/\/infoecos.com.ar\/wp-content\/uploads\/2023\/05\/image-27.png","width":980,"height":640},{"@type":"BreadcrumbList","@id":"https:\/\/infoecos.com.ar\/index.php\/el-poder-ejecutivo-nacional-promulgo-la-ley-lucio\/#breadcrumb","itemListElement":[{"@type":"ListItem","position":1,"name":"Portada","item":"https:\/\/infoecos.com.ar\/"},{"@type":"ListItem","position":2,"name":"El Poder Ejecutivo Nacional promulg\u00f3 la Ley Lucio"}]},{"@type":"WebSite","@id":"https:\/\/infoecos.com.ar\/#website","url":"https:\/\/infoecos.com.ar\/","name":"Infoecos","description":"Noticias de trenque lauquen y la zona","publisher":{"@id":"https:\/\/infoecos.com.ar\/#organization"},"alternateName":"Noticias","potentialAction":[{"@type":"SearchAction","target":{"@type":"EntryPoint","urlTemplate":"https:\/\/infoecos.com.ar\/?s={search_term_string}"},"query-input":{"@type":"PropertyValueSpecification","valueRequired":true,"valueName":"search_term_string"}}],"inLanguage":"es"},{"@type":"Organization","@id":"https:\/\/infoecos.com.ar\/#organization","name":"Infoecos","alternateName":"Noticias","url":"https:\/\/infoecos.com.ar\/","logo":{"@type":"ImageObject","inLanguage":"es","@id":"https:\/\/infoecos.com.ar\/#\/schema\/logo\/image\/","url":"https:\/\/infoecos.com.ar\/wp-content\/uploads\/2024\/03\/cropped-logo.png","contentUrl":"https:\/\/infoecos.com.ar\/wp-content\/uploads\/2024\/03\/cropped-logo.png","width":374,"height":90,"caption":"Infoecos"},"image":{"@id":"https:\/\/infoecos.com.ar\/#\/schema\/logo\/image\/"},"sameAs":["https:\/\/www.facebook.com\/profile.php?id=100063200290284","https:\/\/x.com\/infoecos"]},{"@type":"Person","@id":"https:\/\/infoecos.com.ar\/#\/schema\/person\/8f5ace5ce73b4b4aac4b7245aee6f191","name":"Jorge Matheus","url":"https:\/\/infoecos.com.ar\/index.php\/author\/jomatheus\/"}]}},"featured_image_urls":{"full":["https:\/\/infoecos.com.ar\/wp-content\/uploads\/2023\/05\/image-27.png",980,640,false],"thumbnail":["https:\/\/infoecos.com.ar\/wp-content\/uploads\/2023\/05\/image-27-300x150.png",300,150,true],"medium":["https:\/\/infoecos.com.ar\/wp-content\/uploads\/2023\/05\/image-27-800x522.png",800,522,true],"medium_large":["https:\/\/infoecos.com.ar\/wp-content\/uploads\/2023\/05\/image-27-768x502.png",640,418,true],"large":["https:\/\/infoecos.com.ar\/wp-content\/uploads\/2023\/05\/image-27.png",640,418,false],"1536x1536":["https:\/\/infoecos.com.ar\/wp-content\/uploads\/2023\/05\/image-27.png",980,640,false],"2048x2048":["https:\/\/infoecos.com.ar\/wp-content\/uploads\/2023\/05\/image-27.png",980,640,false],"covernews-slider-full":["https:\/\/infoecos.com.ar\/wp-content\/uploads\/2023\/05\/image-27.png",980,640,false],"covernews-slider-center":["https:\/\/infoecos.com.ar\/wp-content\/uploads\/2023\/05\/image-27-936x640.png",731,500,true],"covernews-featured":["https:\/\/infoecos.com.ar\/wp-content\/uploads\/2023\/05\/image-27.png",980,640,false],"covernews-medium":["https:\/\/infoecos.com.ar\/wp-content\/uploads\/2023\/05\/image-27-720x380.png",540,285,true],"covernews-medium-square":["https:\/\/infoecos.com.ar\/wp-content\/uploads\/2023\/05\/image-27-675x450.png",375,250,true]},"author_info":{"info":["Jorge Matheus"]},"category_info":"<a href=\"https:\/\/infoecos.com.ar\/index.php\/category\/inferior2\/\" rel=\"category tag\">Bloque inferior - 2<\/a>","tag_info":"Bloque inferior - 2","comment_count":"0","_links":{"self":[{"href":"https:\/\/infoecos.com.ar\/index.php\/wp-json\/wp\/v2\/posts\/104609"}],"collection":[{"href":"https:\/\/infoecos.com.ar\/index.php\/wp-json\/wp\/v2\/posts"}],"about":[{"href":"https:\/\/infoecos.com.ar\/index.php\/wp-json\/wp\/v2\/types\/post"}],"author":[{"embeddable":true,"href":"https:\/\/infoecos.com.ar\/index.php\/wp-json\/wp\/v2\/users\/2"}],"replies":[{"embeddable":true,"href":"https:\/\/infoecos.com.ar\/index.php\/wp-json\/wp\/v2\/comments?post=104609"}],"version-history":[{"count":2,"href":"https:\/\/infoecos.com.ar\/index.php\/wp-json\/wp\/v2\/posts\/104609\/revisions"}],"predecessor-version":[{"id":104681,"href":"https:\/\/infoecos.com.ar\/index.php\/wp-json\/wp\/v2\/posts\/104609\/revisions\/104681"}],"wp:featuredmedia":[{"embeddable":true,"href":"https:\/\/infoecos.com.ar\/index.php\/wp-json\/wp\/v2\/media\/104610"}],"wp:attachment":[{"href":"https:\/\/infoecos.com.ar\/index.php\/wp-json\/wp\/v2\/media?parent=104609"}],"wp:term":[{"taxonomy":"category","embeddable":true,"href":"https:\/\/infoecos.com.ar\/index.php\/wp-json\/wp\/v2\/categories?post=104609"},{"taxonomy":"post_tag","embeddable":true,"href":"https:\/\/infoecos.com.ar\/index.php\/wp-json\/wp\/v2\/tags?post=104609"}],"curies":[{"name":"wp","href":"https:\/\/api.w.org\/{rel}","templated":true}]}}