{"id":104623,"date":"2023-05-04T02:39:44","date_gmt":"2023-05-04T05:39:44","guid":{"rendered":"https:\/\/infoecos.com.ar\/?p=104623"},"modified":"2023-05-04T02:39:45","modified_gmt":"2023-05-04T05:39:45","slug":"se-redujeron-en-un-394-las-exportaciones-de-los-productos-provenientes-del-campo-argentino","status":"publish","type":"post","link":"https:\/\/infoecos.com.ar\/index.php\/se-redujeron-en-un-394-las-exportaciones-de-los-productos-provenientes-del-campo-argentino\/","title":{"rendered":"Se redujeron en un \u201339,4% las exportaciones de los productos provenientes del campo argentino"},"content":{"rendered":"\n<p>La grave sequ\u00eda que afect\u00f3 a la zona centro del pa\u00eds, reflej\u00f3 una ca\u00edda de las\u00a0exportaciones\u00a0de los productos provenientes del\u00a0campo\u00a0argentino cada vez m\u00e1s aguda desde septiembre pasado.<\/p>\n\n\n\n<figure class=\"wp-block-image aligncenter size-full is-resized\"><img loading=\"lazy\" decoding=\"async\" src=\"https:\/\/infoecos.com.ar\/wp-content\/uploads\/2022\/10\/sequiatrigo.jpg\" alt=\"\" class=\"wp-image-98895\" width=\"625\" height=\"414\" srcset=\"https:\/\/infoecos.com.ar\/wp-content\/uploads\/2022\/10\/sequiatrigo.jpg 767w, https:\/\/infoecos.com.ar\/wp-content\/uploads\/2022\/10\/sequiatrigo-460x305.jpg 460w\" sizes=\"(max-width: 625px) 100vw, 625px\" \/><\/figure>\n\n\n\n<p>En su informe sobre \u00edndice de precios y cantidades del comercio exterior, el Instituto Nacional de Estad\u00edsticas y Censos (INDEC) difundi\u00f3 este mi\u00e9rcoles que la cantidad de exportaciones de\u00a0productos primarios\u00a0(PP) se redujo en un \u201339,4%\u00a0en el primer trimestre del a\u00f1o en relaci\u00f3n a igual periodo de 2022.<\/p>\n\n\n\n<p>Mientras que las\u00a0manufacturas de origen agropecuario\u00a0(MOA) marcaron un descenso de\u00a0-15,5%\u00a0en el \u00edndice de cantidades en dicho lapso.<\/p>\n\n\n\n<p>Para observar un resultado tan bajo en las cantidades de productos primarios exportadas hay que ir hasta el tercer trimestre del 2020, cuando arreciaba la pandemia por coronavirus, pese a que el sector agropecuario qued\u00f3 exento de las restricciones a la circulaci\u00f3n.<\/p>\n\n\n\n<p>Por el lado de las manufacturas de origen agropecuario, las cantidades del inicio de este a\u00f1o son similares reci\u00e9n a los alcanzados en el primer trimestre del a\u00f1o 2015.<\/p>\n\n\n\n<p>En esa direcci\u00f3n, el INDEC registr\u00f3 que el descenso de las cantidades de productos primarios exportados se debi\u00f3 principalmente a los siguientes embarques:<\/p>\n\n\n\n<ul class=\"wp-block-list\">\n<li>ma\u00edz en grano, excluido para siembra, -29,8%;<\/li>\n\n\n\n<li>cebada cervecera, -34,0%;<\/li>\n\n\n\n<li>trigo y morcajo, excluidos trigo duro y para siembra, -86,2%;<\/li>\n\n\n\n<li>sorgo de grano, excluido para siembra, -12,3%;<\/li>\n\n\n\n<li>otros cereales, -29,8%.<\/li>\n<\/ul>\n","protected":false},"excerpt":{"rendered":"<p>Para observar un resultado tan bajo en las cantidades de productos primarios exportadas hay que ir hasta el tercer trimestre del 2020, cuando arreciaba la pandemia por coronavirus<\/p>\n","protected":false},"author":2,"featured_media":98895,"comment_status":"closed","ping_status":"open","sticky":false,"template":"","format":"standard","meta":{"footnotes":""},"categories":[46],"tags":[5495],"class_list":["post-104623","post","type-post","status-publish","format-standard","has-post-thumbnail","hentry","category-c2nota2","tag-informe-del-indec"],"yoast_head":"<!-- This site is optimized with the Yoast SEO plugin v23.4 - https:\/\/yoast.com\/wordpress\/plugins\/seo\/ -->\n<title>Se redujeron en un \u201339,4% las exportaciones de los productos provenientes del campo argentino - Infoecos<\/title>\n<meta name=\"robots\" content=\"index, follow, max-snippet:-1, max-image-preview:large, max-video-preview:-1\" \/>\n<link rel=\"canonical\" href=\"https:\/\/infoecos.com.ar\/index.php\/se-redujeron-en-un-394-las-exportaciones-de-los-productos-provenientes-del-campo-argentino\/\" \/>\n<meta property=\"og:locale\" content=\"es_ES\" \/>\n<meta property=\"og:type\" content=\"article\" \/>\n<meta property=\"og:title\" content=\"Se redujeron en un \u201339,4% las exportaciones de los productos provenientes del campo argentino - Infoecos\" \/>\n<meta property=\"og:description\" content=\"Para observar un resultado tan bajo en las cantidades de productos primarios exportadas hay que ir hasta el tercer trimestre del 2020, cuando arreciaba la pandemia por coronavirus\" \/>\n<meta property=\"og:url\" content=\"https:\/\/infoecos.com.ar\/index.php\/se-redujeron-en-un-394-las-exportaciones-de-los-productos-provenientes-del-campo-argentino\/\" \/>\n<meta property=\"og:site_name\" content=\"Infoecos\" \/>\n<meta property=\"article:publisher\" content=\"https:\/\/www.facebook.com\/profile.php?id=100063200290284\" \/>\n<meta property=\"article:published_time\" content=\"2023-05-04T05:39:44+00:00\" \/>\n<meta property=\"article:modified_time\" content=\"2023-05-04T05:39:45+00:00\" \/>\n<meta property=\"og:image\" content=\"https:\/\/infoecos.com.ar\/wp-content\/uploads\/2022\/10\/sequiatrigo.jpg\" \/>\n\t<meta property=\"og:image:width\" content=\"767\" \/>\n\t<meta property=\"og:image:height\" content=\"508\" \/>\n\t<meta property=\"og:image:type\" content=\"image\/jpeg\" \/>\n<meta name=\"author\" content=\"Jorge Matheus\" \/>\n<meta name=\"twitter:card\" content=\"summary_large_image\" \/>\n<meta name=\"twitter:creator\" content=\"@infoecos\" \/>\n<meta name=\"twitter:site\" content=\"@infoecos\" \/>\n<meta name=\"twitter:label1\" content=\"Escrito por\" \/>\n\t<meta name=\"twitter:data1\" content=\"Jorge Matheus\" \/>\n\t<meta name=\"twitter:label2\" content=\"Tiempo de lectura\" \/>\n\t<meta name=\"twitter:data2\" content=\"2 minutos\" \/>\n<script type=\"application\/ld+json\" class=\"yoast-schema-graph\">{\"@context\":\"https:\/\/schema.org\",\"@graph\":[{\"@type\":\"Article\",\"@id\":\"https:\/\/infoecos.com.ar\/index.php\/se-redujeron-en-un-394-las-exportaciones-de-los-productos-provenientes-del-campo-argentino\/#article\",\"isPartOf\":{\"@id\":\"https:\/\/infoecos.com.ar\/index.php\/se-redujeron-en-un-394-las-exportaciones-de-los-productos-provenientes-del-campo-argentino\/\"},\"author\":{\"name\":\"Jorge Matheus\",\"@id\":\"https:\/\/infoecos.com.ar\/#\/schema\/person\/8f5ace5ce73b4b4aac4b7245aee6f191\"},\"headline\":\"Se redujeron en un \u201339,4% las exportaciones de los productos provenientes del campo argentino\",\"datePublished\":\"2023-05-04T05:39:44+00:00\",\"dateModified\":\"2023-05-04T05:39:45+00:00\",\"mainEntityOfPage\":{\"@id\":\"https:\/\/infoecos.com.ar\/index.php\/se-redujeron-en-un-394-las-exportaciones-de-los-productos-provenientes-del-campo-argentino\/\"},\"wordCount\":249,\"publisher\":{\"@id\":\"https:\/\/infoecos.com.ar\/#organization\"},\"image\":{\"@id\":\"https:\/\/infoecos.com.ar\/index.php\/se-redujeron-en-un-394-las-exportaciones-de-los-productos-provenientes-del-campo-argentino\/#primaryimage\"},\"thumbnailUrl\":\"https:\/\/infoecos.com.ar\/wp-content\/uploads\/2022\/10\/sequiatrigo.jpg\",\"keywords\":[\"informe del indec\"],\"articleSection\":[\"C2 N2\"],\"inLanguage\":\"es\"},{\"@type\":\"WebPage\",\"@id\":\"https:\/\/infoecos.com.ar\/index.php\/se-redujeron-en-un-394-las-exportaciones-de-los-productos-provenientes-del-campo-argentino\/\",\"url\":\"https:\/\/infoecos.com.ar\/index.php\/se-redujeron-en-un-394-las-exportaciones-de-los-productos-provenientes-del-campo-argentino\/\",\"name\":\"Se redujeron en un \u201339,4% las exportaciones de los productos provenientes del campo argentino - Infoecos\",\"isPartOf\":{\"@id\":\"https:\/\/infoecos.com.ar\/#website\"},\"primaryImageOfPage\":{\"@id\":\"https:\/\/infoecos.com.ar\/index.php\/se-redujeron-en-un-394-las-exportaciones-de-los-productos-provenientes-del-campo-argentino\/#primaryimage\"},\"image\":{\"@id\":\"https:\/\/infoecos.com.ar\/index.php\/se-redujeron-en-un-394-las-exportaciones-de-los-productos-provenientes-del-campo-argentino\/#primaryimage\"},\"thumbnailUrl\":\"https:\/\/infoecos.com.ar\/wp-content\/uploads\/2022\/10\/sequiatrigo.jpg\",\"datePublished\":\"2023-05-04T05:39:44+00:00\",\"dateModified\":\"2023-05-04T05:39:45+00:00\",\"breadcrumb\":{\"@id\":\"https:\/\/infoecos.com.ar\/index.php\/se-redujeron-en-un-394-las-exportaciones-de-los-productos-provenientes-del-campo-argentino\/#breadcrumb\"},\"inLanguage\":\"es\",\"potentialAction\":[{\"@type\":\"ReadAction\",\"target\":[\"https:\/\/infoecos.com.ar\/index.php\/se-redujeron-en-un-394-las-exportaciones-de-los-productos-provenientes-del-campo-argentino\/\"]}]},{\"@type\":\"ImageObject\",\"inLanguage\":\"es\",\"@id\":\"https:\/\/infoecos.com.ar\/index.php\/se-redujeron-en-un-394-las-exportaciones-de-los-productos-provenientes-del-campo-argentino\/#primaryimage\",\"url\":\"https:\/\/infoecos.com.ar\/wp-content\/uploads\/2022\/10\/sequiatrigo.jpg\",\"contentUrl\":\"https:\/\/infoecos.com.ar\/wp-content\/uploads\/2022\/10\/sequiatrigo.jpg\",\"width\":767,\"height\":508},{\"@type\":\"BreadcrumbList\",\"@id\":\"https:\/\/infoecos.com.ar\/index.php\/se-redujeron-en-un-394-las-exportaciones-de-los-productos-provenientes-del-campo-argentino\/#breadcrumb\",\"itemListElement\":[{\"@type\":\"ListItem\",\"position\":1,\"name\":\"Portada\",\"item\":\"https:\/\/infoecos.com.ar\/\"},{\"@type\":\"ListItem\",\"position\":2,\"name\":\"Se redujeron en un \u201339,4% las exportaciones de los productos provenientes del campo argentino\"}]},{\"@type\":\"WebSite\",\"@id\":\"https:\/\/infoecos.com.ar\/#website\",\"url\":\"https:\/\/infoecos.com.ar\/\",\"name\":\"Infoecos\",\"description\":\"Noticias de trenque lauquen y la zona\",\"publisher\":{\"@id\":\"https:\/\/infoecos.com.ar\/#organization\"},\"alternateName\":\"Noticias\",\"potentialAction\":[{\"@type\":\"SearchAction\",\"target\":{\"@type\":\"EntryPoint\",\"urlTemplate\":\"https:\/\/infoecos.com.ar\/?s={search_term_string}\"},\"query-input\":{\"@type\":\"PropertyValueSpecification\",\"valueRequired\":true,\"valueName\":\"search_term_string\"}}],\"inLanguage\":\"es\"},{\"@type\":\"Organization\",\"@id\":\"https:\/\/infoecos.com.ar\/#organization\",\"name\":\"Infoecos\",\"alternateName\":\"Noticias\",\"url\":\"https:\/\/infoecos.com.ar\/\",\"logo\":{\"@type\":\"ImageObject\",\"inLanguage\":\"es\",\"@id\":\"https:\/\/infoecos.com.ar\/#\/schema\/logo\/image\/\",\"url\":\"https:\/\/infoecos.com.ar\/wp-content\/uploads\/2024\/03\/cropped-logo.png\",\"contentUrl\":\"https:\/\/infoecos.com.ar\/wp-content\/uploads\/2024\/03\/cropped-logo.png\",\"width\":374,\"height\":90,\"caption\":\"Infoecos\"},\"image\":{\"@id\":\"https:\/\/infoecos.com.ar\/#\/schema\/logo\/image\/\"},\"sameAs\":[\"https:\/\/www.facebook.com\/profile.php?id=100063200290284\",\"https:\/\/x.com\/infoecos\"]},{\"@type\":\"Person\",\"@id\":\"https:\/\/infoecos.com.ar\/#\/schema\/person\/8f5ace5ce73b4b4aac4b7245aee6f191\",\"name\":\"Jorge Matheus\",\"url\":\"https:\/\/infoecos.com.ar\/index.php\/author\/jomatheus\/\"}]}<\/script>\n<!-- \/ Yoast SEO plugin. -->","yoast_head_json":{"title":"Se redujeron en un \u201339,4% las exportaciones de los productos provenientes del campo argentino - Infoecos","robots":{"index":"index","follow":"follow","max-snippet":"max-snippet:-1","max-image-preview":"max-image-preview:large","max-video-preview":"max-video-preview:-1"},"canonical":"https:\/\/infoecos.com.ar\/index.php\/se-redujeron-en-un-394-las-exportaciones-de-los-productos-provenientes-del-campo-argentino\/","og_locale":"es_ES","og_type":"article","og_title":"Se redujeron en un \u201339,4% las exportaciones de los productos provenientes del campo argentino - Infoecos","og_description":"Para observar un resultado tan bajo en las cantidades de productos primarios exportadas hay que ir hasta el tercer trimestre del 2020, cuando arreciaba la pandemia por coronavirus","og_url":"https:\/\/infoecos.com.ar\/index.php\/se-redujeron-en-un-394-las-exportaciones-de-los-productos-provenientes-del-campo-argentino\/","og_site_name":"Infoecos","article_publisher":"https:\/\/www.facebook.com\/profile.php?id=100063200290284","article_published_time":"2023-05-04T05:39:44+00:00","article_modified_time":"2023-05-04T05:39:45+00:00","og_image":[{"width":767,"height":508,"url":"https:\/\/infoecos.com.ar\/wp-content\/uploads\/2022\/10\/sequiatrigo.jpg","type":"image\/jpeg"}],"author":"Jorge Matheus","twitter_card":"summary_large_image","twitter_creator":"@infoecos","twitter_site":"@infoecos","twitter_misc":{"Escrito por":"Jorge Matheus","Tiempo de lectura":"2 minutos"},"schema":{"@context":"https:\/\/schema.org","@graph":[{"@type":"Article","@id":"https:\/\/infoecos.com.ar\/index.php\/se-redujeron-en-un-394-las-exportaciones-de-los-productos-provenientes-del-campo-argentino\/#article","isPartOf":{"@id":"https:\/\/infoecos.com.ar\/index.php\/se-redujeron-en-un-394-las-exportaciones-de-los-productos-provenientes-del-campo-argentino\/"},"author":{"name":"Jorge Matheus","@id":"https:\/\/infoecos.com.ar\/#\/schema\/person\/8f5ace5ce73b4b4aac4b7245aee6f191"},"headline":"Se redujeron en un \u201339,4% las exportaciones de los productos provenientes del campo argentino","datePublished":"2023-05-04T05:39:44+00:00","dateModified":"2023-05-04T05:39:45+00:00","mainEntityOfPage":{"@id":"https:\/\/infoecos.com.ar\/index.php\/se-redujeron-en-un-394-las-exportaciones-de-los-productos-provenientes-del-campo-argentino\/"},"wordCount":249,"publisher":{"@id":"https:\/\/infoecos.com.ar\/#organization"},"image":{"@id":"https:\/\/infoecos.com.ar\/index.php\/se-redujeron-en-un-394-las-exportaciones-de-los-productos-provenientes-del-campo-argentino\/#primaryimage"},"thumbnailUrl":"https:\/\/infoecos.com.ar\/wp-content\/uploads\/2022\/10\/sequiatrigo.jpg","keywords":["informe del indec"],"articleSection":["C2 N2"],"inLanguage":"es"},{"@type":"WebPage","@id":"https:\/\/infoecos.com.ar\/index.php\/se-redujeron-en-un-394-las-exportaciones-de-los-productos-provenientes-del-campo-argentino\/","url":"https:\/\/infoecos.com.ar\/index.php\/se-redujeron-en-un-394-las-exportaciones-de-los-productos-provenientes-del-campo-argentino\/","name":"Se redujeron en un \u201339,4% las exportaciones de los productos provenientes del campo argentino - Infoecos","isPartOf":{"@id":"https:\/\/infoecos.com.ar\/#website"},"primaryImageOfPage":{"@id":"https:\/\/infoecos.com.ar\/index.php\/se-redujeron-en-un-394-las-exportaciones-de-los-productos-provenientes-del-campo-argentino\/#primaryimage"},"image":{"@id":"https:\/\/infoecos.com.ar\/index.php\/se-redujeron-en-un-394-las-exportaciones-de-los-productos-provenientes-del-campo-argentino\/#primaryimage"},"thumbnailUrl":"https:\/\/infoecos.com.ar\/wp-content\/uploads\/2022\/10\/sequiatrigo.jpg","datePublished":"2023-05-04T05:39:44+00:00","dateModified":"2023-05-04T05:39:45+00:00","breadcrumb":{"@id":"https:\/\/infoecos.com.ar\/index.php\/se-redujeron-en-un-394-las-exportaciones-de-los-productos-provenientes-del-campo-argentino\/#breadcrumb"},"inLanguage":"es","potentialAction":[{"@type":"ReadAction","target":["https:\/\/infoecos.com.ar\/index.php\/se-redujeron-en-un-394-las-exportaciones-de-los-productos-provenientes-del-campo-argentino\/"]}]},{"@type":"ImageObject","inLanguage":"es","@id":"https:\/\/infoecos.com.ar\/index.php\/se-redujeron-en-un-394-las-exportaciones-de-los-productos-provenientes-del-campo-argentino\/#primaryimage","url":"https:\/\/infoecos.com.ar\/wp-content\/uploads\/2022\/10\/sequiatrigo.jpg","contentUrl":"https:\/\/infoecos.com.ar\/wp-content\/uploads\/2022\/10\/sequiatrigo.jpg","width":767,"height":508},{"@type":"BreadcrumbList","@id":"https:\/\/infoecos.com.ar\/index.php\/se-redujeron-en-un-394-las-exportaciones-de-los-productos-provenientes-del-campo-argentino\/#breadcrumb","itemListElement":[{"@type":"ListItem","position":1,"name":"Portada","item":"https:\/\/infoecos.com.ar\/"},{"@type":"ListItem","position":2,"name":"Se redujeron en un \u201339,4% las exportaciones de los productos provenientes del campo argentino"}]},{"@type":"WebSite","@id":"https:\/\/infoecos.com.ar\/#website","url":"https:\/\/infoecos.com.ar\/","name":"Infoecos","description":"Noticias de trenque lauquen y la zona","publisher":{"@id":"https:\/\/infoecos.com.ar\/#organization"},"alternateName":"Noticias","potentialAction":[{"@type":"SearchAction","target":{"@type":"EntryPoint","urlTemplate":"https:\/\/infoecos.com.ar\/?s={search_term_string}"},"query-input":{"@type":"PropertyValueSpecification","valueRequired":true,"valueName":"search_term_string"}}],"inLanguage":"es"},{"@type":"Organization","@id":"https:\/\/infoecos.com.ar\/#organization","name":"Infoecos","alternateName":"Noticias","url":"https:\/\/infoecos.com.ar\/","logo":{"@type":"ImageObject","inLanguage":"es","@id":"https:\/\/infoecos.com.ar\/#\/schema\/logo\/image\/","url":"https:\/\/infoecos.com.ar\/wp-content\/uploads\/2024\/03\/cropped-logo.png","contentUrl":"https:\/\/infoecos.com.ar\/wp-content\/uploads\/2024\/03\/cropped-logo.png","width":374,"height":90,"caption":"Infoecos"},"image":{"@id":"https:\/\/infoecos.com.ar\/#\/schema\/logo\/image\/"},"sameAs":["https:\/\/www.facebook.com\/profile.php?id=100063200290284","https:\/\/x.com\/infoecos"]},{"@type":"Person","@id":"https:\/\/infoecos.com.ar\/#\/schema\/person\/8f5ace5ce73b4b4aac4b7245aee6f191","name":"Jorge Matheus","url":"https:\/\/infoecos.com.ar\/index.php\/author\/jomatheus\/"}]}},"featured_image_urls":{"full":["https:\/\/infoecos.com.ar\/wp-content\/uploads\/2022\/10\/sequiatrigo.jpg",767,508,false],"thumbnail":["https:\/\/infoecos.com.ar\/wp-content\/uploads\/2022\/10\/sequiatrigo-150x150.jpg",150,150,true],"medium":["https:\/\/infoecos.com.ar\/wp-content\/uploads\/2022\/10\/sequiatrigo-460x305.jpg",460,305,true],"medium_large":["https:\/\/infoecos.com.ar\/wp-content\/uploads\/2022\/10\/sequiatrigo.jpg",640,424,false],"large":["https:\/\/infoecos.com.ar\/wp-content\/uploads\/2022\/10\/sequiatrigo.jpg",640,424,false],"1536x1536":["https:\/\/infoecos.com.ar\/wp-content\/uploads\/2022\/10\/sequiatrigo.jpg",767,508,false],"2048x2048":["https:\/\/infoecos.com.ar\/wp-content\/uploads\/2022\/10\/sequiatrigo.jpg",767,508,false],"covernews-slider-full":["https:\/\/infoecos.com.ar\/wp-content\/uploads\/2022\/10\/sequiatrigo.jpg",767,508,false],"covernews-slider-center":["https:\/\/infoecos.com.ar\/wp-content\/uploads\/2022\/10\/sequiatrigo.jpg",755,500,false],"covernews-featured":["https:\/\/infoecos.com.ar\/wp-content\/uploads\/2022\/10\/sequiatrigo.jpg",767,508,false],"covernews-medium":["https:\/\/infoecos.com.ar\/wp-content\/uploads\/2022\/10\/sequiatrigo-720x380.jpg",540,285,true],"covernews-medium-square":["https:\/\/infoecos.com.ar\/wp-content\/uploads\/2022\/10\/sequiatrigo-675x450.jpg",375,250,true]},"author_info":{"info":["Jorge Matheus"]},"category_info":"<a href=\"https:\/\/infoecos.com.ar\/index.php\/category\/c2nota2\/\" rel=\"category tag\">C2 N2<\/a>","tag_info":"C2 N2","comment_count":"0","_links":{"self":[{"href":"https:\/\/infoecos.com.ar\/index.php\/wp-json\/wp\/v2\/posts\/104623"}],"collection":[{"href":"https:\/\/infoecos.com.ar\/index.php\/wp-json\/wp\/v2\/posts"}],"about":[{"href":"https:\/\/infoecos.com.ar\/index.php\/wp-json\/wp\/v2\/types\/post"}],"author":[{"embeddable":true,"href":"https:\/\/infoecos.com.ar\/index.php\/wp-json\/wp\/v2\/users\/2"}],"replies":[{"embeddable":true,"href":"https:\/\/infoecos.com.ar\/index.php\/wp-json\/wp\/v2\/comments?post=104623"}],"version-history":[{"count":1,"href":"https:\/\/infoecos.com.ar\/index.php\/wp-json\/wp\/v2\/posts\/104623\/revisions"}],"predecessor-version":[{"id":104625,"href":"https:\/\/infoecos.com.ar\/index.php\/wp-json\/wp\/v2\/posts\/104623\/revisions\/104625"}],"wp:featuredmedia":[{"embeddable":true,"href":"https:\/\/infoecos.com.ar\/index.php\/wp-json\/wp\/v2\/media\/98895"}],"wp:attachment":[{"href":"https:\/\/infoecos.com.ar\/index.php\/wp-json\/wp\/v2\/media?parent=104623"}],"wp:term":[{"taxonomy":"category","embeddable":true,"href":"https:\/\/infoecos.com.ar\/index.php\/wp-json\/wp\/v2\/categories?post=104623"},{"taxonomy":"post_tag","embeddable":true,"href":"https:\/\/infoecos.com.ar\/index.php\/wp-json\/wp\/v2\/tags?post=104623"}],"curies":[{"name":"wp","href":"https:\/\/api.w.org\/{rel}","templated":true}]}}