{"id":104626,"date":"2023-05-04T02:50:20","date_gmt":"2023-05-04T05:50:20","guid":{"rendered":"https:\/\/infoecos.com.ar\/?p=104626"},"modified":"2023-05-04T02:50:21","modified_gmt":"2023-05-04T05:50:21","slug":"golpearon-en-la-cabeza-con-un-objeto-contundente-a-periodista-de-fm-del-sol-de-pehuajo","status":"publish","type":"post","link":"https:\/\/infoecos.com.ar\/index.php\/golpearon-en-la-cabeza-con-un-objeto-contundente-a-periodista-de-fm-del-sol-de-pehuajo\/","title":{"rendered":"Golpearon en la cabeza, con un objeto contundente, a periodista de FM del Sol de Pehuaj\u00f3"},"content":{"rendered":"\n<p>Natalia Marego, periodista de FM Del Sol de Pehuaj\u00f3, fue golpeada con un objeto contundente en su cabeza, cuando se encontraba realizando la cobertura del encuentro final de la Recopa entre Defensores del Este y Deportivo Argentino, que se disput\u00f3 el domingo anterior. El episodio, de acuerdo a lo narrado por la colega, se sucedi\u00f3 cuando se llevaba adelante la premiaci\u00f3n al conjunto \u201cazul\u201d que se adjudic\u00f3 el certamen.<\/p>\n\n\n\n<figure class=\"wp-block-image aligncenter size-large is-resized\"><img loading=\"lazy\" decoding=\"async\" src=\"https:\/\/infoecos.com.ar\/wp-content\/uploads\/2023\/05\/451508_1683051777-1600x848.jpeg\" alt=\"\" class=\"wp-image-104627\" width=\"500\" height=\"265\" srcset=\"https:\/\/infoecos.com.ar\/wp-content\/uploads\/2023\/05\/451508_1683051777-1600x848.jpeg 1600w, https:\/\/infoecos.com.ar\/wp-content\/uploads\/2023\/05\/451508_1683051777-800x424.jpeg 800w, https:\/\/infoecos.com.ar\/wp-content\/uploads\/2023\/05\/451508_1683051777-768x407.jpeg 768w, https:\/\/infoecos.com.ar\/wp-content\/uploads\/2023\/05\/451508_1683051777-1536x814.jpeg 1536w, https:\/\/infoecos.com.ar\/wp-content\/uploads\/2023\/05\/451508_1683051777-2048x1085.jpeg 2048w, https:\/\/infoecos.com.ar\/wp-content\/uploads\/2023\/05\/451508_1683051777-1024x543.jpeg 1024w, https:\/\/infoecos.com.ar\/wp-content\/uploads\/2023\/05\/451508_1683051777-720x380.jpeg 720w\" sizes=\"(max-width: 500px) 100vw, 500px\" \/><figcaption class=\"wp-element-caption\">Natalia Marego, periodista de FM Del Sol de Pehuaj\u00f3<\/figcaption><\/figure>\n\n\n\n<p>A trav\u00e9s de las redes sociales, Marego narr\u00f3 lo acontecido; producto del fuerte impacto sufri\u00f3 un corte en su cuero cabelludo y fue asistida por la m\u00e9dica Romina Seijas. Una vez m\u00e1s un episodio de violencia que se genera en una cancha de f\u00fatbol, y que esta vez tuvo como victima a una trabajadora de prensa. Un hecho repudiable e inadmisible, que vuelve a generar interrogantes sobre las acciones de algunas personas que se hacen presente en los escenarios deportivos.<\/p>\n\n\n\n<p>La periodista del equipo deportivo de Entretiempo, Natalia Marego, habl\u00f3 con 100.5 y relat\u00f3 el lamentable episodio transcurrido durante la final de la Recopa, que se disput\u00f3 en la cancha de Defensores del Este, en el cual fue agredida.<\/p>\n\n\n\n<p>Marego indic\u00f3 que \u201cpaso cuando estaba transmitiendo la parte de los festejos de Deportivo y sent\u00ed un golpe bastante fuerte en la cabeza. Me toqu\u00e9 la cabeza, sent\u00ed que no tenia nada lastimado y continu\u00e9 con la transmisi\u00f3n. Cuando la tuve a Cata m\u00e1s cerca (Catalina Linares) le dije que se fijara y me dijo que tenia un corte. Cuando termine con la transmisi\u00f3n se acerc\u00f3 la Dra. Romina Seijas y me hizo las curaciones correspondientes. Tengo un corte superficial y la parte inflamada por el golpe. No s\u00e9 con qu\u00e9 me pegaron, mir\u00e9 al piso y no vi nada, pero fue un golpe intenso\u201d.<\/p>\n\n\n\n<p>\u201cEn un principio no pensaba subirlo a las redes, pero lo hice para contarlo y ver si intentamos que estas cosas no pasen. Si te impacta en otro lado o en un ojo podr\u00eda haber sido mas grave. Desde ayer se ha comunicado mucha gente conmigo y pido disculpas porque no he podido responder a todos, pero quiero agradecerles porque se han preocupado por saber c\u00f3mo estaba. Quiero que esa violencia no exista, lo que es verbal estamos acostumbrados a que ocurra, pero cuando son f\u00edsicas no est\u00e1n buenas para nadie\u201d, a\u00f1adi\u00f3 Marego.<\/p>\n","protected":false},"excerpt":{"rendered":"<p>El episodio, de acuerdo a lo narrado por la periodista, se sucedi\u00f3 cuando se llevaba adelante la premiaci\u00f3n al conjunto \u201cazul\u201d que se adjudic\u00f3 el certamen.<\/p>\n","protected":false},"author":2,"featured_media":104627,"comment_status":"closed","ping_status":"open","sticky":false,"template":"","format":"standard","meta":{"footnotes":""},"categories":[47],"tags":[7851],"class_list":["post-104626","post","type-post","status-publish","format-standard","has-post-thumbnail","hentry","category-c3nota2","tag-en-la-final-de-la-recopa"],"yoast_head":"<!-- This site is optimized with the Yoast SEO plugin v23.4 - https:\/\/yoast.com\/wordpress\/plugins\/seo\/ -->\n<title>Golpearon en la cabeza, con un objeto contundente, a periodista de FM del Sol de Pehuaj\u00f3 - Infoecos<\/title>\n<meta name=\"robots\" content=\"index, follow, max-snippet:-1, max-image-preview:large, max-video-preview:-1\" \/>\n<link rel=\"canonical\" href=\"https:\/\/infoecos.com.ar\/index.php\/golpearon-en-la-cabeza-con-un-objeto-contundente-a-periodista-de-fm-del-sol-de-pehuajo\/\" \/>\n<meta property=\"og:locale\" content=\"es_ES\" \/>\n<meta property=\"og:type\" content=\"article\" \/>\n<meta property=\"og:title\" content=\"Golpearon en la cabeza, con un objeto contundente, a periodista de FM del Sol de Pehuaj\u00f3 - Infoecos\" \/>\n<meta property=\"og:description\" content=\"El episodio, de acuerdo a lo narrado por la periodista, se sucedi\u00f3 cuando se llevaba adelante la premiaci\u00f3n al conjunto \u201cazul\u201d que se adjudic\u00f3 el certamen.\" \/>\n<meta property=\"og:url\" content=\"https:\/\/infoecos.com.ar\/index.php\/golpearon-en-la-cabeza-con-un-objeto-contundente-a-periodista-de-fm-del-sol-de-pehuajo\/\" \/>\n<meta property=\"og:site_name\" content=\"Infoecos\" \/>\n<meta property=\"article:publisher\" content=\"https:\/\/www.facebook.com\/profile.php?id=100063200290284\" \/>\n<meta property=\"article:published_time\" content=\"2023-05-04T05:50:20+00:00\" \/>\n<meta property=\"article:modified_time\" content=\"2023-05-04T05:50:21+00:00\" \/>\n<meta property=\"og:image\" content=\"https:\/\/infoecos.com.ar\/wp-content\/uploads\/2023\/05\/451508_1683051777-scaled.jpeg\" \/>\n\t<meta property=\"og:image:width\" content=\"2560\" \/>\n\t<meta property=\"og:image:height\" content=\"1357\" \/>\n\t<meta property=\"og:image:type\" content=\"image\/jpeg\" \/>\n<meta name=\"author\" content=\"Jorge Matheus\" \/>\n<meta name=\"twitter:card\" content=\"summary_large_image\" \/>\n<meta name=\"twitter:creator\" content=\"@infoecos\" \/>\n<meta name=\"twitter:site\" content=\"@infoecos\" \/>\n<meta name=\"twitter:label1\" content=\"Escrito por\" \/>\n\t<meta name=\"twitter:data1\" content=\"Jorge Matheus\" \/>\n\t<meta name=\"twitter:label2\" content=\"Tiempo de lectura\" \/>\n\t<meta name=\"twitter:data2\" content=\"3 minutos\" \/>\n<script type=\"application\/ld+json\" class=\"yoast-schema-graph\">{\"@context\":\"https:\/\/schema.org\",\"@graph\":[{\"@type\":\"Article\",\"@id\":\"https:\/\/infoecos.com.ar\/index.php\/golpearon-en-la-cabeza-con-un-objeto-contundente-a-periodista-de-fm-del-sol-de-pehuajo\/#article\",\"isPartOf\":{\"@id\":\"https:\/\/infoecos.com.ar\/index.php\/golpearon-en-la-cabeza-con-un-objeto-contundente-a-periodista-de-fm-del-sol-de-pehuajo\/\"},\"author\":{\"name\":\"Jorge Matheus\",\"@id\":\"https:\/\/infoecos.com.ar\/#\/schema\/person\/8f5ace5ce73b4b4aac4b7245aee6f191\"},\"headline\":\"Golpearon en la cabeza, con un objeto contundente, a periodista de FM del Sol de Pehuaj\u00f3\",\"datePublished\":\"2023-05-04T05:50:20+00:00\",\"dateModified\":\"2023-05-04T05:50:21+00:00\",\"mainEntityOfPage\":{\"@id\":\"https:\/\/infoecos.com.ar\/index.php\/golpearon-en-la-cabeza-con-un-objeto-contundente-a-periodista-de-fm-del-sol-de-pehuajo\/\"},\"wordCount\":423,\"publisher\":{\"@id\":\"https:\/\/infoecos.com.ar\/#organization\"},\"image\":{\"@id\":\"https:\/\/infoecos.com.ar\/index.php\/golpearon-en-la-cabeza-con-un-objeto-contundente-a-periodista-de-fm-del-sol-de-pehuajo\/#primaryimage\"},\"thumbnailUrl\":\"https:\/\/infoecos.com.ar\/wp-content\/uploads\/2023\/05\/451508_1683051777-scaled.jpeg\",\"keywords\":[\"EN LA FINAL DE LA RECOPA\"],\"articleSection\":[\"C3 N2\"],\"inLanguage\":\"es\"},{\"@type\":\"WebPage\",\"@id\":\"https:\/\/infoecos.com.ar\/index.php\/golpearon-en-la-cabeza-con-un-objeto-contundente-a-periodista-de-fm-del-sol-de-pehuajo\/\",\"url\":\"https:\/\/infoecos.com.ar\/index.php\/golpearon-en-la-cabeza-con-un-objeto-contundente-a-periodista-de-fm-del-sol-de-pehuajo\/\",\"name\":\"Golpearon en la cabeza, con un objeto contundente, a periodista de FM del Sol de Pehuaj\u00f3 - Infoecos\",\"isPartOf\":{\"@id\":\"https:\/\/infoecos.com.ar\/#website\"},\"primaryImageOfPage\":{\"@id\":\"https:\/\/infoecos.com.ar\/index.php\/golpearon-en-la-cabeza-con-un-objeto-contundente-a-periodista-de-fm-del-sol-de-pehuajo\/#primaryimage\"},\"image\":{\"@id\":\"https:\/\/infoecos.com.ar\/index.php\/golpearon-en-la-cabeza-con-un-objeto-contundente-a-periodista-de-fm-del-sol-de-pehuajo\/#primaryimage\"},\"thumbnailUrl\":\"https:\/\/infoecos.com.ar\/wp-content\/uploads\/2023\/05\/451508_1683051777-scaled.jpeg\",\"datePublished\":\"2023-05-04T05:50:20+00:00\",\"dateModified\":\"2023-05-04T05:50:21+00:00\",\"breadcrumb\":{\"@id\":\"https:\/\/infoecos.com.ar\/index.php\/golpearon-en-la-cabeza-con-un-objeto-contundente-a-periodista-de-fm-del-sol-de-pehuajo\/#breadcrumb\"},\"inLanguage\":\"es\",\"potentialAction\":[{\"@type\":\"ReadAction\",\"target\":[\"https:\/\/infoecos.com.ar\/index.php\/golpearon-en-la-cabeza-con-un-objeto-contundente-a-periodista-de-fm-del-sol-de-pehuajo\/\"]}]},{\"@type\":\"ImageObject\",\"inLanguage\":\"es\",\"@id\":\"https:\/\/infoecos.com.ar\/index.php\/golpearon-en-la-cabeza-con-un-objeto-contundente-a-periodista-de-fm-del-sol-de-pehuajo\/#primaryimage\",\"url\":\"https:\/\/infoecos.com.ar\/wp-content\/uploads\/2023\/05\/451508_1683051777-scaled.jpeg\",\"contentUrl\":\"https:\/\/infoecos.com.ar\/wp-content\/uploads\/2023\/05\/451508_1683051777-scaled.jpeg\",\"width\":2560,\"height\":1357},{\"@type\":\"BreadcrumbList\",\"@id\":\"https:\/\/infoecos.com.ar\/index.php\/golpearon-en-la-cabeza-con-un-objeto-contundente-a-periodista-de-fm-del-sol-de-pehuajo\/#breadcrumb\",\"itemListElement\":[{\"@type\":\"ListItem\",\"position\":1,\"name\":\"Portada\",\"item\":\"https:\/\/infoecos.com.ar\/\"},{\"@type\":\"ListItem\",\"position\":2,\"name\":\"Golpearon en la cabeza, con un objeto contundente, a periodista de FM del Sol de Pehuaj\u00f3\"}]},{\"@type\":\"WebSite\",\"@id\":\"https:\/\/infoecos.com.ar\/#website\",\"url\":\"https:\/\/infoecos.com.ar\/\",\"name\":\"Infoecos\",\"description\":\"Noticias de trenque lauquen y la zona\",\"publisher\":{\"@id\":\"https:\/\/infoecos.com.ar\/#organization\"},\"alternateName\":\"Noticias\",\"potentialAction\":[{\"@type\":\"SearchAction\",\"target\":{\"@type\":\"EntryPoint\",\"urlTemplate\":\"https:\/\/infoecos.com.ar\/?s={search_term_string}\"},\"query-input\":{\"@type\":\"PropertyValueSpecification\",\"valueRequired\":true,\"valueName\":\"search_term_string\"}}],\"inLanguage\":\"es\"},{\"@type\":\"Organization\",\"@id\":\"https:\/\/infoecos.com.ar\/#organization\",\"name\":\"Infoecos\",\"alternateName\":\"Noticias\",\"url\":\"https:\/\/infoecos.com.ar\/\",\"logo\":{\"@type\":\"ImageObject\",\"inLanguage\":\"es\",\"@id\":\"https:\/\/infoecos.com.ar\/#\/schema\/logo\/image\/\",\"url\":\"https:\/\/infoecos.com.ar\/wp-content\/uploads\/2024\/03\/cropped-logo.png\",\"contentUrl\":\"https:\/\/infoecos.com.ar\/wp-content\/uploads\/2024\/03\/cropped-logo.png\",\"width\":374,\"height\":90,\"caption\":\"Infoecos\"},\"image\":{\"@id\":\"https:\/\/infoecos.com.ar\/#\/schema\/logo\/image\/\"},\"sameAs\":[\"https:\/\/www.facebook.com\/profile.php?id=100063200290284\",\"https:\/\/x.com\/infoecos\"]},{\"@type\":\"Person\",\"@id\":\"https:\/\/infoecos.com.ar\/#\/schema\/person\/8f5ace5ce73b4b4aac4b7245aee6f191\",\"name\":\"Jorge Matheus\",\"url\":\"https:\/\/infoecos.com.ar\/index.php\/author\/jomatheus\/\"}]}<\/script>\n<!-- \/ Yoast SEO plugin. -->","yoast_head_json":{"title":"Golpearon en la cabeza, con un objeto contundente, a periodista de FM del Sol de Pehuaj\u00f3 - Infoecos","robots":{"index":"index","follow":"follow","max-snippet":"max-snippet:-1","max-image-preview":"max-image-preview:large","max-video-preview":"max-video-preview:-1"},"canonical":"https:\/\/infoecos.com.ar\/index.php\/golpearon-en-la-cabeza-con-un-objeto-contundente-a-periodista-de-fm-del-sol-de-pehuajo\/","og_locale":"es_ES","og_type":"article","og_title":"Golpearon en la cabeza, con un objeto contundente, a periodista de FM del Sol de Pehuaj\u00f3 - Infoecos","og_description":"El episodio, de acuerdo a lo narrado por la periodista, se sucedi\u00f3 cuando se llevaba adelante la premiaci\u00f3n al conjunto \u201cazul\u201d que se adjudic\u00f3 el certamen.","og_url":"https:\/\/infoecos.com.ar\/index.php\/golpearon-en-la-cabeza-con-un-objeto-contundente-a-periodista-de-fm-del-sol-de-pehuajo\/","og_site_name":"Infoecos","article_publisher":"https:\/\/www.facebook.com\/profile.php?id=100063200290284","article_published_time":"2023-05-04T05:50:20+00:00","article_modified_time":"2023-05-04T05:50:21+00:00","og_image":[{"width":2560,"height":1357,"url":"https:\/\/infoecos.com.ar\/wp-content\/uploads\/2023\/05\/451508_1683051777-scaled.jpeg","type":"image\/jpeg"}],"author":"Jorge Matheus","twitter_card":"summary_large_image","twitter_creator":"@infoecos","twitter_site":"@infoecos","twitter_misc":{"Escrito por":"Jorge Matheus","Tiempo de lectura":"3 minutos"},"schema":{"@context":"https:\/\/schema.org","@graph":[{"@type":"Article","@id":"https:\/\/infoecos.com.ar\/index.php\/golpearon-en-la-cabeza-con-un-objeto-contundente-a-periodista-de-fm-del-sol-de-pehuajo\/#article","isPartOf":{"@id":"https:\/\/infoecos.com.ar\/index.php\/golpearon-en-la-cabeza-con-un-objeto-contundente-a-periodista-de-fm-del-sol-de-pehuajo\/"},"author":{"name":"Jorge Matheus","@id":"https:\/\/infoecos.com.ar\/#\/schema\/person\/8f5ace5ce73b4b4aac4b7245aee6f191"},"headline":"Golpearon en la cabeza, con un objeto contundente, a periodista de FM del Sol de Pehuaj\u00f3","datePublished":"2023-05-04T05:50:20+00:00","dateModified":"2023-05-04T05:50:21+00:00","mainEntityOfPage":{"@id":"https:\/\/infoecos.com.ar\/index.php\/golpearon-en-la-cabeza-con-un-objeto-contundente-a-periodista-de-fm-del-sol-de-pehuajo\/"},"wordCount":423,"publisher":{"@id":"https:\/\/infoecos.com.ar\/#organization"},"image":{"@id":"https:\/\/infoecos.com.ar\/index.php\/golpearon-en-la-cabeza-con-un-objeto-contundente-a-periodista-de-fm-del-sol-de-pehuajo\/#primaryimage"},"thumbnailUrl":"https:\/\/infoecos.com.ar\/wp-content\/uploads\/2023\/05\/451508_1683051777-scaled.jpeg","keywords":["EN LA FINAL DE LA RECOPA"],"articleSection":["C3 N2"],"inLanguage":"es"},{"@type":"WebPage","@id":"https:\/\/infoecos.com.ar\/index.php\/golpearon-en-la-cabeza-con-un-objeto-contundente-a-periodista-de-fm-del-sol-de-pehuajo\/","url":"https:\/\/infoecos.com.ar\/index.php\/golpearon-en-la-cabeza-con-un-objeto-contundente-a-periodista-de-fm-del-sol-de-pehuajo\/","name":"Golpearon en la cabeza, con un objeto contundente, a periodista de FM del Sol de Pehuaj\u00f3 - Infoecos","isPartOf":{"@id":"https:\/\/infoecos.com.ar\/#website"},"primaryImageOfPage":{"@id":"https:\/\/infoecos.com.ar\/index.php\/golpearon-en-la-cabeza-con-un-objeto-contundente-a-periodista-de-fm-del-sol-de-pehuajo\/#primaryimage"},"image":{"@id":"https:\/\/infoecos.com.ar\/index.php\/golpearon-en-la-cabeza-con-un-objeto-contundente-a-periodista-de-fm-del-sol-de-pehuajo\/#primaryimage"},"thumbnailUrl":"https:\/\/infoecos.com.ar\/wp-content\/uploads\/2023\/05\/451508_1683051777-scaled.jpeg","datePublished":"2023-05-04T05:50:20+00:00","dateModified":"2023-05-04T05:50:21+00:00","breadcrumb":{"@id":"https:\/\/infoecos.com.ar\/index.php\/golpearon-en-la-cabeza-con-un-objeto-contundente-a-periodista-de-fm-del-sol-de-pehuajo\/#breadcrumb"},"inLanguage":"es","potentialAction":[{"@type":"ReadAction","target":["https:\/\/infoecos.com.ar\/index.php\/golpearon-en-la-cabeza-con-un-objeto-contundente-a-periodista-de-fm-del-sol-de-pehuajo\/"]}]},{"@type":"ImageObject","inLanguage":"es","@id":"https:\/\/infoecos.com.ar\/index.php\/golpearon-en-la-cabeza-con-un-objeto-contundente-a-periodista-de-fm-del-sol-de-pehuajo\/#primaryimage","url":"https:\/\/infoecos.com.ar\/wp-content\/uploads\/2023\/05\/451508_1683051777-scaled.jpeg","contentUrl":"https:\/\/infoecos.com.ar\/wp-content\/uploads\/2023\/05\/451508_1683051777-scaled.jpeg","width":2560,"height":1357},{"@type":"BreadcrumbList","@id":"https:\/\/infoecos.com.ar\/index.php\/golpearon-en-la-cabeza-con-un-objeto-contundente-a-periodista-de-fm-del-sol-de-pehuajo\/#breadcrumb","itemListElement":[{"@type":"ListItem","position":1,"name":"Portada","item":"https:\/\/infoecos.com.ar\/"},{"@type":"ListItem","position":2,"name":"Golpearon en la cabeza, con un objeto contundente, a periodista de FM del Sol de Pehuaj\u00f3"}]},{"@type":"WebSite","@id":"https:\/\/infoecos.com.ar\/#website","url":"https:\/\/infoecos.com.ar\/","name":"Infoecos","description":"Noticias de trenque lauquen y la zona","publisher":{"@id":"https:\/\/infoecos.com.ar\/#organization"},"alternateName":"Noticias","potentialAction":[{"@type":"SearchAction","target":{"@type":"EntryPoint","urlTemplate":"https:\/\/infoecos.com.ar\/?s={search_term_string}"},"query-input":{"@type":"PropertyValueSpecification","valueRequired":true,"valueName":"search_term_string"}}],"inLanguage":"es"},{"@type":"Organization","@id":"https:\/\/infoecos.com.ar\/#organization","name":"Infoecos","alternateName":"Noticias","url":"https:\/\/infoecos.com.ar\/","logo":{"@type":"ImageObject","inLanguage":"es","@id":"https:\/\/infoecos.com.ar\/#\/schema\/logo\/image\/","url":"https:\/\/infoecos.com.ar\/wp-content\/uploads\/2024\/03\/cropped-logo.png","contentUrl":"https:\/\/infoecos.com.ar\/wp-content\/uploads\/2024\/03\/cropped-logo.png","width":374,"height":90,"caption":"Infoecos"},"image":{"@id":"https:\/\/infoecos.com.ar\/#\/schema\/logo\/image\/"},"sameAs":["https:\/\/www.facebook.com\/profile.php?id=100063200290284","https:\/\/x.com\/infoecos"]},{"@type":"Person","@id":"https:\/\/infoecos.com.ar\/#\/schema\/person\/8f5ace5ce73b4b4aac4b7245aee6f191","name":"Jorge Matheus","url":"https:\/\/infoecos.com.ar\/index.php\/author\/jomatheus\/"}]}},"featured_image_urls":{"full":["https:\/\/infoecos.com.ar\/wp-content\/uploads\/2023\/05\/451508_1683051777-scaled.jpeg",2560,1357,false],"thumbnail":["https:\/\/infoecos.com.ar\/wp-content\/uploads\/2023\/05\/451508_1683051777-300x150.jpeg",300,150,true],"medium":["https:\/\/infoecos.com.ar\/wp-content\/uploads\/2023\/05\/451508_1683051777-800x424.jpeg",800,424,true],"medium_large":["https:\/\/infoecos.com.ar\/wp-content\/uploads\/2023\/05\/451508_1683051777-768x407.jpeg",640,339,true],"large":["https:\/\/infoecos.com.ar\/wp-content\/uploads\/2023\/05\/451508_1683051777-1600x848.jpeg",640,339,true],"1536x1536":["https:\/\/infoecos.com.ar\/wp-content\/uploads\/2023\/05\/451508_1683051777-1536x814.jpeg",1536,814,true],"2048x2048":["https:\/\/infoecos.com.ar\/wp-content\/uploads\/2023\/05\/451508_1683051777-2048x1085.jpeg",2048,1085,true],"covernews-slider-full":["https:\/\/infoecos.com.ar\/wp-content\/uploads\/2023\/05\/451508_1683051777-1536x1020.jpeg",1077,715,true],"covernews-slider-center":["https:\/\/infoecos.com.ar\/wp-content\/uploads\/2023\/05\/451508_1683051777-936x897.jpeg",522,500,true],"covernews-featured":["https:\/\/infoecos.com.ar\/wp-content\/uploads\/2023\/05\/451508_1683051777-1024x543.jpeg",1024,543,true],"covernews-medium":["https:\/\/infoecos.com.ar\/wp-content\/uploads\/2023\/05\/451508_1683051777-720x380.jpeg",540,285,true],"covernews-medium-square":["https:\/\/infoecos.com.ar\/wp-content\/uploads\/2023\/05\/451508_1683051777-675x450.jpeg",375,250,true]},"author_info":{"info":["Jorge Matheus"]},"category_info":"<a href=\"https:\/\/infoecos.com.ar\/index.php\/category\/c3nota2\/\" rel=\"category tag\">C3 N2<\/a>","tag_info":"C3 N2","comment_count":"0","_links":{"self":[{"href":"https:\/\/infoecos.com.ar\/index.php\/wp-json\/wp\/v2\/posts\/104626"}],"collection":[{"href":"https:\/\/infoecos.com.ar\/index.php\/wp-json\/wp\/v2\/posts"}],"about":[{"href":"https:\/\/infoecos.com.ar\/index.php\/wp-json\/wp\/v2\/types\/post"}],"author":[{"embeddable":true,"href":"https:\/\/infoecos.com.ar\/index.php\/wp-json\/wp\/v2\/users\/2"}],"replies":[{"embeddable":true,"href":"https:\/\/infoecos.com.ar\/index.php\/wp-json\/wp\/v2\/comments?post=104626"}],"version-history":[{"count":1,"href":"https:\/\/infoecos.com.ar\/index.php\/wp-json\/wp\/v2\/posts\/104626\/revisions"}],"predecessor-version":[{"id":104628,"href":"https:\/\/infoecos.com.ar\/index.php\/wp-json\/wp\/v2\/posts\/104626\/revisions\/104628"}],"wp:featuredmedia":[{"embeddable":true,"href":"https:\/\/infoecos.com.ar\/index.php\/wp-json\/wp\/v2\/media\/104627"}],"wp:attachment":[{"href":"https:\/\/infoecos.com.ar\/index.php\/wp-json\/wp\/v2\/media?parent=104626"}],"wp:term":[{"taxonomy":"category","embeddable":true,"href":"https:\/\/infoecos.com.ar\/index.php\/wp-json\/wp\/v2\/categories?post=104626"},{"taxonomy":"post_tag","embeddable":true,"href":"https:\/\/infoecos.com.ar\/index.php\/wp-json\/wp\/v2\/tags?post=104626"}],"curies":[{"name":"wp","href":"https:\/\/api.w.org\/{rel}","templated":true}]}}