{"id":104629,"date":"2023-05-04T03:03:04","date_gmt":"2023-05-04T06:03:04","guid":{"rendered":"https:\/\/infoecos.com.ar\/?p=104629"},"modified":"2023-05-04T03:03:05","modified_gmt":"2023-05-04T06:03:05","slug":"mato-tres-perros-en-chiclana-y-le-secuestraron-varias-armas-de-fuego","status":"publish","type":"post","link":"https:\/\/infoecos.com.ar\/index.php\/mato-tres-perros-en-chiclana-y-le-secuestraron-varias-armas-de-fuego\/","title":{"rendered":"Mat\u00f3 tres perros en Chiclana y le secuestraron varias armas de fuego"},"content":{"rendered":"\n<p>Mat\u00f3 tres perros con una carabina con mira telesc\u00f3pica y le iniciaron actuaciones caratuladas\u00a0<strong>\u201ctenencia ilegal de arma de fuego\u201d<\/strong>.<\/p>\n\n\n\n<figure class=\"wp-block-image aligncenter size-full is-resized\"><img loading=\"lazy\" decoding=\"async\" src=\"https:\/\/infoecos.com.ar\/wp-content\/uploads\/2023\/05\/image-31.png\" alt=\"\" class=\"wp-image-104630\" width=\"459\" height=\"258\" srcset=\"https:\/\/infoecos.com.ar\/wp-content\/uploads\/2023\/05\/image-31.png 777w, https:\/\/infoecos.com.ar\/wp-content\/uploads\/2023\/05\/image-31-768x432.png 768w\" sizes=\"(max-width: 459px) 100vw, 459px\" \/><figcaption class=\"wp-element-caption\">Armas secuestradas <\/figcaption><\/figure>\n\n\n\n<p>La denuncia sobre el imputado la realiz\u00f3 un vecino de la localidad de Chiclana, propietario de los animales. <\/p>\n\n\n\n<p>El domicilio del denunciado es en Acceso San Mart\u00edn y G\u00fcemes de Pehuaj\u00f3. En ese lugar se secuestr\u00f3 carabina marca\u00a0<strong>Bataan S\u00faper<\/strong>\u00a054 con mira telesc\u00f3pica, cargador  y\u00a0<strong>69 proyectiles intactos calibre 22 largo<\/strong>;\u00a0 escopeta marca\u00a0<strong>Bico\u00a0<\/strong>calibre 16, rifle marca\u00a0<strong>Poderosa<\/strong>\u00a0calibre 14, escopeta 12\/70 marca IGA y 114 cartuchos intactos de distintas marcas y calibres, careciendo de documentaci\u00f3n habilitante para su tenencia.<\/p>\n\n\n\n<p>Interviene la Fiscal\u00eda Descentralizada n\u00famero 8 de Pehuaj\u00f3. <\/p>\n\n\n\n<p><\/p>\n","protected":false},"excerpt":{"rendered":"<p>El domicilio del denunciado es en Acceso San Mart\u00edn y G\u00fcemes de Pehuaj\u00f3<\/p>\n","protected":false},"author":2,"featured_media":104630,"comment_status":"closed","ping_status":"open","sticky":false,"template":"","format":"standard","meta":{"footnotes":""},"categories":[24],"tags":[7853],"class_list":["post-104629","post","type-post","status-publish","format-standard","has-post-thumbnail","hentry","category-c1nota3","tag-lo-denuncio-un-vecino"],"yoast_head":"<!-- This site is optimized with the Yoast SEO plugin v23.4 - https:\/\/yoast.com\/wordpress\/plugins\/seo\/ -->\n<title>Mat\u00f3 tres perros en Chiclana y le secuestraron varias armas de fuego - Infoecos<\/title>\n<meta name=\"robots\" content=\"index, follow, max-snippet:-1, max-image-preview:large, max-video-preview:-1\" \/>\n<link rel=\"canonical\" href=\"https:\/\/infoecos.com.ar\/index.php\/mato-tres-perros-en-chiclana-y-le-secuestraron-varias-armas-de-fuego\/\" \/>\n<meta property=\"og:locale\" content=\"es_ES\" \/>\n<meta property=\"og:type\" content=\"article\" \/>\n<meta property=\"og:title\" content=\"Mat\u00f3 tres perros en Chiclana y le secuestraron varias armas de fuego - Infoecos\" \/>\n<meta property=\"og:description\" content=\"El domicilio del denunciado es en Acceso San Mart\u00edn y G\u00fcemes de Pehuaj\u00f3\" \/>\n<meta property=\"og:url\" content=\"https:\/\/infoecos.com.ar\/index.php\/mato-tres-perros-en-chiclana-y-le-secuestraron-varias-armas-de-fuego\/\" \/>\n<meta property=\"og:site_name\" content=\"Infoecos\" \/>\n<meta property=\"article:publisher\" content=\"https:\/\/www.facebook.com\/profile.php?id=100063200290284\" \/>\n<meta property=\"article:published_time\" content=\"2023-05-04T06:03:04+00:00\" \/>\n<meta property=\"article:modified_time\" content=\"2023-05-04T06:03:05+00:00\" \/>\n<meta property=\"og:image\" content=\"https:\/\/infoecos.com.ar\/wp-content\/uploads\/2023\/05\/image-31.png\" \/>\n\t<meta property=\"og:image:width\" content=\"777\" \/>\n\t<meta property=\"og:image:height\" content=\"437\" \/>\n\t<meta property=\"og:image:type\" content=\"image\/png\" \/>\n<meta name=\"author\" content=\"Jorge Matheus\" \/>\n<meta name=\"twitter:card\" content=\"summary_large_image\" \/>\n<meta name=\"twitter:creator\" content=\"@infoecos\" \/>\n<meta name=\"twitter:site\" content=\"@infoecos\" \/>\n<meta name=\"twitter:label1\" content=\"Escrito por\" \/>\n\t<meta name=\"twitter:data1\" content=\"Jorge Matheus\" \/>\n\t<meta name=\"twitter:label2\" content=\"Tiempo de lectura\" \/>\n\t<meta name=\"twitter:data2\" content=\"1 minuto\" \/>\n<script type=\"application\/ld+json\" class=\"yoast-schema-graph\">{\"@context\":\"https:\/\/schema.org\",\"@graph\":[{\"@type\":\"Article\",\"@id\":\"https:\/\/infoecos.com.ar\/index.php\/mato-tres-perros-en-chiclana-y-le-secuestraron-varias-armas-de-fuego\/#article\",\"isPartOf\":{\"@id\":\"https:\/\/infoecos.com.ar\/index.php\/mato-tres-perros-en-chiclana-y-le-secuestraron-varias-armas-de-fuego\/\"},\"author\":{\"name\":\"Jorge Matheus\",\"@id\":\"https:\/\/infoecos.com.ar\/#\/schema\/person\/8f5ace5ce73b4b4aac4b7245aee6f191\"},\"headline\":\"Mat\u00f3 tres perros en Chiclana y le secuestraron varias armas de fuego\",\"datePublished\":\"2023-05-04T06:03:04+00:00\",\"dateModified\":\"2023-05-04T06:03:05+00:00\",\"mainEntityOfPage\":{\"@id\":\"https:\/\/infoecos.com.ar\/index.php\/mato-tres-perros-en-chiclana-y-le-secuestraron-varias-armas-de-fuego\/\"},\"wordCount\":124,\"publisher\":{\"@id\":\"https:\/\/infoecos.com.ar\/#organization\"},\"image\":{\"@id\":\"https:\/\/infoecos.com.ar\/index.php\/mato-tres-perros-en-chiclana-y-le-secuestraron-varias-armas-de-fuego\/#primaryimage\"},\"thumbnailUrl\":\"https:\/\/infoecos.com.ar\/wp-content\/uploads\/2023\/05\/image-31.png\",\"keywords\":[\"lo denunci\u00f3 un vecino\"],\"articleSection\":[\"C1 N3\"],\"inLanguage\":\"es\"},{\"@type\":\"WebPage\",\"@id\":\"https:\/\/infoecos.com.ar\/index.php\/mato-tres-perros-en-chiclana-y-le-secuestraron-varias-armas-de-fuego\/\",\"url\":\"https:\/\/infoecos.com.ar\/index.php\/mato-tres-perros-en-chiclana-y-le-secuestraron-varias-armas-de-fuego\/\",\"name\":\"Mat\u00f3 tres perros en Chiclana y le secuestraron varias armas de fuego - Infoecos\",\"isPartOf\":{\"@id\":\"https:\/\/infoecos.com.ar\/#website\"},\"primaryImageOfPage\":{\"@id\":\"https:\/\/infoecos.com.ar\/index.php\/mato-tres-perros-en-chiclana-y-le-secuestraron-varias-armas-de-fuego\/#primaryimage\"},\"image\":{\"@id\":\"https:\/\/infoecos.com.ar\/index.php\/mato-tres-perros-en-chiclana-y-le-secuestraron-varias-armas-de-fuego\/#primaryimage\"},\"thumbnailUrl\":\"https:\/\/infoecos.com.ar\/wp-content\/uploads\/2023\/05\/image-31.png\",\"datePublished\":\"2023-05-04T06:03:04+00:00\",\"dateModified\":\"2023-05-04T06:03:05+00:00\",\"breadcrumb\":{\"@id\":\"https:\/\/infoecos.com.ar\/index.php\/mato-tres-perros-en-chiclana-y-le-secuestraron-varias-armas-de-fuego\/#breadcrumb\"},\"inLanguage\":\"es\",\"potentialAction\":[{\"@type\":\"ReadAction\",\"target\":[\"https:\/\/infoecos.com.ar\/index.php\/mato-tres-perros-en-chiclana-y-le-secuestraron-varias-armas-de-fuego\/\"]}]},{\"@type\":\"ImageObject\",\"inLanguage\":\"es\",\"@id\":\"https:\/\/infoecos.com.ar\/index.php\/mato-tres-perros-en-chiclana-y-le-secuestraron-varias-armas-de-fuego\/#primaryimage\",\"url\":\"https:\/\/infoecos.com.ar\/wp-content\/uploads\/2023\/05\/image-31.png\",\"contentUrl\":\"https:\/\/infoecos.com.ar\/wp-content\/uploads\/2023\/05\/image-31.png\",\"width\":777,\"height\":437},{\"@type\":\"BreadcrumbList\",\"@id\":\"https:\/\/infoecos.com.ar\/index.php\/mato-tres-perros-en-chiclana-y-le-secuestraron-varias-armas-de-fuego\/#breadcrumb\",\"itemListElement\":[{\"@type\":\"ListItem\",\"position\":1,\"name\":\"Portada\",\"item\":\"https:\/\/infoecos.com.ar\/\"},{\"@type\":\"ListItem\",\"position\":2,\"name\":\"Mat\u00f3 tres perros en Chiclana y le secuestraron varias armas de fuego\"}]},{\"@type\":\"WebSite\",\"@id\":\"https:\/\/infoecos.com.ar\/#website\",\"url\":\"https:\/\/infoecos.com.ar\/\",\"name\":\"Infoecos\",\"description\":\"Noticias de trenque lauquen y la zona\",\"publisher\":{\"@id\":\"https:\/\/infoecos.com.ar\/#organization\"},\"alternateName\":\"Noticias\",\"potentialAction\":[{\"@type\":\"SearchAction\",\"target\":{\"@type\":\"EntryPoint\",\"urlTemplate\":\"https:\/\/infoecos.com.ar\/?s={search_term_string}\"},\"query-input\":{\"@type\":\"PropertyValueSpecification\",\"valueRequired\":true,\"valueName\":\"search_term_string\"}}],\"inLanguage\":\"es\"},{\"@type\":\"Organization\",\"@id\":\"https:\/\/infoecos.com.ar\/#organization\",\"name\":\"Infoecos\",\"alternateName\":\"Noticias\",\"url\":\"https:\/\/infoecos.com.ar\/\",\"logo\":{\"@type\":\"ImageObject\",\"inLanguage\":\"es\",\"@id\":\"https:\/\/infoecos.com.ar\/#\/schema\/logo\/image\/\",\"url\":\"https:\/\/infoecos.com.ar\/wp-content\/uploads\/2024\/03\/cropped-logo.png\",\"contentUrl\":\"https:\/\/infoecos.com.ar\/wp-content\/uploads\/2024\/03\/cropped-logo.png\",\"width\":374,\"height\":90,\"caption\":\"Infoecos\"},\"image\":{\"@id\":\"https:\/\/infoecos.com.ar\/#\/schema\/logo\/image\/\"},\"sameAs\":[\"https:\/\/www.facebook.com\/profile.php?id=100063200290284\",\"https:\/\/x.com\/infoecos\"]},{\"@type\":\"Person\",\"@id\":\"https:\/\/infoecos.com.ar\/#\/schema\/person\/8f5ace5ce73b4b4aac4b7245aee6f191\",\"name\":\"Jorge Matheus\",\"url\":\"https:\/\/infoecos.com.ar\/index.php\/author\/jomatheus\/\"}]}<\/script>\n<!-- \/ Yoast SEO plugin. -->","yoast_head_json":{"title":"Mat\u00f3 tres perros en Chiclana y le secuestraron varias armas de fuego - Infoecos","robots":{"index":"index","follow":"follow","max-snippet":"max-snippet:-1","max-image-preview":"max-image-preview:large","max-video-preview":"max-video-preview:-1"},"canonical":"https:\/\/infoecos.com.ar\/index.php\/mato-tres-perros-en-chiclana-y-le-secuestraron-varias-armas-de-fuego\/","og_locale":"es_ES","og_type":"article","og_title":"Mat\u00f3 tres perros en Chiclana y le secuestraron varias armas de fuego - Infoecos","og_description":"El domicilio del denunciado es en Acceso San Mart\u00edn y G\u00fcemes de Pehuaj\u00f3","og_url":"https:\/\/infoecos.com.ar\/index.php\/mato-tres-perros-en-chiclana-y-le-secuestraron-varias-armas-de-fuego\/","og_site_name":"Infoecos","article_publisher":"https:\/\/www.facebook.com\/profile.php?id=100063200290284","article_published_time":"2023-05-04T06:03:04+00:00","article_modified_time":"2023-05-04T06:03:05+00:00","og_image":[{"width":777,"height":437,"url":"https:\/\/infoecos.com.ar\/wp-content\/uploads\/2023\/05\/image-31.png","type":"image\/png"}],"author":"Jorge Matheus","twitter_card":"summary_large_image","twitter_creator":"@infoecos","twitter_site":"@infoecos","twitter_misc":{"Escrito por":"Jorge Matheus","Tiempo de lectura":"1 minuto"},"schema":{"@context":"https:\/\/schema.org","@graph":[{"@type":"Article","@id":"https:\/\/infoecos.com.ar\/index.php\/mato-tres-perros-en-chiclana-y-le-secuestraron-varias-armas-de-fuego\/#article","isPartOf":{"@id":"https:\/\/infoecos.com.ar\/index.php\/mato-tres-perros-en-chiclana-y-le-secuestraron-varias-armas-de-fuego\/"},"author":{"name":"Jorge Matheus","@id":"https:\/\/infoecos.com.ar\/#\/schema\/person\/8f5ace5ce73b4b4aac4b7245aee6f191"},"headline":"Mat\u00f3 tres perros en Chiclana y le secuestraron varias armas de fuego","datePublished":"2023-05-04T06:03:04+00:00","dateModified":"2023-05-04T06:03:05+00:00","mainEntityOfPage":{"@id":"https:\/\/infoecos.com.ar\/index.php\/mato-tres-perros-en-chiclana-y-le-secuestraron-varias-armas-de-fuego\/"},"wordCount":124,"publisher":{"@id":"https:\/\/infoecos.com.ar\/#organization"},"image":{"@id":"https:\/\/infoecos.com.ar\/index.php\/mato-tres-perros-en-chiclana-y-le-secuestraron-varias-armas-de-fuego\/#primaryimage"},"thumbnailUrl":"https:\/\/infoecos.com.ar\/wp-content\/uploads\/2023\/05\/image-31.png","keywords":["lo denunci\u00f3 un vecino"],"articleSection":["C1 N3"],"inLanguage":"es"},{"@type":"WebPage","@id":"https:\/\/infoecos.com.ar\/index.php\/mato-tres-perros-en-chiclana-y-le-secuestraron-varias-armas-de-fuego\/","url":"https:\/\/infoecos.com.ar\/index.php\/mato-tres-perros-en-chiclana-y-le-secuestraron-varias-armas-de-fuego\/","name":"Mat\u00f3 tres perros en Chiclana y le secuestraron varias armas de fuego - Infoecos","isPartOf":{"@id":"https:\/\/infoecos.com.ar\/#website"},"primaryImageOfPage":{"@id":"https:\/\/infoecos.com.ar\/index.php\/mato-tres-perros-en-chiclana-y-le-secuestraron-varias-armas-de-fuego\/#primaryimage"},"image":{"@id":"https:\/\/infoecos.com.ar\/index.php\/mato-tres-perros-en-chiclana-y-le-secuestraron-varias-armas-de-fuego\/#primaryimage"},"thumbnailUrl":"https:\/\/infoecos.com.ar\/wp-content\/uploads\/2023\/05\/image-31.png","datePublished":"2023-05-04T06:03:04+00:00","dateModified":"2023-05-04T06:03:05+00:00","breadcrumb":{"@id":"https:\/\/infoecos.com.ar\/index.php\/mato-tres-perros-en-chiclana-y-le-secuestraron-varias-armas-de-fuego\/#breadcrumb"},"inLanguage":"es","potentialAction":[{"@type":"ReadAction","target":["https:\/\/infoecos.com.ar\/index.php\/mato-tres-perros-en-chiclana-y-le-secuestraron-varias-armas-de-fuego\/"]}]},{"@type":"ImageObject","inLanguage":"es","@id":"https:\/\/infoecos.com.ar\/index.php\/mato-tres-perros-en-chiclana-y-le-secuestraron-varias-armas-de-fuego\/#primaryimage","url":"https:\/\/infoecos.com.ar\/wp-content\/uploads\/2023\/05\/image-31.png","contentUrl":"https:\/\/infoecos.com.ar\/wp-content\/uploads\/2023\/05\/image-31.png","width":777,"height":437},{"@type":"BreadcrumbList","@id":"https:\/\/infoecos.com.ar\/index.php\/mato-tres-perros-en-chiclana-y-le-secuestraron-varias-armas-de-fuego\/#breadcrumb","itemListElement":[{"@type":"ListItem","position":1,"name":"Portada","item":"https:\/\/infoecos.com.ar\/"},{"@type":"ListItem","position":2,"name":"Mat\u00f3 tres perros en Chiclana y le secuestraron varias armas de fuego"}]},{"@type":"WebSite","@id":"https:\/\/infoecos.com.ar\/#website","url":"https:\/\/infoecos.com.ar\/","name":"Infoecos","description":"Noticias de trenque lauquen y la zona","publisher":{"@id":"https:\/\/infoecos.com.ar\/#organization"},"alternateName":"Noticias","potentialAction":[{"@type":"SearchAction","target":{"@type":"EntryPoint","urlTemplate":"https:\/\/infoecos.com.ar\/?s={search_term_string}"},"query-input":{"@type":"PropertyValueSpecification","valueRequired":true,"valueName":"search_term_string"}}],"inLanguage":"es"},{"@type":"Organization","@id":"https:\/\/infoecos.com.ar\/#organization","name":"Infoecos","alternateName":"Noticias","url":"https:\/\/infoecos.com.ar\/","logo":{"@type":"ImageObject","inLanguage":"es","@id":"https:\/\/infoecos.com.ar\/#\/schema\/logo\/image\/","url":"https:\/\/infoecos.com.ar\/wp-content\/uploads\/2024\/03\/cropped-logo.png","contentUrl":"https:\/\/infoecos.com.ar\/wp-content\/uploads\/2024\/03\/cropped-logo.png","width":374,"height":90,"caption":"Infoecos"},"image":{"@id":"https:\/\/infoecos.com.ar\/#\/schema\/logo\/image\/"},"sameAs":["https:\/\/www.facebook.com\/profile.php?id=100063200290284","https:\/\/x.com\/infoecos"]},{"@type":"Person","@id":"https:\/\/infoecos.com.ar\/#\/schema\/person\/8f5ace5ce73b4b4aac4b7245aee6f191","name":"Jorge Matheus","url":"https:\/\/infoecos.com.ar\/index.php\/author\/jomatheus\/"}]}},"featured_image_urls":{"full":["https:\/\/infoecos.com.ar\/wp-content\/uploads\/2023\/05\/image-31.png",777,437,false],"thumbnail":["https:\/\/infoecos.com.ar\/wp-content\/uploads\/2023\/05\/image-31-300x150.png",300,150,true],"medium":["https:\/\/infoecos.com.ar\/wp-content\/uploads\/2023\/05\/image-31.png",777,437,false],"medium_large":["https:\/\/infoecos.com.ar\/wp-content\/uploads\/2023\/05\/image-31-768x432.png",640,360,true],"large":["https:\/\/infoecos.com.ar\/wp-content\/uploads\/2023\/05\/image-31.png",640,360,false],"1536x1536":["https:\/\/infoecos.com.ar\/wp-content\/uploads\/2023\/05\/image-31.png",777,437,false],"2048x2048":["https:\/\/infoecos.com.ar\/wp-content\/uploads\/2023\/05\/image-31.png",777,437,false],"covernews-slider-full":["https:\/\/infoecos.com.ar\/wp-content\/uploads\/2023\/05\/image-31.png",777,437,false],"covernews-slider-center":["https:\/\/infoecos.com.ar\/wp-content\/uploads\/2023\/05\/image-31.png",777,437,false],"covernews-featured":["https:\/\/infoecos.com.ar\/wp-content\/uploads\/2023\/05\/image-31.png",777,437,false],"covernews-medium":["https:\/\/infoecos.com.ar\/wp-content\/uploads\/2023\/05\/image-31-720x380.png",540,285,true],"covernews-medium-square":["https:\/\/infoecos.com.ar\/wp-content\/uploads\/2023\/05\/image-31-675x437.png",386,250,true]},"author_info":{"info":["Jorge Matheus"]},"category_info":"<a href=\"https:\/\/infoecos.com.ar\/index.php\/category\/c1nota3\/\" rel=\"category tag\">C1 N3<\/a>","tag_info":"C1 N3","comment_count":"0","_links":{"self":[{"href":"https:\/\/infoecos.com.ar\/index.php\/wp-json\/wp\/v2\/posts\/104629"}],"collection":[{"href":"https:\/\/infoecos.com.ar\/index.php\/wp-json\/wp\/v2\/posts"}],"about":[{"href":"https:\/\/infoecos.com.ar\/index.php\/wp-json\/wp\/v2\/types\/post"}],"author":[{"embeddable":true,"href":"https:\/\/infoecos.com.ar\/index.php\/wp-json\/wp\/v2\/users\/2"}],"replies":[{"embeddable":true,"href":"https:\/\/infoecos.com.ar\/index.php\/wp-json\/wp\/v2\/comments?post=104629"}],"version-history":[{"count":1,"href":"https:\/\/infoecos.com.ar\/index.php\/wp-json\/wp\/v2\/posts\/104629\/revisions"}],"predecessor-version":[{"id":104631,"href":"https:\/\/infoecos.com.ar\/index.php\/wp-json\/wp\/v2\/posts\/104629\/revisions\/104631"}],"wp:featuredmedia":[{"embeddable":true,"href":"https:\/\/infoecos.com.ar\/index.php\/wp-json\/wp\/v2\/media\/104630"}],"wp:attachment":[{"href":"https:\/\/infoecos.com.ar\/index.php\/wp-json\/wp\/v2\/media?parent=104629"}],"wp:term":[{"taxonomy":"category","embeddable":true,"href":"https:\/\/infoecos.com.ar\/index.php\/wp-json\/wp\/v2\/categories?post=104629"},{"taxonomy":"post_tag","embeddable":true,"href":"https:\/\/infoecos.com.ar\/index.php\/wp-json\/wp\/v2\/tags?post=104629"}],"curies":[{"name":"wp","href":"https:\/\/api.w.org\/{rel}","templated":true}]}}