{"id":104647,"date":"2023-05-05T19:42:45","date_gmt":"2023-05-05T22:42:45","guid":{"rendered":"https:\/\/infoecos.com.ar\/?p=104647"},"modified":"2023-05-09T01:22:31","modified_gmt":"2023-05-09T04:22:31","slug":"sigue-sin-ser-convincente-la-informacion-relacionada-con-el-asesinato-de-anita-aristimuno","status":"publish","type":"post","link":"https:\/\/infoecos.com.ar\/index.php\/sigue-sin-ser-convincente-la-informacion-relacionada-con-el-asesinato-de-anita-aristimuno\/","title":{"rendered":"Sigue sin ser convincente la informaci\u00f3n relacionada con el asesinato de Anita Aristimu\u00f1o"},"content":{"rendered":"\n<p>El comisario de Trenque Lauquen, Marco Arregui, se refiri\u00f3 en declaraciones a LAS RADIOS DE TRENQUE LAUQUEN (Am 1280 y FM 88.5) al amplio operativo realizado este jueves en Beruti, 30 de Agosto y la capital del distrito, en el marco de una investigaci\u00f3n que viene realiz\u00e1ndose desde el 2020 y en la que interviene el Juzgado Federal con asiento en la ciudad de Jun\u00edn. Se realiz\u00f3 la incautaci\u00f3n de veh\u00edculos, redes de pesca, dinero, computadoras y otros elementos. Las im\u00e1genes que se proporcionaron despu\u00e9s dejan sorprendidos a los ciudadanos. Se acusa a las personas que deben responder a la demanda de la Justicia de Enriquecimiento Ilicito y Lavado de Activo, entre otras cosas.<\/p>\n\n\n\n<figure class=\"wp-block-image aligncenter size-large is-resized\"><img loading=\"lazy\" decoding=\"async\" src=\"https:\/\/infoecos.com.ar\/wp-content\/uploads\/multimedia.grande.bcb16e97659c9f78.6d6172636f5f6772616e64652e6a7067-920x612.jpg\" alt=\"\" class=\"wp-image-47263\" width=\"546\" height=\"362\"\/><figcaption class=\"wp-element-caption\">Trenque Lauquen &#8211; Arregui Marco (archivo)<\/figcaption><\/figure>\n\n\n\n<p>La oportunidad fue propicia para que Miguel Gauna y Laut\u00e1ro Mor\u00e1n, conductor y co-conductor del programa Zapping que se emite entre las 8.30 y 12.00 horas, lo interrogaran sobre el asesinato de Anita Aristimu\u00f1o, la docente trenquelauquense encontrada maniatada, amordazada y asfixiada en su casa de la calle Carlos Casares de la ciudad de Trenque Lauquen, hace 15 d\u00edas. <\/p>\n\n\n\n<p>Arregui se mantuvo en la actitud que viene mostrando desde el principio de las actuaciones realizadas y que derivaron en la aprehensi\u00f3n, despu\u00e9s transformada en detenci\u00f3n de Mario Pereyra, que se encuentra por disposici\u00f3n judicial en la comisar\u00eda de Am\u00e9rica. <\/p>\n\n\n\n<p>El funcionario policial indic\u00f3 que \u00abno estaba en condiciones de dar mayores detalles. Es la Fiscal qui\u00e9n trabaja en esta cuesti\u00f3n, mientras que nosotros acatamos sus disposiciones\u00bb. Tratando de mostrar optimismo sobre los resultados mostrados, manifest\u00f3 que \u00abla DDI realiz\u00f3 un trabajo impecable, en consonancia con el personal de la comisar\u00eda, lleg\u00e1ndose a la detenci\u00f3n del acusado\u00bb. Se remiti\u00f3 a la tarea desplegada desde el momento en que ocurri\u00f3 el hecho que \u00abpr\u00e1cticamente nos imposibilit\u00f3 hasta de dormir\u00bb. <\/p>\n\n\n\n<p>Cuando se le pregunt\u00f3 sobre si sigue investigando, Arregui dijo que \u00absi, por supuesto, aunque ahora una vez que se determin\u00f3 desde el Juzgado de Garant\u00edas hacer lugar al pedido de la Fiscal\u00eda, se realiza con menor intensidad\u00bb. Sin dar nombres, el comisario Arregui, expuso que \u00abhan prestado declaraci\u00f3n indagatoria varias personas\u00bb.<\/p>\n\n\n\n<p>De esta manera contin\u00faa el mar de dudas que produjo la detenci\u00f3n de Pereyra, el que se ha visto con muchas olas a ra\u00edz de trascendidos, y la falta tambi\u00e9n de una informaci\u00f3n m\u00e1s confiable de parte de quienes se reunieron con la Fiscal Talarico el jueves. <\/p>\n\n\n\n<p>Las declaraciones del comisario Arregui pueden encontrarse en las redes Facebook: <strong>(https:\/\/www.facebook.com\/Am1280Fm885)<\/strong> e Instagram <strong>(https:\/\/www.instagram.com\/radiolu11\/)<\/strong><\/p>\n","protected":false},"excerpt":{"rendered":"<p>Miguel Gauna y Laut\u00e1ro Mor\u00e1n, conductor y co-conductor del programa Zapping que se emite entre las 8.30 y 12.00 horas, lo interrogaran sobre el asesinato de Anita Aristimu\u00f1o, la docente trenquelauquense encontrada maniatada, amordazada y asfixiada en su casa de la calle Carlos Casares de la ciudad de Trenque Lauquen, hace 15 d\u00edas<\/p>\n","protected":false},"author":2,"featured_media":20729,"comment_status":"closed","ping_status":"open","sticky":false,"template":"","format":"standard","meta":{"footnotes":""},"categories":[200],"tags":[7855],"class_list":["post-104647","post","type-post","status-publish","format-standard","has-post-thumbnail","hentry","category-inferior8","tag-hablo-el-comisario-arregui-con-lu11"],"yoast_head":"<!-- This site is optimized with the Yoast SEO plugin v23.4 - https:\/\/yoast.com\/wordpress\/plugins\/seo\/ -->\n<title>Sigue sin ser convincente la informaci\u00f3n relacionada con el asesinato de Anita Aristimu\u00f1o - Infoecos<\/title>\n<meta name=\"robots\" content=\"index, follow, max-snippet:-1, max-image-preview:large, max-video-preview:-1\" \/>\n<link rel=\"canonical\" href=\"https:\/\/infoecos.com.ar\/index.php\/sigue-sin-ser-convincente-la-informacion-relacionada-con-el-asesinato-de-anita-aristimuno\/\" \/>\n<meta property=\"og:locale\" content=\"es_ES\" \/>\n<meta property=\"og:type\" content=\"article\" \/>\n<meta property=\"og:title\" content=\"Sigue sin ser convincente la informaci\u00f3n relacionada con el asesinato de Anita Aristimu\u00f1o - Infoecos\" \/>\n<meta property=\"og:description\" content=\"Miguel Gauna y Laut\u00e1ro Mor\u00e1n, conductor y co-conductor del programa Zapping que se emite entre las 8.30 y 12.00 horas, lo interrogaran sobre el asesinato de Anita Aristimu\u00f1o, la docente trenquelauquense encontrada maniatada, amordazada y asfixiada en su casa de la calle Carlos Casares de la ciudad de Trenque Lauquen, hace 15 d\u00edas\" \/>\n<meta property=\"og:url\" content=\"https:\/\/infoecos.com.ar\/index.php\/sigue-sin-ser-convincente-la-informacion-relacionada-con-el-asesinato-de-anita-aristimuno\/\" \/>\n<meta property=\"og:site_name\" content=\"Infoecos\" \/>\n<meta property=\"article:publisher\" content=\"https:\/\/www.facebook.com\/profile.php?id=100063200290284\" \/>\n<meta property=\"article:published_time\" content=\"2023-05-05T22:42:45+00:00\" \/>\n<meta property=\"article:modified_time\" content=\"2023-05-09T04:22:31+00:00\" \/>\n<meta property=\"og:image\" content=\"https:\/\/infoecos.com.ar\/wp-content\/uploads\/TRIBUNALEs.jpg\" \/>\n\t<meta property=\"og:image:width\" content=\"854\" \/>\n\t<meta property=\"og:image:height\" content=\"567\" \/>\n\t<meta property=\"og:image:type\" content=\"image\/jpeg\" \/>\n<meta name=\"author\" content=\"Jorge Matheus\" \/>\n<meta name=\"twitter:card\" content=\"summary_large_image\" \/>\n<meta name=\"twitter:creator\" content=\"@infoecos\" \/>\n<meta name=\"twitter:site\" content=\"@infoecos\" \/>\n<meta name=\"twitter:label1\" content=\"Escrito por\" \/>\n\t<meta name=\"twitter:data1\" content=\"Jorge Matheus\" \/>\n\t<meta name=\"twitter:label2\" content=\"Tiempo de lectura\" \/>\n\t<meta name=\"twitter:data2\" content=\"3 minutos\" \/>\n<script type=\"application\/ld+json\" class=\"yoast-schema-graph\">{\"@context\":\"https:\/\/schema.org\",\"@graph\":[{\"@type\":\"Article\",\"@id\":\"https:\/\/infoecos.com.ar\/index.php\/sigue-sin-ser-convincente-la-informacion-relacionada-con-el-asesinato-de-anita-aristimuno\/#article\",\"isPartOf\":{\"@id\":\"https:\/\/infoecos.com.ar\/index.php\/sigue-sin-ser-convincente-la-informacion-relacionada-con-el-asesinato-de-anita-aristimuno\/\"},\"author\":{\"name\":\"Jorge Matheus\",\"@id\":\"https:\/\/infoecos.com.ar\/#\/schema\/person\/8f5ace5ce73b4b4aac4b7245aee6f191\"},\"headline\":\"Sigue sin ser convincente la informaci\u00f3n relacionada con el asesinato de Anita Aristimu\u00f1o\",\"datePublished\":\"2023-05-05T22:42:45+00:00\",\"dateModified\":\"2023-05-09T04:22:31+00:00\",\"mainEntityOfPage\":{\"@id\":\"https:\/\/infoecos.com.ar\/index.php\/sigue-sin-ser-convincente-la-informacion-relacionada-con-el-asesinato-de-anita-aristimuno\/\"},\"wordCount\":460,\"publisher\":{\"@id\":\"https:\/\/infoecos.com.ar\/#organization\"},\"image\":{\"@id\":\"https:\/\/infoecos.com.ar\/index.php\/sigue-sin-ser-convincente-la-informacion-relacionada-con-el-asesinato-de-anita-aristimuno\/#primaryimage\"},\"thumbnailUrl\":\"\",\"keywords\":[\"HABL\u00d3 EL COMISARIO ARREGUI CON LU11\"],\"articleSection\":[\"Bloque inferior - 8\"],\"inLanguage\":\"es\"},{\"@type\":\"WebPage\",\"@id\":\"https:\/\/infoecos.com.ar\/index.php\/sigue-sin-ser-convincente-la-informacion-relacionada-con-el-asesinato-de-anita-aristimuno\/\",\"url\":\"https:\/\/infoecos.com.ar\/index.php\/sigue-sin-ser-convincente-la-informacion-relacionada-con-el-asesinato-de-anita-aristimuno\/\",\"name\":\"Sigue sin ser convincente la informaci\u00f3n relacionada con el asesinato de Anita Aristimu\u00f1o - Infoecos\",\"isPartOf\":{\"@id\":\"https:\/\/infoecos.com.ar\/#website\"},\"primaryImageOfPage\":{\"@id\":\"https:\/\/infoecos.com.ar\/index.php\/sigue-sin-ser-convincente-la-informacion-relacionada-con-el-asesinato-de-anita-aristimuno\/#primaryimage\"},\"image\":{\"@id\":\"https:\/\/infoecos.com.ar\/index.php\/sigue-sin-ser-convincente-la-informacion-relacionada-con-el-asesinato-de-anita-aristimuno\/#primaryimage\"},\"thumbnailUrl\":\"\",\"datePublished\":\"2023-05-05T22:42:45+00:00\",\"dateModified\":\"2023-05-09T04:22:31+00:00\",\"breadcrumb\":{\"@id\":\"https:\/\/infoecos.com.ar\/index.php\/sigue-sin-ser-convincente-la-informacion-relacionada-con-el-asesinato-de-anita-aristimuno\/#breadcrumb\"},\"inLanguage\":\"es\",\"potentialAction\":[{\"@type\":\"ReadAction\",\"target\":[\"https:\/\/infoecos.com.ar\/index.php\/sigue-sin-ser-convincente-la-informacion-relacionada-con-el-asesinato-de-anita-aristimuno\/\"]}]},{\"@type\":\"ImageObject\",\"inLanguage\":\"es\",\"@id\":\"https:\/\/infoecos.com.ar\/index.php\/sigue-sin-ser-convincente-la-informacion-relacionada-con-el-asesinato-de-anita-aristimuno\/#primaryimage\",\"url\":\"\",\"contentUrl\":\"\"},{\"@type\":\"BreadcrumbList\",\"@id\":\"https:\/\/infoecos.com.ar\/index.php\/sigue-sin-ser-convincente-la-informacion-relacionada-con-el-asesinato-de-anita-aristimuno\/#breadcrumb\",\"itemListElement\":[{\"@type\":\"ListItem\",\"position\":1,\"name\":\"Portada\",\"item\":\"https:\/\/infoecos.com.ar\/\"},{\"@type\":\"ListItem\",\"position\":2,\"name\":\"Sigue sin ser convincente la informaci\u00f3n relacionada con el asesinato de Anita Aristimu\u00f1o\"}]},{\"@type\":\"WebSite\",\"@id\":\"https:\/\/infoecos.com.ar\/#website\",\"url\":\"https:\/\/infoecos.com.ar\/\",\"name\":\"Infoecos\",\"description\":\"Noticias de trenque lauquen y la zona\",\"publisher\":{\"@id\":\"https:\/\/infoecos.com.ar\/#organization\"},\"alternateName\":\"Noticias\",\"potentialAction\":[{\"@type\":\"SearchAction\",\"target\":{\"@type\":\"EntryPoint\",\"urlTemplate\":\"https:\/\/infoecos.com.ar\/?s={search_term_string}\"},\"query-input\":{\"@type\":\"PropertyValueSpecification\",\"valueRequired\":true,\"valueName\":\"search_term_string\"}}],\"inLanguage\":\"es\"},{\"@type\":\"Organization\",\"@id\":\"https:\/\/infoecos.com.ar\/#organization\",\"name\":\"Infoecos\",\"alternateName\":\"Noticias\",\"url\":\"https:\/\/infoecos.com.ar\/\",\"logo\":{\"@type\":\"ImageObject\",\"inLanguage\":\"es\",\"@id\":\"https:\/\/infoecos.com.ar\/#\/schema\/logo\/image\/\",\"url\":\"https:\/\/infoecos.com.ar\/wp-content\/uploads\/2024\/03\/cropped-logo.png\",\"contentUrl\":\"https:\/\/infoecos.com.ar\/wp-content\/uploads\/2024\/03\/cropped-logo.png\",\"width\":374,\"height\":90,\"caption\":\"Infoecos\"},\"image\":{\"@id\":\"https:\/\/infoecos.com.ar\/#\/schema\/logo\/image\/\"},\"sameAs\":[\"https:\/\/www.facebook.com\/profile.php?id=100063200290284\",\"https:\/\/x.com\/infoecos\"]},{\"@type\":\"Person\",\"@id\":\"https:\/\/infoecos.com.ar\/#\/schema\/person\/8f5ace5ce73b4b4aac4b7245aee6f191\",\"name\":\"Jorge Matheus\",\"url\":\"https:\/\/infoecos.com.ar\/index.php\/author\/jomatheus\/\"}]}<\/script>\n<!-- \/ Yoast SEO plugin. -->","yoast_head_json":{"title":"Sigue sin ser convincente la informaci\u00f3n relacionada con el asesinato de Anita Aristimu\u00f1o - Infoecos","robots":{"index":"index","follow":"follow","max-snippet":"max-snippet:-1","max-image-preview":"max-image-preview:large","max-video-preview":"max-video-preview:-1"},"canonical":"https:\/\/infoecos.com.ar\/index.php\/sigue-sin-ser-convincente-la-informacion-relacionada-con-el-asesinato-de-anita-aristimuno\/","og_locale":"es_ES","og_type":"article","og_title":"Sigue sin ser convincente la informaci\u00f3n relacionada con el asesinato de Anita Aristimu\u00f1o - Infoecos","og_description":"Miguel Gauna y Laut\u00e1ro Mor\u00e1n, conductor y co-conductor del programa Zapping que se emite entre las 8.30 y 12.00 horas, lo interrogaran sobre el asesinato de Anita Aristimu\u00f1o, la docente trenquelauquense encontrada maniatada, amordazada y asfixiada en su casa de la calle Carlos Casares de la ciudad de Trenque Lauquen, hace 15 d\u00edas","og_url":"https:\/\/infoecos.com.ar\/index.php\/sigue-sin-ser-convincente-la-informacion-relacionada-con-el-asesinato-de-anita-aristimuno\/","og_site_name":"Infoecos","article_publisher":"https:\/\/www.facebook.com\/profile.php?id=100063200290284","article_published_time":"2023-05-05T22:42:45+00:00","article_modified_time":"2023-05-09T04:22:31+00:00","og_image":[{"width":854,"height":567,"url":"https:\/\/infoecos.com.ar\/wp-content\/uploads\/TRIBUNALEs.jpg","type":"image\/jpeg"}],"author":"Jorge Matheus","twitter_card":"summary_large_image","twitter_creator":"@infoecos","twitter_site":"@infoecos","twitter_misc":{"Escrito por":"Jorge Matheus","Tiempo de lectura":"3 minutos"},"schema":{"@context":"https:\/\/schema.org","@graph":[{"@type":"Article","@id":"https:\/\/infoecos.com.ar\/index.php\/sigue-sin-ser-convincente-la-informacion-relacionada-con-el-asesinato-de-anita-aristimuno\/#article","isPartOf":{"@id":"https:\/\/infoecos.com.ar\/index.php\/sigue-sin-ser-convincente-la-informacion-relacionada-con-el-asesinato-de-anita-aristimuno\/"},"author":{"name":"Jorge Matheus","@id":"https:\/\/infoecos.com.ar\/#\/schema\/person\/8f5ace5ce73b4b4aac4b7245aee6f191"},"headline":"Sigue sin ser convincente la informaci\u00f3n relacionada con el asesinato de Anita Aristimu\u00f1o","datePublished":"2023-05-05T22:42:45+00:00","dateModified":"2023-05-09T04:22:31+00:00","mainEntityOfPage":{"@id":"https:\/\/infoecos.com.ar\/index.php\/sigue-sin-ser-convincente-la-informacion-relacionada-con-el-asesinato-de-anita-aristimuno\/"},"wordCount":460,"publisher":{"@id":"https:\/\/infoecos.com.ar\/#organization"},"image":{"@id":"https:\/\/infoecos.com.ar\/index.php\/sigue-sin-ser-convincente-la-informacion-relacionada-con-el-asesinato-de-anita-aristimuno\/#primaryimage"},"thumbnailUrl":"","keywords":["HABL\u00d3 EL COMISARIO ARREGUI CON LU11"],"articleSection":["Bloque inferior - 8"],"inLanguage":"es"},{"@type":"WebPage","@id":"https:\/\/infoecos.com.ar\/index.php\/sigue-sin-ser-convincente-la-informacion-relacionada-con-el-asesinato-de-anita-aristimuno\/","url":"https:\/\/infoecos.com.ar\/index.php\/sigue-sin-ser-convincente-la-informacion-relacionada-con-el-asesinato-de-anita-aristimuno\/","name":"Sigue sin ser convincente la informaci\u00f3n relacionada con el asesinato de Anita Aristimu\u00f1o - Infoecos","isPartOf":{"@id":"https:\/\/infoecos.com.ar\/#website"},"primaryImageOfPage":{"@id":"https:\/\/infoecos.com.ar\/index.php\/sigue-sin-ser-convincente-la-informacion-relacionada-con-el-asesinato-de-anita-aristimuno\/#primaryimage"},"image":{"@id":"https:\/\/infoecos.com.ar\/index.php\/sigue-sin-ser-convincente-la-informacion-relacionada-con-el-asesinato-de-anita-aristimuno\/#primaryimage"},"thumbnailUrl":"","datePublished":"2023-05-05T22:42:45+00:00","dateModified":"2023-05-09T04:22:31+00:00","breadcrumb":{"@id":"https:\/\/infoecos.com.ar\/index.php\/sigue-sin-ser-convincente-la-informacion-relacionada-con-el-asesinato-de-anita-aristimuno\/#breadcrumb"},"inLanguage":"es","potentialAction":[{"@type":"ReadAction","target":["https:\/\/infoecos.com.ar\/index.php\/sigue-sin-ser-convincente-la-informacion-relacionada-con-el-asesinato-de-anita-aristimuno\/"]}]},{"@type":"ImageObject","inLanguage":"es","@id":"https:\/\/infoecos.com.ar\/index.php\/sigue-sin-ser-convincente-la-informacion-relacionada-con-el-asesinato-de-anita-aristimuno\/#primaryimage","url":"","contentUrl":""},{"@type":"BreadcrumbList","@id":"https:\/\/infoecos.com.ar\/index.php\/sigue-sin-ser-convincente-la-informacion-relacionada-con-el-asesinato-de-anita-aristimuno\/#breadcrumb","itemListElement":[{"@type":"ListItem","position":1,"name":"Portada","item":"https:\/\/infoecos.com.ar\/"},{"@type":"ListItem","position":2,"name":"Sigue sin ser convincente la informaci\u00f3n relacionada con el asesinato de Anita Aristimu\u00f1o"}]},{"@type":"WebSite","@id":"https:\/\/infoecos.com.ar\/#website","url":"https:\/\/infoecos.com.ar\/","name":"Infoecos","description":"Noticias de trenque lauquen y la zona","publisher":{"@id":"https:\/\/infoecos.com.ar\/#organization"},"alternateName":"Noticias","potentialAction":[{"@type":"SearchAction","target":{"@type":"EntryPoint","urlTemplate":"https:\/\/infoecos.com.ar\/?s={search_term_string}"},"query-input":{"@type":"PropertyValueSpecification","valueRequired":true,"valueName":"search_term_string"}}],"inLanguage":"es"},{"@type":"Organization","@id":"https:\/\/infoecos.com.ar\/#organization","name":"Infoecos","alternateName":"Noticias","url":"https:\/\/infoecos.com.ar\/","logo":{"@type":"ImageObject","inLanguage":"es","@id":"https:\/\/infoecos.com.ar\/#\/schema\/logo\/image\/","url":"https:\/\/infoecos.com.ar\/wp-content\/uploads\/2024\/03\/cropped-logo.png","contentUrl":"https:\/\/infoecos.com.ar\/wp-content\/uploads\/2024\/03\/cropped-logo.png","width":374,"height":90,"caption":"Infoecos"},"image":{"@id":"https:\/\/infoecos.com.ar\/#\/schema\/logo\/image\/"},"sameAs":["https:\/\/www.facebook.com\/profile.php?id=100063200290284","https:\/\/x.com\/infoecos"]},{"@type":"Person","@id":"https:\/\/infoecos.com.ar\/#\/schema\/person\/8f5ace5ce73b4b4aac4b7245aee6f191","name":"Jorge Matheus","url":"https:\/\/infoecos.com.ar\/index.php\/author\/jomatheus\/"}]}},"featured_image_urls":{"full":"","thumbnail":"","medium":"","medium_large":"","large":"","1536x1536":"","2048x2048":"","covernews-slider-full":"","covernews-slider-center":"","covernews-featured":"","covernews-medium":"","covernews-medium-square":""},"author_info":{"info":["Jorge Matheus"]},"category_info":"<a href=\"https:\/\/infoecos.com.ar\/index.php\/category\/inferior8\/\" rel=\"category tag\">Bloque inferior - 8<\/a>","tag_info":"Bloque inferior - 8","comment_count":"0","_links":{"self":[{"href":"https:\/\/infoecos.com.ar\/index.php\/wp-json\/wp\/v2\/posts\/104647"}],"collection":[{"href":"https:\/\/infoecos.com.ar\/index.php\/wp-json\/wp\/v2\/posts"}],"about":[{"href":"https:\/\/infoecos.com.ar\/index.php\/wp-json\/wp\/v2\/types\/post"}],"author":[{"embeddable":true,"href":"https:\/\/infoecos.com.ar\/index.php\/wp-json\/wp\/v2\/users\/2"}],"replies":[{"embeddable":true,"href":"https:\/\/infoecos.com.ar\/index.php\/wp-json\/wp\/v2\/comments?post=104647"}],"version-history":[{"count":1,"href":"https:\/\/infoecos.com.ar\/index.php\/wp-json\/wp\/v2\/posts\/104647\/revisions"}],"predecessor-version":[{"id":104648,"href":"https:\/\/infoecos.com.ar\/index.php\/wp-json\/wp\/v2\/posts\/104647\/revisions\/104648"}],"wp:featuredmedia":[{"embeddable":true,"href":"https:\/\/infoecos.com.ar\/index.php\/wp-json\/"}],"wp:attachment":[{"href":"https:\/\/infoecos.com.ar\/index.php\/wp-json\/wp\/v2\/media?parent=104647"}],"wp:term":[{"taxonomy":"category","embeddable":true,"href":"https:\/\/infoecos.com.ar\/index.php\/wp-json\/wp\/v2\/categories?post=104647"},{"taxonomy":"post_tag","embeddable":true,"href":"https:\/\/infoecos.com.ar\/index.php\/wp-json\/wp\/v2\/tags?post=104647"}],"curies":[{"name":"wp","href":"https:\/\/api.w.org\/{rel}","templated":true}]}}