{"id":104649,"date":"2023-05-05T20:11:12","date_gmt":"2023-05-05T23:11:12","guid":{"rendered":"https:\/\/infoecos.com.ar\/?p=104649"},"modified":"2023-05-09T01:23:09","modified_gmt":"2023-05-09T04:23:09","slug":"talarico-recibio-a-organizaciones-sociales-derechos-humanos-y-docentes-mientras-se-supo-samame-asumio-la-defensa-de-pereyra","status":"publish","type":"post","link":"https:\/\/infoecos.com.ar\/index.php\/talarico-recibio-a-organizaciones-sociales-derechos-humanos-y-docentes-mientras-se-supo-samame-asumio-la-defensa-de-pereyra\/","title":{"rendered":"Talarico recibi\u00f3 a organizaciones sociales, derechos humanos y docentes, mientras se supo que Samame asumi\u00f3 la defensa de Pereyra"},"content":{"rendered":"\n<p>La fiscal Karina Talarico, recibi\u00f3 en su despacho del Ministerio P\u00fablico Fiscal a miembros representantes de organizaciones sociales, de derechos humanos y docentes de la ciudad de Trenque Lauquen.<\/p>\n\n\n\n<figure class=\"wp-block-image alignright size-full is-resized\"><img loading=\"lazy\" decoding=\"async\" src=\"https:\/\/infoecos.com.ar\/wp-content\/uploads\/2023\/04\/talaricokarina.jpeg\" alt=\"\" class=\"wp-image-104327\" width=\"447\" height=\"229\" srcset=\"https:\/\/infoecos.com.ar\/wp-content\/uploads\/2023\/04\/talaricokarina.jpeg 800w, https:\/\/infoecos.com.ar\/wp-content\/uploads\/2023\/04\/talaricokarina-768x394.jpeg 768w\" sizes=\"(max-width: 447px) 100vw, 447px\" \/><\/figure>\n\n\n\n<p>Se inform\u00f3 que hubo intercambio de puntos de vista sobre el asesinato de Anita Aristimu\u00f1o y la investigaci\u00f3n que se viene llevando a cabo.<\/p>\n\n\n\n<p>\u201cSe coincidi\u00f3 en que el hecho es un femicidio porque si el que hubiese estado en esa casa a esa hora hubiese sido un hombre, no ser\u00eda este el desenlace\u201d, indicaron las organizaciones en una informaci\u00f3n difundida a trav\u00e9s de algunos medios. <\/p>\n\n\n\n<figure class=\"wp-block-image alignright size-full is-resized\"><img loading=\"lazy\" decoding=\"async\" src=\"https:\/\/infoecos.com.ar\/wp-content\/uploads\/2023\/05\/image-34.png\" alt=\"\" class=\"wp-image-104650\" width=\"462\" height=\"309\"\/><\/figure>\n\n\n\n<p>Las agrupaciones acordaron en que \u201ces momento de seguir trabajando en instancias comunitarias este hecho tan aberrante. En necesario generar espacios de di\u00e1logo para que el silencio no sea la consecuencia directa de todos los femicidios. Por eso se prev\u00e9 la realizaci\u00f3n de distintas campa\u00f1as de visibilizaci\u00f3n y acciones dirigidas a indagarnos sobre c\u00f3mo reaccionamos como comunidad y enlazarnos tras la p\u00e9rdida de una compa\u00f1era m\u00e1s, con el objetivo de no seguir transitando nuestra cotidianeidad como si nada hubiese sucedido\u201d.<\/p>\n\n\n\n<figure class=\"wp-block-image alignright size-full is-resized\"><img loading=\"lazy\" decoding=\"async\" src=\"https:\/\/infoecos.com.ar\/wp-content\/uploads\/2023\/04\/anaaristimunofacebook.jpg\" alt=\"\" class=\"wp-image-104163\" width=\"440\" height=\"587\" srcset=\"https:\/\/infoecos.com.ar\/wp-content\/uploads\/2023\/04\/anaaristimunofacebook.jpg 780w, https:\/\/infoecos.com.ar\/wp-content\/uploads\/2023\/04\/anaaristimunofacebook-600x800.jpg 600w, https:\/\/infoecos.com.ar\/wp-content\/uploads\/2023\/04\/anaaristimunofacebook-768x1024.jpg 768w\" sizes=\"(max-width: 440px) 100vw, 440px\" \/><\/figure>\n\n\n\n<p>\u201cTalarico respondi\u00f3 punto por punto las consultas, al tiempo que explic\u00f3 el camino que queda transitar en la justicia\u201d, hicieron saber las organizaciones presentes en el encuentro.<\/p>\n\n\n\n<p>La UDOCBA, gremio docente al que estaba integrada Anita, y que m\u00e1s levant\u00f3 la demanda de Justicia r\u00e1pida en este acontecimiento brutal en la ciudad de Trenque Lauquen, en su p\u00e1gina de Facebook, no actualiza informaci\u00f3n sobre el tema, desde el 24 de Abril. <\/p>\n\n\n\n<p>Natalia Rinc\u00f3n, public\u00f3 en su cuenta de Facebook que el doctor Horacio Samame, ha asumido la defensa del acusado Pereyra. Las declaraciones del profesional sobre la responsabilidad que toma, fueron realizadas a Canal 4 y se extiende por espacio de unos 12 minutos. <\/p>\n","protected":false},"excerpt":{"rendered":"<p>Natalia Rinc\u00f3n, public\u00f3 en su cuenta de Facebook que el doctor Horacio Samame, ha asumido la defensa del acusado Pereyra. Las declaraciones del profesional sobre la responsabilidad que toma, fueron realizadas a Canal 4 y se extiende por espacio de unos 12 minutos<\/p>\n","protected":false},"author":2,"featured_media":104266,"comment_status":"closed","ping_status":"open","sticky":false,"template":"","format":"standard","meta":{"footnotes":""},"categories":[201],"tags":[7856],"class_list":["post-104649","post","type-post","status-publish","format-standard","has-post-thumbnail","hentry","category-inferior9","tag-el-crimen-de-anita"],"yoast_head":"<!-- This site is optimized with the Yoast SEO plugin v23.4 - https:\/\/yoast.com\/wordpress\/plugins\/seo\/ -->\n<title>Talarico recibi\u00f3 a organizaciones sociales, derechos humanos y docentes, mientras se supo que Samame asumi\u00f3 la defensa de Pereyra - Infoecos<\/title>\n<meta name=\"robots\" content=\"index, follow, max-snippet:-1, max-image-preview:large, max-video-preview:-1\" \/>\n<link rel=\"canonical\" href=\"https:\/\/infoecos.com.ar\/index.php\/talarico-recibio-a-organizaciones-sociales-derechos-humanos-y-docentes-mientras-se-supo-samame-asumio-la-defensa-de-pereyra\/\" \/>\n<meta property=\"og:locale\" content=\"es_ES\" \/>\n<meta property=\"og:type\" content=\"article\" \/>\n<meta property=\"og:title\" content=\"Talarico recibi\u00f3 a organizaciones sociales, derechos humanos y docentes, mientras se supo que Samame asumi\u00f3 la defensa de Pereyra - Infoecos\" \/>\n<meta property=\"og:description\" content=\"Natalia Rinc\u00f3n, public\u00f3 en su cuenta de Facebook que el doctor Horacio Samame, ha asumido la defensa del acusado Pereyra. Las declaraciones del profesional sobre la responsabilidad que toma, fueron realizadas a Canal 4 y se extiende por espacio de unos 12 minutos\" \/>\n<meta property=\"og:url\" content=\"https:\/\/infoecos.com.ar\/index.php\/talarico-recibio-a-organizaciones-sociales-derechos-humanos-y-docentes-mientras-se-supo-samame-asumio-la-defensa-de-pereyra\/\" \/>\n<meta property=\"og:site_name\" content=\"Infoecos\" \/>\n<meta property=\"article:publisher\" content=\"https:\/\/www.facebook.com\/profile.php?id=100063200290284\" \/>\n<meta property=\"article:published_time\" content=\"2023-05-05T23:11:12+00:00\" \/>\n<meta property=\"article:modified_time\" content=\"2023-05-09T04:23:09+00:00\" \/>\n<meta property=\"og:image\" content=\"https:\/\/infoecos.com.ar\/wp-content\/uploads\/2023\/04\/asesinatoanaaristimuno.jpg\" \/>\n\t<meta property=\"og:image:width\" content=\"1074\" \/>\n\t<meta property=\"og:image:height\" content=\"476\" \/>\n\t<meta property=\"og:image:type\" content=\"image\/jpeg\" \/>\n<meta name=\"author\" content=\"Jorge Matheus\" \/>\n<meta name=\"twitter:card\" content=\"summary_large_image\" \/>\n<meta name=\"twitter:creator\" content=\"@infoecos\" \/>\n<meta name=\"twitter:site\" content=\"@infoecos\" \/>\n<meta name=\"twitter:label1\" content=\"Escrito por\" \/>\n\t<meta name=\"twitter:data1\" content=\"Jorge Matheus\" \/>\n\t<meta name=\"twitter:label2\" content=\"Tiempo de lectura\" \/>\n\t<meta name=\"twitter:data2\" content=\"2 minutos\" \/>\n<script type=\"application\/ld+json\" class=\"yoast-schema-graph\">{\"@context\":\"https:\/\/schema.org\",\"@graph\":[{\"@type\":\"Article\",\"@id\":\"https:\/\/infoecos.com.ar\/index.php\/talarico-recibio-a-organizaciones-sociales-derechos-humanos-y-docentes-mientras-se-supo-samame-asumio-la-defensa-de-pereyra\/#article\",\"isPartOf\":{\"@id\":\"https:\/\/infoecos.com.ar\/index.php\/talarico-recibio-a-organizaciones-sociales-derechos-humanos-y-docentes-mientras-se-supo-samame-asumio-la-defensa-de-pereyra\/\"},\"author\":{\"name\":\"Jorge Matheus\",\"@id\":\"https:\/\/infoecos.com.ar\/#\/schema\/person\/8f5ace5ce73b4b4aac4b7245aee6f191\"},\"headline\":\"Talarico recibi\u00f3 a organizaciones sociales, derechos humanos y docentes, mientras se supo que Samame asumi\u00f3 la defensa de Pereyra\",\"datePublished\":\"2023-05-05T23:11:12+00:00\",\"dateModified\":\"2023-05-09T04:23:09+00:00\",\"mainEntityOfPage\":{\"@id\":\"https:\/\/infoecos.com.ar\/index.php\/talarico-recibio-a-organizaciones-sociales-derechos-humanos-y-docentes-mientras-se-supo-samame-asumio-la-defensa-de-pereyra\/\"},\"wordCount\":324,\"publisher\":{\"@id\":\"https:\/\/infoecos.com.ar\/#organization\"},\"image\":{\"@id\":\"https:\/\/infoecos.com.ar\/index.php\/talarico-recibio-a-organizaciones-sociales-derechos-humanos-y-docentes-mientras-se-supo-samame-asumio-la-defensa-de-pereyra\/#primaryimage\"},\"thumbnailUrl\":\"https:\/\/infoecos.com.ar\/wp-content\/uploads\/2023\/04\/asesinatoanaaristimuno.jpg\",\"keywords\":[\"el crimen de anita\"],\"articleSection\":[\"Bloque inferior - 9\"],\"inLanguage\":\"es\"},{\"@type\":\"WebPage\",\"@id\":\"https:\/\/infoecos.com.ar\/index.php\/talarico-recibio-a-organizaciones-sociales-derechos-humanos-y-docentes-mientras-se-supo-samame-asumio-la-defensa-de-pereyra\/\",\"url\":\"https:\/\/infoecos.com.ar\/index.php\/talarico-recibio-a-organizaciones-sociales-derechos-humanos-y-docentes-mientras-se-supo-samame-asumio-la-defensa-de-pereyra\/\",\"name\":\"Talarico recibi\u00f3 a organizaciones sociales, derechos humanos y docentes, mientras se supo que Samame asumi\u00f3 la defensa de Pereyra - Infoecos\",\"isPartOf\":{\"@id\":\"https:\/\/infoecos.com.ar\/#website\"},\"primaryImageOfPage\":{\"@id\":\"https:\/\/infoecos.com.ar\/index.php\/talarico-recibio-a-organizaciones-sociales-derechos-humanos-y-docentes-mientras-se-supo-samame-asumio-la-defensa-de-pereyra\/#primaryimage\"},\"image\":{\"@id\":\"https:\/\/infoecos.com.ar\/index.php\/talarico-recibio-a-organizaciones-sociales-derechos-humanos-y-docentes-mientras-se-supo-samame-asumio-la-defensa-de-pereyra\/#primaryimage\"},\"thumbnailUrl\":\"https:\/\/infoecos.com.ar\/wp-content\/uploads\/2023\/04\/asesinatoanaaristimuno.jpg\",\"datePublished\":\"2023-05-05T23:11:12+00:00\",\"dateModified\":\"2023-05-09T04:23:09+00:00\",\"breadcrumb\":{\"@id\":\"https:\/\/infoecos.com.ar\/index.php\/talarico-recibio-a-organizaciones-sociales-derechos-humanos-y-docentes-mientras-se-supo-samame-asumio-la-defensa-de-pereyra\/#breadcrumb\"},\"inLanguage\":\"es\",\"potentialAction\":[{\"@type\":\"ReadAction\",\"target\":[\"https:\/\/infoecos.com.ar\/index.php\/talarico-recibio-a-organizaciones-sociales-derechos-humanos-y-docentes-mientras-se-supo-samame-asumio-la-defensa-de-pereyra\/\"]}]},{\"@type\":\"ImageObject\",\"inLanguage\":\"es\",\"@id\":\"https:\/\/infoecos.com.ar\/index.php\/talarico-recibio-a-organizaciones-sociales-derechos-humanos-y-docentes-mientras-se-supo-samame-asumio-la-defensa-de-pereyra\/#primaryimage\",\"url\":\"https:\/\/infoecos.com.ar\/wp-content\/uploads\/2023\/04\/asesinatoanaaristimuno.jpg\",\"contentUrl\":\"https:\/\/infoecos.com.ar\/wp-content\/uploads\/2023\/04\/asesinatoanaaristimuno.jpg\",\"width\":1074,\"height\":476},{\"@type\":\"BreadcrumbList\",\"@id\":\"https:\/\/infoecos.com.ar\/index.php\/talarico-recibio-a-organizaciones-sociales-derechos-humanos-y-docentes-mientras-se-supo-samame-asumio-la-defensa-de-pereyra\/#breadcrumb\",\"itemListElement\":[{\"@type\":\"ListItem\",\"position\":1,\"name\":\"Portada\",\"item\":\"https:\/\/infoecos.com.ar\/\"},{\"@type\":\"ListItem\",\"position\":2,\"name\":\"Talarico recibi\u00f3 a organizaciones sociales, derechos humanos y docentes, mientras se supo que Samame asumi\u00f3 la defensa de Pereyra\"}]},{\"@type\":\"WebSite\",\"@id\":\"https:\/\/infoecos.com.ar\/#website\",\"url\":\"https:\/\/infoecos.com.ar\/\",\"name\":\"Infoecos\",\"description\":\"Noticias de trenque lauquen y la zona\",\"publisher\":{\"@id\":\"https:\/\/infoecos.com.ar\/#organization\"},\"alternateName\":\"Noticias\",\"potentialAction\":[{\"@type\":\"SearchAction\",\"target\":{\"@type\":\"EntryPoint\",\"urlTemplate\":\"https:\/\/infoecos.com.ar\/?s={search_term_string}\"},\"query-input\":{\"@type\":\"PropertyValueSpecification\",\"valueRequired\":true,\"valueName\":\"search_term_string\"}}],\"inLanguage\":\"es\"},{\"@type\":\"Organization\",\"@id\":\"https:\/\/infoecos.com.ar\/#organization\",\"name\":\"Infoecos\",\"alternateName\":\"Noticias\",\"url\":\"https:\/\/infoecos.com.ar\/\",\"logo\":{\"@type\":\"ImageObject\",\"inLanguage\":\"es\",\"@id\":\"https:\/\/infoecos.com.ar\/#\/schema\/logo\/image\/\",\"url\":\"https:\/\/infoecos.com.ar\/wp-content\/uploads\/2024\/03\/cropped-logo.png\",\"contentUrl\":\"https:\/\/infoecos.com.ar\/wp-content\/uploads\/2024\/03\/cropped-logo.png\",\"width\":374,\"height\":90,\"caption\":\"Infoecos\"},\"image\":{\"@id\":\"https:\/\/infoecos.com.ar\/#\/schema\/logo\/image\/\"},\"sameAs\":[\"https:\/\/www.facebook.com\/profile.php?id=100063200290284\",\"https:\/\/x.com\/infoecos\"]},{\"@type\":\"Person\",\"@id\":\"https:\/\/infoecos.com.ar\/#\/schema\/person\/8f5ace5ce73b4b4aac4b7245aee6f191\",\"name\":\"Jorge Matheus\",\"url\":\"https:\/\/infoecos.com.ar\/index.php\/author\/jomatheus\/\"}]}<\/script>\n<!-- \/ Yoast SEO plugin. -->","yoast_head_json":{"title":"Talarico recibi\u00f3 a organizaciones sociales, derechos humanos y docentes, mientras se supo que Samame asumi\u00f3 la defensa de Pereyra - Infoecos","robots":{"index":"index","follow":"follow","max-snippet":"max-snippet:-1","max-image-preview":"max-image-preview:large","max-video-preview":"max-video-preview:-1"},"canonical":"https:\/\/infoecos.com.ar\/index.php\/talarico-recibio-a-organizaciones-sociales-derechos-humanos-y-docentes-mientras-se-supo-samame-asumio-la-defensa-de-pereyra\/","og_locale":"es_ES","og_type":"article","og_title":"Talarico recibi\u00f3 a organizaciones sociales, derechos humanos y docentes, mientras se supo que Samame asumi\u00f3 la defensa de Pereyra - Infoecos","og_description":"Natalia Rinc\u00f3n, public\u00f3 en su cuenta de Facebook que el doctor Horacio Samame, ha asumido la defensa del acusado Pereyra. Las declaraciones del profesional sobre la responsabilidad que toma, fueron realizadas a Canal 4 y se extiende por espacio de unos 12 minutos","og_url":"https:\/\/infoecos.com.ar\/index.php\/talarico-recibio-a-organizaciones-sociales-derechos-humanos-y-docentes-mientras-se-supo-samame-asumio-la-defensa-de-pereyra\/","og_site_name":"Infoecos","article_publisher":"https:\/\/www.facebook.com\/profile.php?id=100063200290284","article_published_time":"2023-05-05T23:11:12+00:00","article_modified_time":"2023-05-09T04:23:09+00:00","og_image":[{"width":1074,"height":476,"url":"https:\/\/infoecos.com.ar\/wp-content\/uploads\/2023\/04\/asesinatoanaaristimuno.jpg","type":"image\/jpeg"}],"author":"Jorge Matheus","twitter_card":"summary_large_image","twitter_creator":"@infoecos","twitter_site":"@infoecos","twitter_misc":{"Escrito por":"Jorge Matheus","Tiempo de lectura":"2 minutos"},"schema":{"@context":"https:\/\/schema.org","@graph":[{"@type":"Article","@id":"https:\/\/infoecos.com.ar\/index.php\/talarico-recibio-a-organizaciones-sociales-derechos-humanos-y-docentes-mientras-se-supo-samame-asumio-la-defensa-de-pereyra\/#article","isPartOf":{"@id":"https:\/\/infoecos.com.ar\/index.php\/talarico-recibio-a-organizaciones-sociales-derechos-humanos-y-docentes-mientras-se-supo-samame-asumio-la-defensa-de-pereyra\/"},"author":{"name":"Jorge Matheus","@id":"https:\/\/infoecos.com.ar\/#\/schema\/person\/8f5ace5ce73b4b4aac4b7245aee6f191"},"headline":"Talarico recibi\u00f3 a organizaciones sociales, derechos humanos y docentes, mientras se supo que Samame asumi\u00f3 la defensa de Pereyra","datePublished":"2023-05-05T23:11:12+00:00","dateModified":"2023-05-09T04:23:09+00:00","mainEntityOfPage":{"@id":"https:\/\/infoecos.com.ar\/index.php\/talarico-recibio-a-organizaciones-sociales-derechos-humanos-y-docentes-mientras-se-supo-samame-asumio-la-defensa-de-pereyra\/"},"wordCount":324,"publisher":{"@id":"https:\/\/infoecos.com.ar\/#organization"},"image":{"@id":"https:\/\/infoecos.com.ar\/index.php\/talarico-recibio-a-organizaciones-sociales-derechos-humanos-y-docentes-mientras-se-supo-samame-asumio-la-defensa-de-pereyra\/#primaryimage"},"thumbnailUrl":"https:\/\/infoecos.com.ar\/wp-content\/uploads\/2023\/04\/asesinatoanaaristimuno.jpg","keywords":["el crimen de anita"],"articleSection":["Bloque inferior - 9"],"inLanguage":"es"},{"@type":"WebPage","@id":"https:\/\/infoecos.com.ar\/index.php\/talarico-recibio-a-organizaciones-sociales-derechos-humanos-y-docentes-mientras-se-supo-samame-asumio-la-defensa-de-pereyra\/","url":"https:\/\/infoecos.com.ar\/index.php\/talarico-recibio-a-organizaciones-sociales-derechos-humanos-y-docentes-mientras-se-supo-samame-asumio-la-defensa-de-pereyra\/","name":"Talarico recibi\u00f3 a organizaciones sociales, derechos humanos y docentes, mientras se supo que Samame asumi\u00f3 la defensa de Pereyra - Infoecos","isPartOf":{"@id":"https:\/\/infoecos.com.ar\/#website"},"primaryImageOfPage":{"@id":"https:\/\/infoecos.com.ar\/index.php\/talarico-recibio-a-organizaciones-sociales-derechos-humanos-y-docentes-mientras-se-supo-samame-asumio-la-defensa-de-pereyra\/#primaryimage"},"image":{"@id":"https:\/\/infoecos.com.ar\/index.php\/talarico-recibio-a-organizaciones-sociales-derechos-humanos-y-docentes-mientras-se-supo-samame-asumio-la-defensa-de-pereyra\/#primaryimage"},"thumbnailUrl":"https:\/\/infoecos.com.ar\/wp-content\/uploads\/2023\/04\/asesinatoanaaristimuno.jpg","datePublished":"2023-05-05T23:11:12+00:00","dateModified":"2023-05-09T04:23:09+00:00","breadcrumb":{"@id":"https:\/\/infoecos.com.ar\/index.php\/talarico-recibio-a-organizaciones-sociales-derechos-humanos-y-docentes-mientras-se-supo-samame-asumio-la-defensa-de-pereyra\/#breadcrumb"},"inLanguage":"es","potentialAction":[{"@type":"ReadAction","target":["https:\/\/infoecos.com.ar\/index.php\/talarico-recibio-a-organizaciones-sociales-derechos-humanos-y-docentes-mientras-se-supo-samame-asumio-la-defensa-de-pereyra\/"]}]},{"@type":"ImageObject","inLanguage":"es","@id":"https:\/\/infoecos.com.ar\/index.php\/talarico-recibio-a-organizaciones-sociales-derechos-humanos-y-docentes-mientras-se-supo-samame-asumio-la-defensa-de-pereyra\/#primaryimage","url":"https:\/\/infoecos.com.ar\/wp-content\/uploads\/2023\/04\/asesinatoanaaristimuno.jpg","contentUrl":"https:\/\/infoecos.com.ar\/wp-content\/uploads\/2023\/04\/asesinatoanaaristimuno.jpg","width":1074,"height":476},{"@type":"BreadcrumbList","@id":"https:\/\/infoecos.com.ar\/index.php\/talarico-recibio-a-organizaciones-sociales-derechos-humanos-y-docentes-mientras-se-supo-samame-asumio-la-defensa-de-pereyra\/#breadcrumb","itemListElement":[{"@type":"ListItem","position":1,"name":"Portada","item":"https:\/\/infoecos.com.ar\/"},{"@type":"ListItem","position":2,"name":"Talarico recibi\u00f3 a organizaciones sociales, derechos humanos y docentes, mientras se supo que Samame asumi\u00f3 la defensa de Pereyra"}]},{"@type":"WebSite","@id":"https:\/\/infoecos.com.ar\/#website","url":"https:\/\/infoecos.com.ar\/","name":"Infoecos","description":"Noticias de trenque lauquen y la zona","publisher":{"@id":"https:\/\/infoecos.com.ar\/#organization"},"alternateName":"Noticias","potentialAction":[{"@type":"SearchAction","target":{"@type":"EntryPoint","urlTemplate":"https:\/\/infoecos.com.ar\/?s={search_term_string}"},"query-input":{"@type":"PropertyValueSpecification","valueRequired":true,"valueName":"search_term_string"}}],"inLanguage":"es"},{"@type":"Organization","@id":"https:\/\/infoecos.com.ar\/#organization","name":"Infoecos","alternateName":"Noticias","url":"https:\/\/infoecos.com.ar\/","logo":{"@type":"ImageObject","inLanguage":"es","@id":"https:\/\/infoecos.com.ar\/#\/schema\/logo\/image\/","url":"https:\/\/infoecos.com.ar\/wp-content\/uploads\/2024\/03\/cropped-logo.png","contentUrl":"https:\/\/infoecos.com.ar\/wp-content\/uploads\/2024\/03\/cropped-logo.png","width":374,"height":90,"caption":"Infoecos"},"image":{"@id":"https:\/\/infoecos.com.ar\/#\/schema\/logo\/image\/"},"sameAs":["https:\/\/www.facebook.com\/profile.php?id=100063200290284","https:\/\/x.com\/infoecos"]},{"@type":"Person","@id":"https:\/\/infoecos.com.ar\/#\/schema\/person\/8f5ace5ce73b4b4aac4b7245aee6f191","name":"Jorge Matheus","url":"https:\/\/infoecos.com.ar\/index.php\/author\/jomatheus\/"}]}},"featured_image_urls":{"full":["https:\/\/infoecos.com.ar\/wp-content\/uploads\/2023\/04\/asesinatoanaaristimuno.jpg",1074,476,false],"thumbnail":["https:\/\/infoecos.com.ar\/wp-content\/uploads\/2023\/04\/asesinatoanaaristimuno-300x150.jpg",300,150,true],"medium":["https:\/\/infoecos.com.ar\/wp-content\/uploads\/2023\/04\/asesinatoanaaristimuno-800x355.jpg",800,355,true],"medium_large":["https:\/\/infoecos.com.ar\/wp-content\/uploads\/2023\/04\/asesinatoanaaristimuno-768x340.jpg",640,283,true],"large":["https:\/\/infoecos.com.ar\/wp-content\/uploads\/2023\/04\/asesinatoanaaristimuno.jpg",640,284,false],"1536x1536":["https:\/\/infoecos.com.ar\/wp-content\/uploads\/2023\/04\/asesinatoanaaristimuno.jpg",1074,476,false],"2048x2048":["https:\/\/infoecos.com.ar\/wp-content\/uploads\/2023\/04\/asesinatoanaaristimuno.jpg",1074,476,false],"covernews-slider-full":["https:\/\/infoecos.com.ar\/wp-content\/uploads\/2023\/04\/asesinatoanaaristimuno.jpg",1074,476,false],"covernews-slider-center":["https:\/\/infoecos.com.ar\/wp-content\/uploads\/2023\/04\/asesinatoanaaristimuno-936x476.jpg",800,407,true],"covernews-featured":["https:\/\/infoecos.com.ar\/wp-content\/uploads\/2023\/04\/asesinatoanaaristimuno-1024x454.jpg",1024,454,true],"covernews-medium":["https:\/\/infoecos.com.ar\/wp-content\/uploads\/2023\/04\/asesinatoanaaristimuno-720x380.jpg",540,285,true],"covernews-medium-square":["https:\/\/infoecos.com.ar\/wp-content\/uploads\/2023\/04\/asesinatoanaaristimuno-675x450.jpg",375,250,true]},"author_info":{"info":["Jorge Matheus"]},"category_info":"<a href=\"https:\/\/infoecos.com.ar\/index.php\/category\/inferior9\/\" rel=\"category tag\">Bloque inferior - 9<\/a>","tag_info":"Bloque inferior - 9","comment_count":"0","_links":{"self":[{"href":"https:\/\/infoecos.com.ar\/index.php\/wp-json\/wp\/v2\/posts\/104649"}],"collection":[{"href":"https:\/\/infoecos.com.ar\/index.php\/wp-json\/wp\/v2\/posts"}],"about":[{"href":"https:\/\/infoecos.com.ar\/index.php\/wp-json\/wp\/v2\/types\/post"}],"author":[{"embeddable":true,"href":"https:\/\/infoecos.com.ar\/index.php\/wp-json\/wp\/v2\/users\/2"}],"replies":[{"embeddable":true,"href":"https:\/\/infoecos.com.ar\/index.php\/wp-json\/wp\/v2\/comments?post=104649"}],"version-history":[{"count":2,"href":"https:\/\/infoecos.com.ar\/index.php\/wp-json\/wp\/v2\/posts\/104649\/revisions"}],"predecessor-version":[{"id":104652,"href":"https:\/\/infoecos.com.ar\/index.php\/wp-json\/wp\/v2\/posts\/104649\/revisions\/104652"}],"wp:featuredmedia":[{"embeddable":true,"href":"https:\/\/infoecos.com.ar\/index.php\/wp-json\/wp\/v2\/media\/104266"}],"wp:attachment":[{"href":"https:\/\/infoecos.com.ar\/index.php\/wp-json\/wp\/v2\/media?parent=104649"}],"wp:term":[{"taxonomy":"category","embeddable":true,"href":"https:\/\/infoecos.com.ar\/index.php\/wp-json\/wp\/v2\/categories?post=104649"},{"taxonomy":"post_tag","embeddable":true,"href":"https:\/\/infoecos.com.ar\/index.php\/wp-json\/wp\/v2\/tags?post=104649"}],"curies":[{"name":"wp","href":"https:\/\/api.w.org\/{rel}","templated":true}]}}