{"id":104670,"date":"2023-05-07T13:50:18","date_gmt":"2023-05-07T16:50:18","guid":{"rendered":"https:\/\/infoecos.com.ar\/?p=104670"},"modified":"2023-05-08T01:14:16","modified_gmt":"2023-05-08T04:14:16","slug":"el-senador-martinez-en-la-busqueda-de-ayuda-para-que-todos-tengan-gas-en-el-distrito","status":"publish","type":"post","link":"https:\/\/infoecos.com.ar\/index.php\/el-senador-martinez-en-la-busqueda-de-ayuda-para-que-todos-tengan-gas-en-el-distrito\/","title":{"rendered":"El senador Mart\u00ednez en la b\u00fasqueda de ayuda para que todos tengan gas en el distrito"},"content":{"rendered":"\n<p>El Senador Provincial, Juanci Mart\u00ednez, que ha bregado mucho para que se concrete la obra del gasoducto, divulg\u00f3 en su cuenta de Facebook, d\u00edas pasados que mantuvo una reuni\u00f3n con el Director del Banco Naci\u00f3n, Mart\u00edn Pollera y el Jefe de Gabinete de Asesores, Juan Manuel Pignocco.<\/p>\n\n\n\n<figure class=\"wp-block-image aligncenter size-full is-resized\"><img loading=\"lazy\" decoding=\"async\" src=\"https:\/\/infoecos.com.ar\/wp-content\/uploads\/2023\/05\/martinezpignocco.jpg\" alt=\"\" class=\"wp-image-104671\" width=\"506\" height=\"503\" srcset=\"https:\/\/infoecos.com.ar\/wp-content\/uploads\/2023\/05\/martinezpignocco.jpg 843w, https:\/\/infoecos.com.ar\/wp-content\/uploads\/2023\/05\/martinezpignocco-800x796.jpg 800w, https:\/\/infoecos.com.ar\/wp-content\/uploads\/2023\/05\/martinezpignocco-768x764.jpg 768w\" sizes=\"(max-width: 506px) 100vw, 506px\" \/><\/figure>\n\n\n\n<p>El legislador de la cuarta secci\u00f3n electoral por el Frente de Todos se interioriz\u00f3 sobre la l\u00ednea de cr\u00e9ditos <strong>Mi Primera Llama<\/strong>, pensada para los vecinos que no puedan afrontar los costos de la conexi\u00f3n intradomiciliaria a la red de gas.<\/p>\n\n\n\n<p>En los pr\u00f3ximos d\u00edas, anticipa Mart\u00ednez, se dar\u00e1 inicio a este programa que impulsa la entidad bancaria. Apunta que ser\u00e1 de gran ayuda para muchos rivadavienses que a\u00fan no cuentan con la instalaci\u00f3n adecuada para tener gas en sus casas.<\/p>\n\n\n\n<p>Finalmente hace una apelaci\u00f3n: \u00abcomo saben, son d\u00edas importantes para nuestro distrito y estamos ante una oportunidad \u00fanica que debemos aprovechar al m\u00e1ximo\u00bb.<\/p>\n","protected":false},"excerpt":{"rendered":"<p>El legislador de la cuarta secci\u00f3n electoral por el Frente de Todos se interioriz\u00f3 sobre la l\u00ednea de cr\u00e9ditos Mi Primera Llama, pensada para los vecinos que no puedan afrontar los costos de la conexi\u00f3n intradomiciliaria a la red de gas<\/p>\n","protected":false},"author":2,"featured_media":104671,"comment_status":"closed","ping_status":"open","sticky":false,"template":"","format":"standard","meta":{"footnotes":""},"categories":[29],"tags":[7861],"class_list":["post-104670","post","type-post","status-publish","format-standard","has-post-thumbnail","hentry","category-c2nota1","tag-reunion-en-el-banco-nacion"],"yoast_head":"<!-- This site is optimized with the Yoast SEO plugin v23.4 - https:\/\/yoast.com\/wordpress\/plugins\/seo\/ -->\n<title>El senador Mart\u00ednez en la b\u00fasqueda de ayuda para que todos tengan gas en el distrito - Infoecos<\/title>\n<meta name=\"robots\" content=\"index, follow, max-snippet:-1, max-image-preview:large, max-video-preview:-1\" \/>\n<link rel=\"canonical\" href=\"https:\/\/infoecos.com.ar\/index.php\/el-senador-martinez-en-la-busqueda-de-ayuda-para-que-todos-tengan-gas-en-el-distrito\/\" \/>\n<meta property=\"og:locale\" content=\"es_ES\" \/>\n<meta property=\"og:type\" content=\"article\" \/>\n<meta property=\"og:title\" content=\"El senador Mart\u00ednez en la b\u00fasqueda de ayuda para que todos tengan gas en el distrito - Infoecos\" \/>\n<meta property=\"og:description\" content=\"El legislador de la cuarta secci\u00f3n electoral por el Frente de Todos se interioriz\u00f3 sobre la l\u00ednea de cr\u00e9ditos Mi Primera Llama, pensada para los vecinos que no puedan afrontar los costos de la conexi\u00f3n intradomiciliaria a la red de gas\" \/>\n<meta property=\"og:url\" content=\"https:\/\/infoecos.com.ar\/index.php\/el-senador-martinez-en-la-busqueda-de-ayuda-para-que-todos-tengan-gas-en-el-distrito\/\" \/>\n<meta property=\"og:site_name\" content=\"Infoecos\" \/>\n<meta property=\"article:publisher\" content=\"https:\/\/www.facebook.com\/profile.php?id=100063200290284\" \/>\n<meta property=\"article:published_time\" content=\"2023-05-07T16:50:18+00:00\" \/>\n<meta property=\"article:modified_time\" content=\"2023-05-08T04:14:16+00:00\" \/>\n<meta property=\"og:image\" content=\"https:\/\/infoecos.com.ar\/wp-content\/uploads\/2023\/05\/martinezpignocco.jpg\" \/>\n\t<meta property=\"og:image:width\" content=\"843\" \/>\n\t<meta property=\"og:image:height\" content=\"839\" \/>\n\t<meta property=\"og:image:type\" content=\"image\/jpeg\" \/>\n<meta name=\"author\" content=\"Jorge Matheus\" \/>\n<meta name=\"twitter:card\" content=\"summary_large_image\" \/>\n<meta name=\"twitter:creator\" content=\"@infoecos\" \/>\n<meta name=\"twitter:site\" content=\"@infoecos\" \/>\n<meta name=\"twitter:label1\" content=\"Escrito por\" \/>\n\t<meta name=\"twitter:data1\" content=\"Jorge Matheus\" \/>\n\t<meta name=\"twitter:label2\" content=\"Tiempo de lectura\" \/>\n\t<meta name=\"twitter:data2\" content=\"1 minuto\" \/>\n<script type=\"application\/ld+json\" class=\"yoast-schema-graph\">{\"@context\":\"https:\/\/schema.org\",\"@graph\":[{\"@type\":\"Article\",\"@id\":\"https:\/\/infoecos.com.ar\/index.php\/el-senador-martinez-en-la-busqueda-de-ayuda-para-que-todos-tengan-gas-en-el-distrito\/#article\",\"isPartOf\":{\"@id\":\"https:\/\/infoecos.com.ar\/index.php\/el-senador-martinez-en-la-busqueda-de-ayuda-para-que-todos-tengan-gas-en-el-distrito\/\"},\"author\":{\"name\":\"Jorge Matheus\",\"@id\":\"https:\/\/infoecos.com.ar\/#\/schema\/person\/8f5ace5ce73b4b4aac4b7245aee6f191\"},\"headline\":\"El senador Mart\u00ednez en la b\u00fasqueda de ayuda para que todos tengan gas en el distrito\",\"datePublished\":\"2023-05-07T16:50:18+00:00\",\"dateModified\":\"2023-05-08T04:14:16+00:00\",\"mainEntityOfPage\":{\"@id\":\"https:\/\/infoecos.com.ar\/index.php\/el-senador-martinez-en-la-busqueda-de-ayuda-para-que-todos-tengan-gas-en-el-distrito\/\"},\"wordCount\":186,\"publisher\":{\"@id\":\"https:\/\/infoecos.com.ar\/#organization\"},\"image\":{\"@id\":\"https:\/\/infoecos.com.ar\/index.php\/el-senador-martinez-en-la-busqueda-de-ayuda-para-que-todos-tengan-gas-en-el-distrito\/#primaryimage\"},\"thumbnailUrl\":\"https:\/\/infoecos.com.ar\/wp-content\/uploads\/2023\/05\/martinezpignocco.jpg\",\"keywords\":[\"REUNI\u00d3N EN EL BANCO NACI\u00d3N\"],\"articleSection\":[\"C2 nota 1\"],\"inLanguage\":\"es\"},{\"@type\":\"WebPage\",\"@id\":\"https:\/\/infoecos.com.ar\/index.php\/el-senador-martinez-en-la-busqueda-de-ayuda-para-que-todos-tengan-gas-en-el-distrito\/\",\"url\":\"https:\/\/infoecos.com.ar\/index.php\/el-senador-martinez-en-la-busqueda-de-ayuda-para-que-todos-tengan-gas-en-el-distrito\/\",\"name\":\"El senador Mart\u00ednez en la b\u00fasqueda de ayuda para que todos tengan gas en el distrito - Infoecos\",\"isPartOf\":{\"@id\":\"https:\/\/infoecos.com.ar\/#website\"},\"primaryImageOfPage\":{\"@id\":\"https:\/\/infoecos.com.ar\/index.php\/el-senador-martinez-en-la-busqueda-de-ayuda-para-que-todos-tengan-gas-en-el-distrito\/#primaryimage\"},\"image\":{\"@id\":\"https:\/\/infoecos.com.ar\/index.php\/el-senador-martinez-en-la-busqueda-de-ayuda-para-que-todos-tengan-gas-en-el-distrito\/#primaryimage\"},\"thumbnailUrl\":\"https:\/\/infoecos.com.ar\/wp-content\/uploads\/2023\/05\/martinezpignocco.jpg\",\"datePublished\":\"2023-05-07T16:50:18+00:00\",\"dateModified\":\"2023-05-08T04:14:16+00:00\",\"breadcrumb\":{\"@id\":\"https:\/\/infoecos.com.ar\/index.php\/el-senador-martinez-en-la-busqueda-de-ayuda-para-que-todos-tengan-gas-en-el-distrito\/#breadcrumb\"},\"inLanguage\":\"es\",\"potentialAction\":[{\"@type\":\"ReadAction\",\"target\":[\"https:\/\/infoecos.com.ar\/index.php\/el-senador-martinez-en-la-busqueda-de-ayuda-para-que-todos-tengan-gas-en-el-distrito\/\"]}]},{\"@type\":\"ImageObject\",\"inLanguage\":\"es\",\"@id\":\"https:\/\/infoecos.com.ar\/index.php\/el-senador-martinez-en-la-busqueda-de-ayuda-para-que-todos-tengan-gas-en-el-distrito\/#primaryimage\",\"url\":\"https:\/\/infoecos.com.ar\/wp-content\/uploads\/2023\/05\/martinezpignocco.jpg\",\"contentUrl\":\"https:\/\/infoecos.com.ar\/wp-content\/uploads\/2023\/05\/martinezpignocco.jpg\",\"width\":843,\"height\":839},{\"@type\":\"BreadcrumbList\",\"@id\":\"https:\/\/infoecos.com.ar\/index.php\/el-senador-martinez-en-la-busqueda-de-ayuda-para-que-todos-tengan-gas-en-el-distrito\/#breadcrumb\",\"itemListElement\":[{\"@type\":\"ListItem\",\"position\":1,\"name\":\"Portada\",\"item\":\"https:\/\/infoecos.com.ar\/\"},{\"@type\":\"ListItem\",\"position\":2,\"name\":\"El senador Mart\u00ednez en la b\u00fasqueda de ayuda para que todos tengan gas en el distrito\"}]},{\"@type\":\"WebSite\",\"@id\":\"https:\/\/infoecos.com.ar\/#website\",\"url\":\"https:\/\/infoecos.com.ar\/\",\"name\":\"Infoecos\",\"description\":\"Noticias de trenque lauquen y la zona\",\"publisher\":{\"@id\":\"https:\/\/infoecos.com.ar\/#organization\"},\"alternateName\":\"Noticias\",\"potentialAction\":[{\"@type\":\"SearchAction\",\"target\":{\"@type\":\"EntryPoint\",\"urlTemplate\":\"https:\/\/infoecos.com.ar\/?s={search_term_string}\"},\"query-input\":{\"@type\":\"PropertyValueSpecification\",\"valueRequired\":true,\"valueName\":\"search_term_string\"}}],\"inLanguage\":\"es\"},{\"@type\":\"Organization\",\"@id\":\"https:\/\/infoecos.com.ar\/#organization\",\"name\":\"Infoecos\",\"alternateName\":\"Noticias\",\"url\":\"https:\/\/infoecos.com.ar\/\",\"logo\":{\"@type\":\"ImageObject\",\"inLanguage\":\"es\",\"@id\":\"https:\/\/infoecos.com.ar\/#\/schema\/logo\/image\/\",\"url\":\"https:\/\/infoecos.com.ar\/wp-content\/uploads\/2024\/03\/cropped-logo.png\",\"contentUrl\":\"https:\/\/infoecos.com.ar\/wp-content\/uploads\/2024\/03\/cropped-logo.png\",\"width\":374,\"height\":90,\"caption\":\"Infoecos\"},\"image\":{\"@id\":\"https:\/\/infoecos.com.ar\/#\/schema\/logo\/image\/\"},\"sameAs\":[\"https:\/\/www.facebook.com\/profile.php?id=100063200290284\",\"https:\/\/x.com\/infoecos\"]},{\"@type\":\"Person\",\"@id\":\"https:\/\/infoecos.com.ar\/#\/schema\/person\/8f5ace5ce73b4b4aac4b7245aee6f191\",\"name\":\"Jorge Matheus\",\"url\":\"https:\/\/infoecos.com.ar\/index.php\/author\/jomatheus\/\"}]}<\/script>\n<!-- \/ Yoast SEO plugin. -->","yoast_head_json":{"title":"El senador Mart\u00ednez en la b\u00fasqueda de ayuda para que todos tengan gas en el distrito - Infoecos","robots":{"index":"index","follow":"follow","max-snippet":"max-snippet:-1","max-image-preview":"max-image-preview:large","max-video-preview":"max-video-preview:-1"},"canonical":"https:\/\/infoecos.com.ar\/index.php\/el-senador-martinez-en-la-busqueda-de-ayuda-para-que-todos-tengan-gas-en-el-distrito\/","og_locale":"es_ES","og_type":"article","og_title":"El senador Mart\u00ednez en la b\u00fasqueda de ayuda para que todos tengan gas en el distrito - Infoecos","og_description":"El legislador de la cuarta secci\u00f3n electoral por el Frente de Todos se interioriz\u00f3 sobre la l\u00ednea de cr\u00e9ditos Mi Primera Llama, pensada para los vecinos que no puedan afrontar los costos de la conexi\u00f3n intradomiciliaria a la red de gas","og_url":"https:\/\/infoecos.com.ar\/index.php\/el-senador-martinez-en-la-busqueda-de-ayuda-para-que-todos-tengan-gas-en-el-distrito\/","og_site_name":"Infoecos","article_publisher":"https:\/\/www.facebook.com\/profile.php?id=100063200290284","article_published_time":"2023-05-07T16:50:18+00:00","article_modified_time":"2023-05-08T04:14:16+00:00","og_image":[{"width":843,"height":839,"url":"https:\/\/infoecos.com.ar\/wp-content\/uploads\/2023\/05\/martinezpignocco.jpg","type":"image\/jpeg"}],"author":"Jorge Matheus","twitter_card":"summary_large_image","twitter_creator":"@infoecos","twitter_site":"@infoecos","twitter_misc":{"Escrito por":"Jorge Matheus","Tiempo de lectura":"1 minuto"},"schema":{"@context":"https:\/\/schema.org","@graph":[{"@type":"Article","@id":"https:\/\/infoecos.com.ar\/index.php\/el-senador-martinez-en-la-busqueda-de-ayuda-para-que-todos-tengan-gas-en-el-distrito\/#article","isPartOf":{"@id":"https:\/\/infoecos.com.ar\/index.php\/el-senador-martinez-en-la-busqueda-de-ayuda-para-que-todos-tengan-gas-en-el-distrito\/"},"author":{"name":"Jorge Matheus","@id":"https:\/\/infoecos.com.ar\/#\/schema\/person\/8f5ace5ce73b4b4aac4b7245aee6f191"},"headline":"El senador Mart\u00ednez en la b\u00fasqueda de ayuda para que todos tengan gas en el distrito","datePublished":"2023-05-07T16:50:18+00:00","dateModified":"2023-05-08T04:14:16+00:00","mainEntityOfPage":{"@id":"https:\/\/infoecos.com.ar\/index.php\/el-senador-martinez-en-la-busqueda-de-ayuda-para-que-todos-tengan-gas-en-el-distrito\/"},"wordCount":186,"publisher":{"@id":"https:\/\/infoecos.com.ar\/#organization"},"image":{"@id":"https:\/\/infoecos.com.ar\/index.php\/el-senador-martinez-en-la-busqueda-de-ayuda-para-que-todos-tengan-gas-en-el-distrito\/#primaryimage"},"thumbnailUrl":"https:\/\/infoecos.com.ar\/wp-content\/uploads\/2023\/05\/martinezpignocco.jpg","keywords":["REUNI\u00d3N EN EL BANCO NACI\u00d3N"],"articleSection":["C2 nota 1"],"inLanguage":"es"},{"@type":"WebPage","@id":"https:\/\/infoecos.com.ar\/index.php\/el-senador-martinez-en-la-busqueda-de-ayuda-para-que-todos-tengan-gas-en-el-distrito\/","url":"https:\/\/infoecos.com.ar\/index.php\/el-senador-martinez-en-la-busqueda-de-ayuda-para-que-todos-tengan-gas-en-el-distrito\/","name":"El senador Mart\u00ednez en la b\u00fasqueda de ayuda para que todos tengan gas en el distrito - Infoecos","isPartOf":{"@id":"https:\/\/infoecos.com.ar\/#website"},"primaryImageOfPage":{"@id":"https:\/\/infoecos.com.ar\/index.php\/el-senador-martinez-en-la-busqueda-de-ayuda-para-que-todos-tengan-gas-en-el-distrito\/#primaryimage"},"image":{"@id":"https:\/\/infoecos.com.ar\/index.php\/el-senador-martinez-en-la-busqueda-de-ayuda-para-que-todos-tengan-gas-en-el-distrito\/#primaryimage"},"thumbnailUrl":"https:\/\/infoecos.com.ar\/wp-content\/uploads\/2023\/05\/martinezpignocco.jpg","datePublished":"2023-05-07T16:50:18+00:00","dateModified":"2023-05-08T04:14:16+00:00","breadcrumb":{"@id":"https:\/\/infoecos.com.ar\/index.php\/el-senador-martinez-en-la-busqueda-de-ayuda-para-que-todos-tengan-gas-en-el-distrito\/#breadcrumb"},"inLanguage":"es","potentialAction":[{"@type":"ReadAction","target":["https:\/\/infoecos.com.ar\/index.php\/el-senador-martinez-en-la-busqueda-de-ayuda-para-que-todos-tengan-gas-en-el-distrito\/"]}]},{"@type":"ImageObject","inLanguage":"es","@id":"https:\/\/infoecos.com.ar\/index.php\/el-senador-martinez-en-la-busqueda-de-ayuda-para-que-todos-tengan-gas-en-el-distrito\/#primaryimage","url":"https:\/\/infoecos.com.ar\/wp-content\/uploads\/2023\/05\/martinezpignocco.jpg","contentUrl":"https:\/\/infoecos.com.ar\/wp-content\/uploads\/2023\/05\/martinezpignocco.jpg","width":843,"height":839},{"@type":"BreadcrumbList","@id":"https:\/\/infoecos.com.ar\/index.php\/el-senador-martinez-en-la-busqueda-de-ayuda-para-que-todos-tengan-gas-en-el-distrito\/#breadcrumb","itemListElement":[{"@type":"ListItem","position":1,"name":"Portada","item":"https:\/\/infoecos.com.ar\/"},{"@type":"ListItem","position":2,"name":"El senador Mart\u00ednez en la b\u00fasqueda de ayuda para que todos tengan gas en el distrito"}]},{"@type":"WebSite","@id":"https:\/\/infoecos.com.ar\/#website","url":"https:\/\/infoecos.com.ar\/","name":"Infoecos","description":"Noticias de trenque lauquen y la zona","publisher":{"@id":"https:\/\/infoecos.com.ar\/#organization"},"alternateName":"Noticias","potentialAction":[{"@type":"SearchAction","target":{"@type":"EntryPoint","urlTemplate":"https:\/\/infoecos.com.ar\/?s={search_term_string}"},"query-input":{"@type":"PropertyValueSpecification","valueRequired":true,"valueName":"search_term_string"}}],"inLanguage":"es"},{"@type":"Organization","@id":"https:\/\/infoecos.com.ar\/#organization","name":"Infoecos","alternateName":"Noticias","url":"https:\/\/infoecos.com.ar\/","logo":{"@type":"ImageObject","inLanguage":"es","@id":"https:\/\/infoecos.com.ar\/#\/schema\/logo\/image\/","url":"https:\/\/infoecos.com.ar\/wp-content\/uploads\/2024\/03\/cropped-logo.png","contentUrl":"https:\/\/infoecos.com.ar\/wp-content\/uploads\/2024\/03\/cropped-logo.png","width":374,"height":90,"caption":"Infoecos"},"image":{"@id":"https:\/\/infoecos.com.ar\/#\/schema\/logo\/image\/"},"sameAs":["https:\/\/www.facebook.com\/profile.php?id=100063200290284","https:\/\/x.com\/infoecos"]},{"@type":"Person","@id":"https:\/\/infoecos.com.ar\/#\/schema\/person\/8f5ace5ce73b4b4aac4b7245aee6f191","name":"Jorge Matheus","url":"https:\/\/infoecos.com.ar\/index.php\/author\/jomatheus\/"}]}},"featured_image_urls":{"full":["https:\/\/infoecos.com.ar\/wp-content\/uploads\/2023\/05\/martinezpignocco.jpg",843,839,false],"thumbnail":["https:\/\/infoecos.com.ar\/wp-content\/uploads\/2023\/05\/martinezpignocco-300x150.jpg",300,150,true],"medium":["https:\/\/infoecos.com.ar\/wp-content\/uploads\/2023\/05\/martinezpignocco-800x796.jpg",800,796,true],"medium_large":["https:\/\/infoecos.com.ar\/wp-content\/uploads\/2023\/05\/martinezpignocco-768x764.jpg",640,637,true],"large":["https:\/\/infoecos.com.ar\/wp-content\/uploads\/2023\/05\/martinezpignocco.jpg",640,637,false],"1536x1536":["https:\/\/infoecos.com.ar\/wp-content\/uploads\/2023\/05\/martinezpignocco.jpg",843,839,false],"2048x2048":["https:\/\/infoecos.com.ar\/wp-content\/uploads\/2023\/05\/martinezpignocco.jpg",843,839,false],"covernews-slider-full":["https:\/\/infoecos.com.ar\/wp-content\/uploads\/2023\/05\/martinezpignocco.jpg",718,715,false],"covernews-slider-center":["https:\/\/infoecos.com.ar\/wp-content\/uploads\/2023\/05\/martinezpignocco.jpg",502,500,false],"covernews-featured":["https:\/\/infoecos.com.ar\/wp-content\/uploads\/2023\/05\/martinezpignocco.jpg",843,839,false],"covernews-medium":["https:\/\/infoecos.com.ar\/wp-content\/uploads\/2023\/05\/martinezpignocco-720x380.jpg",540,285,true],"covernews-medium-square":["https:\/\/infoecos.com.ar\/wp-content\/uploads\/2023\/05\/martinezpignocco-675x450.jpg",375,250,true]},"author_info":{"info":["Jorge Matheus"]},"category_info":"<a href=\"https:\/\/infoecos.com.ar\/index.php\/category\/c2nota1\/\" rel=\"category tag\">C2 nota 1<\/a>","tag_info":"C2 nota 1","comment_count":"0","_links":{"self":[{"href":"https:\/\/infoecos.com.ar\/index.php\/wp-json\/wp\/v2\/posts\/104670"}],"collection":[{"href":"https:\/\/infoecos.com.ar\/index.php\/wp-json\/wp\/v2\/posts"}],"about":[{"href":"https:\/\/infoecos.com.ar\/index.php\/wp-json\/wp\/v2\/types\/post"}],"author":[{"embeddable":true,"href":"https:\/\/infoecos.com.ar\/index.php\/wp-json\/wp\/v2\/users\/2"}],"replies":[{"embeddable":true,"href":"https:\/\/infoecos.com.ar\/index.php\/wp-json\/wp\/v2\/comments?post=104670"}],"version-history":[{"count":1,"href":"https:\/\/infoecos.com.ar\/index.php\/wp-json\/wp\/v2\/posts\/104670\/revisions"}],"predecessor-version":[{"id":104672,"href":"https:\/\/infoecos.com.ar\/index.php\/wp-json\/wp\/v2\/posts\/104670\/revisions\/104672"}],"wp:featuredmedia":[{"embeddable":true,"href":"https:\/\/infoecos.com.ar\/index.php\/wp-json\/wp\/v2\/media\/104671"}],"wp:attachment":[{"href":"https:\/\/infoecos.com.ar\/index.php\/wp-json\/wp\/v2\/media?parent=104670"}],"wp:term":[{"taxonomy":"category","embeddable":true,"href":"https:\/\/infoecos.com.ar\/index.php\/wp-json\/wp\/v2\/categories?post=104670"},{"taxonomy":"post_tag","embeddable":true,"href":"https:\/\/infoecos.com.ar\/index.php\/wp-json\/wp\/v2\/tags?post=104670"}],"curies":[{"name":"wp","href":"https:\/\/api.w.org\/{rel}","templated":true}]}}